{"id":57765,"date":"2018-10-19T15:12:30","date_gmt":"2018-10-19T15:12:30","guid":{"rendered":"http:\/\/desarrollo.mcvicious.com\/aero2020\/2018\/10\/19\/la-distincion-de-jorge-chavez-dartnell-y-la-relacion-con-francia-del-estudio-juridico-julian-palacin-abogados-que-nos-representa\/"},"modified":"2018-10-19T15:12:30","modified_gmt":"2018-10-19T15:12:30","slug":"la-distincion-de-jorge-chavez-dartnell-y-la-relacion-con-francia-del-estudio-juridico-julian-palacin-abogados-que-nos-representa","status":"publish","type":"post","link":"https:\/\/aeronoticias.com.pe\/noticiero\/politica\/la-distincion-de-jorge-chavez-dartnell-y-la-relacion-con-francia-del-estudio-juridico-julian-palacin-abogados-que-nos-representa\/","title":{"rendered":"La Distinci\u00f3n de Jorge Ch\u00e1vez Dartnell y la Relaci\u00f3n con Francia del Estudio Jur\u00eddico Julian Palacin Abogados que nos representa"},"content":{"rendered":"<p><span style=\"text-align: justify;\"><strong>(SUTFRA) <\/strong>Es importante que la Comunidad Educativa del Colegio Franco Peruano, conozca el Estudio Jur\u00eddico Julian Palacin Abogados <a href=\"http:\/\/www.estudiojuridicopalacin.com\" target=\"_blank\" rel=\"noopener noreferrer\">www.estudiojuridicopalacin.com<\/a>, que nos representa en defensa del Sindicato SUTFRA y en defensa de los intereses soberanos del gobierno de Francia, propietario del terreno y de la f\u00e1brica sobre el terreno del Colegio Franco Peruano.<\/span><\/p>\n<p style=\"text-align: justify;\"><span style=\"font-size: 12.16px;\">Como cuesti\u00f3n previa, queremos expresar que el Jurista Franc\u00e9s Ex Presidente de la Corte Internacional de Justicia de la Haya Gilbert Guillaume, design\u00f3 hace 20 a\u00f1os al abogado Julian Palacin Fernandez como Miembro del Tribunal de Derecho A\u00e9reo de Paris Francia, entre los 36 Juristas m\u00e1s importantes del mundo, y recientemente el Gobierno Peruano, a trav\u00e9s de la Direcci\u00f3n General de Aeron\u00e1utica Civil (en documento p\u00fablico que publicamos del Ministerio de Transportes MTC) seg\u00fan la Edici\u00f3n A\u00f1o 10 N\u00b0 126, de la Revista Justo Medio, p\u00e1g. 16 y 17, distingui\u00f3 a Julian Palacin Fernandez con la r\u00e9plica del peque\u00f1o aeroplano BleriotXI con el que en el a\u00f1o 1910, el ciudadano nacido en Francia Jorge Ch\u00e1vez Dartnell peruano, realizo la promesa mundial de ser el Primer hombre en la historia de la humanidad de conquistar a trav\u00e9s del espacio a\u00e9reo los Alpes Franceses y aterrizar en Italia; proeza que le cost\u00f3 la vida y que es un legado de Francia y del Per\u00fa a la historia de la Aviaci\u00f3n Mundial y que ahora en el 118 Aniversario, ha merecido el reconocimiento p\u00fablico en documento oficial que publicamos del Jurista Peruano Julian Palacin Fernandez del Estudio Jur\u00eddico Julian Palacin Abogados, abogado defensor del Sindicato #SUTFRA<\/span><\/p>\n<p style=\"text-align: justify;\"><span style=\"font-size: 12.16px;\">En consecuencia podemos afirmar que el 23 de Setiembre de 1910 un peruano nacido en Francia, Jorge Ch\u00e1vez Dartnell con su haza\u00f1a de ser el Primer hombre de la historia en la humanidad que sobrevol\u00f3 los alpes desde el campo de Briga, Suiza en el monoplano Bleriot XI hasta el campo de Domodos sola Italia, puso el nombre del Per\u00fa en la historia de la Aviaci\u00f3n mundial, 118 a\u00f1os despu\u00e9s la Direcci\u00f3n General de Aeron\u00e1utica Civil del Ministerio de Transportes del Per\u00fa, distingui\u00f3, homenajeo y reconoci\u00f3 al Jurista Julian Palacin Fernandez por su aporte destacable al Desarrollo de la Aviaci\u00f3n Civil Peruana, quien adem\u00e1s ha escrito 7 libros de Derecho A\u00e9reo y Espacial, siendo el m\u00e1s importante representante de la Doctrina Peruana de Derecho A\u00e9reo a nivel mundial y ahora est\u00e1 poniendo su nombre en la historia de la Defensa Sindical de los Trabajadores Franceses y Peruanos del Glorioso Colegio Franco Peruano, de Lima Per\u00fa, propiedad del Gobierno Soberano de la Rep\u00fablica de Francia, honrando los principios de EGALITE, FRATERNITE, y LIBERTE<\/span><\/p>\n<p style=\"text-align: justify;\"><span style=\"font-size: 12.16px;\">Ver Enlaces: <\/span><\/p>\n<p style=\"text-align: justify;\"><span style=\"font-size: 12.16px;\"><a href=\"https:\/\/es.wikipedia.org\/wiki\/Juli%C3%A1n_Palac%C3%ADn_Fern%C3%A1ndez\" target=\"_blank\" rel=\"noopener noreferrer\">https:\/\/es.wikipedia.org\/wiki\/Juli%C3%A1n_Palac%C3%ADn_Fern%C3%A1ndez<\/a><\/span><\/p>\n<p style=\"text-align: justify;\"><a href=\"http:\/\/aeronoticias.com.pe\/noticiero\/index.php?option=com_content&amp;view=article&amp;id=58179%3Ahace-40-anos-julian-palacin-fernandez-recibio-su-titulo-de-abogado&amp;catid=60&amp;fbclid=IwAR1P4TrZEe__Sg2yo85QM4yNQvKOR_RQ75jKYEf9NhNrzIawdfPSKHlxRXQ\" target=\"_blank\" rel=\"noopener noreferrer\">http:\/\/aeronoticias.com.pe\/noticiero\/index.php?option=com_content&amp;view=article&amp;id=58179%3Ahace-40-anos-julian-palacin-fernandez-recibio-su-titulo-de-abogado&amp;catid=60&amp;fbclid=IwAR1P4TrZEe__Sg2yo85QM4yNQvKOR_RQ75jKYEf9NhNrzIawdfPSKHlxRXQ<\/a><\/p>\n<p style=\"text-align: justify;\"><span style=\"font-size: 12.16px;\"><a href=\"http:\/\/revistas.pucp.edu.pe\/index.php\/derechoadministrativo\/article\/viewFile\/13507\/14133?fbclid=IwAR1AOODBESAV-A_F8SZmz8yKtiasWckGGtzelPvEjqIg2Jgta9J-4DJdU6k\" target=\"_blank\" rel=\"noopener noreferrer\">http:\/\/revistas.pucp.edu.pe\/index.php\/derechoadministrativo\/article\/viewFile\/13507\/14133?fbclid=IwAR1AOODBESAV-A_F8SZmz8yKtiasWckGGtzelPvEjqIg2Jgta9J-4DJdU6k<\/a><\/span><\/p>\n<p style=\"text-align: justify;\"><span style=\"font-size: 12.16px;\"><a href=\"https:\/\/www.youtube.com\/watch?v=_iS0gdAls-I\" target=\"_blank\" rel=\"noopener noreferrer\">https:\/\/www.youtube.com\/watch?v=_iS0gdAls-I<\/a><\/span><\/p>\n<p style=\"text-align: justify;\"><span style=\"font-size: 12.16px;\"><a href=\"https:\/\/www.youtube.com\/watch?v=XnSqyrzHtks\" target=\"_blank\" rel=\"noopener noreferrer\">https:\/\/www.youtube.com\/watch?v=XnSqyrzHtks<\/a><\/span><\/p>\n<p style=\"text-align: justify;\"><a href=\"https:\/\/www.youtube.com\/watch?v=KwAFyQUMlCo\" target=\"_blank\" rel=\"noopener noreferrer\">https:\/\/www.youtube.com\/watch?v=KwAFyQUMlCo<\/a><\/p>\n<p style=\"text-align: justify;\"><img decoding=\"async\" src=\"images\/stories\/18\/10\/221018\/distinciondgacjulianpalacin.jpg\" border=\"0\" \/><\/p>\n","protected":false},"excerpt":{"rendered":"<p>(SUTFRA) Es importante que la Comunidad Educativa del Colegio Franco Peruano, conozca el Estudio Jur\u00eddico Julian Palacin Abogados www.estudiojuridicopalacin.com, que nos representa en defensa del Sindicato SUTFRA y en defensa de los intereses soberanos del gobierno de Francia, propietario del terreno y de la f\u00e1brica sobre el terreno del Colegio Franco Peruano. Como cuesti\u00f3n previa, [&hellip;]<\/p>\n","protected":false},"author":1,"featured_media":0,"comment_status":"open","ping_status":"open","sticky":false,"template":"","format":"standard","meta":{"tdm_status":"","tdm_grid_status":"","footnotes":""},"categories":[36],"tags":[],"class_list":{"0":"post-57765","1":"post","2":"type-post","3":"status-publish","4":"format-standard","6":"category-politica"},"yoast_head":"<!-- This site is optimized with the Yoast SEO plugin v25.1 - https:\/\/yoast.com\/wordpress\/plugins\/seo\/ -->\n<title>La Distinci\u00f3n de Jorge Ch\u00e1vez Dartnell y la Relaci\u00f3n con Francia del Estudio Jur\u00eddico Julian Palacin Abogados que nos representa<\/title>\n<meta name=\"description\" content=\"Portal de noticias del Per\u00fa sobre el transporte a\u00e9reo, aviaci\u00f3n, turismo, hoteleria, actualidad.\" \/>\n<meta name=\"robots\" content=\"index, follow, max-snippet:-1, max-image-preview:large, max-video-preview:-1\" \/>\n<link rel=\"canonical\" href=\"https:\/\/aeronoticias.com.pe\/noticiero\/politica\/la-distincion-de-jorge-chavez-dartnell-y-la-relacion-con-francia-del-estudio-juridico-julian-palacin-abogados-que-nos-representa\/\" \/>\n<meta property=\"og:locale\" content=\"es_ES\" \/>\n<meta property=\"og:type\" content=\"article\" \/>\n<meta property=\"og:title\" content=\"La Distinci\u00f3n de Jorge Ch\u00e1vez Dartnell y la Relaci\u00f3n con Francia del Estudio Jur\u00eddico Julian Palacin Abogados que nos representa\" \/>\n<meta property=\"og:description\" content=\"Portal de noticias del Per\u00fa sobre el transporte a\u00e9reo, aviaci\u00f3n, turismo, hoteleria, actualidad.\" \/>\n<meta property=\"og:url\" content=\"https:\/\/aeronoticias.com.pe\/noticiero\/politica\/la-distincion-de-jorge-chavez-dartnell-y-la-relacion-con-francia-del-estudio-juridico-julian-palacin-abogados-que-nos-representa\/\" \/>\n<meta property=\"og:site_name\" content=\"Aeronoticias.com.pe\" \/>\n<meta property=\"article:publisher\" content=\"https:\/\/www.facebook.com\/Aeronoticias.com.pe\/\" \/>\n<meta property=\"article:published_time\" content=\"2018-10-19T15:12:30+00:00\" \/>\n<meta name=\"author\" content=\"Redacci\u00f3n Aeronoticias\" \/>\n<meta name=\"twitter:card\" content=\"summary_large_image\" \/>\n<meta name=\"twitter:creator\" content=\"@aeronoticias\" \/>\n<meta name=\"twitter:site\" content=\"@aeronoticias\" \/>\n<meta name=\"twitter:label1\" content=\"Escrito por\" \/>\n\t<meta name=\"twitter:data1\" content=\"Redacci\u00f3n Aeronoticias\" \/>\n\t<meta name=\"twitter:label2\" content=\"Tiempo de lectura\" \/>\n\t<meta name=\"twitter:data2\" content=\"3 minutos\" \/>\n<script type=\"application\/ld+json\" class=\"yoast-schema-graph\">{\"@context\":\"https:\/\/schema.org\",\"@graph\":[{\"@type\":\"WebPage\",\"@id\":\"https:\/\/aeronoticias.com.pe\/noticiero\/politica\/la-distincion-de-jorge-chavez-dartnell-y-la-relacion-con-francia-del-estudio-juridico-julian-palacin-abogados-que-nos-representa\/\",\"url\":\"https:\/\/aeronoticias.com.pe\/noticiero\/politica\/la-distincion-de-jorge-chavez-dartnell-y-la-relacion-con-francia-del-estudio-juridico-julian-palacin-abogados-que-nos-representa\/\",\"name\":\"La Distinci\u00f3n de Jorge Ch\u00e1vez Dartnell y la Relaci\u00f3n con Francia del Estudio Jur\u00eddico Julian Palacin Abogados que nos representa\",\"isPartOf\":{\"@id\":\"https:\/\/aeronoticias.com.pe\/noticiero\/#website\"},\"datePublished\":\"2018-10-19T15:12:30+00:00\",\"author\":{\"@id\":\"https:\/\/aeronoticias.com.pe\/noticiero\/#\/schema\/person\/fc1e5d578f4b62ba1cf7ac2bba1170a0\"},\"description\":\"Portal de noticias del Per\u00fa sobre el transporte a\u00e9reo, aviaci\u00f3n, turismo, hoteleria, actualidad.\",\"breadcrumb\":{\"@id\":\"https:\/\/aeronoticias.com.pe\/noticiero\/politica\/la-distincion-de-jorge-chavez-dartnell-y-la-relacion-con-francia-del-estudio-juridico-julian-palacin-abogados-que-nos-representa\/#breadcrumb\"},\"inLanguage\":\"es\",\"potentialAction\":[{\"@type\":\"ReadAction\",\"target\":[\"https:\/\/aeronoticias.com.pe\/noticiero\/politica\/la-distincion-de-jorge-chavez-dartnell-y-la-relacion-con-francia-del-estudio-juridico-julian-palacin-abogados-que-nos-representa\/\"]}]},{\"@type\":\"BreadcrumbList\",\"@id\":\"https:\/\/aeronoticias.com.pe\/noticiero\/politica\/la-distincion-de-jorge-chavez-dartnell-y-la-relacion-con-francia-del-estudio-juridico-julian-palacin-abogados-que-nos-representa\/#breadcrumb\",\"itemListElement\":[{\"@type\":\"ListItem\",\"position\":1,\"name\":\"Portada\",\"item\":\"https:\/\/aeronoticias.com.pe\/noticiero\/\"},{\"@type\":\"ListItem\",\"position\":2,\"name\":\"La Distinci\u00f3n de Jorge Ch\u00e1vez Dartnell y la Relaci\u00f3n con Francia del Estudio Jur\u00eddico Julian Palacin Abogados que nos representa\"}]},{\"@type\":\"WebSite\",\"@id\":\"https:\/\/aeronoticias.com.pe\/noticiero\/#website\",\"url\":\"https:\/\/aeronoticias.com.pe\/noticiero\/\",\"name\":\"Aeronoticias.com.pe\",\"description\":\"Noticias de tranporte aereo, turismo, hoteles, gastronomia, actualidad, internacional\",\"potentialAction\":[{\"@type\":\"SearchAction\",\"target\":{\"@type\":\"EntryPoint\",\"urlTemplate\":\"https:\/\/aeronoticias.com.pe\/noticiero\/?s={search_term_string}\"},\"query-input\":{\"@type\":\"PropertyValueSpecification\",\"valueRequired\":true,\"valueName\":\"search_term_string\"}}],\"inLanguage\":\"es\"},{\"@type\":\"Person\",\"@id\":\"https:\/\/aeronoticias.com.pe\/noticiero\/#\/schema\/person\/fc1e5d578f4b62ba1cf7ac2bba1170a0\",\"name\":\"Redacci\u00f3n Aeronoticias\",\"url\":\"https:\/\/aeronoticias.com.pe\/noticiero\/author\/piloto\/\"}]}<\/script>\n<!-- \/ Yoast SEO plugin. -->","yoast_head_json":{"title":"La Distinci\u00f3n de Jorge Ch\u00e1vez Dartnell y la Relaci\u00f3n con Francia del Estudio Jur\u00eddico Julian Palacin Abogados que nos representa","description":"Portal de noticias del Per\u00fa sobre el transporte a\u00e9reo, aviaci\u00f3n, turismo, hoteleria, actualidad.","robots":{"index":"index","follow":"follow","max-snippet":"max-snippet:-1","max-image-preview":"max-image-preview:large","max-video-preview":"max-video-preview:-1"},"canonical":"https:\/\/aeronoticias.com.pe\/noticiero\/politica\/la-distincion-de-jorge-chavez-dartnell-y-la-relacion-con-francia-del-estudio-juridico-julian-palacin-abogados-que-nos-representa\/","og_locale":"es_ES","og_type":"article","og_title":"La Distinci\u00f3n de Jorge Ch\u00e1vez Dartnell y la Relaci\u00f3n con Francia del Estudio Jur\u00eddico Julian Palacin Abogados que nos representa","og_description":"Portal de noticias del Per\u00fa sobre el transporte a\u00e9reo, aviaci\u00f3n, turismo, hoteleria, actualidad.","og_url":"https:\/\/aeronoticias.com.pe\/noticiero\/politica\/la-distincion-de-jorge-chavez-dartnell-y-la-relacion-con-francia-del-estudio-juridico-julian-palacin-abogados-que-nos-representa\/","og_site_name":"Aeronoticias.com.pe","article_publisher":"https:\/\/www.facebook.com\/Aeronoticias.com.pe\/","article_published_time":"2018-10-19T15:12:30+00:00","author":"Redacci\u00f3n Aeronoticias","twitter_card":"summary_large_image","twitter_creator":"@aeronoticias","twitter_site":"@aeronoticias","twitter_misc":{"Escrito por":"Redacci\u00f3n Aeronoticias","Tiempo de lectura":"3 minutos"},"schema":{"@context":"https:\/\/schema.org","@graph":[{"@type":"WebPage","@id":"https:\/\/aeronoticias.com.pe\/noticiero\/politica\/la-distincion-de-jorge-chavez-dartnell-y-la-relacion-con-francia-del-estudio-juridico-julian-palacin-abogados-que-nos-representa\/","url":"https:\/\/aeronoticias.com.pe\/noticiero\/politica\/la-distincion-de-jorge-chavez-dartnell-y-la-relacion-con-francia-del-estudio-juridico-julian-palacin-abogados-que-nos-representa\/","name":"La Distinci\u00f3n de Jorge Ch\u00e1vez Dartnell y la Relaci\u00f3n con Francia del Estudio Jur\u00eddico Julian Palacin Abogados que nos representa","isPartOf":{"@id":"https:\/\/aeronoticias.com.pe\/noticiero\/#website"},"datePublished":"2018-10-19T15:12:30+00:00","author":{"@id":"https:\/\/aeronoticias.com.pe\/noticiero\/#\/schema\/person\/fc1e5d578f4b62ba1cf7ac2bba1170a0"},"description":"Portal de noticias del Per\u00fa sobre el transporte a\u00e9reo, aviaci\u00f3n, turismo, hoteleria, actualidad.","breadcrumb":{"@id":"https:\/\/aeronoticias.com.pe\/noticiero\/politica\/la-distincion-de-jorge-chavez-dartnell-y-la-relacion-con-francia-del-estudio-juridico-julian-palacin-abogados-que-nos-representa\/#breadcrumb"},"inLanguage":"es","potentialAction":[{"@type":"ReadAction","target":["https:\/\/aeronoticias.com.pe\/noticiero\/politica\/la-distincion-de-jorge-chavez-dartnell-y-la-relacion-con-francia-del-estudio-juridico-julian-palacin-abogados-que-nos-representa\/"]}]},{"@type":"BreadcrumbList","@id":"https:\/\/aeronoticias.com.pe\/noticiero\/politica\/la-distincion-de-jorge-chavez-dartnell-y-la-relacion-con-francia-del-estudio-juridico-julian-palacin-abogados-que-nos-representa\/#breadcrumb","itemListElement":[{"@type":"ListItem","position":1,"name":"Portada","item":"https:\/\/aeronoticias.com.pe\/noticiero\/"},{"@type":"ListItem","position":2,"name":"La Distinci\u00f3n de Jorge Ch\u00e1vez Dartnell y la Relaci\u00f3n con Francia del Estudio Jur\u00eddico Julian Palacin Abogados que nos representa"}]},{"@type":"WebSite","@id":"https:\/\/aeronoticias.com.pe\/noticiero\/#website","url":"https:\/\/aeronoticias.com.pe\/noticiero\/","name":"Aeronoticias.com.pe","description":"Noticias de tranporte aereo, turismo, hoteles, gastronomia, actualidad, internacional","potentialAction":[{"@type":"SearchAction","target":{"@type":"EntryPoint","urlTemplate":"https:\/\/aeronoticias.com.pe\/noticiero\/?s={search_term_string}"},"query-input":{"@type":"PropertyValueSpecification","valueRequired":true,"valueName":"search_term_string"}}],"inLanguage":"es"},{"@type":"Person","@id":"https:\/\/aeronoticias.com.pe\/noticiero\/#\/schema\/person\/fc1e5d578f4b62ba1cf7ac2bba1170a0","name":"Redacci\u00f3n Aeronoticias","url":"https:\/\/aeronoticias.com.pe\/noticiero\/author\/piloto\/"}]}},"_links":{"self":[{"href":"https:\/\/aeronoticias.com.pe\/noticiero\/wp-json\/wp\/v2\/posts\/57765","targetHints":{"allow":["GET"]}}],"collection":[{"href":"https:\/\/aeronoticias.com.pe\/noticiero\/wp-json\/wp\/v2\/posts"}],"about":[{"href":"https:\/\/aeronoticias.com.pe\/noticiero\/wp-json\/wp\/v2\/types\/post"}],"author":[{"embeddable":true,"href":"https:\/\/aeronoticias.com.pe\/noticiero\/wp-json\/wp\/v2\/users\/1"}],"replies":[{"embeddable":true,"href":"https:\/\/aeronoticias.com.pe\/noticiero\/wp-json\/wp\/v2\/comments?post=57765"}],"version-history":[{"count":0,"href":"https:\/\/aeronoticias.com.pe\/noticiero\/wp-json\/wp\/v2\/posts\/57765\/revisions"}],"wp:attachment":[{"href":"https:\/\/aeronoticias.com.pe\/noticiero\/wp-json\/wp\/v2\/media?parent=57765"}],"wp:term":[{"taxonomy":"category","embeddable":true,"href":"https:\/\/aeronoticias.com.pe\/noticiero\/wp-json\/wp\/v2\/categories?post=57765"},{"taxonomy":"post_tag","embeddable":true,"href":"https:\/\/aeronoticias.com.pe\/noticiero\/wp-json\/wp\/v2\/tags?post=57765"}],"curies":[{"name":"wp","href":"https:\/\/api.w.org\/{rel}","templated":true}]}}