{"id":57768,"date":"2018-10-19T17:46:28","date_gmt":"2018-10-19T17:46:28","guid":{"rendered":"http:\/\/desarrollo.mcvicious.com\/aero2020\/2018\/10\/19\/pilotos-y-demas-tripulantes-de-ryanair-durmieron-en-el-suelo-del-aeropuerto-de-malaga-espana\/"},"modified":"2018-10-19T17:46:28","modified_gmt":"2018-10-19T17:46:28","slug":"pilotos-y-demas-tripulantes-de-ryanair-durmieron-en-el-suelo-del-aeropuerto-de-malaga-espana","status":"publish","type":"post","link":"https:\/\/aeronoticias.com.pe\/noticiero\/internacionales\/pilotos-y-demas-tripulantes-de-ryanair-durmieron-en-el-suelo-del-aeropuerto-de-malaga-espana\/","title":{"rendered":"Pilotos y dem\u00e1s tripulantes de Ryanair durmieron en el suelo del aeropuerto de M\u00e1laga, Espa\u00f1a"},"content":{"rendered":"<p style=\"text-align: justify;\"><strong>(Aeronoticias) <\/strong><span style=\"text-align: justify;\">La tormenta \u00abLeslie\u00bb, que azota Portugal, oblig\u00f3 a la aerol\u00ednea de bajo costo irlandesa Ryanair a suspender varios vuelos el\u00a0 pasado s\u00e1bado 13 afectando a sus pilotos y tripulaciones (24) que esperaban en el aeropuerto espa\u00f1ol de M\u00e1laga, pernoctando en las losetas del lujoso terminal en vez de hacerlo en un hotel.<\/span><\/p>\n<p style=\"text-align: justify;\">La escena fue fotografiada y se difundi\u00f3 r\u00e1pidamente en las redes sociales suscitando aireados\u00a0 reclamos del sindicato de trabajadores a\u00e9reos, incluso el dirigente Ernesto Iglesias calific\u00f3 como \u00abdenigrante\u00bb el espect\u00e1culo, a\u00f1adiendo que todas las aerol\u00edneas tienen la obligaci\u00f3n de proveer alojamiento adecuado a sus tripulaciones de acuerdo al Reglamento de Seguridad A\u00e9rea.<\/p>\n<p style=\"text-align: justify;\">\u00abEn M\u00e1laga existen m\u00e1s de 80 mil plazas hoteleras, pero Ryanair lo ignor\u00f3, forzando a sus tripulaciones a permanecer durante 13 horas en esa inc\u00f3moda situaci\u00f3n\u00bb, subray\u00f3 Iglesias-<\/p>\n<p style=\"text-align: justify;\">Por su parte, representantes de Ryanair replic\u00f3 que la escena fue un montaje para dramatizar el caso, algo que admite el sindicato de trabajadores.<\/p>\n<p style=\"text-align: justify;\">Como se sabe Ryanair es una exitosa aerol\u00ednea irlandesa cuyo secreto es bajar los costos del vuelo hasta insospechados l\u00edmites, pero este caso se tratar\u00e1 de taca\u00f1eria absoluta&#8230;?<\/p>\n<p style=\"text-align: justify;\"><img decoding=\"async\" src=\"images\/stories\/18\/10\/191018\/ryanair-malaga.jpg\" border=\"0\" \/><\/p>\n","protected":false},"excerpt":{"rendered":"<p>(Aeronoticias) La tormenta \u00abLeslie\u00bb, que azota Portugal, oblig\u00f3 a la aerol\u00ednea de bajo costo irlandesa Ryanair a suspender varios vuelos el\u00a0 pasado s\u00e1bado 13 afectando a sus pilotos y tripulaciones (24) que esperaban en el aeropuerto espa\u00f1ol de M\u00e1laga, pernoctando en las losetas del lujoso terminal en vez de hacerlo en un hotel. La escena [&hellip;]<\/p>\n","protected":false},"author":1,"featured_media":0,"comment_status":"open","ping_status":"open","sticky":false,"template":"","format":"standard","meta":{"tdm_status":"","tdm_grid_status":"","footnotes":""},"categories":[34],"tags":[],"class_list":{"0":"post-57768","1":"post","2":"type-post","3":"status-publish","4":"format-standard","6":"category-internacionales"},"yoast_head":"<!-- This site is optimized with the Yoast SEO plugin v25.1 - https:\/\/yoast.com\/wordpress\/plugins\/seo\/ -->\n<title>Pilotos y dem\u00e1s tripulantes de Ryanair durmieron en el suelo del aeropuerto de M\u00e1laga, Espa\u00f1a<\/title>\n<meta name=\"description\" content=\"Portal de noticias del Per\u00fa sobre el transporte a\u00e9reo, aviaci\u00f3n, turismo, hoteleria, actualidad.\" \/>\n<meta name=\"robots\" content=\"index, follow, max-snippet:-1, max-image-preview:large, max-video-preview:-1\" \/>\n<link rel=\"canonical\" href=\"https:\/\/aeronoticias.com.pe\/noticiero\/internacionales\/pilotos-y-demas-tripulantes-de-ryanair-durmieron-en-el-suelo-del-aeropuerto-de-malaga-espana\/\" \/>\n<meta property=\"og:locale\" content=\"es_ES\" \/>\n<meta property=\"og:type\" content=\"article\" \/>\n<meta property=\"og:title\" content=\"Pilotos y dem\u00e1s tripulantes de Ryanair durmieron en el suelo del aeropuerto de M\u00e1laga, Espa\u00f1a\" \/>\n<meta property=\"og:description\" content=\"Portal de noticias del Per\u00fa sobre el transporte a\u00e9reo, aviaci\u00f3n, turismo, hoteleria, actualidad.\" \/>\n<meta property=\"og:url\" content=\"https:\/\/aeronoticias.com.pe\/noticiero\/internacionales\/pilotos-y-demas-tripulantes-de-ryanair-durmieron-en-el-suelo-del-aeropuerto-de-malaga-espana\/\" \/>\n<meta property=\"og:site_name\" content=\"Aeronoticias.com.pe\" \/>\n<meta property=\"article:publisher\" content=\"https:\/\/www.facebook.com\/Aeronoticias.com.pe\/\" \/>\n<meta property=\"article:published_time\" content=\"2018-10-19T17:46:28+00:00\" \/>\n<meta name=\"author\" content=\"Redacci\u00f3n Aeronoticias\" \/>\n<meta name=\"twitter:card\" content=\"summary_large_image\" \/>\n<meta name=\"twitter:creator\" content=\"@aeronoticias\" \/>\n<meta name=\"twitter:site\" content=\"@aeronoticias\" \/>\n<meta name=\"twitter:label1\" content=\"Escrito por\" \/>\n\t<meta name=\"twitter:data1\" content=\"Redacci\u00f3n Aeronoticias\" \/>\n\t<meta name=\"twitter:label2\" content=\"Tiempo de lectura\" \/>\n\t<meta name=\"twitter:data2\" content=\"1 minuto\" \/>\n<script type=\"application\/ld+json\" class=\"yoast-schema-graph\">{\"@context\":\"https:\/\/schema.org\",\"@graph\":[{\"@type\":\"WebPage\",\"@id\":\"https:\/\/aeronoticias.com.pe\/noticiero\/internacionales\/pilotos-y-demas-tripulantes-de-ryanair-durmieron-en-el-suelo-del-aeropuerto-de-malaga-espana\/\",\"url\":\"https:\/\/aeronoticias.com.pe\/noticiero\/internacionales\/pilotos-y-demas-tripulantes-de-ryanair-durmieron-en-el-suelo-del-aeropuerto-de-malaga-espana\/\",\"name\":\"Pilotos y dem\u00e1s tripulantes de Ryanair durmieron en el suelo del aeropuerto de M\u00e1laga, Espa\u00f1a\",\"isPartOf\":{\"@id\":\"https:\/\/aeronoticias.com.pe\/noticiero\/#website\"},\"datePublished\":\"2018-10-19T17:46:28+00:00\",\"author\":{\"@id\":\"https:\/\/aeronoticias.com.pe\/noticiero\/#\/schema\/person\/fc1e5d578f4b62ba1cf7ac2bba1170a0\"},\"description\":\"Portal de noticias del Per\u00fa sobre el transporte a\u00e9reo, aviaci\u00f3n, turismo, hoteleria, actualidad.\",\"breadcrumb\":{\"@id\":\"https:\/\/aeronoticias.com.pe\/noticiero\/internacionales\/pilotos-y-demas-tripulantes-de-ryanair-durmieron-en-el-suelo-del-aeropuerto-de-malaga-espana\/#breadcrumb\"},\"inLanguage\":\"es\",\"potentialAction\":[{\"@type\":\"ReadAction\",\"target\":[\"https:\/\/aeronoticias.com.pe\/noticiero\/internacionales\/pilotos-y-demas-tripulantes-de-ryanair-durmieron-en-el-suelo-del-aeropuerto-de-malaga-espana\/\"]}]},{\"@type\":\"BreadcrumbList\",\"@id\":\"https:\/\/aeronoticias.com.pe\/noticiero\/internacionales\/pilotos-y-demas-tripulantes-de-ryanair-durmieron-en-el-suelo-del-aeropuerto-de-malaga-espana\/#breadcrumb\",\"itemListElement\":[{\"@type\":\"ListItem\",\"position\":1,\"name\":\"Portada\",\"item\":\"https:\/\/aeronoticias.com.pe\/noticiero\/\"},{\"@type\":\"ListItem\",\"position\":2,\"name\":\"Pilotos y dem\u00e1s tripulantes de Ryanair durmieron en el suelo del aeropuerto de M\u00e1laga, Espa\u00f1a\"}]},{\"@type\":\"WebSite\",\"@id\":\"https:\/\/aeronoticias.com.pe\/noticiero\/#website\",\"url\":\"https:\/\/aeronoticias.com.pe\/noticiero\/\",\"name\":\"Aeronoticias.com.pe\",\"description\":\"Noticias de tranporte aereo, turismo, hoteles, gastronomia, actualidad, internacional\",\"potentialAction\":[{\"@type\":\"SearchAction\",\"target\":{\"@type\":\"EntryPoint\",\"urlTemplate\":\"https:\/\/aeronoticias.com.pe\/noticiero\/?s={search_term_string}\"},\"query-input\":{\"@type\":\"PropertyValueSpecification\",\"valueRequired\":true,\"valueName\":\"search_term_string\"}}],\"inLanguage\":\"es\"},{\"@type\":\"Person\",\"@id\":\"https:\/\/aeronoticias.com.pe\/noticiero\/#\/schema\/person\/fc1e5d578f4b62ba1cf7ac2bba1170a0\",\"name\":\"Redacci\u00f3n Aeronoticias\",\"url\":\"https:\/\/aeronoticias.com.pe\/noticiero\/author\/piloto\/\"}]}<\/script>\n<!-- \/ Yoast SEO plugin. -->","yoast_head_json":{"title":"Pilotos y dem\u00e1s tripulantes de Ryanair durmieron en el suelo del aeropuerto de M\u00e1laga, Espa\u00f1a","description":"Portal de noticias del Per\u00fa sobre el transporte a\u00e9reo, aviaci\u00f3n, turismo, hoteleria, actualidad.","robots":{"index":"index","follow":"follow","max-snippet":"max-snippet:-1","max-image-preview":"max-image-preview:large","max-video-preview":"max-video-preview:-1"},"canonical":"https:\/\/aeronoticias.com.pe\/noticiero\/internacionales\/pilotos-y-demas-tripulantes-de-ryanair-durmieron-en-el-suelo-del-aeropuerto-de-malaga-espana\/","og_locale":"es_ES","og_type":"article","og_title":"Pilotos y dem\u00e1s tripulantes de Ryanair durmieron en el suelo del aeropuerto de M\u00e1laga, Espa\u00f1a","og_description":"Portal de noticias del Per\u00fa sobre el transporte a\u00e9reo, aviaci\u00f3n, turismo, hoteleria, actualidad.","og_url":"https:\/\/aeronoticias.com.pe\/noticiero\/internacionales\/pilotos-y-demas-tripulantes-de-ryanair-durmieron-en-el-suelo-del-aeropuerto-de-malaga-espana\/","og_site_name":"Aeronoticias.com.pe","article_publisher":"https:\/\/www.facebook.com\/Aeronoticias.com.pe\/","article_published_time":"2018-10-19T17:46:28+00:00","author":"Redacci\u00f3n Aeronoticias","twitter_card":"summary_large_image","twitter_creator":"@aeronoticias","twitter_site":"@aeronoticias","twitter_misc":{"Escrito por":"Redacci\u00f3n Aeronoticias","Tiempo de lectura":"1 minuto"},"schema":{"@context":"https:\/\/schema.org","@graph":[{"@type":"WebPage","@id":"https:\/\/aeronoticias.com.pe\/noticiero\/internacionales\/pilotos-y-demas-tripulantes-de-ryanair-durmieron-en-el-suelo-del-aeropuerto-de-malaga-espana\/","url":"https:\/\/aeronoticias.com.pe\/noticiero\/internacionales\/pilotos-y-demas-tripulantes-de-ryanair-durmieron-en-el-suelo-del-aeropuerto-de-malaga-espana\/","name":"Pilotos y dem\u00e1s tripulantes de Ryanair durmieron en el suelo del aeropuerto de M\u00e1laga, Espa\u00f1a","isPartOf":{"@id":"https:\/\/aeronoticias.com.pe\/noticiero\/#website"},"datePublished":"2018-10-19T17:46:28+00:00","author":{"@id":"https:\/\/aeronoticias.com.pe\/noticiero\/#\/schema\/person\/fc1e5d578f4b62ba1cf7ac2bba1170a0"},"description":"Portal de noticias del Per\u00fa sobre el transporte a\u00e9reo, aviaci\u00f3n, turismo, hoteleria, actualidad.","breadcrumb":{"@id":"https:\/\/aeronoticias.com.pe\/noticiero\/internacionales\/pilotos-y-demas-tripulantes-de-ryanair-durmieron-en-el-suelo-del-aeropuerto-de-malaga-espana\/#breadcrumb"},"inLanguage":"es","potentialAction":[{"@type":"ReadAction","target":["https:\/\/aeronoticias.com.pe\/noticiero\/internacionales\/pilotos-y-demas-tripulantes-de-ryanair-durmieron-en-el-suelo-del-aeropuerto-de-malaga-espana\/"]}]},{"@type":"BreadcrumbList","@id":"https:\/\/aeronoticias.com.pe\/noticiero\/internacionales\/pilotos-y-demas-tripulantes-de-ryanair-durmieron-en-el-suelo-del-aeropuerto-de-malaga-espana\/#breadcrumb","itemListElement":[{"@type":"ListItem","position":1,"name":"Portada","item":"https:\/\/aeronoticias.com.pe\/noticiero\/"},{"@type":"ListItem","position":2,"name":"Pilotos y dem\u00e1s tripulantes de Ryanair durmieron en el suelo del aeropuerto de M\u00e1laga, Espa\u00f1a"}]},{"@type":"WebSite","@id":"https:\/\/aeronoticias.com.pe\/noticiero\/#website","url":"https:\/\/aeronoticias.com.pe\/noticiero\/","name":"Aeronoticias.com.pe","description":"Noticias de tranporte aereo, turismo, hoteles, gastronomia, actualidad, internacional","potentialAction":[{"@type":"SearchAction","target":{"@type":"EntryPoint","urlTemplate":"https:\/\/aeronoticias.com.pe\/noticiero\/?s={search_term_string}"},"query-input":{"@type":"PropertyValueSpecification","valueRequired":true,"valueName":"search_term_string"}}],"inLanguage":"es"},{"@type":"Person","@id":"https:\/\/aeronoticias.com.pe\/noticiero\/#\/schema\/person\/fc1e5d578f4b62ba1cf7ac2bba1170a0","name":"Redacci\u00f3n Aeronoticias","url":"https:\/\/aeronoticias.com.pe\/noticiero\/author\/piloto\/"}]}},"_links":{"self":[{"href":"https:\/\/aeronoticias.com.pe\/noticiero\/wp-json\/wp\/v2\/posts\/57768","targetHints":{"allow":["GET"]}}],"collection":[{"href":"https:\/\/aeronoticias.com.pe\/noticiero\/wp-json\/wp\/v2\/posts"}],"about":[{"href":"https:\/\/aeronoticias.com.pe\/noticiero\/wp-json\/wp\/v2\/types\/post"}],"author":[{"embeddable":true,"href":"https:\/\/aeronoticias.com.pe\/noticiero\/wp-json\/wp\/v2\/users\/1"}],"replies":[{"embeddable":true,"href":"https:\/\/aeronoticias.com.pe\/noticiero\/wp-json\/wp\/v2\/comments?post=57768"}],"version-history":[{"count":0,"href":"https:\/\/aeronoticias.com.pe\/noticiero\/wp-json\/wp\/v2\/posts\/57768\/revisions"}],"wp:attachment":[{"href":"https:\/\/aeronoticias.com.pe\/noticiero\/wp-json\/wp\/v2\/media?parent=57768"}],"wp:term":[{"taxonomy":"category","embeddable":true,"href":"https:\/\/aeronoticias.com.pe\/noticiero\/wp-json\/wp\/v2\/categories?post=57768"},{"taxonomy":"post_tag","embeddable":true,"href":"https:\/\/aeronoticias.com.pe\/noticiero\/wp-json\/wp\/v2\/tags?post=57768"}],"curies":[{"name":"wp","href":"https:\/\/api.w.org\/{rel}","templated":true}]}}