{"id":57771,"date":"2018-10-22T14:24:13","date_gmt":"2018-10-22T14:24:13","guid":{"rendered":"http:\/\/desarrollo.mcvicious.com\/aero2020\/2018\/10\/22\/ue-un-avatar-controlora-nuestros-gestos-en-los-aeropuertos\/"},"modified":"2018-10-22T14:24:13","modified_gmt":"2018-10-22T14:24:13","slug":"ue-un-avatar-controlora-nuestros-gestos-en-los-aeropuertos","status":"publish","type":"post","link":"https:\/\/aeronoticias.com.pe\/noticiero\/27\/ue-un-avatar-controlora-nuestros-gestos-en-los-aeropuertos\/","title":{"rendered":"UE: Un avatar controlor\u00e1 nuestros gestos en los aeropuertos"},"content":{"rendered":"<p style=\"text-align: justify;\"><strong>(Aeronoticias) <\/strong>Para registrarse en los aeropuertos europeos en el futuro, un guardia avatar se encargar\u00e1 de detectar los movimientos m\u00e1s sutiles para encontrar comportamientos extra\u00f1os y saber as\u00ed si los pasajeros est\u00e1n actuando de manera ilegal.<\/p>\n<p style=\"text-align: justify;\">El avatar analiza a cada persona mediante un sistema automatizado de detector de mentiras con el fin de aumentar la seguridad de las fronteras de la Uni\u00f3n Europea sin tener que reducir la libre circulaci\u00f3n de personas.<\/p>\n<p style=\"text-align: justify;\">Keeley Crockett, es Especialista en Inteligencia Computacional, de la Manchester Metropolitan University: \u201cEl sistema se basa en el comportamiento no verbal, en los gestos que pasan m\u00e1s desapercibidos. No nos fijamos en la sonrisa o en las muecas\u2026nos fijamos en peque\u00f1os movimientos como las miradas. As\u00ed que usamos eso y lo combinamos con un nivel de riesgo para hacer preguntas concretas y saber si alguien est\u00e1 mintiendo o no.\u201d<\/p>\n<p style=\"text-align: justify;\">El guardia avatar ha sido creado en el marco del proyecto europeo Horizonte 2020.<\/p>\n<p style=\"text-align: justify;\">Este tipo de tecnolog\u00edas ya se utilizan en algunos aeropuertos europeos, como el de Helsinki, que se sirve de un sistema de reconocimiento facial para identificar a las personas que viajan ilegalmente.<\/p>\n<p style=\"text-align: justify;\"><strong><em>Fuente: EuroNews<\/em><\/strong><\/p>\n<p style=\"text-align: justify;\"><strong><em><img decoding=\"async\" src=\"images\/stories\/18\/10\/221018\/avatarue.jpg\" border=\"0\" \/><br \/><\/em><\/strong><\/p>\n","protected":false},"excerpt":{"rendered":"<p>(Aeronoticias) Para registrarse en los aeropuertos europeos en el futuro, un guardia avatar se encargar\u00e1 de detectar los movimientos m\u00e1s sutiles para encontrar comportamientos extra\u00f1os y saber as\u00ed si los pasajeros est\u00e1n actuando de manera ilegal. El avatar analiza a cada persona mediante un sistema automatizado de detector de mentiras con el fin de aumentar [&hellip;]<\/p>\n","protected":false},"author":1,"featured_media":0,"comment_status":"open","ping_status":"open","sticky":false,"template":"","format":"standard","meta":{"tdm_status":"","tdm_grid_status":"","footnotes":""},"categories":[35],"tags":[],"class_list":{"0":"post-57771","1":"post","2":"type-post","3":"status-publish","4":"format-standard","6":"category-35"},"yoast_head":"<!-- This site is optimized with the Yoast SEO plugin v25.1 - https:\/\/yoast.com\/wordpress\/plugins\/seo\/ -->\n<title>UE: Un avatar controlor\u00e1 nuestros gestos en los aeropuertos<\/title>\n<meta name=\"description\" content=\"Portal de noticias del Per\u00fa sobre el transporte a\u00e9reo, aviaci\u00f3n, turismo, hoteleria, actualidad.\" \/>\n<meta name=\"robots\" content=\"index, follow, max-snippet:-1, max-image-preview:large, max-video-preview:-1\" \/>\n<link rel=\"canonical\" href=\"https:\/\/aeronoticias.com.pe\/noticiero\/27\/ue-un-avatar-controlora-nuestros-gestos-en-los-aeropuertos\/\" \/>\n<meta property=\"og:locale\" content=\"es_ES\" \/>\n<meta property=\"og:type\" content=\"article\" \/>\n<meta property=\"og:title\" content=\"UE: Un avatar controlor\u00e1 nuestros gestos en los aeropuertos\" \/>\n<meta property=\"og:description\" content=\"Portal de noticias del Per\u00fa sobre el transporte a\u00e9reo, aviaci\u00f3n, turismo, hoteleria, actualidad.\" \/>\n<meta property=\"og:url\" content=\"https:\/\/aeronoticias.com.pe\/noticiero\/27\/ue-un-avatar-controlora-nuestros-gestos-en-los-aeropuertos\/\" \/>\n<meta property=\"og:site_name\" content=\"Aeronoticias.com.pe\" \/>\n<meta property=\"article:publisher\" content=\"https:\/\/www.facebook.com\/Aeronoticias.com.pe\/\" \/>\n<meta property=\"article:published_time\" content=\"2018-10-22T14:24:13+00:00\" \/>\n<meta name=\"author\" content=\"Redacci\u00f3n Aeronoticias\" \/>\n<meta name=\"twitter:card\" content=\"summary_large_image\" \/>\n<meta name=\"twitter:creator\" content=\"@aeronoticias\" \/>\n<meta name=\"twitter:site\" content=\"@aeronoticias\" \/>\n<meta name=\"twitter:label1\" content=\"Escrito por\" \/>\n\t<meta name=\"twitter:data1\" content=\"Redacci\u00f3n Aeronoticias\" \/>\n\t<meta name=\"twitter:label2\" content=\"Tiempo de lectura\" \/>\n\t<meta name=\"twitter:data2\" content=\"1 minuto\" \/>\n<script type=\"application\/ld+json\" class=\"yoast-schema-graph\">{\"@context\":\"https:\/\/schema.org\",\"@graph\":[{\"@type\":\"WebPage\",\"@id\":\"https:\/\/aeronoticias.com.pe\/noticiero\/27\/ue-un-avatar-controlora-nuestros-gestos-en-los-aeropuertos\/\",\"url\":\"https:\/\/aeronoticias.com.pe\/noticiero\/27\/ue-un-avatar-controlora-nuestros-gestos-en-los-aeropuertos\/\",\"name\":\"UE: Un avatar controlor\u00e1 nuestros gestos en los aeropuertos\",\"isPartOf\":{\"@id\":\"https:\/\/aeronoticias.com.pe\/noticiero\/#website\"},\"datePublished\":\"2018-10-22T14:24:13+00:00\",\"author\":{\"@id\":\"https:\/\/aeronoticias.com.pe\/noticiero\/#\/schema\/person\/fc1e5d578f4b62ba1cf7ac2bba1170a0\"},\"description\":\"Portal de noticias del Per\u00fa sobre el transporte a\u00e9reo, aviaci\u00f3n, turismo, hoteleria, actualidad.\",\"breadcrumb\":{\"@id\":\"https:\/\/aeronoticias.com.pe\/noticiero\/27\/ue-un-avatar-controlora-nuestros-gestos-en-los-aeropuertos\/#breadcrumb\"},\"inLanguage\":\"es\",\"potentialAction\":[{\"@type\":\"ReadAction\",\"target\":[\"https:\/\/aeronoticias.com.pe\/noticiero\/27\/ue-un-avatar-controlora-nuestros-gestos-en-los-aeropuertos\/\"]}]},{\"@type\":\"BreadcrumbList\",\"@id\":\"https:\/\/aeronoticias.com.pe\/noticiero\/27\/ue-un-avatar-controlora-nuestros-gestos-en-los-aeropuertos\/#breadcrumb\",\"itemListElement\":[{\"@type\":\"ListItem\",\"position\":1,\"name\":\"Portada\",\"item\":\"https:\/\/aeronoticias.com.pe\/noticiero\/\"},{\"@type\":\"ListItem\",\"position\":2,\"name\":\"UE: Un avatar controlor\u00e1 nuestros gestos en los aeropuertos\"}]},{\"@type\":\"WebSite\",\"@id\":\"https:\/\/aeronoticias.com.pe\/noticiero\/#website\",\"url\":\"https:\/\/aeronoticias.com.pe\/noticiero\/\",\"name\":\"Aeronoticias.com.pe\",\"description\":\"Noticias de tranporte aereo, turismo, hoteles, gastronomia, actualidad, internacional\",\"potentialAction\":[{\"@type\":\"SearchAction\",\"target\":{\"@type\":\"EntryPoint\",\"urlTemplate\":\"https:\/\/aeronoticias.com.pe\/noticiero\/?s={search_term_string}\"},\"query-input\":{\"@type\":\"PropertyValueSpecification\",\"valueRequired\":true,\"valueName\":\"search_term_string\"}}],\"inLanguage\":\"es\"},{\"@type\":\"Person\",\"@id\":\"https:\/\/aeronoticias.com.pe\/noticiero\/#\/schema\/person\/fc1e5d578f4b62ba1cf7ac2bba1170a0\",\"name\":\"Redacci\u00f3n Aeronoticias\",\"url\":\"https:\/\/aeronoticias.com.pe\/noticiero\/author\/piloto\/\"}]}<\/script>\n<!-- \/ Yoast SEO plugin. -->","yoast_head_json":{"title":"UE: Un avatar controlor\u00e1 nuestros gestos en los aeropuertos","description":"Portal de noticias del Per\u00fa sobre el transporte a\u00e9reo, aviaci\u00f3n, turismo, hoteleria, actualidad.","robots":{"index":"index","follow":"follow","max-snippet":"max-snippet:-1","max-image-preview":"max-image-preview:large","max-video-preview":"max-video-preview:-1"},"canonical":"https:\/\/aeronoticias.com.pe\/noticiero\/27\/ue-un-avatar-controlora-nuestros-gestos-en-los-aeropuertos\/","og_locale":"es_ES","og_type":"article","og_title":"UE: Un avatar controlor\u00e1 nuestros gestos en los aeropuertos","og_description":"Portal de noticias del Per\u00fa sobre el transporte a\u00e9reo, aviaci\u00f3n, turismo, hoteleria, actualidad.","og_url":"https:\/\/aeronoticias.com.pe\/noticiero\/27\/ue-un-avatar-controlora-nuestros-gestos-en-los-aeropuertos\/","og_site_name":"Aeronoticias.com.pe","article_publisher":"https:\/\/www.facebook.com\/Aeronoticias.com.pe\/","article_published_time":"2018-10-22T14:24:13+00:00","author":"Redacci\u00f3n Aeronoticias","twitter_card":"summary_large_image","twitter_creator":"@aeronoticias","twitter_site":"@aeronoticias","twitter_misc":{"Escrito por":"Redacci\u00f3n Aeronoticias","Tiempo de lectura":"1 minuto"},"schema":{"@context":"https:\/\/schema.org","@graph":[{"@type":"WebPage","@id":"https:\/\/aeronoticias.com.pe\/noticiero\/27\/ue-un-avatar-controlora-nuestros-gestos-en-los-aeropuertos\/","url":"https:\/\/aeronoticias.com.pe\/noticiero\/27\/ue-un-avatar-controlora-nuestros-gestos-en-los-aeropuertos\/","name":"UE: Un avatar controlor\u00e1 nuestros gestos en los aeropuertos","isPartOf":{"@id":"https:\/\/aeronoticias.com.pe\/noticiero\/#website"},"datePublished":"2018-10-22T14:24:13+00:00","author":{"@id":"https:\/\/aeronoticias.com.pe\/noticiero\/#\/schema\/person\/fc1e5d578f4b62ba1cf7ac2bba1170a0"},"description":"Portal de noticias del Per\u00fa sobre el transporte a\u00e9reo, aviaci\u00f3n, turismo, hoteleria, actualidad.","breadcrumb":{"@id":"https:\/\/aeronoticias.com.pe\/noticiero\/27\/ue-un-avatar-controlora-nuestros-gestos-en-los-aeropuertos\/#breadcrumb"},"inLanguage":"es","potentialAction":[{"@type":"ReadAction","target":["https:\/\/aeronoticias.com.pe\/noticiero\/27\/ue-un-avatar-controlora-nuestros-gestos-en-los-aeropuertos\/"]}]},{"@type":"BreadcrumbList","@id":"https:\/\/aeronoticias.com.pe\/noticiero\/27\/ue-un-avatar-controlora-nuestros-gestos-en-los-aeropuertos\/#breadcrumb","itemListElement":[{"@type":"ListItem","position":1,"name":"Portada","item":"https:\/\/aeronoticias.com.pe\/noticiero\/"},{"@type":"ListItem","position":2,"name":"UE: Un avatar controlor\u00e1 nuestros gestos en los aeropuertos"}]},{"@type":"WebSite","@id":"https:\/\/aeronoticias.com.pe\/noticiero\/#website","url":"https:\/\/aeronoticias.com.pe\/noticiero\/","name":"Aeronoticias.com.pe","description":"Noticias de tranporte aereo, turismo, hoteles, gastronomia, actualidad, internacional","potentialAction":[{"@type":"SearchAction","target":{"@type":"EntryPoint","urlTemplate":"https:\/\/aeronoticias.com.pe\/noticiero\/?s={search_term_string}"},"query-input":{"@type":"PropertyValueSpecification","valueRequired":true,"valueName":"search_term_string"}}],"inLanguage":"es"},{"@type":"Person","@id":"https:\/\/aeronoticias.com.pe\/noticiero\/#\/schema\/person\/fc1e5d578f4b62ba1cf7ac2bba1170a0","name":"Redacci\u00f3n Aeronoticias","url":"https:\/\/aeronoticias.com.pe\/noticiero\/author\/piloto\/"}]}},"_links":{"self":[{"href":"https:\/\/aeronoticias.com.pe\/noticiero\/wp-json\/wp\/v2\/posts\/57771","targetHints":{"allow":["GET"]}}],"collection":[{"href":"https:\/\/aeronoticias.com.pe\/noticiero\/wp-json\/wp\/v2\/posts"}],"about":[{"href":"https:\/\/aeronoticias.com.pe\/noticiero\/wp-json\/wp\/v2\/types\/post"}],"author":[{"embeddable":true,"href":"https:\/\/aeronoticias.com.pe\/noticiero\/wp-json\/wp\/v2\/users\/1"}],"replies":[{"embeddable":true,"href":"https:\/\/aeronoticias.com.pe\/noticiero\/wp-json\/wp\/v2\/comments?post=57771"}],"version-history":[{"count":0,"href":"https:\/\/aeronoticias.com.pe\/noticiero\/wp-json\/wp\/v2\/posts\/57771\/revisions"}],"wp:attachment":[{"href":"https:\/\/aeronoticias.com.pe\/noticiero\/wp-json\/wp\/v2\/media?parent=57771"}],"wp:term":[{"taxonomy":"category","embeddable":true,"href":"https:\/\/aeronoticias.com.pe\/noticiero\/wp-json\/wp\/v2\/categories?post=57771"},{"taxonomy":"post_tag","embeddable":true,"href":"https:\/\/aeronoticias.com.pe\/noticiero\/wp-json\/wp\/v2\/tags?post=57771"}],"curies":[{"name":"wp","href":"https:\/\/api.w.org\/{rel}","templated":true}]}}