{"id":57895,"date":"2018-12-21T20:05:23","date_gmt":"2018-12-21T20:05:23","guid":{"rendered":"http:\/\/desarrollo.mcvicious.com\/aero2020\/2018\/12\/21\/peruvian-airlines-inicia-su-transformacion-empresarial-implementando-la-tecnologia-de-amadeus\/"},"modified":"2018-12-21T20:05:23","modified_gmt":"2018-12-21T20:05:23","slug":"peruvian-airlines-inicia-su-transformacion-empresarial-implementando-la-tecnologia-de-amadeus","status":"publish","type":"post","link":"https:\/\/aeronoticias.com.pe\/noticiero\/27\/peruvian-airlines-inicia-su-transformacion-empresarial-implementando-la-tecnologia-de-amadeus\/","title":{"rendered":"Peruvian Airlines inicia su transformaci\u00f3n empresarial implementando la tecnolog\u00eda de Amadeus"},"content":{"rendered":"<p style=\"text-align: justify;\"><strong>(Aeronoticias) <\/strong><span style=\"text-align: justify;\">La necesidad de ofrecer un servicio \u00e1gil y automatizado es clave para ser exitoso en un mercado altamente competitivo en el que los usuarios exigen cada d\u00eda m\u00e1s y mejores experiencias de servicio y atenci\u00f3n. Por eso, para Peruvian Airlines, la incorporaci\u00f3n de Amadeus Alt\u00e9a es un paso fundamental para consolidarse en el mercado peruano y lograr posicionarse exitosamente dentro de un mercado internacional que cada d\u00eda valora m\u00e1s a Per\u00fa como destino tur\u00edstico y de negocios.<\/span><\/p>\n<p style=\"text-align: justify;\">Con el fin de continuar ampliando sus operaciones y elevar el est\u00e1ndar de calidad y servicio de cara a sus usuarios, Peruvian Airlines implement\u00f3 la soluci\u00f3n Altea de Amadeus para manejar el inventario, reservaciones, despacho de pasajeros en aeropuertos y soluciones en el \u00e1rea de experiencia digital.<\/p>\n<p style=\"text-align: justify;\">\u201cNuestra visi\u00f3n es convertirnos en la aerol\u00ednea preferida no s\u00f3lo por los peruanos sino tambi\u00e9n por los turistas que visitan nuestro pa\u00eds y apoyan la econom\u00eda del Per\u00fa. Las soluciones de Amadeus nos proporcionan la plataforma tecnol\u00f3gica para apoyar ese crecimiento. Entre muchos otros beneficios, nos permiten expandir nuestra operaci\u00f3n con acuerdos de interlining y codesharing con otras aerol\u00edneas del mundo y mejorar la experiencia de nuestros viajeros, dice Alberto L\u00f3pez Bustillo, gerente general de Peruvian Airlines.<\/p>\n<p style=\"text-align: justify;\">Vicky Huertas, Vicepresidente Comercial de Aerol\u00edneas, Am\u00e9rica Latina y el Caribe, Amadeus, coment\u00f3: \u201cEstamos felices de recibir a Peruvian Airlines en la familia Amadeus. Con su migraci\u00f3n a Altea, Peruvian Airlines se une a m\u00e1s de 190 aerol\u00edneas a nivel mundial que usan nuestra tecnolog\u00eda y se benefician de las inversiones en desarrollo de productos e innovaci\u00f3n que hacemos permanentemente. Estamos muy orgullosos de ser los socios tecnol\u00f3gicos de Peruvian y trabajaremos en conjunto con sus diferentes equipos para acompa\u00f1arlos en su crecimiento.\u201d<\/p>\n<p style=\"text-align: justify;\"><img decoding=\"async\" src=\"images\/stories\/18\/12\/211218\/peruvian-amadeus.jpg\" border=\"0\" \/><\/p>\n","protected":false},"excerpt":{"rendered":"<p>(Aeronoticias) La necesidad de ofrecer un servicio \u00e1gil y automatizado es clave para ser exitoso en un mercado altamente competitivo en el que los usuarios exigen cada d\u00eda m\u00e1s y mejores experiencias de servicio y atenci\u00f3n. Por eso, para Peruvian Airlines, la incorporaci\u00f3n de Amadeus Alt\u00e9a es un paso fundamental para consolidarse en el mercado [&hellip;]<\/p>\n","protected":false},"author":1,"featured_media":0,"comment_status":"open","ping_status":"open","sticky":false,"template":"","format":"standard","meta":{"tdm_status":"","tdm_grid_status":"","footnotes":""},"categories":[35],"tags":[],"class_list":{"0":"post-57895","1":"post","2":"type-post","3":"status-publish","4":"format-standard","6":"category-35"},"yoast_head":"<!-- This site is optimized with the Yoast SEO plugin v25.1 - https:\/\/yoast.com\/wordpress\/plugins\/seo\/ -->\n<title>Peruvian Airlines inicia su transformaci\u00f3n empresarial implementando la tecnolog\u00eda de Amadeus<\/title>\n<meta name=\"description\" content=\"Portal de noticias del Per\u00fa sobre el transporte a\u00e9reo, aviaci\u00f3n, turismo, hoteleria, actualidad.\" \/>\n<meta name=\"robots\" content=\"index, follow, max-snippet:-1, max-image-preview:large, max-video-preview:-1\" \/>\n<link rel=\"canonical\" href=\"https:\/\/aeronoticias.com.pe\/noticiero\/27\/peruvian-airlines-inicia-su-transformacion-empresarial-implementando-la-tecnologia-de-amadeus\/\" \/>\n<meta property=\"og:locale\" content=\"es_ES\" \/>\n<meta property=\"og:type\" content=\"article\" \/>\n<meta property=\"og:title\" content=\"Peruvian Airlines inicia su transformaci\u00f3n empresarial implementando la tecnolog\u00eda de Amadeus\" \/>\n<meta property=\"og:description\" content=\"Portal de noticias del Per\u00fa sobre el transporte a\u00e9reo, aviaci\u00f3n, turismo, hoteleria, actualidad.\" \/>\n<meta property=\"og:url\" content=\"https:\/\/aeronoticias.com.pe\/noticiero\/27\/peruvian-airlines-inicia-su-transformacion-empresarial-implementando-la-tecnologia-de-amadeus\/\" \/>\n<meta property=\"og:site_name\" content=\"Aeronoticias.com.pe\" \/>\n<meta property=\"article:publisher\" content=\"https:\/\/www.facebook.com\/Aeronoticias.com.pe\/\" \/>\n<meta property=\"article:published_time\" content=\"2018-12-21T20:05:23+00:00\" \/>\n<meta name=\"author\" content=\"Redacci\u00f3n Aeronoticias\" \/>\n<meta name=\"twitter:card\" content=\"summary_large_image\" \/>\n<meta name=\"twitter:creator\" content=\"@aeronoticias\" \/>\n<meta name=\"twitter:site\" content=\"@aeronoticias\" \/>\n<meta name=\"twitter:label1\" content=\"Escrito por\" \/>\n\t<meta name=\"twitter:data1\" content=\"Redacci\u00f3n Aeronoticias\" \/>\n\t<meta name=\"twitter:label2\" content=\"Tiempo de lectura\" \/>\n\t<meta name=\"twitter:data2\" content=\"2 minutos\" \/>\n<script type=\"application\/ld+json\" class=\"yoast-schema-graph\">{\"@context\":\"https:\/\/schema.org\",\"@graph\":[{\"@type\":\"WebPage\",\"@id\":\"https:\/\/aeronoticias.com.pe\/noticiero\/27\/peruvian-airlines-inicia-su-transformacion-empresarial-implementando-la-tecnologia-de-amadeus\/\",\"url\":\"https:\/\/aeronoticias.com.pe\/noticiero\/27\/peruvian-airlines-inicia-su-transformacion-empresarial-implementando-la-tecnologia-de-amadeus\/\",\"name\":\"Peruvian Airlines inicia su transformaci\u00f3n empresarial implementando la tecnolog\u00eda de Amadeus\",\"isPartOf\":{\"@id\":\"https:\/\/aeronoticias.com.pe\/noticiero\/#website\"},\"datePublished\":\"2018-12-21T20:05:23+00:00\",\"author\":{\"@id\":\"https:\/\/aeronoticias.com.pe\/noticiero\/#\/schema\/person\/fc1e5d578f4b62ba1cf7ac2bba1170a0\"},\"description\":\"Portal de noticias del Per\u00fa sobre el transporte a\u00e9reo, aviaci\u00f3n, turismo, hoteleria, actualidad.\",\"breadcrumb\":{\"@id\":\"https:\/\/aeronoticias.com.pe\/noticiero\/27\/peruvian-airlines-inicia-su-transformacion-empresarial-implementando-la-tecnologia-de-amadeus\/#breadcrumb\"},\"inLanguage\":\"es\",\"potentialAction\":[{\"@type\":\"ReadAction\",\"target\":[\"https:\/\/aeronoticias.com.pe\/noticiero\/27\/peruvian-airlines-inicia-su-transformacion-empresarial-implementando-la-tecnologia-de-amadeus\/\"]}]},{\"@type\":\"BreadcrumbList\",\"@id\":\"https:\/\/aeronoticias.com.pe\/noticiero\/27\/peruvian-airlines-inicia-su-transformacion-empresarial-implementando-la-tecnologia-de-amadeus\/#breadcrumb\",\"itemListElement\":[{\"@type\":\"ListItem\",\"position\":1,\"name\":\"Portada\",\"item\":\"https:\/\/aeronoticias.com.pe\/noticiero\/\"},{\"@type\":\"ListItem\",\"position\":2,\"name\":\"Peruvian Airlines inicia su transformaci\u00f3n empresarial implementando la tecnolog\u00eda de Amadeus\"}]},{\"@type\":\"WebSite\",\"@id\":\"https:\/\/aeronoticias.com.pe\/noticiero\/#website\",\"url\":\"https:\/\/aeronoticias.com.pe\/noticiero\/\",\"name\":\"Aeronoticias.com.pe\",\"description\":\"Noticias de tranporte aereo, turismo, hoteles, gastronomia, actualidad, internacional\",\"potentialAction\":[{\"@type\":\"SearchAction\",\"target\":{\"@type\":\"EntryPoint\",\"urlTemplate\":\"https:\/\/aeronoticias.com.pe\/noticiero\/?s={search_term_string}\"},\"query-input\":{\"@type\":\"PropertyValueSpecification\",\"valueRequired\":true,\"valueName\":\"search_term_string\"}}],\"inLanguage\":\"es\"},{\"@type\":\"Person\",\"@id\":\"https:\/\/aeronoticias.com.pe\/noticiero\/#\/schema\/person\/fc1e5d578f4b62ba1cf7ac2bba1170a0\",\"name\":\"Redacci\u00f3n Aeronoticias\",\"url\":\"https:\/\/aeronoticias.com.pe\/noticiero\/author\/piloto\/\"}]}<\/script>\n<!-- \/ Yoast SEO plugin. -->","yoast_head_json":{"title":"Peruvian Airlines inicia su transformaci\u00f3n empresarial implementando la tecnolog\u00eda de Amadeus","description":"Portal de noticias del Per\u00fa sobre el transporte a\u00e9reo, aviaci\u00f3n, turismo, hoteleria, actualidad.","robots":{"index":"index","follow":"follow","max-snippet":"max-snippet:-1","max-image-preview":"max-image-preview:large","max-video-preview":"max-video-preview:-1"},"canonical":"https:\/\/aeronoticias.com.pe\/noticiero\/27\/peruvian-airlines-inicia-su-transformacion-empresarial-implementando-la-tecnologia-de-amadeus\/","og_locale":"es_ES","og_type":"article","og_title":"Peruvian Airlines inicia su transformaci\u00f3n empresarial implementando la tecnolog\u00eda de Amadeus","og_description":"Portal de noticias del Per\u00fa sobre el transporte a\u00e9reo, aviaci\u00f3n, turismo, hoteleria, actualidad.","og_url":"https:\/\/aeronoticias.com.pe\/noticiero\/27\/peruvian-airlines-inicia-su-transformacion-empresarial-implementando-la-tecnologia-de-amadeus\/","og_site_name":"Aeronoticias.com.pe","article_publisher":"https:\/\/www.facebook.com\/Aeronoticias.com.pe\/","article_published_time":"2018-12-21T20:05:23+00:00","author":"Redacci\u00f3n Aeronoticias","twitter_card":"summary_large_image","twitter_creator":"@aeronoticias","twitter_site":"@aeronoticias","twitter_misc":{"Escrito por":"Redacci\u00f3n Aeronoticias","Tiempo de lectura":"2 minutos"},"schema":{"@context":"https:\/\/schema.org","@graph":[{"@type":"WebPage","@id":"https:\/\/aeronoticias.com.pe\/noticiero\/27\/peruvian-airlines-inicia-su-transformacion-empresarial-implementando-la-tecnologia-de-amadeus\/","url":"https:\/\/aeronoticias.com.pe\/noticiero\/27\/peruvian-airlines-inicia-su-transformacion-empresarial-implementando-la-tecnologia-de-amadeus\/","name":"Peruvian Airlines inicia su transformaci\u00f3n empresarial implementando la tecnolog\u00eda de Amadeus","isPartOf":{"@id":"https:\/\/aeronoticias.com.pe\/noticiero\/#website"},"datePublished":"2018-12-21T20:05:23+00:00","author":{"@id":"https:\/\/aeronoticias.com.pe\/noticiero\/#\/schema\/person\/fc1e5d578f4b62ba1cf7ac2bba1170a0"},"description":"Portal de noticias del Per\u00fa sobre el transporte a\u00e9reo, aviaci\u00f3n, turismo, hoteleria, actualidad.","breadcrumb":{"@id":"https:\/\/aeronoticias.com.pe\/noticiero\/27\/peruvian-airlines-inicia-su-transformacion-empresarial-implementando-la-tecnologia-de-amadeus\/#breadcrumb"},"inLanguage":"es","potentialAction":[{"@type":"ReadAction","target":["https:\/\/aeronoticias.com.pe\/noticiero\/27\/peruvian-airlines-inicia-su-transformacion-empresarial-implementando-la-tecnologia-de-amadeus\/"]}]},{"@type":"BreadcrumbList","@id":"https:\/\/aeronoticias.com.pe\/noticiero\/27\/peruvian-airlines-inicia-su-transformacion-empresarial-implementando-la-tecnologia-de-amadeus\/#breadcrumb","itemListElement":[{"@type":"ListItem","position":1,"name":"Portada","item":"https:\/\/aeronoticias.com.pe\/noticiero\/"},{"@type":"ListItem","position":2,"name":"Peruvian Airlines inicia su transformaci\u00f3n empresarial implementando la tecnolog\u00eda de Amadeus"}]},{"@type":"WebSite","@id":"https:\/\/aeronoticias.com.pe\/noticiero\/#website","url":"https:\/\/aeronoticias.com.pe\/noticiero\/","name":"Aeronoticias.com.pe","description":"Noticias de tranporte aereo, turismo, hoteles, gastronomia, actualidad, internacional","potentialAction":[{"@type":"SearchAction","target":{"@type":"EntryPoint","urlTemplate":"https:\/\/aeronoticias.com.pe\/noticiero\/?s={search_term_string}"},"query-input":{"@type":"PropertyValueSpecification","valueRequired":true,"valueName":"search_term_string"}}],"inLanguage":"es"},{"@type":"Person","@id":"https:\/\/aeronoticias.com.pe\/noticiero\/#\/schema\/person\/fc1e5d578f4b62ba1cf7ac2bba1170a0","name":"Redacci\u00f3n Aeronoticias","url":"https:\/\/aeronoticias.com.pe\/noticiero\/author\/piloto\/"}]}},"_links":{"self":[{"href":"https:\/\/aeronoticias.com.pe\/noticiero\/wp-json\/wp\/v2\/posts\/57895","targetHints":{"allow":["GET"]}}],"collection":[{"href":"https:\/\/aeronoticias.com.pe\/noticiero\/wp-json\/wp\/v2\/posts"}],"about":[{"href":"https:\/\/aeronoticias.com.pe\/noticiero\/wp-json\/wp\/v2\/types\/post"}],"author":[{"embeddable":true,"href":"https:\/\/aeronoticias.com.pe\/noticiero\/wp-json\/wp\/v2\/users\/1"}],"replies":[{"embeddable":true,"href":"https:\/\/aeronoticias.com.pe\/noticiero\/wp-json\/wp\/v2\/comments?post=57895"}],"version-history":[{"count":0,"href":"https:\/\/aeronoticias.com.pe\/noticiero\/wp-json\/wp\/v2\/posts\/57895\/revisions"}],"wp:attachment":[{"href":"https:\/\/aeronoticias.com.pe\/noticiero\/wp-json\/wp\/v2\/media?parent=57895"}],"wp:term":[{"taxonomy":"category","embeddable":true,"href":"https:\/\/aeronoticias.com.pe\/noticiero\/wp-json\/wp\/v2\/categories?post=57895"},{"taxonomy":"post_tag","embeddable":true,"href":"https:\/\/aeronoticias.com.pe\/noticiero\/wp-json\/wp\/v2\/tags?post=57895"}],"curies":[{"name":"wp","href":"https:\/\/api.w.org\/{rel}","templated":true}]}}