{"id":57896,"date":"2018-12-25T16:19:15","date_gmt":"2018-12-25T16:19:15","guid":{"rendered":"http:\/\/desarrollo.mcvicious.com\/aero2020\/2018\/12\/25\/inicio-de-vuelos-comerciales-al-aeropuerto-de-ilo-potenciara-turismo-en-el-sur-del-peru\/"},"modified":"2018-12-25T16:19:15","modified_gmt":"2018-12-25T16:19:15","slug":"inicio-de-vuelos-comerciales-al-aeropuerto-de-ilo-potenciara-turismo-en-el-sur-del-peru","status":"publish","type":"post","link":"https:\/\/aeronoticias.com.pe\/noticiero\/turismo\/13\/inicio-de-vuelos-comerciales-al-aeropuerto-de-ilo-potenciara-turismo-en-el-sur-del-peru\/","title":{"rendered":"Inicio de vuelos comerciales al aeropuerto de Ilo potenciar\u00e1 turismo en el sur del Per\u00fa"},"content":{"rendered":"<p style=\"text-align: justify;\"><strong>(Aeronoticias) <\/strong>El Ministerio de Comercio Exterior y Turismo (Mincetur) destac\u00f3 el inicio de los vuelos comerciales a la ciudad de Ilo (Moquegua), lo cual potenciar\u00e1 el turismo en el sur del Per\u00fa e incrementar\u00e1 la conectividad intrarregional.<\/p>\n<p style=\"text-align: justify;\">Esto, luego que la aerol\u00ednea Peruvian Airlines realizara el vuelo inaugural de la ruta Lima \u2013 Arequipa \u2013 Ilo, el \u00faltimo 21 de diciembre.<\/p>\n<p style=\"text-align: justify;\">La viceministra de Turismo, Liz Chirinos, se\u00f1al\u00f3 que, en el 2017, se registraron 600 mil viajes por turismo interno a Moquegua, todos por v\u00eda terrestre. De ese n\u00famero, 125 mil se hicieron por vacaciones o recreaciones.<\/p>\n<p style=\"text-align: justify;\">\u201cEste n\u00famero es significativo y retrata el inter\u00e9s que viene generando la regi\u00f3n Moquegua, considerando, adem\u00e1s, que los visitantes provienen principalmente de Arequipa y Tacna (48% y 29%, respectivamente). Por ello, este vuelo abre la posibilidad de incrementar el turismo interno y tambi\u00e9n receptivo\u201d, se\u00f1al\u00f3.<\/p>\n<p style=\"text-align: justify;\">En ese sentido, el inicio de operaciones comerciales del aeropuerto de Ilo abre la puerta para que m\u00e1s visitantes de Lima y Arequipa conozcan los atractivos tur\u00edsticos de Moquegua.<\/p>\n<p style=\"text-align: justify;\">Como se recuerda, Moquegua es el punto medio entre el mar y campi\u00f1a. Playas hermosas, quebradas, formaciones rocosas y desiertos dan la bienvenida a una regi\u00f3n donde la buena gastronom\u00eda es parte de su identidad. Asimismo, pueblos pintorescos, casonas y bodegas de vinos y piscos son parte de su atractiva oferta.<\/p>\n<p style=\"text-align: justify;\">\u201cEste vuelo es parte del trabajo que realiza el gobierno peruano en su conjunto. El turismo se beneficia de la conectividad a\u00e9rea y esta se desarrolla con la inversi\u00f3n en infraestructura aeroportuaria que el Ministerio de Transportes y Comunicaciones (MTC) ha programado y viene ejecutando gradualmente\u201d, explic\u00f3 la viceministra Chirinos.<\/p>\n<p style=\"text-align: justify;\">Cabe destacar que los vuelos comerciales de Peruvian Airlines tendr\u00e1n una frecuencia de tres veces por semana (lunes, mi\u00e9rcoles y viernes) con aeronaves Boeing, con capacidad para 141 pasajeros.<\/p>\n<p style=\"text-align: justify;\">\u201cCon este tipo de acciones (nuevos vuelos intrarregionales), gracias a la coordinaci\u00f3n permanente entre Mincetur y el MTC generamos m\u00e1s oportunidades para el turismo y para todos los actores involucrados. M\u00e1s turismo impulsa el movimiento econ\u00f3mico y el empleo. Esperamos que este vuelo se consolide e incremente su frecuencia\u201d, finaliz\u00f3 la viceministra.<\/p>\n<p style=\"text-align: justify;\">POTENCIAL TUR\u00cdSTICO<\/p>\n<p style=\"text-align: justify;\">La oferta tur\u00edstica potencial de Moquegua es muy relevante y comprende diversos atractivos tur\u00edsticos. Por ejemplo, en Ilo se tiene la Reserva Natural Punta Coles; el puerto de Ilo, que en ocasiones recibe cruceros tur\u00edsticos; la ciudad de Ilo con su arquitectura tradicional, paseos en el malec\u00f3n y la infraestructura tur\u00edstica que se relaciona con el mar; las playas del puerto Ingl\u00e9s y Pozo de lisas, entre otros.<\/p>\n<p style=\"text-align: justify;\">Asimismo, a 45 minutos del aeropuerto de Ilo se encuentra la ciudad de Moquegua, con un clima benigno y una campi\u00f1a de excepcional belleza.<\/p>\n<p style=\"text-align: justify;\">La ciudad cuenta con una arquitectura tradicional \u00fanica dominada por un estilo de sus techos, denominados \u201cmojinete\u201d, su plaza de armas con proporciones adecuadas y agradables, y en la campi\u00f1a, el recorrido est\u00e1 dominado por la ruta del Pisco, del cual Moquegua es uno de los principales productores a nivel nacional.<\/p>\n<p style=\"text-align: justify;\">A esto hay que a\u00f1adir que, a las afueras de la ciudad de Moquegua, y a escasos 30 minutos se encuentra el distrito de Torata, que cuenta con un centro poblado de inigualable belleza arquitect\u00f3nica y geogr\u00e1fica y que cuenta con el impresionante Cerro Ba\u00fal, probablemente el principal icono de la regi\u00f3n.<\/p>\n<p style=\"text-align: justify;\"><strong><em>Fuente: Infoturper\u00fa<\/em><\/strong><\/p>\n<p style=\"text-align: justify;\"><strong><em><img decoding=\"async\" src=\"images\/stories\/18\/12\/251218\/ilo.jpg\" border=\"0\" \/><br \/><\/em><\/strong><\/p>\n","protected":false},"excerpt":{"rendered":"<p>(Aeronoticias) El Ministerio de Comercio Exterior y Turismo (Mincetur) destac\u00f3 el inicio de los vuelos comerciales a la ciudad de Ilo (Moquegua), lo cual potenciar\u00e1 el turismo en el sur del Per\u00fa e incrementar\u00e1 la conectividad intrarregional. Esto, luego que la aerol\u00ednea Peruvian Airlines realizara el vuelo inaugural de la ruta Lima \u2013 Arequipa \u2013 [&hellip;]<\/p>\n","protected":false},"author":1,"featured_media":0,"comment_status":"open","ping_status":"open","sticky":false,"template":"","format":"standard","meta":{"tdm_status":"","tdm_grid_status":"","footnotes":""},"categories":[31],"tags":[],"class_list":{"0":"post-57896","1":"post","2":"type-post","3":"status-publish","4":"format-standard","6":"category-31"},"yoast_head":"<!-- This site is optimized with the Yoast SEO plugin v25.1 - https:\/\/yoast.com\/wordpress\/plugins\/seo\/ -->\n<title>Inicio de vuelos comerciales al aeropuerto de Ilo potenciar\u00e1 turismo en el sur del Per\u00fa<\/title>\n<meta name=\"description\" content=\"Portal de noticias del Per\u00fa sobre el transporte a\u00e9reo, aviaci\u00f3n, turismo, hoteleria, actualidad.\" \/>\n<meta name=\"robots\" content=\"index, follow, max-snippet:-1, max-image-preview:large, max-video-preview:-1\" \/>\n<link rel=\"canonical\" href=\"https:\/\/aeronoticias.com.pe\/noticiero\/turismo\/13\/inicio-de-vuelos-comerciales-al-aeropuerto-de-ilo-potenciara-turismo-en-el-sur-del-peru\/\" \/>\n<meta property=\"og:locale\" content=\"es_ES\" \/>\n<meta property=\"og:type\" content=\"article\" \/>\n<meta property=\"og:title\" content=\"Inicio de vuelos comerciales al aeropuerto de Ilo potenciar\u00e1 turismo en el sur del Per\u00fa\" \/>\n<meta property=\"og:description\" content=\"Portal de noticias del Per\u00fa sobre el transporte a\u00e9reo, aviaci\u00f3n, turismo, hoteleria, actualidad.\" \/>\n<meta property=\"og:url\" content=\"https:\/\/aeronoticias.com.pe\/noticiero\/turismo\/13\/inicio-de-vuelos-comerciales-al-aeropuerto-de-ilo-potenciara-turismo-en-el-sur-del-peru\/\" \/>\n<meta property=\"og:site_name\" content=\"Aeronoticias.com.pe\" \/>\n<meta property=\"article:publisher\" content=\"https:\/\/www.facebook.com\/Aeronoticias.com.pe\/\" \/>\n<meta property=\"article:published_time\" content=\"2018-12-25T16:19:15+00:00\" \/>\n<meta name=\"author\" content=\"Redacci\u00f3n Aeronoticias\" \/>\n<meta name=\"twitter:card\" content=\"summary_large_image\" \/>\n<meta name=\"twitter:creator\" content=\"@aeronoticias\" \/>\n<meta name=\"twitter:site\" content=\"@aeronoticias\" \/>\n<meta name=\"twitter:label1\" content=\"Escrito por\" \/>\n\t<meta name=\"twitter:data1\" content=\"Redacci\u00f3n Aeronoticias\" \/>\n\t<meta name=\"twitter:label2\" content=\"Tiempo de lectura\" \/>\n\t<meta name=\"twitter:data2\" content=\"3 minutos\" \/>\n<script type=\"application\/ld+json\" class=\"yoast-schema-graph\">{\"@context\":\"https:\/\/schema.org\",\"@graph\":[{\"@type\":\"WebPage\",\"@id\":\"https:\/\/aeronoticias.com.pe\/noticiero\/turismo\/13\/inicio-de-vuelos-comerciales-al-aeropuerto-de-ilo-potenciara-turismo-en-el-sur-del-peru\/\",\"url\":\"https:\/\/aeronoticias.com.pe\/noticiero\/turismo\/13\/inicio-de-vuelos-comerciales-al-aeropuerto-de-ilo-potenciara-turismo-en-el-sur-del-peru\/\",\"name\":\"Inicio de vuelos comerciales al aeropuerto de Ilo potenciar\u00e1 turismo en el sur del Per\u00fa\",\"isPartOf\":{\"@id\":\"https:\/\/aeronoticias.com.pe\/noticiero\/#website\"},\"datePublished\":\"2018-12-25T16:19:15+00:00\",\"author\":{\"@id\":\"https:\/\/aeronoticias.com.pe\/noticiero\/#\/schema\/person\/fc1e5d578f4b62ba1cf7ac2bba1170a0\"},\"description\":\"Portal de noticias del Per\u00fa sobre el transporte a\u00e9reo, aviaci\u00f3n, turismo, hoteleria, actualidad.\",\"breadcrumb\":{\"@id\":\"https:\/\/aeronoticias.com.pe\/noticiero\/turismo\/13\/inicio-de-vuelos-comerciales-al-aeropuerto-de-ilo-potenciara-turismo-en-el-sur-del-peru\/#breadcrumb\"},\"inLanguage\":\"es\",\"potentialAction\":[{\"@type\":\"ReadAction\",\"target\":[\"https:\/\/aeronoticias.com.pe\/noticiero\/turismo\/13\/inicio-de-vuelos-comerciales-al-aeropuerto-de-ilo-potenciara-turismo-en-el-sur-del-peru\/\"]}]},{\"@type\":\"BreadcrumbList\",\"@id\":\"https:\/\/aeronoticias.com.pe\/noticiero\/turismo\/13\/inicio-de-vuelos-comerciales-al-aeropuerto-de-ilo-potenciara-turismo-en-el-sur-del-peru\/#breadcrumb\",\"itemListElement\":[{\"@type\":\"ListItem\",\"position\":1,\"name\":\"Portada\",\"item\":\"https:\/\/aeronoticias.com.pe\/noticiero\/\"},{\"@type\":\"ListItem\",\"position\":2,\"name\":\"Inicio de vuelos comerciales al aeropuerto de Ilo potenciar\u00e1 turismo en el sur del Per\u00fa\"}]},{\"@type\":\"WebSite\",\"@id\":\"https:\/\/aeronoticias.com.pe\/noticiero\/#website\",\"url\":\"https:\/\/aeronoticias.com.pe\/noticiero\/\",\"name\":\"Aeronoticias.com.pe\",\"description\":\"Noticias de tranporte aereo, turismo, hoteles, gastronomia, actualidad, internacional\",\"potentialAction\":[{\"@type\":\"SearchAction\",\"target\":{\"@type\":\"EntryPoint\",\"urlTemplate\":\"https:\/\/aeronoticias.com.pe\/noticiero\/?s={search_term_string}\"},\"query-input\":{\"@type\":\"PropertyValueSpecification\",\"valueRequired\":true,\"valueName\":\"search_term_string\"}}],\"inLanguage\":\"es\"},{\"@type\":\"Person\",\"@id\":\"https:\/\/aeronoticias.com.pe\/noticiero\/#\/schema\/person\/fc1e5d578f4b62ba1cf7ac2bba1170a0\",\"name\":\"Redacci\u00f3n Aeronoticias\",\"url\":\"https:\/\/aeronoticias.com.pe\/noticiero\/author\/piloto\/\"}]}<\/script>\n<!-- \/ Yoast SEO plugin. -->","yoast_head_json":{"title":"Inicio de vuelos comerciales al aeropuerto de Ilo potenciar\u00e1 turismo en el sur del Per\u00fa","description":"Portal de noticias del Per\u00fa sobre el transporte a\u00e9reo, aviaci\u00f3n, turismo, hoteleria, actualidad.","robots":{"index":"index","follow":"follow","max-snippet":"max-snippet:-1","max-image-preview":"max-image-preview:large","max-video-preview":"max-video-preview:-1"},"canonical":"https:\/\/aeronoticias.com.pe\/noticiero\/turismo\/13\/inicio-de-vuelos-comerciales-al-aeropuerto-de-ilo-potenciara-turismo-en-el-sur-del-peru\/","og_locale":"es_ES","og_type":"article","og_title":"Inicio de vuelos comerciales al aeropuerto de Ilo potenciar\u00e1 turismo en el sur del Per\u00fa","og_description":"Portal de noticias del Per\u00fa sobre el transporte a\u00e9reo, aviaci\u00f3n, turismo, hoteleria, actualidad.","og_url":"https:\/\/aeronoticias.com.pe\/noticiero\/turismo\/13\/inicio-de-vuelos-comerciales-al-aeropuerto-de-ilo-potenciara-turismo-en-el-sur-del-peru\/","og_site_name":"Aeronoticias.com.pe","article_publisher":"https:\/\/www.facebook.com\/Aeronoticias.com.pe\/","article_published_time":"2018-12-25T16:19:15+00:00","author":"Redacci\u00f3n Aeronoticias","twitter_card":"summary_large_image","twitter_creator":"@aeronoticias","twitter_site":"@aeronoticias","twitter_misc":{"Escrito por":"Redacci\u00f3n Aeronoticias","Tiempo de lectura":"3 minutos"},"schema":{"@context":"https:\/\/schema.org","@graph":[{"@type":"WebPage","@id":"https:\/\/aeronoticias.com.pe\/noticiero\/turismo\/13\/inicio-de-vuelos-comerciales-al-aeropuerto-de-ilo-potenciara-turismo-en-el-sur-del-peru\/","url":"https:\/\/aeronoticias.com.pe\/noticiero\/turismo\/13\/inicio-de-vuelos-comerciales-al-aeropuerto-de-ilo-potenciara-turismo-en-el-sur-del-peru\/","name":"Inicio de vuelos comerciales al aeropuerto de Ilo potenciar\u00e1 turismo en el sur del Per\u00fa","isPartOf":{"@id":"https:\/\/aeronoticias.com.pe\/noticiero\/#website"},"datePublished":"2018-12-25T16:19:15+00:00","author":{"@id":"https:\/\/aeronoticias.com.pe\/noticiero\/#\/schema\/person\/fc1e5d578f4b62ba1cf7ac2bba1170a0"},"description":"Portal de noticias del Per\u00fa sobre el transporte a\u00e9reo, aviaci\u00f3n, turismo, hoteleria, actualidad.","breadcrumb":{"@id":"https:\/\/aeronoticias.com.pe\/noticiero\/turismo\/13\/inicio-de-vuelos-comerciales-al-aeropuerto-de-ilo-potenciara-turismo-en-el-sur-del-peru\/#breadcrumb"},"inLanguage":"es","potentialAction":[{"@type":"ReadAction","target":["https:\/\/aeronoticias.com.pe\/noticiero\/turismo\/13\/inicio-de-vuelos-comerciales-al-aeropuerto-de-ilo-potenciara-turismo-en-el-sur-del-peru\/"]}]},{"@type":"BreadcrumbList","@id":"https:\/\/aeronoticias.com.pe\/noticiero\/turismo\/13\/inicio-de-vuelos-comerciales-al-aeropuerto-de-ilo-potenciara-turismo-en-el-sur-del-peru\/#breadcrumb","itemListElement":[{"@type":"ListItem","position":1,"name":"Portada","item":"https:\/\/aeronoticias.com.pe\/noticiero\/"},{"@type":"ListItem","position":2,"name":"Inicio de vuelos comerciales al aeropuerto de Ilo potenciar\u00e1 turismo en el sur del Per\u00fa"}]},{"@type":"WebSite","@id":"https:\/\/aeronoticias.com.pe\/noticiero\/#website","url":"https:\/\/aeronoticias.com.pe\/noticiero\/","name":"Aeronoticias.com.pe","description":"Noticias de tranporte aereo, turismo, hoteles, gastronomia, actualidad, internacional","potentialAction":[{"@type":"SearchAction","target":{"@type":"EntryPoint","urlTemplate":"https:\/\/aeronoticias.com.pe\/noticiero\/?s={search_term_string}"},"query-input":{"@type":"PropertyValueSpecification","valueRequired":true,"valueName":"search_term_string"}}],"inLanguage":"es"},{"@type":"Person","@id":"https:\/\/aeronoticias.com.pe\/noticiero\/#\/schema\/person\/fc1e5d578f4b62ba1cf7ac2bba1170a0","name":"Redacci\u00f3n Aeronoticias","url":"https:\/\/aeronoticias.com.pe\/noticiero\/author\/piloto\/"}]}},"_links":{"self":[{"href":"https:\/\/aeronoticias.com.pe\/noticiero\/wp-json\/wp\/v2\/posts\/57896","targetHints":{"allow":["GET"]}}],"collection":[{"href":"https:\/\/aeronoticias.com.pe\/noticiero\/wp-json\/wp\/v2\/posts"}],"about":[{"href":"https:\/\/aeronoticias.com.pe\/noticiero\/wp-json\/wp\/v2\/types\/post"}],"author":[{"embeddable":true,"href":"https:\/\/aeronoticias.com.pe\/noticiero\/wp-json\/wp\/v2\/users\/1"}],"replies":[{"embeddable":true,"href":"https:\/\/aeronoticias.com.pe\/noticiero\/wp-json\/wp\/v2\/comments?post=57896"}],"version-history":[{"count":0,"href":"https:\/\/aeronoticias.com.pe\/noticiero\/wp-json\/wp\/v2\/posts\/57896\/revisions"}],"wp:attachment":[{"href":"https:\/\/aeronoticias.com.pe\/noticiero\/wp-json\/wp\/v2\/media?parent=57896"}],"wp:term":[{"taxonomy":"category","embeddable":true,"href":"https:\/\/aeronoticias.com.pe\/noticiero\/wp-json\/wp\/v2\/categories?post=57896"},{"taxonomy":"post_tag","embeddable":true,"href":"https:\/\/aeronoticias.com.pe\/noticiero\/wp-json\/wp\/v2\/tags?post=57896"}],"curies":[{"name":"wp","href":"https:\/\/api.w.org\/{rel}","templated":true}]}}