{"id":57944,"date":"2019-01-14T14:47:52","date_gmt":"2019-01-14T14:47:52","guid":{"rendered":"http:\/\/desarrollo.mcvicious.com\/aero2020\/2019\/01\/14\/un-boeing-707-de-carga-se-estrella-en-iran-y-deja-al-menos-8-muertos\/"},"modified":"2019-01-14T14:47:52","modified_gmt":"2019-01-14T14:47:52","slug":"un-boeing-707-de-carga-se-estrella-en-iran-y-deja-al-menos-8-muertos","status":"publish","type":"post","link":"https:\/\/aeronoticias.com.pe\/noticiero\/internacionales\/un-boeing-707-de-carga-se-estrella-en-iran-y-deja-al-menos-8-muertos\/","title":{"rendered":"Un Boeing 707 de carga se estrella en Ir\u00e1n y deja al menos 8 muertos"},"content":{"rendered":"<p style=\"text-align: justify;\"><strong>(Aeronoticias) <\/strong><span style=\"text-align: justify;\">Un avi\u00f3n de carga se estrell\u00f3 en Ir\u00e1n provocando la muerte de al menos ocho personas que iban a bordo, inform\u00f3 el jefe de los servicios de emergencia de Ir\u00e1n, Pir Hossein Koolivand, al medio estatal IRIB.<\/span><\/p>\n<p style=\"text-align: justify;\">El incidente ocurri\u00f3 alrededor de las 8:30 a.m. del lunes, hora local en Teher\u00e1n, le dijo Koolivand a IRIB.<\/p>\n<p style=\"text-align: justify;\">La agencia estatal de noticias iran\u00ed Farsi report\u00f3 que el avi\u00f3n de carga Boeing 707 se estrell\u00f3 cerca de la ciudad de Karaj, en las cercan\u00edas de Teher\u00e1n, la capital del pa\u00eds.<\/p>\n<p style=\"text-align: justify;\">\u201cDebido a un error del piloto, el avi\u00f3n descendi\u00f3 al aeropuerto de Fath\u201d, report\u00f3 el medio estatal. \u201cFuncionarios dicen que un segundo error del piloto fue que mientras se acercaban a la pista, no pudo controlar el avi\u00f3n, se qued\u00f3 sin espacio para aterrizar y por lo tanto golpe\u00f3 un edificio cerca del aeropuerto\u201d.<\/p>\n<p style=\"text-align: justify;\"><strong><em>Fuente: CNN<\/em><\/strong><\/p>\n<p style=\"text-align: justify;\"><strong><em><img decoding=\"async\" src=\"images\/stories\/19\/01\/140119\/accidente-avin-de-carga-en-iran.jpg\" border=\"0\" \/><br \/><\/em><\/strong><\/p>\n","protected":false},"excerpt":{"rendered":"<p>(Aeronoticias) Un avi\u00f3n de carga se estrell\u00f3 en Ir\u00e1n provocando la muerte de al menos ocho personas que iban a bordo, inform\u00f3 el jefe de los servicios de emergencia de Ir\u00e1n, Pir Hossein Koolivand, al medio estatal IRIB. El incidente ocurri\u00f3 alrededor de las 8:30 a.m. del lunes, hora local en Teher\u00e1n, le dijo Koolivand [&hellip;]<\/p>\n","protected":false},"author":1,"featured_media":0,"comment_status":"open","ping_status":"open","sticky":false,"template":"","format":"standard","meta":{"tdm_status":"","tdm_grid_status":"","footnotes":""},"categories":[34],"tags":[],"class_list":{"0":"post-57944","1":"post","2":"type-post","3":"status-publish","4":"format-standard","6":"category-internacionales"},"yoast_head":"<!-- This site is optimized with the Yoast SEO plugin v25.1 - https:\/\/yoast.com\/wordpress\/plugins\/seo\/ -->\n<title>Un Boeing 707 de carga se estrella en Ir\u00e1n y deja al menos 8 muertos<\/title>\n<meta name=\"description\" content=\"Portal de noticias del Per\u00fa sobre el transporte a\u00e9reo, aviaci\u00f3n, turismo, hoteleria, actualidad.\" \/>\n<meta name=\"robots\" content=\"index, follow, max-snippet:-1, max-image-preview:large, max-video-preview:-1\" \/>\n<link rel=\"canonical\" href=\"https:\/\/aeronoticias.com.pe\/noticiero\/internacionales\/un-boeing-707-de-carga-se-estrella-en-iran-y-deja-al-menos-8-muertos\/\" \/>\n<meta property=\"og:locale\" content=\"es_ES\" \/>\n<meta property=\"og:type\" content=\"article\" \/>\n<meta property=\"og:title\" content=\"Un Boeing 707 de carga se estrella en Ir\u00e1n y deja al menos 8 muertos\" \/>\n<meta property=\"og:description\" content=\"Portal de noticias del Per\u00fa sobre el transporte a\u00e9reo, aviaci\u00f3n, turismo, hoteleria, actualidad.\" \/>\n<meta property=\"og:url\" content=\"https:\/\/aeronoticias.com.pe\/noticiero\/internacionales\/un-boeing-707-de-carga-se-estrella-en-iran-y-deja-al-menos-8-muertos\/\" \/>\n<meta property=\"og:site_name\" content=\"Aeronoticias.com.pe\" \/>\n<meta property=\"article:publisher\" content=\"https:\/\/www.facebook.com\/Aeronoticias.com.pe\/\" \/>\n<meta property=\"article:published_time\" content=\"2019-01-14T14:47:52+00:00\" \/>\n<meta name=\"author\" content=\"Redacci\u00f3n Aeronoticias\" \/>\n<meta name=\"twitter:card\" content=\"summary_large_image\" \/>\n<meta name=\"twitter:creator\" content=\"@aeronoticias\" \/>\n<meta name=\"twitter:site\" content=\"@aeronoticias\" \/>\n<meta name=\"twitter:label1\" content=\"Escrito por\" \/>\n\t<meta name=\"twitter:data1\" content=\"Redacci\u00f3n Aeronoticias\" \/>\n\t<meta name=\"twitter:label2\" content=\"Tiempo de lectura\" \/>\n\t<meta name=\"twitter:data2\" content=\"1 minuto\" \/>\n<script type=\"application\/ld+json\" class=\"yoast-schema-graph\">{\"@context\":\"https:\/\/schema.org\",\"@graph\":[{\"@type\":\"WebPage\",\"@id\":\"https:\/\/aeronoticias.com.pe\/noticiero\/internacionales\/un-boeing-707-de-carga-se-estrella-en-iran-y-deja-al-menos-8-muertos\/\",\"url\":\"https:\/\/aeronoticias.com.pe\/noticiero\/internacionales\/un-boeing-707-de-carga-se-estrella-en-iran-y-deja-al-menos-8-muertos\/\",\"name\":\"Un Boeing 707 de carga se estrella en Ir\u00e1n y deja al menos 8 muertos\",\"isPartOf\":{\"@id\":\"https:\/\/aeronoticias.com.pe\/noticiero\/#website\"},\"datePublished\":\"2019-01-14T14:47:52+00:00\",\"author\":{\"@id\":\"https:\/\/aeronoticias.com.pe\/noticiero\/#\/schema\/person\/fc1e5d578f4b62ba1cf7ac2bba1170a0\"},\"description\":\"Portal de noticias del Per\u00fa sobre el transporte a\u00e9reo, aviaci\u00f3n, turismo, hoteleria, actualidad.\",\"breadcrumb\":{\"@id\":\"https:\/\/aeronoticias.com.pe\/noticiero\/internacionales\/un-boeing-707-de-carga-se-estrella-en-iran-y-deja-al-menos-8-muertos\/#breadcrumb\"},\"inLanguage\":\"es\",\"potentialAction\":[{\"@type\":\"ReadAction\",\"target\":[\"https:\/\/aeronoticias.com.pe\/noticiero\/internacionales\/un-boeing-707-de-carga-se-estrella-en-iran-y-deja-al-menos-8-muertos\/\"]}]},{\"@type\":\"BreadcrumbList\",\"@id\":\"https:\/\/aeronoticias.com.pe\/noticiero\/internacionales\/un-boeing-707-de-carga-se-estrella-en-iran-y-deja-al-menos-8-muertos\/#breadcrumb\",\"itemListElement\":[{\"@type\":\"ListItem\",\"position\":1,\"name\":\"Portada\",\"item\":\"https:\/\/aeronoticias.com.pe\/noticiero\/\"},{\"@type\":\"ListItem\",\"position\":2,\"name\":\"Un Boeing 707 de carga se estrella en Ir\u00e1n y deja al menos 8 muertos\"}]},{\"@type\":\"WebSite\",\"@id\":\"https:\/\/aeronoticias.com.pe\/noticiero\/#website\",\"url\":\"https:\/\/aeronoticias.com.pe\/noticiero\/\",\"name\":\"Aeronoticias.com.pe\",\"description\":\"Noticias de tranporte aereo, turismo, hoteles, gastronomia, actualidad, internacional\",\"potentialAction\":[{\"@type\":\"SearchAction\",\"target\":{\"@type\":\"EntryPoint\",\"urlTemplate\":\"https:\/\/aeronoticias.com.pe\/noticiero\/?s={search_term_string}\"},\"query-input\":{\"@type\":\"PropertyValueSpecification\",\"valueRequired\":true,\"valueName\":\"search_term_string\"}}],\"inLanguage\":\"es\"},{\"@type\":\"Person\",\"@id\":\"https:\/\/aeronoticias.com.pe\/noticiero\/#\/schema\/person\/fc1e5d578f4b62ba1cf7ac2bba1170a0\",\"name\":\"Redacci\u00f3n Aeronoticias\",\"url\":\"https:\/\/aeronoticias.com.pe\/noticiero\/author\/piloto\/\"}]}<\/script>\n<!-- \/ Yoast SEO plugin. -->","yoast_head_json":{"title":"Un Boeing 707 de carga se estrella en Ir\u00e1n y deja al menos 8 muertos","description":"Portal de noticias del Per\u00fa sobre el transporte a\u00e9reo, aviaci\u00f3n, turismo, hoteleria, actualidad.","robots":{"index":"index","follow":"follow","max-snippet":"max-snippet:-1","max-image-preview":"max-image-preview:large","max-video-preview":"max-video-preview:-1"},"canonical":"https:\/\/aeronoticias.com.pe\/noticiero\/internacionales\/un-boeing-707-de-carga-se-estrella-en-iran-y-deja-al-menos-8-muertos\/","og_locale":"es_ES","og_type":"article","og_title":"Un Boeing 707 de carga se estrella en Ir\u00e1n y deja al menos 8 muertos","og_description":"Portal de noticias del Per\u00fa sobre el transporte a\u00e9reo, aviaci\u00f3n, turismo, hoteleria, actualidad.","og_url":"https:\/\/aeronoticias.com.pe\/noticiero\/internacionales\/un-boeing-707-de-carga-se-estrella-en-iran-y-deja-al-menos-8-muertos\/","og_site_name":"Aeronoticias.com.pe","article_publisher":"https:\/\/www.facebook.com\/Aeronoticias.com.pe\/","article_published_time":"2019-01-14T14:47:52+00:00","author":"Redacci\u00f3n Aeronoticias","twitter_card":"summary_large_image","twitter_creator":"@aeronoticias","twitter_site":"@aeronoticias","twitter_misc":{"Escrito por":"Redacci\u00f3n Aeronoticias","Tiempo de lectura":"1 minuto"},"schema":{"@context":"https:\/\/schema.org","@graph":[{"@type":"WebPage","@id":"https:\/\/aeronoticias.com.pe\/noticiero\/internacionales\/un-boeing-707-de-carga-se-estrella-en-iran-y-deja-al-menos-8-muertos\/","url":"https:\/\/aeronoticias.com.pe\/noticiero\/internacionales\/un-boeing-707-de-carga-se-estrella-en-iran-y-deja-al-menos-8-muertos\/","name":"Un Boeing 707 de carga se estrella en Ir\u00e1n y deja al menos 8 muertos","isPartOf":{"@id":"https:\/\/aeronoticias.com.pe\/noticiero\/#website"},"datePublished":"2019-01-14T14:47:52+00:00","author":{"@id":"https:\/\/aeronoticias.com.pe\/noticiero\/#\/schema\/person\/fc1e5d578f4b62ba1cf7ac2bba1170a0"},"description":"Portal de noticias del Per\u00fa sobre el transporte a\u00e9reo, aviaci\u00f3n, turismo, hoteleria, actualidad.","breadcrumb":{"@id":"https:\/\/aeronoticias.com.pe\/noticiero\/internacionales\/un-boeing-707-de-carga-se-estrella-en-iran-y-deja-al-menos-8-muertos\/#breadcrumb"},"inLanguage":"es","potentialAction":[{"@type":"ReadAction","target":["https:\/\/aeronoticias.com.pe\/noticiero\/internacionales\/un-boeing-707-de-carga-se-estrella-en-iran-y-deja-al-menos-8-muertos\/"]}]},{"@type":"BreadcrumbList","@id":"https:\/\/aeronoticias.com.pe\/noticiero\/internacionales\/un-boeing-707-de-carga-se-estrella-en-iran-y-deja-al-menos-8-muertos\/#breadcrumb","itemListElement":[{"@type":"ListItem","position":1,"name":"Portada","item":"https:\/\/aeronoticias.com.pe\/noticiero\/"},{"@type":"ListItem","position":2,"name":"Un Boeing 707 de carga se estrella en Ir\u00e1n y deja al menos 8 muertos"}]},{"@type":"WebSite","@id":"https:\/\/aeronoticias.com.pe\/noticiero\/#website","url":"https:\/\/aeronoticias.com.pe\/noticiero\/","name":"Aeronoticias.com.pe","description":"Noticias de tranporte aereo, turismo, hoteles, gastronomia, actualidad, internacional","potentialAction":[{"@type":"SearchAction","target":{"@type":"EntryPoint","urlTemplate":"https:\/\/aeronoticias.com.pe\/noticiero\/?s={search_term_string}"},"query-input":{"@type":"PropertyValueSpecification","valueRequired":true,"valueName":"search_term_string"}}],"inLanguage":"es"},{"@type":"Person","@id":"https:\/\/aeronoticias.com.pe\/noticiero\/#\/schema\/person\/fc1e5d578f4b62ba1cf7ac2bba1170a0","name":"Redacci\u00f3n Aeronoticias","url":"https:\/\/aeronoticias.com.pe\/noticiero\/author\/piloto\/"}]}},"_links":{"self":[{"href":"https:\/\/aeronoticias.com.pe\/noticiero\/wp-json\/wp\/v2\/posts\/57944","targetHints":{"allow":["GET"]}}],"collection":[{"href":"https:\/\/aeronoticias.com.pe\/noticiero\/wp-json\/wp\/v2\/posts"}],"about":[{"href":"https:\/\/aeronoticias.com.pe\/noticiero\/wp-json\/wp\/v2\/types\/post"}],"author":[{"embeddable":true,"href":"https:\/\/aeronoticias.com.pe\/noticiero\/wp-json\/wp\/v2\/users\/1"}],"replies":[{"embeddable":true,"href":"https:\/\/aeronoticias.com.pe\/noticiero\/wp-json\/wp\/v2\/comments?post=57944"}],"version-history":[{"count":0,"href":"https:\/\/aeronoticias.com.pe\/noticiero\/wp-json\/wp\/v2\/posts\/57944\/revisions"}],"wp:attachment":[{"href":"https:\/\/aeronoticias.com.pe\/noticiero\/wp-json\/wp\/v2\/media?parent=57944"}],"wp:term":[{"taxonomy":"category","embeddable":true,"href":"https:\/\/aeronoticias.com.pe\/noticiero\/wp-json\/wp\/v2\/categories?post=57944"},{"taxonomy":"post_tag","embeddable":true,"href":"https:\/\/aeronoticias.com.pe\/noticiero\/wp-json\/wp\/v2\/tags?post=57944"}],"curies":[{"name":"wp","href":"https:\/\/api.w.org\/{rel}","templated":true}]}}