{"id":57950,"date":"2019-01-16T00:27:41","date_gmt":"2019-01-16T00:27:41","guid":{"rendered":"http:\/\/desarrollo.mcvicious.com\/aero2020\/2019\/01\/16\/alemania-mas-de-500-vuelos-cancelados-por-huelga-en-aeropuertos\/"},"modified":"2019-01-16T00:27:41","modified_gmt":"2019-01-16T00:27:41","slug":"alemania-mas-de-500-vuelos-cancelados-por-huelga-en-aeropuertos","status":"publish","type":"post","link":"https:\/\/aeronoticias.com.pe\/noticiero\/internacionales\/alemania-mas-de-500-vuelos-cancelados-por-huelga-en-aeropuertos\/","title":{"rendered":"Alemania: M\u00e1s de 500 vuelos cancelados por huelga en aeropuertos"},"content":{"rendered":"<p style=\"font-size: 12.16px; text-align: justify;\"><strong>(Aeronoticias)<\/strong>.-\u00a0<span style=\"color: #454545; font-family: Helvetica; font-size: 12px;\">Unos 220.000 pasajeros se han visto afectados este martes por la huelga del personal de seguridad que se est\u00e1 llevando a cabo desde la madrugada en ocho aeropuertos de Alemania, entre ellos los de Frankfurt y M\u00fanich. Lo cual ha obligado a cancelar cientos de vuelos en Europa.<\/span><\/p>\n<p class=\"p1\" style=\"margin: 0px; font-variant-numeric: normal; font-variant-east-asian: normal; font-stretch: normal; font-size: 12px; line-height: normal; font-family: Helvetica; color: #454545; text-align: justify;\">El grupo Lufthansa ha indicado por su parte que ha cancelado 500 vuelos de su aerol\u00ednea hom\u00f3nima y 120 de su marca de bajo coste, Eurowings.<\/p>\n<p class=\"p1\" style=\"margin: 0px; font-variant-numeric: normal; font-variant-east-asian: normal; font-stretch: normal; font-size: 12px; line-height: normal; font-family: Helvetica; color: #454545; text-align: justify;\">\u00a0<\/p>\n<p class=\"p1\" style=\"margin: 0px; font-variant-numeric: normal; font-variant-east-asian: normal; font-stretch: normal; font-size: 12px; line-height: normal; font-family: Helvetica; color: #454545; text-align: justify;\">S\u00f3lo en el aeropuerto de Frankfurt, el de mayor tr\u00e1fico de Alemania y uno de los primeros de Europa, se han cancelado 610 vuelos, alrededor de la mitad de los planeados para toda la jornada.<\/p>\n<p class=\"p1\" style=\"margin: 0px; font-variant-numeric: normal; font-variant-east-asian: normal; font-stretch: normal; font-size: 12px; line-height: normal; font-family: Helvetica; color: #454545; text-align: justify;\">\u00a0<\/p>\n<p class=\"p1\" style=\"margin: 0px; font-variant-numeric: normal; font-variant-east-asian: normal; font-stretch: normal; font-size: 12px; line-height: normal; font-family: Helvetica; color: #454545; text-align: justify;\">Los paros de advertencia, algunos de jornada completa como los de Hamburgo, Hannover y Bremen, son una demostraci\u00f3n de fuerza de los 23.000 empleados de este sector, que exigen en las actuales negociaciones del convenio colectivo un salario bruto de 20 euros brutos por hora en todo el pa\u00eds.<\/p>\n<p class=\"p1\" style=\"margin: 0px; font-variant-numeric: normal; font-variant-east-asian: normal; font-stretch: normal; font-size: 12px; line-height: normal; font-family: Helvetica; color: #454545; text-align: justify;\">\u00a0<\/p>\n<p class=\"p1\" style=\"margin: 0px; font-variant-numeric: normal; font-variant-east-asian: normal; font-stretch: normal; font-size: 12px; line-height: normal; font-family: Helvetica; color: #454545; text-align: justify;\">El sindicato del sector servicios Verdi critic\u00f3 que los empresarios de las aerol\u00edneas no hayan presentado a\u00fan una \u2018oferta negociable\u2019, pese a la movilizaci\u00f3n de los trabajadores.<\/p>\n<p class=\"p1\" style=\"margin: 0px; font-variant-numeric: normal; font-variant-east-asian: normal; font-stretch: normal; font-size: 12px; line-height: normal; font-family: Helvetica; color: #454545; text-align: justify;\">\u00a0<\/p>\n<p class=\"p1\" style=\"margin: 0px; font-variant-numeric: normal; font-variant-east-asian: normal; font-stretch: normal; font-size: 12px; line-height: normal; font-family: Helvetica; color: #454545; text-align: justify;\">En Frankfurt la huelga tiene lugar desde las dos de la madrugada (hora local), mientras que en M\u00fanich, el segundo aeropuerto de mayor tr\u00e1fico de Alemania, el paro empez\u00f3 a las 03.30 de la madrugada y se prolongar\u00e1 hasta las ocho de la noche. Otras terminales a\u00e9reas afectadas son Leipzig \u2013 Halle, Dresde, y Erfurt.<\/p>\n<p class=\"p1\" style=\"margin: 0px; font-variant-numeric: normal; font-variant-east-asian: normal; font-stretch: normal; font-size: 12px; line-height: normal; font-family: Helvetica; color: #454545; text-align: justify;\">\u00a0<\/p>\n<p class=\"p1\" style=\"margin: 0px; font-variant-numeric: normal; font-variant-east-asian: normal; font-stretch: normal; font-size: 12px; line-height: normal; font-family: Helvetica; color: #454545; text-align: justify;\">El director gerente de la confederaci\u00f3n de aeropuertos ADV, Ralf Biesel, critic\u00f3 ayer la escala de la protesta e inst\u00f3 a los interlocutores sociales a sentarse \u201cde inmediato\u201d en la mesa de negociaci\u00f3n y advirti\u00f3 que cualquier huelga de este tipo \u201csupone no s\u00f3lo una pesadilla para los pasajeros, sino que aporta una imagen negativa de Alemania como pa\u00eds de destino\u201d.<\/p>\n<p class=\"p1\" style=\"margin: 0px; font-variant-numeric: normal; font-variant-east-asian: normal; font-stretch: normal; font-size: 12px; line-height: normal; font-family: Helvetica; color: #454545; text-align: justify;\">\u00a0<\/p>\n<p class=\"p1\" style=\"margin: 0px; font-variant-numeric: normal; font-variant-east-asian: normal; font-stretch: normal; font-size: 12px; line-height: normal; font-family: Helvetica; color: #454545; text-align: justify;\">La pr\u00f3xima ronda de negociaciones est\u00e1 fijada para el pr\u00f3ximo 23 de enero. La semana pasada ya se realizaron paros de advertencia del personal de seguridad de los dos aeropuertos de Berl\u00edn y de los de D\u00fcsseldorf, Colonia, Bonn y Stuttgart.<\/p>\n<p class=\"p1\" style=\"margin: 0px; font-variant-numeric: normal; font-variant-east-asian: normal; font-stretch: normal; font-size: 12px; line-height: normal; font-family: Helvetica; color: #454545; text-align: justify;\">\u00a0<\/p>\n<p class=\"p1\" style=\"margin: 0px; font-variant-numeric: normal; font-variant-east-asian: normal; font-stretch: normal; font-size: 12px; line-height: normal; font-family: Helvetica; color: #454545; text-align: justify;\">Fuente:\u00a0<span style=\"text-decoration: underline;\"><em><strong>EFE<\/strong><\/em><\/span>. \/\u00a0<em>Fotograf\u00eda referencial<\/em>.<\/p>\n<p class=\"p1\" style=\"margin: 0px; font-variant-numeric: normal; font-variant-east-asian: normal; font-stretch: normal; font-size: 12px; line-height: normal; font-family: Helvetica; color: #454545; text-align: justify;\">\u00a0<\/p>\n<p class=\"p1\" style=\"margin: 0px; font-variant-numeric: normal; font-variant-east-asian: normal; font-stretch: normal; font-size: 12px; line-height: normal; font-family: Helvetica; color: #454545; text-align: justify;\"><img decoding=\"async\" src=\"images\/stories\/iberia_cancela_vuelos.jpg\" border=\"0\" \/><\/p>\n","protected":false},"excerpt":{"rendered":"<p>(Aeronoticias).-\u00a0Unos 220.000 pasajeros se han visto afectados este martes por la huelga del personal de seguridad que se est\u00e1 llevando a cabo desde la madrugada en ocho aeropuertos de Alemania, entre ellos los de Frankfurt y M\u00fanich. Lo cual ha obligado a cancelar cientos de vuelos en Europa. El grupo Lufthansa ha indicado por su [&hellip;]<\/p>\n","protected":false},"author":1,"featured_media":0,"comment_status":"open","ping_status":"open","sticky":false,"template":"","format":"standard","meta":{"tdm_status":"","tdm_grid_status":"","footnotes":""},"categories":[34],"tags":[],"class_list":{"0":"post-57950","1":"post","2":"type-post","3":"status-publish","4":"format-standard","6":"category-internacionales"},"yoast_head":"<!-- This site is optimized with the Yoast SEO plugin v25.1 - https:\/\/yoast.com\/wordpress\/plugins\/seo\/ -->\n<title>Alemania: M\u00e1s de 500 vuelos cancelados por huelga en aeropuertos<\/title>\n<meta name=\"description\" content=\"Portal de noticias del Per\u00fa sobre el transporte a\u00e9reo, aviaci\u00f3n, turismo, hoteleria, actualidad.\" \/>\n<meta name=\"robots\" content=\"index, follow, max-snippet:-1, max-image-preview:large, max-video-preview:-1\" \/>\n<link rel=\"canonical\" href=\"https:\/\/aeronoticias.com.pe\/noticiero\/internacionales\/alemania-mas-de-500-vuelos-cancelados-por-huelga-en-aeropuertos\/\" \/>\n<meta property=\"og:locale\" content=\"es_ES\" \/>\n<meta property=\"og:type\" content=\"article\" \/>\n<meta property=\"og:title\" content=\"Alemania: M\u00e1s de 500 vuelos cancelados por huelga en aeropuertos\" \/>\n<meta property=\"og:description\" content=\"Portal de noticias del Per\u00fa sobre el transporte a\u00e9reo, aviaci\u00f3n, turismo, hoteleria, actualidad.\" \/>\n<meta property=\"og:url\" content=\"https:\/\/aeronoticias.com.pe\/noticiero\/internacionales\/alemania-mas-de-500-vuelos-cancelados-por-huelga-en-aeropuertos\/\" \/>\n<meta property=\"og:site_name\" content=\"Aeronoticias.com.pe\" \/>\n<meta property=\"article:publisher\" content=\"https:\/\/www.facebook.com\/Aeronoticias.com.pe\/\" \/>\n<meta property=\"article:published_time\" content=\"2019-01-16T00:27:41+00:00\" \/>\n<meta name=\"author\" content=\"Redacci\u00f3n Aeronoticias\" \/>\n<meta name=\"twitter:card\" content=\"summary_large_image\" \/>\n<meta name=\"twitter:creator\" content=\"@aeronoticias\" \/>\n<meta name=\"twitter:site\" content=\"@aeronoticias\" \/>\n<meta name=\"twitter:label1\" content=\"Escrito por\" \/>\n\t<meta name=\"twitter:data1\" content=\"Redacci\u00f3n Aeronoticias\" \/>\n\t<meta name=\"twitter:label2\" content=\"Tiempo de lectura\" \/>\n\t<meta name=\"twitter:data2\" content=\"2 minutos\" \/>\n<script type=\"application\/ld+json\" class=\"yoast-schema-graph\">{\"@context\":\"https:\/\/schema.org\",\"@graph\":[{\"@type\":\"WebPage\",\"@id\":\"https:\/\/aeronoticias.com.pe\/noticiero\/internacionales\/alemania-mas-de-500-vuelos-cancelados-por-huelga-en-aeropuertos\/\",\"url\":\"https:\/\/aeronoticias.com.pe\/noticiero\/internacionales\/alemania-mas-de-500-vuelos-cancelados-por-huelga-en-aeropuertos\/\",\"name\":\"Alemania: M\u00e1s de 500 vuelos cancelados por huelga en aeropuertos\",\"isPartOf\":{\"@id\":\"https:\/\/aeronoticias.com.pe\/noticiero\/#website\"},\"datePublished\":\"2019-01-16T00:27:41+00:00\",\"author\":{\"@id\":\"https:\/\/aeronoticias.com.pe\/noticiero\/#\/schema\/person\/fc1e5d578f4b62ba1cf7ac2bba1170a0\"},\"description\":\"Portal de noticias del Per\u00fa sobre el transporte a\u00e9reo, aviaci\u00f3n, turismo, hoteleria, actualidad.\",\"breadcrumb\":{\"@id\":\"https:\/\/aeronoticias.com.pe\/noticiero\/internacionales\/alemania-mas-de-500-vuelos-cancelados-por-huelga-en-aeropuertos\/#breadcrumb\"},\"inLanguage\":\"es\",\"potentialAction\":[{\"@type\":\"ReadAction\",\"target\":[\"https:\/\/aeronoticias.com.pe\/noticiero\/internacionales\/alemania-mas-de-500-vuelos-cancelados-por-huelga-en-aeropuertos\/\"]}]},{\"@type\":\"BreadcrumbList\",\"@id\":\"https:\/\/aeronoticias.com.pe\/noticiero\/internacionales\/alemania-mas-de-500-vuelos-cancelados-por-huelga-en-aeropuertos\/#breadcrumb\",\"itemListElement\":[{\"@type\":\"ListItem\",\"position\":1,\"name\":\"Portada\",\"item\":\"https:\/\/aeronoticias.com.pe\/noticiero\/\"},{\"@type\":\"ListItem\",\"position\":2,\"name\":\"Alemania: M\u00e1s de 500 vuelos cancelados por huelga en aeropuertos\"}]},{\"@type\":\"WebSite\",\"@id\":\"https:\/\/aeronoticias.com.pe\/noticiero\/#website\",\"url\":\"https:\/\/aeronoticias.com.pe\/noticiero\/\",\"name\":\"Aeronoticias.com.pe\",\"description\":\"Noticias de tranporte aereo, turismo, hoteles, gastronomia, actualidad, internacional\",\"potentialAction\":[{\"@type\":\"SearchAction\",\"target\":{\"@type\":\"EntryPoint\",\"urlTemplate\":\"https:\/\/aeronoticias.com.pe\/noticiero\/?s={search_term_string}\"},\"query-input\":{\"@type\":\"PropertyValueSpecification\",\"valueRequired\":true,\"valueName\":\"search_term_string\"}}],\"inLanguage\":\"es\"},{\"@type\":\"Person\",\"@id\":\"https:\/\/aeronoticias.com.pe\/noticiero\/#\/schema\/person\/fc1e5d578f4b62ba1cf7ac2bba1170a0\",\"name\":\"Redacci\u00f3n Aeronoticias\",\"url\":\"https:\/\/aeronoticias.com.pe\/noticiero\/author\/piloto\/\"}]}<\/script>\n<!-- \/ Yoast SEO plugin. -->","yoast_head_json":{"title":"Alemania: M\u00e1s de 500 vuelos cancelados por huelga en aeropuertos","description":"Portal de noticias del Per\u00fa sobre el transporte a\u00e9reo, aviaci\u00f3n, turismo, hoteleria, actualidad.","robots":{"index":"index","follow":"follow","max-snippet":"max-snippet:-1","max-image-preview":"max-image-preview:large","max-video-preview":"max-video-preview:-1"},"canonical":"https:\/\/aeronoticias.com.pe\/noticiero\/internacionales\/alemania-mas-de-500-vuelos-cancelados-por-huelga-en-aeropuertos\/","og_locale":"es_ES","og_type":"article","og_title":"Alemania: M\u00e1s de 500 vuelos cancelados por huelga en aeropuertos","og_description":"Portal de noticias del Per\u00fa sobre el transporte a\u00e9reo, aviaci\u00f3n, turismo, hoteleria, actualidad.","og_url":"https:\/\/aeronoticias.com.pe\/noticiero\/internacionales\/alemania-mas-de-500-vuelos-cancelados-por-huelga-en-aeropuertos\/","og_site_name":"Aeronoticias.com.pe","article_publisher":"https:\/\/www.facebook.com\/Aeronoticias.com.pe\/","article_published_time":"2019-01-16T00:27:41+00:00","author":"Redacci\u00f3n Aeronoticias","twitter_card":"summary_large_image","twitter_creator":"@aeronoticias","twitter_site":"@aeronoticias","twitter_misc":{"Escrito por":"Redacci\u00f3n Aeronoticias","Tiempo de lectura":"2 minutos"},"schema":{"@context":"https:\/\/schema.org","@graph":[{"@type":"WebPage","@id":"https:\/\/aeronoticias.com.pe\/noticiero\/internacionales\/alemania-mas-de-500-vuelos-cancelados-por-huelga-en-aeropuertos\/","url":"https:\/\/aeronoticias.com.pe\/noticiero\/internacionales\/alemania-mas-de-500-vuelos-cancelados-por-huelga-en-aeropuertos\/","name":"Alemania: M\u00e1s de 500 vuelos cancelados por huelga en aeropuertos","isPartOf":{"@id":"https:\/\/aeronoticias.com.pe\/noticiero\/#website"},"datePublished":"2019-01-16T00:27:41+00:00","author":{"@id":"https:\/\/aeronoticias.com.pe\/noticiero\/#\/schema\/person\/fc1e5d578f4b62ba1cf7ac2bba1170a0"},"description":"Portal de noticias del Per\u00fa sobre el transporte a\u00e9reo, aviaci\u00f3n, turismo, hoteleria, actualidad.","breadcrumb":{"@id":"https:\/\/aeronoticias.com.pe\/noticiero\/internacionales\/alemania-mas-de-500-vuelos-cancelados-por-huelga-en-aeropuertos\/#breadcrumb"},"inLanguage":"es","potentialAction":[{"@type":"ReadAction","target":["https:\/\/aeronoticias.com.pe\/noticiero\/internacionales\/alemania-mas-de-500-vuelos-cancelados-por-huelga-en-aeropuertos\/"]}]},{"@type":"BreadcrumbList","@id":"https:\/\/aeronoticias.com.pe\/noticiero\/internacionales\/alemania-mas-de-500-vuelos-cancelados-por-huelga-en-aeropuertos\/#breadcrumb","itemListElement":[{"@type":"ListItem","position":1,"name":"Portada","item":"https:\/\/aeronoticias.com.pe\/noticiero\/"},{"@type":"ListItem","position":2,"name":"Alemania: M\u00e1s de 500 vuelos cancelados por huelga en aeropuertos"}]},{"@type":"WebSite","@id":"https:\/\/aeronoticias.com.pe\/noticiero\/#website","url":"https:\/\/aeronoticias.com.pe\/noticiero\/","name":"Aeronoticias.com.pe","description":"Noticias de tranporte aereo, turismo, hoteles, gastronomia, actualidad, internacional","potentialAction":[{"@type":"SearchAction","target":{"@type":"EntryPoint","urlTemplate":"https:\/\/aeronoticias.com.pe\/noticiero\/?s={search_term_string}"},"query-input":{"@type":"PropertyValueSpecification","valueRequired":true,"valueName":"search_term_string"}}],"inLanguage":"es"},{"@type":"Person","@id":"https:\/\/aeronoticias.com.pe\/noticiero\/#\/schema\/person\/fc1e5d578f4b62ba1cf7ac2bba1170a0","name":"Redacci\u00f3n Aeronoticias","url":"https:\/\/aeronoticias.com.pe\/noticiero\/author\/piloto\/"}]}},"_links":{"self":[{"href":"https:\/\/aeronoticias.com.pe\/noticiero\/wp-json\/wp\/v2\/posts\/57950","targetHints":{"allow":["GET"]}}],"collection":[{"href":"https:\/\/aeronoticias.com.pe\/noticiero\/wp-json\/wp\/v2\/posts"}],"about":[{"href":"https:\/\/aeronoticias.com.pe\/noticiero\/wp-json\/wp\/v2\/types\/post"}],"author":[{"embeddable":true,"href":"https:\/\/aeronoticias.com.pe\/noticiero\/wp-json\/wp\/v2\/users\/1"}],"replies":[{"embeddable":true,"href":"https:\/\/aeronoticias.com.pe\/noticiero\/wp-json\/wp\/v2\/comments?post=57950"}],"version-history":[{"count":0,"href":"https:\/\/aeronoticias.com.pe\/noticiero\/wp-json\/wp\/v2\/posts\/57950\/revisions"}],"wp:attachment":[{"href":"https:\/\/aeronoticias.com.pe\/noticiero\/wp-json\/wp\/v2\/media?parent=57950"}],"wp:term":[{"taxonomy":"category","embeddable":true,"href":"https:\/\/aeronoticias.com.pe\/noticiero\/wp-json\/wp\/v2\/categories?post=57950"},{"taxonomy":"post_tag","embeddable":true,"href":"https:\/\/aeronoticias.com.pe\/noticiero\/wp-json\/wp\/v2\/tags?post=57950"}],"curies":[{"name":"wp","href":"https:\/\/api.w.org\/{rel}","templated":true}]}}