{"id":57951,"date":"2019-01-16T00:34:13","date_gmt":"2019-01-16T00:34:13","guid":{"rendered":"http:\/\/desarrollo.mcvicious.com\/aero2020\/2019\/01\/16\/aeromexico-y-aeroflot-firman-acuerdo-de-codigo-compartido\/"},"modified":"2019-01-16T00:34:13","modified_gmt":"2019-01-16T00:34:13","slug":"aeromexico-y-aeroflot-firman-acuerdo-de-codigo-compartido","status":"publish","type":"post","link":"https:\/\/aeronoticias.com.pe\/noticiero\/transporte-aereo\/internacional\/aeromexico-y-aeroflot-firman-acuerdo-de-codigo-compartido\/","title":{"rendered":"Aerom\u00e9xico y Aeroflot firman acuerdo de c\u00f3digo compartido"},"content":{"rendered":"<p style=\"text-align: justify;\"><strong>(Aeronoticias).<\/strong>&#8211;\u00a0<span style=\"color: #454545; font-family: Helvetica; font-size: 12px;\">Aerom\u00e9xico inform\u00f3 que a partir de este lunes, los pasajeros que viajen desde M\u00e9xico o Mosc\u00fa podr\u00e1n conectar v\u00eda a\u00e9rea con la aerol\u00ednea mexicana ya que firm\u00f3 un acuerdo de c\u00f3digo compartido con Aeroflot, compa\u00f1\u00eda a\u00e9rea nacional de Rusia.<\/span><\/p>\n<p class=\"p1\" style=\"text-align: justify;\">De igual manera, precis\u00f3 en un comunicado que los mexicanos podr\u00e1n llegar a la capital rusa a trav\u00e9s de los puntos en Europa donde Aerom\u00e9xico tiene operaciones, es decir \u00c1msterdam, Londres, Madrid y Par\u00eds.<\/p>\n<p class=\"p1\" style=\"text-align: justify;\">\u00a0<\/p>\n<p class=\"p1\" style=\"text-align: justify;\">Coment\u00f3 que ambas aerol\u00edneas son fuertes aliados desde hace varios a\u00f1os gracias a la alianza SkyTeam a la que ambas pertenecen, derivado de ello, este c\u00f3digo compartido tambi\u00e9n incluir\u00e1 los beneficios del programa como viajero frecuente de la alianza, un esquema de acumulaci\u00f3n y canje de millas que busca recompensar la lealtad de los clientes.<\/p>\n<p class=\"p1\" style=\"text-align: justify;\">\u00a0<\/p>\n<p class=\"p1\" style=\"text-align: justify;\">Detall\u00f3 que cada vez que un viajero utilice este c\u00f3digo sumar\u00e1 millas que posteriormente podr\u00e1 cambiar por boletos de avi\u00f3n con las aerol\u00edneas miembro, en tanto los usuarios tendr\u00e1n acceso a los servicios que ofrece SkyPriority en aeropuertos, como prioridad para el registro, embarque y manejo del equipaje, carriles especiales en oficinas de boletos.<\/p>\n<p class=\"p1\" style=\"text-align: justify;\">As\u00ed como mostradores de conexi\u00f3n, control de seguridad e inmigraci\u00f3n para una experiencia de viaje sin contratiempos, entre otros importantes beneficios.<\/p>\n<p class=\"p1\" style=\"text-align: justify;\">\u00a0<\/p>\n<p class=\"p1\" style=\"text-align: justify;\">Otra ventaja, es la reciprocidad en el uso de salas VIP, por lo que los clientes de ambas aerol\u00edneas podr\u00e1n tener acceso a las comodidades que estos espacios ofrecen con el objetivo de hacer m\u00e1s placentera y eficiente la espera de cada vuelo.<\/p>\n<p class=\"p1\" style=\"text-align: justify;\">\u201cDe esta manera, Aerom\u00e9xico refuerza su compromiso por seguir ampliando las posibilidades de viaje para sus usuarios a trav\u00e9s de alianzas con los socios m\u00e1s importantes a nivel internacional, que permita a los viajeros llegar m\u00e1s lejos\u201d, dijo.<\/p>\n<p class=\"p1\" style=\"text-align: justify;\">\u00a0<\/p>\n<p class=\"p1\" style=\"text-align: justify;\">Fuente: <em><span style=\"text-decoration: underline;\"><strong>Notimex.<\/strong><\/span> \/ Fotograf\u00eda referencial.<\/em><\/p>\n<p class=\"p1\" style=\"text-align: justify;\">\u00a0<\/p>\n<p class=\"p1\" style=\"text-align: justify;\"><em><img decoding=\"async\" src=\"images\/stories\/aeromexaaa1111.jpg\" border=\"0\" \/><br \/><\/em><\/p>\n<p> p.p1 {margin: 0.0px 0.0px 0.0px 0.0px; font: 12.0px Helvetica; color: #454545}<\/p>\n","protected":false},"excerpt":{"rendered":"<p>(Aeronoticias).&#8211;\u00a0Aerom\u00e9xico inform\u00f3 que a partir de este lunes, los pasajeros que viajen desde M\u00e9xico o Mosc\u00fa podr\u00e1n conectar v\u00eda a\u00e9rea con la aerol\u00ednea mexicana ya que firm\u00f3 un acuerdo de c\u00f3digo compartido con Aeroflot, compa\u00f1\u00eda a\u00e9rea nacional de Rusia. De igual manera, precis\u00f3 en un comunicado que los mexicanos podr\u00e1n llegar a la capital rusa [&hellip;]<\/p>\n","protected":false},"author":1,"featured_media":0,"comment_status":"open","ping_status":"open","sticky":false,"template":"","format":"standard","meta":{"tdm_status":"","tdm_grid_status":"","footnotes":""},"categories":[32],"tags":[],"class_list":{"0":"post-57951","1":"post","2":"type-post","3":"status-publish","4":"format-standard","6":"category-internacional"},"yoast_head":"<!-- This site is optimized with the Yoast SEO plugin v25.1 - https:\/\/yoast.com\/wordpress\/plugins\/seo\/ -->\n<title>Aerom\u00e9xico y Aeroflot firman acuerdo de c\u00f3digo compartido<\/title>\n<meta name=\"description\" content=\"Portal de noticias del Per\u00fa sobre el transporte a\u00e9reo, aviaci\u00f3n, turismo, hoteleria, actualidad.\" \/>\n<meta name=\"robots\" content=\"index, follow, max-snippet:-1, max-image-preview:large, max-video-preview:-1\" \/>\n<link rel=\"canonical\" href=\"https:\/\/aeronoticias.com.pe\/noticiero\/transporte-aereo\/internacional\/aeromexico-y-aeroflot-firman-acuerdo-de-codigo-compartido\/\" \/>\n<meta property=\"og:locale\" content=\"es_ES\" \/>\n<meta property=\"og:type\" content=\"article\" \/>\n<meta property=\"og:title\" content=\"Aerom\u00e9xico y Aeroflot firman acuerdo de c\u00f3digo compartido\" \/>\n<meta property=\"og:description\" content=\"Portal de noticias del Per\u00fa sobre el transporte a\u00e9reo, aviaci\u00f3n, turismo, hoteleria, actualidad.\" \/>\n<meta property=\"og:url\" content=\"https:\/\/aeronoticias.com.pe\/noticiero\/transporte-aereo\/internacional\/aeromexico-y-aeroflot-firman-acuerdo-de-codigo-compartido\/\" \/>\n<meta property=\"og:site_name\" content=\"Aeronoticias.com.pe\" \/>\n<meta property=\"article:publisher\" content=\"https:\/\/www.facebook.com\/Aeronoticias.com.pe\/\" \/>\n<meta property=\"article:published_time\" content=\"2019-01-16T00:34:13+00:00\" \/>\n<meta name=\"author\" content=\"Redacci\u00f3n Aeronoticias\" \/>\n<meta name=\"twitter:card\" content=\"summary_large_image\" \/>\n<meta name=\"twitter:creator\" content=\"@aeronoticias\" \/>\n<meta name=\"twitter:site\" content=\"@aeronoticias\" \/>\n<meta name=\"twitter:label1\" content=\"Escrito por\" \/>\n\t<meta name=\"twitter:data1\" content=\"Redacci\u00f3n Aeronoticias\" \/>\n\t<meta name=\"twitter:label2\" content=\"Tiempo de lectura\" \/>\n\t<meta name=\"twitter:data2\" content=\"2 minutos\" \/>\n<script type=\"application\/ld+json\" class=\"yoast-schema-graph\">{\"@context\":\"https:\/\/schema.org\",\"@graph\":[{\"@type\":\"WebPage\",\"@id\":\"https:\/\/aeronoticias.com.pe\/noticiero\/transporte-aereo\/internacional\/aeromexico-y-aeroflot-firman-acuerdo-de-codigo-compartido\/\",\"url\":\"https:\/\/aeronoticias.com.pe\/noticiero\/transporte-aereo\/internacional\/aeromexico-y-aeroflot-firman-acuerdo-de-codigo-compartido\/\",\"name\":\"Aerom\u00e9xico y Aeroflot firman acuerdo de c\u00f3digo compartido\",\"isPartOf\":{\"@id\":\"https:\/\/aeronoticias.com.pe\/noticiero\/#website\"},\"datePublished\":\"2019-01-16T00:34:13+00:00\",\"author\":{\"@id\":\"https:\/\/aeronoticias.com.pe\/noticiero\/#\/schema\/person\/fc1e5d578f4b62ba1cf7ac2bba1170a0\"},\"description\":\"Portal de noticias del Per\u00fa sobre el transporte a\u00e9reo, aviaci\u00f3n, turismo, hoteleria, actualidad.\",\"breadcrumb\":{\"@id\":\"https:\/\/aeronoticias.com.pe\/noticiero\/transporte-aereo\/internacional\/aeromexico-y-aeroflot-firman-acuerdo-de-codigo-compartido\/#breadcrumb\"},\"inLanguage\":\"es\",\"potentialAction\":[{\"@type\":\"ReadAction\",\"target\":[\"https:\/\/aeronoticias.com.pe\/noticiero\/transporte-aereo\/internacional\/aeromexico-y-aeroflot-firman-acuerdo-de-codigo-compartido\/\"]}]},{\"@type\":\"BreadcrumbList\",\"@id\":\"https:\/\/aeronoticias.com.pe\/noticiero\/transporte-aereo\/internacional\/aeromexico-y-aeroflot-firman-acuerdo-de-codigo-compartido\/#breadcrumb\",\"itemListElement\":[{\"@type\":\"ListItem\",\"position\":1,\"name\":\"Portada\",\"item\":\"https:\/\/aeronoticias.com.pe\/noticiero\/\"},{\"@type\":\"ListItem\",\"position\":2,\"name\":\"Aerom\u00e9xico y Aeroflot firman acuerdo de c\u00f3digo compartido\"}]},{\"@type\":\"WebSite\",\"@id\":\"https:\/\/aeronoticias.com.pe\/noticiero\/#website\",\"url\":\"https:\/\/aeronoticias.com.pe\/noticiero\/\",\"name\":\"Aeronoticias.com.pe\",\"description\":\"Noticias de tranporte aereo, turismo, hoteles, gastronomia, actualidad, internacional\",\"potentialAction\":[{\"@type\":\"SearchAction\",\"target\":{\"@type\":\"EntryPoint\",\"urlTemplate\":\"https:\/\/aeronoticias.com.pe\/noticiero\/?s={search_term_string}\"},\"query-input\":{\"@type\":\"PropertyValueSpecification\",\"valueRequired\":true,\"valueName\":\"search_term_string\"}}],\"inLanguage\":\"es\"},{\"@type\":\"Person\",\"@id\":\"https:\/\/aeronoticias.com.pe\/noticiero\/#\/schema\/person\/fc1e5d578f4b62ba1cf7ac2bba1170a0\",\"name\":\"Redacci\u00f3n Aeronoticias\",\"url\":\"https:\/\/aeronoticias.com.pe\/noticiero\/author\/piloto\/\"}]}<\/script>\n<!-- \/ Yoast SEO plugin. -->","yoast_head_json":{"title":"Aerom\u00e9xico y Aeroflot firman acuerdo de c\u00f3digo compartido","description":"Portal de noticias del Per\u00fa sobre el transporte a\u00e9reo, aviaci\u00f3n, turismo, hoteleria, actualidad.","robots":{"index":"index","follow":"follow","max-snippet":"max-snippet:-1","max-image-preview":"max-image-preview:large","max-video-preview":"max-video-preview:-1"},"canonical":"https:\/\/aeronoticias.com.pe\/noticiero\/transporte-aereo\/internacional\/aeromexico-y-aeroflot-firman-acuerdo-de-codigo-compartido\/","og_locale":"es_ES","og_type":"article","og_title":"Aerom\u00e9xico y Aeroflot firman acuerdo de c\u00f3digo compartido","og_description":"Portal de noticias del Per\u00fa sobre el transporte a\u00e9reo, aviaci\u00f3n, turismo, hoteleria, actualidad.","og_url":"https:\/\/aeronoticias.com.pe\/noticiero\/transporte-aereo\/internacional\/aeromexico-y-aeroflot-firman-acuerdo-de-codigo-compartido\/","og_site_name":"Aeronoticias.com.pe","article_publisher":"https:\/\/www.facebook.com\/Aeronoticias.com.pe\/","article_published_time":"2019-01-16T00:34:13+00:00","author":"Redacci\u00f3n Aeronoticias","twitter_card":"summary_large_image","twitter_creator":"@aeronoticias","twitter_site":"@aeronoticias","twitter_misc":{"Escrito por":"Redacci\u00f3n Aeronoticias","Tiempo de lectura":"2 minutos"},"schema":{"@context":"https:\/\/schema.org","@graph":[{"@type":"WebPage","@id":"https:\/\/aeronoticias.com.pe\/noticiero\/transporte-aereo\/internacional\/aeromexico-y-aeroflot-firman-acuerdo-de-codigo-compartido\/","url":"https:\/\/aeronoticias.com.pe\/noticiero\/transporte-aereo\/internacional\/aeromexico-y-aeroflot-firman-acuerdo-de-codigo-compartido\/","name":"Aerom\u00e9xico y Aeroflot firman acuerdo de c\u00f3digo compartido","isPartOf":{"@id":"https:\/\/aeronoticias.com.pe\/noticiero\/#website"},"datePublished":"2019-01-16T00:34:13+00:00","author":{"@id":"https:\/\/aeronoticias.com.pe\/noticiero\/#\/schema\/person\/fc1e5d578f4b62ba1cf7ac2bba1170a0"},"description":"Portal de noticias del Per\u00fa sobre el transporte a\u00e9reo, aviaci\u00f3n, turismo, hoteleria, actualidad.","breadcrumb":{"@id":"https:\/\/aeronoticias.com.pe\/noticiero\/transporte-aereo\/internacional\/aeromexico-y-aeroflot-firman-acuerdo-de-codigo-compartido\/#breadcrumb"},"inLanguage":"es","potentialAction":[{"@type":"ReadAction","target":["https:\/\/aeronoticias.com.pe\/noticiero\/transporte-aereo\/internacional\/aeromexico-y-aeroflot-firman-acuerdo-de-codigo-compartido\/"]}]},{"@type":"BreadcrumbList","@id":"https:\/\/aeronoticias.com.pe\/noticiero\/transporte-aereo\/internacional\/aeromexico-y-aeroflot-firman-acuerdo-de-codigo-compartido\/#breadcrumb","itemListElement":[{"@type":"ListItem","position":1,"name":"Portada","item":"https:\/\/aeronoticias.com.pe\/noticiero\/"},{"@type":"ListItem","position":2,"name":"Aerom\u00e9xico y Aeroflot firman acuerdo de c\u00f3digo compartido"}]},{"@type":"WebSite","@id":"https:\/\/aeronoticias.com.pe\/noticiero\/#website","url":"https:\/\/aeronoticias.com.pe\/noticiero\/","name":"Aeronoticias.com.pe","description":"Noticias de tranporte aereo, turismo, hoteles, gastronomia, actualidad, internacional","potentialAction":[{"@type":"SearchAction","target":{"@type":"EntryPoint","urlTemplate":"https:\/\/aeronoticias.com.pe\/noticiero\/?s={search_term_string}"},"query-input":{"@type":"PropertyValueSpecification","valueRequired":true,"valueName":"search_term_string"}}],"inLanguage":"es"},{"@type":"Person","@id":"https:\/\/aeronoticias.com.pe\/noticiero\/#\/schema\/person\/fc1e5d578f4b62ba1cf7ac2bba1170a0","name":"Redacci\u00f3n Aeronoticias","url":"https:\/\/aeronoticias.com.pe\/noticiero\/author\/piloto\/"}]}},"_links":{"self":[{"href":"https:\/\/aeronoticias.com.pe\/noticiero\/wp-json\/wp\/v2\/posts\/57951","targetHints":{"allow":["GET"]}}],"collection":[{"href":"https:\/\/aeronoticias.com.pe\/noticiero\/wp-json\/wp\/v2\/posts"}],"about":[{"href":"https:\/\/aeronoticias.com.pe\/noticiero\/wp-json\/wp\/v2\/types\/post"}],"author":[{"embeddable":true,"href":"https:\/\/aeronoticias.com.pe\/noticiero\/wp-json\/wp\/v2\/users\/1"}],"replies":[{"embeddable":true,"href":"https:\/\/aeronoticias.com.pe\/noticiero\/wp-json\/wp\/v2\/comments?post=57951"}],"version-history":[{"count":0,"href":"https:\/\/aeronoticias.com.pe\/noticiero\/wp-json\/wp\/v2\/posts\/57951\/revisions"}],"wp:attachment":[{"href":"https:\/\/aeronoticias.com.pe\/noticiero\/wp-json\/wp\/v2\/media?parent=57951"}],"wp:term":[{"taxonomy":"category","embeddable":true,"href":"https:\/\/aeronoticias.com.pe\/noticiero\/wp-json\/wp\/v2\/categories?post=57951"},{"taxonomy":"post_tag","embeddable":true,"href":"https:\/\/aeronoticias.com.pe\/noticiero\/wp-json\/wp\/v2\/tags?post=57951"}],"curies":[{"name":"wp","href":"https:\/\/api.w.org\/{rel}","templated":true}]}}