{"id":57953,"date":"2019-01-18T02:01:40","date_gmt":"2019-01-18T02:01:40","guid":{"rendered":"http:\/\/desarrollo.mcvicious.com\/aero2020\/2019\/01\/18\/brecha-de-seguridad-ha-afectado-a-141-aerolineas-internacionales\/"},"modified":"2019-01-18T02:01:40","modified_gmt":"2019-01-18T02:01:40","slug":"brecha-de-seguridad-ha-afectado-a-141-aerolineas-internacionales","status":"publish","type":"post","link":"https:\/\/aeronoticias.com.pe\/noticiero\/transporte-aereo\/internacional\/brecha-de-seguridad-ha-afectado-a-141-aerolineas-internacionales\/","title":{"rendered":"Brecha de seguridad ha afectado a 141 aerol\u00edneas internacionales"},"content":{"rendered":"<p style=\"text-align: justify;\"><strong>(Aeronoticias).<\/strong>&#8211;\u00a0<span style=\"color: #454545; font-family: Helvetica; font-size: 12px;\">Noam Rotem, un investigador de seguridad de la compa\u00f1\u00eda Safety Detective, ha descubierto una brecha de seguridad que ha afectado a 141 aerol\u00edneas en todo el mundo. <\/span><\/p>\n<p style=\"text-align: justify;\"><span style=\"color: #454545; font-family: Helvetica; font-size: 12px;\">En concreto, el fallo de seguridad se encontraba en el sistema de reservas de Amadeus, y el error ya ha sido subsanado.<\/span><\/p>\n<p class=\"p1\" style=\"text-align: justify;\">Amadeus es una de las principales empresas proveedoras de soluciones tecnol\u00f3gicas para el sector tur\u00edstico. En la actualidad, el sistema de reservas de vuelos online de la compa\u00f1\u00eda lo utilizan un total de 141 l\u00edneas a\u00e9reas internacionales, entre ellas United Airlines, Lufthansa o Air Canada. Gracias a esto, Amadeus controla m\u00e1s del 44% del mercado global de las reservas online.<\/p>\n<p class=\"p1\" style=\"text-align: justify;\">\u00a0<\/p>\n<p class=\"p1\" style=\"text-align: justify;\">De acuerdo con el informe de Safety Detective, el fallo de seguridad fue detectado al realizar una reserva de un vuelo con la aerol\u00ednea EL AL, la l\u00ednea a\u00e9rea internacional de Israel. Los investigadores se dieron cuenta de que, al cambiar un dato de forma sencilla en el enlace que les lleg\u00f3 por correo electr\u00f3nico para consultar el PNR (Passenger Name Record, el localizador de las reservas de avi\u00f3n), un usuario malintencionado pod\u00eda tener acceso a los nombres de los pasajeros y a los datos de vuelo asociados.<\/p>\n<p class=\"p1\" style=\"text-align: justify;\">\u00a0<\/p>\n<p class=\"p1\" style=\"text-align: justify;\">Despu\u00e9s, utilizando el nombre del cliente y el PNR, el equipo consigui\u00f3 iniciar sesi\u00f3n en el portal de clientes de la aerol\u00ednea, lo que les daba acceso a todos sus datos personales y les brindaba la posibilidad de efectuar todo tipo de cambios en las reservas.<\/p>\n<p class=\"p1\" style=\"text-align: justify;\">\u00a0<\/p>\n<p class=\"p1\" style=\"text-align: justify;\">Tras llevar a cabo estos hallazgos, Safety Detective se puso en contacto con EL AL y Amadeus para informarles de la vulnerabilidad y sugerirles algunas soluciones para mitigarla, como el uso de captchas y contrase\u00f1as para reemplazar los c\u00f3digos PNR o un algoritmo para bloquear scripts de fuerza bruta.<\/p>\n<p class=\"p1\" style=\"text-align: justify;\">\u00a0<\/p>\n<p class=\"p1\" style=\"text-align: justify;\">Amadeus ha confirmado el fallo de seguridad y asegura ya est\u00e1 resuelto, por lo que la vulnerabilidad ya no puede ser explotada.<\/p>\n<p class=\"p1\" style=\"text-align: justify;\">\u00a0<\/p>\n<p class=\"p1\" style=\"text-align: justify;\">\u201cNuestros equipos t\u00e9cnicos tomaron medidas inmediatas y ahora podemos confirmar que el problema est\u00e1 resuelto\u201d, afirma la empresa en un comunicado. \u201cPara fortalecer a\u00fan m\u00e1s la seguridad, hemos a\u00f1adido una PTR de recuperaci\u00f3n para evitar que un usuario malintencionado acceda a la informaci\u00f3n personal de los viajeros\u201d.<\/p>\n<p class=\"p1\" style=\"text-align: justify;\">\u00a0<\/p>\n<p class=\"p1\" style=\"text-align: justify;\">Fuente: <em><strong><span style=\"text-decoration: underline;\">Aviaci\u00f3n al d\u00eda<\/span><\/strong>. \/ Fotograf\u00eda referencial.<\/em><\/p>\n<p class=\"p1\" style=\"text-align: justify;\">\u00a0<\/p>\n<p class=\"p1\" style=\"text-align: justify;\"><em><img decoding=\"async\" src=\"images\/stories\/brechaaaa11.jpg\" border=\"0\" \/><br \/><\/em><\/p>\n<p> p.p1 {margin: 0.0px 0.0px 0.0px 0.0px; font: 12.0px Helvetica; color: #454545}<\/p>\n","protected":false},"excerpt":{"rendered":"<p>(Aeronoticias).&#8211;\u00a0Noam Rotem, un investigador de seguridad de la compa\u00f1\u00eda Safety Detective, ha descubierto una brecha de seguridad que ha afectado a 141 aerol\u00edneas en todo el mundo. En concreto, el fallo de seguridad se encontraba en el sistema de reservas de Amadeus, y el error ya ha sido subsanado. Amadeus es una de las principales [&hellip;]<\/p>\n","protected":false},"author":1,"featured_media":0,"comment_status":"open","ping_status":"open","sticky":false,"template":"","format":"standard","meta":{"tdm_status":"","tdm_grid_status":"","footnotes":""},"categories":[32],"tags":[],"class_list":{"0":"post-57953","1":"post","2":"type-post","3":"status-publish","4":"format-standard","6":"category-internacional"},"yoast_head":"<!-- This site is optimized with the Yoast SEO plugin v25.1 - https:\/\/yoast.com\/wordpress\/plugins\/seo\/ -->\n<title>Brecha de seguridad ha afectado a 141 aerol\u00edneas internacionales<\/title>\n<meta name=\"description\" content=\"Portal de noticias del Per\u00fa sobre el transporte a\u00e9reo, aviaci\u00f3n, turismo, hoteleria, actualidad.\" \/>\n<meta name=\"robots\" content=\"index, follow, max-snippet:-1, max-image-preview:large, max-video-preview:-1\" \/>\n<link rel=\"canonical\" href=\"https:\/\/aeronoticias.com.pe\/noticiero\/transporte-aereo\/internacional\/brecha-de-seguridad-ha-afectado-a-141-aerolineas-internacionales\/\" \/>\n<meta property=\"og:locale\" content=\"es_ES\" \/>\n<meta property=\"og:type\" content=\"article\" \/>\n<meta property=\"og:title\" content=\"Brecha de seguridad ha afectado a 141 aerol\u00edneas internacionales\" \/>\n<meta property=\"og:description\" content=\"Portal de noticias del Per\u00fa sobre el transporte a\u00e9reo, aviaci\u00f3n, turismo, hoteleria, actualidad.\" \/>\n<meta property=\"og:url\" content=\"https:\/\/aeronoticias.com.pe\/noticiero\/transporte-aereo\/internacional\/brecha-de-seguridad-ha-afectado-a-141-aerolineas-internacionales\/\" \/>\n<meta property=\"og:site_name\" content=\"Aeronoticias.com.pe\" \/>\n<meta property=\"article:publisher\" content=\"https:\/\/www.facebook.com\/Aeronoticias.com.pe\/\" \/>\n<meta property=\"article:published_time\" content=\"2019-01-18T02:01:40+00:00\" \/>\n<meta name=\"author\" content=\"Redacci\u00f3n Aeronoticias\" \/>\n<meta name=\"twitter:card\" content=\"summary_large_image\" \/>\n<meta name=\"twitter:creator\" content=\"@aeronoticias\" \/>\n<meta name=\"twitter:site\" content=\"@aeronoticias\" \/>\n<meta name=\"twitter:label1\" content=\"Escrito por\" \/>\n\t<meta name=\"twitter:data1\" content=\"Redacci\u00f3n Aeronoticias\" \/>\n\t<meta name=\"twitter:label2\" content=\"Tiempo de lectura\" \/>\n\t<meta name=\"twitter:data2\" content=\"2 minutos\" \/>\n<script type=\"application\/ld+json\" class=\"yoast-schema-graph\">{\"@context\":\"https:\/\/schema.org\",\"@graph\":[{\"@type\":\"WebPage\",\"@id\":\"https:\/\/aeronoticias.com.pe\/noticiero\/transporte-aereo\/internacional\/brecha-de-seguridad-ha-afectado-a-141-aerolineas-internacionales\/\",\"url\":\"https:\/\/aeronoticias.com.pe\/noticiero\/transporte-aereo\/internacional\/brecha-de-seguridad-ha-afectado-a-141-aerolineas-internacionales\/\",\"name\":\"Brecha de seguridad ha afectado a 141 aerol\u00edneas internacionales\",\"isPartOf\":{\"@id\":\"https:\/\/aeronoticias.com.pe\/noticiero\/#website\"},\"datePublished\":\"2019-01-18T02:01:40+00:00\",\"author\":{\"@id\":\"https:\/\/aeronoticias.com.pe\/noticiero\/#\/schema\/person\/fc1e5d578f4b62ba1cf7ac2bba1170a0\"},\"description\":\"Portal de noticias del Per\u00fa sobre el transporte a\u00e9reo, aviaci\u00f3n, turismo, hoteleria, actualidad.\",\"breadcrumb\":{\"@id\":\"https:\/\/aeronoticias.com.pe\/noticiero\/transporte-aereo\/internacional\/brecha-de-seguridad-ha-afectado-a-141-aerolineas-internacionales\/#breadcrumb\"},\"inLanguage\":\"es\",\"potentialAction\":[{\"@type\":\"ReadAction\",\"target\":[\"https:\/\/aeronoticias.com.pe\/noticiero\/transporte-aereo\/internacional\/brecha-de-seguridad-ha-afectado-a-141-aerolineas-internacionales\/\"]}]},{\"@type\":\"BreadcrumbList\",\"@id\":\"https:\/\/aeronoticias.com.pe\/noticiero\/transporte-aereo\/internacional\/brecha-de-seguridad-ha-afectado-a-141-aerolineas-internacionales\/#breadcrumb\",\"itemListElement\":[{\"@type\":\"ListItem\",\"position\":1,\"name\":\"Portada\",\"item\":\"https:\/\/aeronoticias.com.pe\/noticiero\/\"},{\"@type\":\"ListItem\",\"position\":2,\"name\":\"Brecha de seguridad ha afectado a 141 aerol\u00edneas internacionales\"}]},{\"@type\":\"WebSite\",\"@id\":\"https:\/\/aeronoticias.com.pe\/noticiero\/#website\",\"url\":\"https:\/\/aeronoticias.com.pe\/noticiero\/\",\"name\":\"Aeronoticias.com.pe\",\"description\":\"Noticias de tranporte aereo, turismo, hoteles, gastronomia, actualidad, internacional\",\"potentialAction\":[{\"@type\":\"SearchAction\",\"target\":{\"@type\":\"EntryPoint\",\"urlTemplate\":\"https:\/\/aeronoticias.com.pe\/noticiero\/?s={search_term_string}\"},\"query-input\":{\"@type\":\"PropertyValueSpecification\",\"valueRequired\":true,\"valueName\":\"search_term_string\"}}],\"inLanguage\":\"es\"},{\"@type\":\"Person\",\"@id\":\"https:\/\/aeronoticias.com.pe\/noticiero\/#\/schema\/person\/fc1e5d578f4b62ba1cf7ac2bba1170a0\",\"name\":\"Redacci\u00f3n Aeronoticias\",\"url\":\"https:\/\/aeronoticias.com.pe\/noticiero\/author\/piloto\/\"}]}<\/script>\n<!-- \/ Yoast SEO plugin. -->","yoast_head_json":{"title":"Brecha de seguridad ha afectado a 141 aerol\u00edneas internacionales","description":"Portal de noticias del Per\u00fa sobre el transporte a\u00e9reo, aviaci\u00f3n, turismo, hoteleria, actualidad.","robots":{"index":"index","follow":"follow","max-snippet":"max-snippet:-1","max-image-preview":"max-image-preview:large","max-video-preview":"max-video-preview:-1"},"canonical":"https:\/\/aeronoticias.com.pe\/noticiero\/transporte-aereo\/internacional\/brecha-de-seguridad-ha-afectado-a-141-aerolineas-internacionales\/","og_locale":"es_ES","og_type":"article","og_title":"Brecha de seguridad ha afectado a 141 aerol\u00edneas internacionales","og_description":"Portal de noticias del Per\u00fa sobre el transporte a\u00e9reo, aviaci\u00f3n, turismo, hoteleria, actualidad.","og_url":"https:\/\/aeronoticias.com.pe\/noticiero\/transporte-aereo\/internacional\/brecha-de-seguridad-ha-afectado-a-141-aerolineas-internacionales\/","og_site_name":"Aeronoticias.com.pe","article_publisher":"https:\/\/www.facebook.com\/Aeronoticias.com.pe\/","article_published_time":"2019-01-18T02:01:40+00:00","author":"Redacci\u00f3n Aeronoticias","twitter_card":"summary_large_image","twitter_creator":"@aeronoticias","twitter_site":"@aeronoticias","twitter_misc":{"Escrito por":"Redacci\u00f3n Aeronoticias","Tiempo de lectura":"2 minutos"},"schema":{"@context":"https:\/\/schema.org","@graph":[{"@type":"WebPage","@id":"https:\/\/aeronoticias.com.pe\/noticiero\/transporte-aereo\/internacional\/brecha-de-seguridad-ha-afectado-a-141-aerolineas-internacionales\/","url":"https:\/\/aeronoticias.com.pe\/noticiero\/transporte-aereo\/internacional\/brecha-de-seguridad-ha-afectado-a-141-aerolineas-internacionales\/","name":"Brecha de seguridad ha afectado a 141 aerol\u00edneas internacionales","isPartOf":{"@id":"https:\/\/aeronoticias.com.pe\/noticiero\/#website"},"datePublished":"2019-01-18T02:01:40+00:00","author":{"@id":"https:\/\/aeronoticias.com.pe\/noticiero\/#\/schema\/person\/fc1e5d578f4b62ba1cf7ac2bba1170a0"},"description":"Portal de noticias del Per\u00fa sobre el transporte a\u00e9reo, aviaci\u00f3n, turismo, hoteleria, actualidad.","breadcrumb":{"@id":"https:\/\/aeronoticias.com.pe\/noticiero\/transporte-aereo\/internacional\/brecha-de-seguridad-ha-afectado-a-141-aerolineas-internacionales\/#breadcrumb"},"inLanguage":"es","potentialAction":[{"@type":"ReadAction","target":["https:\/\/aeronoticias.com.pe\/noticiero\/transporte-aereo\/internacional\/brecha-de-seguridad-ha-afectado-a-141-aerolineas-internacionales\/"]}]},{"@type":"BreadcrumbList","@id":"https:\/\/aeronoticias.com.pe\/noticiero\/transporte-aereo\/internacional\/brecha-de-seguridad-ha-afectado-a-141-aerolineas-internacionales\/#breadcrumb","itemListElement":[{"@type":"ListItem","position":1,"name":"Portada","item":"https:\/\/aeronoticias.com.pe\/noticiero\/"},{"@type":"ListItem","position":2,"name":"Brecha de seguridad ha afectado a 141 aerol\u00edneas internacionales"}]},{"@type":"WebSite","@id":"https:\/\/aeronoticias.com.pe\/noticiero\/#website","url":"https:\/\/aeronoticias.com.pe\/noticiero\/","name":"Aeronoticias.com.pe","description":"Noticias de tranporte aereo, turismo, hoteles, gastronomia, actualidad, internacional","potentialAction":[{"@type":"SearchAction","target":{"@type":"EntryPoint","urlTemplate":"https:\/\/aeronoticias.com.pe\/noticiero\/?s={search_term_string}"},"query-input":{"@type":"PropertyValueSpecification","valueRequired":true,"valueName":"search_term_string"}}],"inLanguage":"es"},{"@type":"Person","@id":"https:\/\/aeronoticias.com.pe\/noticiero\/#\/schema\/person\/fc1e5d578f4b62ba1cf7ac2bba1170a0","name":"Redacci\u00f3n Aeronoticias","url":"https:\/\/aeronoticias.com.pe\/noticiero\/author\/piloto\/"}]}},"_links":{"self":[{"href":"https:\/\/aeronoticias.com.pe\/noticiero\/wp-json\/wp\/v2\/posts\/57953","targetHints":{"allow":["GET"]}}],"collection":[{"href":"https:\/\/aeronoticias.com.pe\/noticiero\/wp-json\/wp\/v2\/posts"}],"about":[{"href":"https:\/\/aeronoticias.com.pe\/noticiero\/wp-json\/wp\/v2\/types\/post"}],"author":[{"embeddable":true,"href":"https:\/\/aeronoticias.com.pe\/noticiero\/wp-json\/wp\/v2\/users\/1"}],"replies":[{"embeddable":true,"href":"https:\/\/aeronoticias.com.pe\/noticiero\/wp-json\/wp\/v2\/comments?post=57953"}],"version-history":[{"count":0,"href":"https:\/\/aeronoticias.com.pe\/noticiero\/wp-json\/wp\/v2\/posts\/57953\/revisions"}],"wp:attachment":[{"href":"https:\/\/aeronoticias.com.pe\/noticiero\/wp-json\/wp\/v2\/media?parent=57953"}],"wp:term":[{"taxonomy":"category","embeddable":true,"href":"https:\/\/aeronoticias.com.pe\/noticiero\/wp-json\/wp\/v2\/categories?post=57953"},{"taxonomy":"post_tag","embeddable":true,"href":"https:\/\/aeronoticias.com.pe\/noticiero\/wp-json\/wp\/v2\/tags?post=57953"}],"curies":[{"name":"wp","href":"https:\/\/api.w.org\/{rel}","templated":true}]}}