{"id":57955,"date":"2019-01-18T02:11:54","date_gmt":"2019-01-18T02:11:54","guid":{"rendered":"http:\/\/desarrollo.mcvicious.com\/aero2020\/2019\/01\/18\/ies-posible-acabar-con-la-amenaza-de-los-drones-en-los-aeropuertos\/"},"modified":"2019-01-18T02:11:54","modified_gmt":"2019-01-18T02:11:54","slug":"ies-posible-acabar-con-la-amenaza-de-los-drones-en-los-aeropuertos","status":"publish","type":"post","link":"https:\/\/aeronoticias.com.pe\/noticiero\/transporte-aereo\/internacional\/ies-posible-acabar-con-la-amenaza-de-los-drones-en-los-aeropuertos\/","title":{"rendered":"\u00bfEs posible acabar con la amenaza de los drones en los aeropuertos?"},"content":{"rendered":"<p style=\"text-align: justify;\"><strong>(Aeronoticias).<\/strong>&#8211;\u00a0<span style=\"color: #454545; font-family: Helvetica; font-size: 12px;\">La situaci\u00f3n sin resolver de Gatwick y un nuevo cierre de Heathrow ilustran los desaf\u00edos que plantea la detecci\u00f3n y la inutilizaci\u00f3n de los drones en los aeropuertos.<\/span><\/p>\n<p class=\"p1\" style=\"text-align: justify;\">Menos de 24 horas despu\u00e9s de que el ministro de Transportes Chris Grayling hablase en la C\u00e1mara de los Comunes sobre las medidas que tomar\u00eda el Gobierno para evitar que los aviones se quedasen en tierra a causa de los drones, un veh\u00edculo no tripulado provoc\u00f3 el cierre de Heathrow, el aeropuerto con m\u00e1s actividad de Reino Unido.<\/p>\n<p class=\"p1\" style=\"text-align: justify;\">\u00a0<\/p>\n<p class=\"p1\" style=\"text-align: justify;\">La suspensi\u00f3n de la actividad el pasado martes dur\u00f3 s\u00f3lo una hora. Pero se produjo algo m\u00e1s de dos semanas despu\u00e9s de que Gatwick, el segundo mayor aeropuerto brit\u00e1nico, cancelase 1.000 vuelos por el avistamiento de drones. Los incidentes han llevado a preguntarse por qu\u00e9 es, en apariencia, tan f\u00e1cil cerrar un aeropuerto brit\u00e1nico por un dron.<\/p>\n<p class=\"p1\" style=\"text-align: justify;\">\u00a0<\/p>\n<p class=\"p1\" style=\"text-align: justify;\">Los incidentes con \u201cobjetos que se piensa que eran drones\u201d ha aumentado de seis en 2014 a 93 en 2017<\/p>\n<p class=\"p1\" style=\"text-align: justify;\">Es un problema de oferta, preparaci\u00f3n y defensa. Los drones son f\u00e1ciles de adquirir, y dif\u00edciles de rastrear. Son veh\u00edculos que pueden causar severos da\u00f1os a los monitores de un avi\u00f3n, y no existe un l\u00edmite de edad para comprarlos, ni se exige su registro.<\/p>\n<p class=\"p1\" style=\"text-align: justify;\">\u00a0<\/p>\n<p class=\"p1\" style=\"text-align: justify;\">Se han convertido en un grave problema en Reino Unido. Una consulta del Gobierno arroj\u00f3 que el n\u00famero de incidentes con \u201cobjetos que se piensa que eran drones\u201d implicados hab\u00eda aumentado de seis en 2014 a 93 en 2017.<\/p>\n<p class=\"p1\" style=\"text-align: justify;\">\u00a0<\/p>\n<p class=\"p1\" style=\"text-align: justify;\">Londres ha prohibido el vuelo de drones a menos de 1 kil\u00f3metro de un aeropuerto, y Grayling anunci\u00f3 el lunes que la distancia se ampliar\u00eda a 5 kil\u00f3metros, pero no se obligar\u00e1 a los pilotos de drones a realizar test de seguridad online ni a los propietarios de drones de m\u00e1s de 250 gramos a registrarse en la Autoridad de Aviaci\u00f3n Civil hasta noviembre de 2019.<\/p>\n<p class=\"p1\" style=\"text-align: justify;\">\u00a0<\/p>\n<p class=\"p1\" style=\"text-align: justify;\">Andy McDonald, el responsable de Transportes de la oposici\u00f3n, calific\u00f3 la estrategia del Gobierno de \u201cca\u00f3tica\u201d y dijo que Grayling hab\u00eda sido un \u201cnegligente al no anticipar medidas para proteger mejor las infraestructuras nacionales\u201d tras un incidente con un dron en Gatwick en 2017.<\/p>\n<p class=\"p1\" style=\"text-align: justify;\">\u00a0<\/p>\n<p class=\"p1\" style=\"text-align: justify;\">Fuente: <em><span style=\"text-decoration: underline;\"><strong>Aviaci\u00f3n al d\u00eda. <\/strong><\/span>\/ Fotograf\u00eda referencial.<\/em><\/p>\n<p class=\"p1\" style=\"text-align: justify;\">\u00a0<\/p>\n<p class=\"p1\" style=\"text-align: justify;\"><em><img decoding=\"async\" src=\"images\/stories\/droneaaa1.jpg\" border=\"0\" \/><br \/><\/em><\/p>\n<p> p.p1 {margin: 0.0px 0.0px 0.0px 0.0px; font: 12.0px Helvetica; color: #454545}<\/p>\n","protected":false},"excerpt":{"rendered":"<p>(Aeronoticias).&#8211;\u00a0La situaci\u00f3n sin resolver de Gatwick y un nuevo cierre de Heathrow ilustran los desaf\u00edos que plantea la detecci\u00f3n y la inutilizaci\u00f3n de los drones en los aeropuertos. Menos de 24 horas despu\u00e9s de que el ministro de Transportes Chris Grayling hablase en la C\u00e1mara de los Comunes sobre las medidas que tomar\u00eda el Gobierno [&hellip;]<\/p>\n","protected":false},"author":1,"featured_media":0,"comment_status":"open","ping_status":"open","sticky":false,"template":"","format":"standard","meta":{"tdm_status":"","tdm_grid_status":"","footnotes":""},"categories":[32],"tags":[],"class_list":{"0":"post-57955","1":"post","2":"type-post","3":"status-publish","4":"format-standard","6":"category-internacional"},"yoast_head":"<!-- This site is optimized with the Yoast SEO plugin v25.1 - https:\/\/yoast.com\/wordpress\/plugins\/seo\/ -->\n<title>\u00bfEs posible acabar con la amenaza de los drones en los aeropuertos?<\/title>\n<meta name=\"description\" content=\"Portal de noticias del Per\u00fa sobre el transporte a\u00e9reo, aviaci\u00f3n, turismo, hoteleria, actualidad.\" \/>\n<meta name=\"robots\" content=\"index, follow, max-snippet:-1, max-image-preview:large, max-video-preview:-1\" \/>\n<link rel=\"canonical\" href=\"https:\/\/aeronoticias.com.pe\/noticiero\/transporte-aereo\/internacional\/ies-posible-acabar-con-la-amenaza-de-los-drones-en-los-aeropuertos\/\" \/>\n<meta property=\"og:locale\" content=\"es_ES\" \/>\n<meta property=\"og:type\" content=\"article\" \/>\n<meta property=\"og:title\" content=\"\u00bfEs posible acabar con la amenaza de los drones en los aeropuertos?\" \/>\n<meta property=\"og:description\" content=\"Portal de noticias del Per\u00fa sobre el transporte a\u00e9reo, aviaci\u00f3n, turismo, hoteleria, actualidad.\" \/>\n<meta property=\"og:url\" content=\"https:\/\/aeronoticias.com.pe\/noticiero\/transporte-aereo\/internacional\/ies-posible-acabar-con-la-amenaza-de-los-drones-en-los-aeropuertos\/\" \/>\n<meta property=\"og:site_name\" content=\"Aeronoticias.com.pe\" \/>\n<meta property=\"article:publisher\" content=\"https:\/\/www.facebook.com\/Aeronoticias.com.pe\/\" \/>\n<meta property=\"article:published_time\" content=\"2019-01-18T02:11:54+00:00\" \/>\n<meta name=\"author\" content=\"Redacci\u00f3n Aeronoticias\" \/>\n<meta name=\"twitter:card\" content=\"summary_large_image\" \/>\n<meta name=\"twitter:creator\" content=\"@aeronoticias\" \/>\n<meta name=\"twitter:site\" content=\"@aeronoticias\" \/>\n<meta name=\"twitter:label1\" content=\"Escrito por\" \/>\n\t<meta name=\"twitter:data1\" content=\"Redacci\u00f3n Aeronoticias\" \/>\n\t<meta name=\"twitter:label2\" content=\"Tiempo de lectura\" \/>\n\t<meta name=\"twitter:data2\" content=\"2 minutos\" \/>\n<script type=\"application\/ld+json\" class=\"yoast-schema-graph\">{\"@context\":\"https:\/\/schema.org\",\"@graph\":[{\"@type\":\"WebPage\",\"@id\":\"https:\/\/aeronoticias.com.pe\/noticiero\/transporte-aereo\/internacional\/ies-posible-acabar-con-la-amenaza-de-los-drones-en-los-aeropuertos\/\",\"url\":\"https:\/\/aeronoticias.com.pe\/noticiero\/transporte-aereo\/internacional\/ies-posible-acabar-con-la-amenaza-de-los-drones-en-los-aeropuertos\/\",\"name\":\"\u00bfEs posible acabar con la amenaza de los drones en los aeropuertos?\",\"isPartOf\":{\"@id\":\"https:\/\/aeronoticias.com.pe\/noticiero\/#website\"},\"datePublished\":\"2019-01-18T02:11:54+00:00\",\"author\":{\"@id\":\"https:\/\/aeronoticias.com.pe\/noticiero\/#\/schema\/person\/fc1e5d578f4b62ba1cf7ac2bba1170a0\"},\"description\":\"Portal de noticias del Per\u00fa sobre el transporte a\u00e9reo, aviaci\u00f3n, turismo, hoteleria, actualidad.\",\"breadcrumb\":{\"@id\":\"https:\/\/aeronoticias.com.pe\/noticiero\/transporte-aereo\/internacional\/ies-posible-acabar-con-la-amenaza-de-los-drones-en-los-aeropuertos\/#breadcrumb\"},\"inLanguage\":\"es\",\"potentialAction\":[{\"@type\":\"ReadAction\",\"target\":[\"https:\/\/aeronoticias.com.pe\/noticiero\/transporte-aereo\/internacional\/ies-posible-acabar-con-la-amenaza-de-los-drones-en-los-aeropuertos\/\"]}]},{\"@type\":\"BreadcrumbList\",\"@id\":\"https:\/\/aeronoticias.com.pe\/noticiero\/transporte-aereo\/internacional\/ies-posible-acabar-con-la-amenaza-de-los-drones-en-los-aeropuertos\/#breadcrumb\",\"itemListElement\":[{\"@type\":\"ListItem\",\"position\":1,\"name\":\"Portada\",\"item\":\"https:\/\/aeronoticias.com.pe\/noticiero\/\"},{\"@type\":\"ListItem\",\"position\":2,\"name\":\"\u00bfEs posible acabar con la amenaza de los drones en los aeropuertos?\"}]},{\"@type\":\"WebSite\",\"@id\":\"https:\/\/aeronoticias.com.pe\/noticiero\/#website\",\"url\":\"https:\/\/aeronoticias.com.pe\/noticiero\/\",\"name\":\"Aeronoticias.com.pe\",\"description\":\"Noticias de tranporte aereo, turismo, hoteles, gastronomia, actualidad, internacional\",\"potentialAction\":[{\"@type\":\"SearchAction\",\"target\":{\"@type\":\"EntryPoint\",\"urlTemplate\":\"https:\/\/aeronoticias.com.pe\/noticiero\/?s={search_term_string}\"},\"query-input\":{\"@type\":\"PropertyValueSpecification\",\"valueRequired\":true,\"valueName\":\"search_term_string\"}}],\"inLanguage\":\"es\"},{\"@type\":\"Person\",\"@id\":\"https:\/\/aeronoticias.com.pe\/noticiero\/#\/schema\/person\/fc1e5d578f4b62ba1cf7ac2bba1170a0\",\"name\":\"Redacci\u00f3n Aeronoticias\",\"url\":\"https:\/\/aeronoticias.com.pe\/noticiero\/author\/piloto\/\"}]}<\/script>\n<!-- \/ Yoast SEO plugin. -->","yoast_head_json":{"title":"\u00bfEs posible acabar con la amenaza de los drones en los aeropuertos?","description":"Portal de noticias del Per\u00fa sobre el transporte a\u00e9reo, aviaci\u00f3n, turismo, hoteleria, actualidad.","robots":{"index":"index","follow":"follow","max-snippet":"max-snippet:-1","max-image-preview":"max-image-preview:large","max-video-preview":"max-video-preview:-1"},"canonical":"https:\/\/aeronoticias.com.pe\/noticiero\/transporte-aereo\/internacional\/ies-posible-acabar-con-la-amenaza-de-los-drones-en-los-aeropuertos\/","og_locale":"es_ES","og_type":"article","og_title":"\u00bfEs posible acabar con la amenaza de los drones en los aeropuertos?","og_description":"Portal de noticias del Per\u00fa sobre el transporte a\u00e9reo, aviaci\u00f3n, turismo, hoteleria, actualidad.","og_url":"https:\/\/aeronoticias.com.pe\/noticiero\/transporte-aereo\/internacional\/ies-posible-acabar-con-la-amenaza-de-los-drones-en-los-aeropuertos\/","og_site_name":"Aeronoticias.com.pe","article_publisher":"https:\/\/www.facebook.com\/Aeronoticias.com.pe\/","article_published_time":"2019-01-18T02:11:54+00:00","author":"Redacci\u00f3n Aeronoticias","twitter_card":"summary_large_image","twitter_creator":"@aeronoticias","twitter_site":"@aeronoticias","twitter_misc":{"Escrito por":"Redacci\u00f3n Aeronoticias","Tiempo de lectura":"2 minutos"},"schema":{"@context":"https:\/\/schema.org","@graph":[{"@type":"WebPage","@id":"https:\/\/aeronoticias.com.pe\/noticiero\/transporte-aereo\/internacional\/ies-posible-acabar-con-la-amenaza-de-los-drones-en-los-aeropuertos\/","url":"https:\/\/aeronoticias.com.pe\/noticiero\/transporte-aereo\/internacional\/ies-posible-acabar-con-la-amenaza-de-los-drones-en-los-aeropuertos\/","name":"\u00bfEs posible acabar con la amenaza de los drones en los aeropuertos?","isPartOf":{"@id":"https:\/\/aeronoticias.com.pe\/noticiero\/#website"},"datePublished":"2019-01-18T02:11:54+00:00","author":{"@id":"https:\/\/aeronoticias.com.pe\/noticiero\/#\/schema\/person\/fc1e5d578f4b62ba1cf7ac2bba1170a0"},"description":"Portal de noticias del Per\u00fa sobre el transporte a\u00e9reo, aviaci\u00f3n, turismo, hoteleria, actualidad.","breadcrumb":{"@id":"https:\/\/aeronoticias.com.pe\/noticiero\/transporte-aereo\/internacional\/ies-posible-acabar-con-la-amenaza-de-los-drones-en-los-aeropuertos\/#breadcrumb"},"inLanguage":"es","potentialAction":[{"@type":"ReadAction","target":["https:\/\/aeronoticias.com.pe\/noticiero\/transporte-aereo\/internacional\/ies-posible-acabar-con-la-amenaza-de-los-drones-en-los-aeropuertos\/"]}]},{"@type":"BreadcrumbList","@id":"https:\/\/aeronoticias.com.pe\/noticiero\/transporte-aereo\/internacional\/ies-posible-acabar-con-la-amenaza-de-los-drones-en-los-aeropuertos\/#breadcrumb","itemListElement":[{"@type":"ListItem","position":1,"name":"Portada","item":"https:\/\/aeronoticias.com.pe\/noticiero\/"},{"@type":"ListItem","position":2,"name":"\u00bfEs posible acabar con la amenaza de los drones en los aeropuertos?"}]},{"@type":"WebSite","@id":"https:\/\/aeronoticias.com.pe\/noticiero\/#website","url":"https:\/\/aeronoticias.com.pe\/noticiero\/","name":"Aeronoticias.com.pe","description":"Noticias de tranporte aereo, turismo, hoteles, gastronomia, actualidad, internacional","potentialAction":[{"@type":"SearchAction","target":{"@type":"EntryPoint","urlTemplate":"https:\/\/aeronoticias.com.pe\/noticiero\/?s={search_term_string}"},"query-input":{"@type":"PropertyValueSpecification","valueRequired":true,"valueName":"search_term_string"}}],"inLanguage":"es"},{"@type":"Person","@id":"https:\/\/aeronoticias.com.pe\/noticiero\/#\/schema\/person\/fc1e5d578f4b62ba1cf7ac2bba1170a0","name":"Redacci\u00f3n Aeronoticias","url":"https:\/\/aeronoticias.com.pe\/noticiero\/author\/piloto\/"}]}},"_links":{"self":[{"href":"https:\/\/aeronoticias.com.pe\/noticiero\/wp-json\/wp\/v2\/posts\/57955","targetHints":{"allow":["GET"]}}],"collection":[{"href":"https:\/\/aeronoticias.com.pe\/noticiero\/wp-json\/wp\/v2\/posts"}],"about":[{"href":"https:\/\/aeronoticias.com.pe\/noticiero\/wp-json\/wp\/v2\/types\/post"}],"author":[{"embeddable":true,"href":"https:\/\/aeronoticias.com.pe\/noticiero\/wp-json\/wp\/v2\/users\/1"}],"replies":[{"embeddable":true,"href":"https:\/\/aeronoticias.com.pe\/noticiero\/wp-json\/wp\/v2\/comments?post=57955"}],"version-history":[{"count":0,"href":"https:\/\/aeronoticias.com.pe\/noticiero\/wp-json\/wp\/v2\/posts\/57955\/revisions"}],"wp:attachment":[{"href":"https:\/\/aeronoticias.com.pe\/noticiero\/wp-json\/wp\/v2\/media?parent=57955"}],"wp:term":[{"taxonomy":"category","embeddable":true,"href":"https:\/\/aeronoticias.com.pe\/noticiero\/wp-json\/wp\/v2\/categories?post=57955"},{"taxonomy":"post_tag","embeddable":true,"href":"https:\/\/aeronoticias.com.pe\/noticiero\/wp-json\/wp\/v2\/tags?post=57955"}],"curies":[{"name":"wp","href":"https:\/\/api.w.org\/{rel}","templated":true}]}}