{"id":57957,"date":"2019-01-18T02:18:52","date_gmt":"2019-01-18T02:18:52","guid":{"rendered":"http:\/\/desarrollo.mcvicious.com\/aero2020\/2019\/01\/18\/avianca-brasil-cancela-sus-vuelos-a-santiago-de-chile-nueva-york-y-miami\/"},"modified":"2019-01-18T02:18:52","modified_gmt":"2019-01-18T02:18:52","slug":"avianca-brasil-cancela-sus-vuelos-a-santiago-de-chile-nueva-york-y-miami","status":"publish","type":"post","link":"https:\/\/aeronoticias.com.pe\/noticiero\/transporte-aereo\/internacional\/avianca-brasil-cancela-sus-vuelos-a-santiago-de-chile-nueva-york-y-miami\/","title":{"rendered":"Avianca Brasil cancela sus vuelos a Santiago de Chile, Nueva York y Miami"},"content":{"rendered":"<p style=\"text-align: justify;\"><strong>(Aeronoticias).<\/strong>&#8211;\u00a0<span style=\"color: #454545; font-family: Helvetica; font-size: 12px;\">La aerol\u00ednea <\/span><strong style=\"color: #454545; font-family: Helvetica; font-size: 12px;\">Avianca Brasil<\/strong><span style=\"color: #454545; font-family: Helvetica; font-size: 12px;\"> anunci\u00f3 este mi\u00e9rcoles el recorte de sus vuelos internacionales directos a las ciudades de Santiago de Chile, Nueva York y Miami, tras acogerse a la ley de quiebras por la deuda que acumula y que la ha convertido en blanco de varias demandas en los tribunales.<\/span><\/p>\n<p class=\"p1\" style=\"text-align: justify;\">De acuerdo con la compa\u00f1\u00eda a\u00e9rea, los vuelos internacionales a esas ciudades ser\u00e1n interrumpidos a partir del pr\u00f3ximo 31 de marzo, pero se mantendr\u00e1n los 26 destinos restantes.<\/p>\n<p class=\"p1\" style=\"text-align: justify;\">\u00a0<\/p>\n<p class=\"p1\" style=\"text-align: justify;\">A trav\u00e9s de una nota, la empresa a\u00e9rea se\u00f1al\u00f3 que continuar\u00e1 operando normalmente con m\u00e1s de 240 vuelos diarios.<\/p>\n<p class=\"p1\" style=\"text-align: justify;\">Adem\u00e1s, explic\u00f3 que las personas que se vean afectadas por haber comprado billetes para vuelos posteriores a la fecha en menci\u00f3n, ser\u00e1n contactadas directamente para resolver los casos de forma individual.<\/p>\n<p class=\"p1\" style=\"text-align: justify;\">\u00a0<\/p>\n<p class=\"p1\" style=\"text-align: justify;\">La compa\u00f1\u00eda brasile\u00f1a tambi\u00e9n explic\u00f3 que contin\u00faa enfocada en garantizar la sostenibilidad del negocio y en mantener la excelencia en la atenci\u00f3n a sus clientes.<\/p>\n<p class=\"p1\" style=\"text-align: justify;\">\u00a0<\/p>\n<p class=\"p1\" style=\"text-align: justify;\">El pasado 11 de diciembre Avianca Brasil -la cuarta mayor compa\u00f1\u00eda a\u00e9rea del gigante sudamericano- anunci\u00f3 que se acoger\u00eda a la ley de quiebras por la resistencia de los arrendadores de sus aeronaves para llegar a un acuerdo amistoso.<\/p>\n<p class=\"p1\" style=\"text-align: justify;\">\u00a0<\/p>\n<p class=\"p1\" style=\"text-align: justify;\">Para entonces, la compa\u00f1\u00eda a\u00e9rea ya hab\u00eda sido obligada por la justicia brasile\u00f1a a devolver 11 aeronaves de su flota a la empresa irlandesa Constitution Aircraft, subsidiaria de la estadounidense Aircastle, por falta de pago en el arrendamiento; y otras tres acciones relacionadas se adelantaban en su contra.<\/p>\n<p class=\"p1\" style=\"text-align: justify;\">\u00a0<\/p>\n<p class=\"p1\" style=\"text-align: justify;\">Avianca Brasil, antiguamente llamada OcenAir, opera vuelos regulares desde 2002, y actualmente atiende 23 destinos en el gigante suramericano y 3 en el exterior, con 230 despegues diarios, utilizando 47 aviones tipo Airbus.<\/p>\n<p class=\"p1\" style=\"text-align: justify;\">\u00a0<\/p>\n<p class=\"p1\" style=\"text-align: justify;\">Oceanair es una compa\u00f1\u00eda independiente de Avianca Holdings S.A. y utiliza comercialmente el nombre de \u201cAvianca Brasil\u201d, en virtud de un acuerdo de Licencia de Uso de Nombre que celebr\u00f3 con Aerov\u00edas del Continente Americano S.A.<\/p>\n<p class=\"p1\" style=\"text-align: justify;\">\u00a0<\/p>\n<p class=\"p1\" style=\"text-align: justify;\">Fuente: <em><span style=\"text-decoration: underline;\"><strong>Aviaci\u00f3n al d\u00eda.<\/strong><\/span> \/ Fotograf\u00eda referencial.<\/em><\/p>\n<p class=\"p1\" style=\"text-align: justify;\">\u00a0<\/p>\n<p class=\"p1\" style=\"text-align: justify;\"><em><img decoding=\"async\" src=\"images\/stories\/avianca.jpg\" border=\"0\" \/><br \/><\/em><\/p>\n<p> p.p1 {margin: 0.0px 0.0px 0.0px 0.0px; font: 12.0px Helvetica; color: #454545}<\/p>\n","protected":false},"excerpt":{"rendered":"<p>(Aeronoticias).&#8211;\u00a0La aerol\u00ednea Avianca Brasil anunci\u00f3 este mi\u00e9rcoles el recorte de sus vuelos internacionales directos a las ciudades de Santiago de Chile, Nueva York y Miami, tras acogerse a la ley de quiebras por la deuda que acumula y que la ha convertido en blanco de varias demandas en los tribunales. De acuerdo con la compa\u00f1\u00eda [&hellip;]<\/p>\n","protected":false},"author":1,"featured_media":0,"comment_status":"open","ping_status":"open","sticky":false,"template":"","format":"standard","meta":{"tdm_status":"","tdm_grid_status":"","footnotes":""},"categories":[32],"tags":[],"class_list":{"0":"post-57957","1":"post","2":"type-post","3":"status-publish","4":"format-standard","6":"category-internacional"},"yoast_head":"<!-- This site is optimized with the Yoast SEO plugin v25.1 - https:\/\/yoast.com\/wordpress\/plugins\/seo\/ -->\n<title>Avianca Brasil cancela sus vuelos a Santiago de Chile, Nueva York y Miami<\/title>\n<meta name=\"description\" content=\"Portal de noticias del Per\u00fa sobre el transporte a\u00e9reo, aviaci\u00f3n, turismo, hoteleria, actualidad.\" \/>\n<meta name=\"robots\" content=\"index, follow, max-snippet:-1, max-image-preview:large, max-video-preview:-1\" \/>\n<link rel=\"canonical\" href=\"https:\/\/aeronoticias.com.pe\/noticiero\/transporte-aereo\/internacional\/avianca-brasil-cancela-sus-vuelos-a-santiago-de-chile-nueva-york-y-miami\/\" \/>\n<meta property=\"og:locale\" content=\"es_ES\" \/>\n<meta property=\"og:type\" content=\"article\" \/>\n<meta property=\"og:title\" content=\"Avianca Brasil cancela sus vuelos a Santiago de Chile, Nueva York y Miami\" \/>\n<meta property=\"og:description\" content=\"Portal de noticias del Per\u00fa sobre el transporte a\u00e9reo, aviaci\u00f3n, turismo, hoteleria, actualidad.\" \/>\n<meta property=\"og:url\" content=\"https:\/\/aeronoticias.com.pe\/noticiero\/transporte-aereo\/internacional\/avianca-brasil-cancela-sus-vuelos-a-santiago-de-chile-nueva-york-y-miami\/\" \/>\n<meta property=\"og:site_name\" content=\"Aeronoticias.com.pe\" \/>\n<meta property=\"article:publisher\" content=\"https:\/\/www.facebook.com\/Aeronoticias.com.pe\/\" \/>\n<meta property=\"article:published_time\" content=\"2019-01-18T02:18:52+00:00\" \/>\n<meta name=\"author\" content=\"Redacci\u00f3n Aeronoticias\" \/>\n<meta name=\"twitter:card\" content=\"summary_large_image\" \/>\n<meta name=\"twitter:creator\" content=\"@aeronoticias\" \/>\n<meta name=\"twitter:site\" content=\"@aeronoticias\" \/>\n<meta name=\"twitter:label1\" content=\"Escrito por\" \/>\n\t<meta name=\"twitter:data1\" content=\"Redacci\u00f3n Aeronoticias\" \/>\n\t<meta name=\"twitter:label2\" content=\"Tiempo de lectura\" \/>\n\t<meta name=\"twitter:data2\" content=\"2 minutos\" \/>\n<script type=\"application\/ld+json\" class=\"yoast-schema-graph\">{\"@context\":\"https:\/\/schema.org\",\"@graph\":[{\"@type\":\"WebPage\",\"@id\":\"https:\/\/aeronoticias.com.pe\/noticiero\/transporte-aereo\/internacional\/avianca-brasil-cancela-sus-vuelos-a-santiago-de-chile-nueva-york-y-miami\/\",\"url\":\"https:\/\/aeronoticias.com.pe\/noticiero\/transporte-aereo\/internacional\/avianca-brasil-cancela-sus-vuelos-a-santiago-de-chile-nueva-york-y-miami\/\",\"name\":\"Avianca Brasil cancela sus vuelos a Santiago de Chile, Nueva York y Miami\",\"isPartOf\":{\"@id\":\"https:\/\/aeronoticias.com.pe\/noticiero\/#website\"},\"datePublished\":\"2019-01-18T02:18:52+00:00\",\"author\":{\"@id\":\"https:\/\/aeronoticias.com.pe\/noticiero\/#\/schema\/person\/fc1e5d578f4b62ba1cf7ac2bba1170a0\"},\"description\":\"Portal de noticias del Per\u00fa sobre el transporte a\u00e9reo, aviaci\u00f3n, turismo, hoteleria, actualidad.\",\"breadcrumb\":{\"@id\":\"https:\/\/aeronoticias.com.pe\/noticiero\/transporte-aereo\/internacional\/avianca-brasil-cancela-sus-vuelos-a-santiago-de-chile-nueva-york-y-miami\/#breadcrumb\"},\"inLanguage\":\"es\",\"potentialAction\":[{\"@type\":\"ReadAction\",\"target\":[\"https:\/\/aeronoticias.com.pe\/noticiero\/transporte-aereo\/internacional\/avianca-brasil-cancela-sus-vuelos-a-santiago-de-chile-nueva-york-y-miami\/\"]}]},{\"@type\":\"BreadcrumbList\",\"@id\":\"https:\/\/aeronoticias.com.pe\/noticiero\/transporte-aereo\/internacional\/avianca-brasil-cancela-sus-vuelos-a-santiago-de-chile-nueva-york-y-miami\/#breadcrumb\",\"itemListElement\":[{\"@type\":\"ListItem\",\"position\":1,\"name\":\"Portada\",\"item\":\"https:\/\/aeronoticias.com.pe\/noticiero\/\"},{\"@type\":\"ListItem\",\"position\":2,\"name\":\"Avianca Brasil cancela sus vuelos a Santiago de Chile, Nueva York y Miami\"}]},{\"@type\":\"WebSite\",\"@id\":\"https:\/\/aeronoticias.com.pe\/noticiero\/#website\",\"url\":\"https:\/\/aeronoticias.com.pe\/noticiero\/\",\"name\":\"Aeronoticias.com.pe\",\"description\":\"Noticias de tranporte aereo, turismo, hoteles, gastronomia, actualidad, internacional\",\"potentialAction\":[{\"@type\":\"SearchAction\",\"target\":{\"@type\":\"EntryPoint\",\"urlTemplate\":\"https:\/\/aeronoticias.com.pe\/noticiero\/?s={search_term_string}\"},\"query-input\":{\"@type\":\"PropertyValueSpecification\",\"valueRequired\":true,\"valueName\":\"search_term_string\"}}],\"inLanguage\":\"es\"},{\"@type\":\"Person\",\"@id\":\"https:\/\/aeronoticias.com.pe\/noticiero\/#\/schema\/person\/fc1e5d578f4b62ba1cf7ac2bba1170a0\",\"name\":\"Redacci\u00f3n Aeronoticias\",\"url\":\"https:\/\/aeronoticias.com.pe\/noticiero\/author\/piloto\/\"}]}<\/script>\n<!-- \/ Yoast SEO plugin. -->","yoast_head_json":{"title":"Avianca Brasil cancela sus vuelos a Santiago de Chile, Nueva York y Miami","description":"Portal de noticias del Per\u00fa sobre el transporte a\u00e9reo, aviaci\u00f3n, turismo, hoteleria, actualidad.","robots":{"index":"index","follow":"follow","max-snippet":"max-snippet:-1","max-image-preview":"max-image-preview:large","max-video-preview":"max-video-preview:-1"},"canonical":"https:\/\/aeronoticias.com.pe\/noticiero\/transporte-aereo\/internacional\/avianca-brasil-cancela-sus-vuelos-a-santiago-de-chile-nueva-york-y-miami\/","og_locale":"es_ES","og_type":"article","og_title":"Avianca Brasil cancela sus vuelos a Santiago de Chile, Nueva York y Miami","og_description":"Portal de noticias del Per\u00fa sobre el transporte a\u00e9reo, aviaci\u00f3n, turismo, hoteleria, actualidad.","og_url":"https:\/\/aeronoticias.com.pe\/noticiero\/transporte-aereo\/internacional\/avianca-brasil-cancela-sus-vuelos-a-santiago-de-chile-nueva-york-y-miami\/","og_site_name":"Aeronoticias.com.pe","article_publisher":"https:\/\/www.facebook.com\/Aeronoticias.com.pe\/","article_published_time":"2019-01-18T02:18:52+00:00","author":"Redacci\u00f3n Aeronoticias","twitter_card":"summary_large_image","twitter_creator":"@aeronoticias","twitter_site":"@aeronoticias","twitter_misc":{"Escrito por":"Redacci\u00f3n Aeronoticias","Tiempo de lectura":"2 minutos"},"schema":{"@context":"https:\/\/schema.org","@graph":[{"@type":"WebPage","@id":"https:\/\/aeronoticias.com.pe\/noticiero\/transporte-aereo\/internacional\/avianca-brasil-cancela-sus-vuelos-a-santiago-de-chile-nueva-york-y-miami\/","url":"https:\/\/aeronoticias.com.pe\/noticiero\/transporte-aereo\/internacional\/avianca-brasil-cancela-sus-vuelos-a-santiago-de-chile-nueva-york-y-miami\/","name":"Avianca Brasil cancela sus vuelos a Santiago de Chile, Nueva York y Miami","isPartOf":{"@id":"https:\/\/aeronoticias.com.pe\/noticiero\/#website"},"datePublished":"2019-01-18T02:18:52+00:00","author":{"@id":"https:\/\/aeronoticias.com.pe\/noticiero\/#\/schema\/person\/fc1e5d578f4b62ba1cf7ac2bba1170a0"},"description":"Portal de noticias del Per\u00fa sobre el transporte a\u00e9reo, aviaci\u00f3n, turismo, hoteleria, actualidad.","breadcrumb":{"@id":"https:\/\/aeronoticias.com.pe\/noticiero\/transporte-aereo\/internacional\/avianca-brasil-cancela-sus-vuelos-a-santiago-de-chile-nueva-york-y-miami\/#breadcrumb"},"inLanguage":"es","potentialAction":[{"@type":"ReadAction","target":["https:\/\/aeronoticias.com.pe\/noticiero\/transporte-aereo\/internacional\/avianca-brasil-cancela-sus-vuelos-a-santiago-de-chile-nueva-york-y-miami\/"]}]},{"@type":"BreadcrumbList","@id":"https:\/\/aeronoticias.com.pe\/noticiero\/transporte-aereo\/internacional\/avianca-brasil-cancela-sus-vuelos-a-santiago-de-chile-nueva-york-y-miami\/#breadcrumb","itemListElement":[{"@type":"ListItem","position":1,"name":"Portada","item":"https:\/\/aeronoticias.com.pe\/noticiero\/"},{"@type":"ListItem","position":2,"name":"Avianca Brasil cancela sus vuelos a Santiago de Chile, Nueva York y Miami"}]},{"@type":"WebSite","@id":"https:\/\/aeronoticias.com.pe\/noticiero\/#website","url":"https:\/\/aeronoticias.com.pe\/noticiero\/","name":"Aeronoticias.com.pe","description":"Noticias de tranporte aereo, turismo, hoteles, gastronomia, actualidad, internacional","potentialAction":[{"@type":"SearchAction","target":{"@type":"EntryPoint","urlTemplate":"https:\/\/aeronoticias.com.pe\/noticiero\/?s={search_term_string}"},"query-input":{"@type":"PropertyValueSpecification","valueRequired":true,"valueName":"search_term_string"}}],"inLanguage":"es"},{"@type":"Person","@id":"https:\/\/aeronoticias.com.pe\/noticiero\/#\/schema\/person\/fc1e5d578f4b62ba1cf7ac2bba1170a0","name":"Redacci\u00f3n Aeronoticias","url":"https:\/\/aeronoticias.com.pe\/noticiero\/author\/piloto\/"}]}},"_links":{"self":[{"href":"https:\/\/aeronoticias.com.pe\/noticiero\/wp-json\/wp\/v2\/posts\/57957","targetHints":{"allow":["GET"]}}],"collection":[{"href":"https:\/\/aeronoticias.com.pe\/noticiero\/wp-json\/wp\/v2\/posts"}],"about":[{"href":"https:\/\/aeronoticias.com.pe\/noticiero\/wp-json\/wp\/v2\/types\/post"}],"author":[{"embeddable":true,"href":"https:\/\/aeronoticias.com.pe\/noticiero\/wp-json\/wp\/v2\/users\/1"}],"replies":[{"embeddable":true,"href":"https:\/\/aeronoticias.com.pe\/noticiero\/wp-json\/wp\/v2\/comments?post=57957"}],"version-history":[{"count":0,"href":"https:\/\/aeronoticias.com.pe\/noticiero\/wp-json\/wp\/v2\/posts\/57957\/revisions"}],"wp:attachment":[{"href":"https:\/\/aeronoticias.com.pe\/noticiero\/wp-json\/wp\/v2\/media?parent=57957"}],"wp:term":[{"taxonomy":"category","embeddable":true,"href":"https:\/\/aeronoticias.com.pe\/noticiero\/wp-json\/wp\/v2\/categories?post=57957"},{"taxonomy":"post_tag","embeddable":true,"href":"https:\/\/aeronoticias.com.pe\/noticiero\/wp-json\/wp\/v2\/tags?post=57957"}],"curies":[{"name":"wp","href":"https:\/\/api.w.org\/{rel}","templated":true}]}}