{"id":57962,"date":"2019-01-19T04:44:13","date_gmt":"2019-01-19T04:44:13","guid":{"rendered":"http:\/\/desarrollo.mcvicious.com\/aero2020\/2019\/01\/19\/norwegian-avanza-con-recorte-global-de-gastos\/"},"modified":"2019-01-19T04:44:13","modified_gmt":"2019-01-19T04:44:13","slug":"norwegian-avanza-con-recorte-global-de-gastos","status":"publish","type":"post","link":"https:\/\/aeronoticias.com.pe\/noticiero\/economia\/norwegian-avanza-con-recorte-global-de-gastos\/","title":{"rendered":"Norwegian avanza con recorte global de gastos"},"content":{"rendered":"<p style=\"text-align: justify;\"><strong>(Aeronoticias).<\/strong>&#8211;\u00a0<span style=\"color: #454545; font-family: Helvetica; font-size: 12px;\">La aerol\u00ednea noruega de bajo costo <\/span><strong style=\"color: #454545; font-family: Helvetica; font-size: 12px;\">Norwegian<\/strong><span style=\"color: #454545; font-family: Helvetica; font-size: 12px;\"> anunci\u00f3 un recorte de sus bases de operaciones en Espa\u00f1a, Italia y Estados Unidos. <\/span><\/p>\n<p style=\"text-align: justify;\"><span style=\"color: #454545; font-family: Helvetica; font-size: 12px;\">El anuncio es parte de un plan de reducci\u00f3n de costos impulsado por las fuertes p\u00e9rdidas que viene registrando: seg\u00fan el consenso de analistas de Bloomberg la l\u00ednea a\u00e9rea habr\u00e1 cerrado 2018 con unas p\u00e9rdidas equivalentes a u$s250 millones.<\/span><\/p>\n<p class=\"p1\" style=\"text-align: justify;\">El programa de ajuste pretedende generar ahorros por unos u$s230 millones, seg\u00fan indic\u00f3 la compa\u00f1\u00eda.<\/p>\n<p class=\"p1\" style=\"text-align: justify;\">Ahora inform\u00f3 que en los pr\u00f3ximos meses cerrar\u00e1 tres de sus siete bases operativas en Espa\u00f1a: Palma de Mallorca, Tenerife y Gran Canaria.<\/p>\n<p class=\"p1\" style=\"text-align: justify;\">\u00a0<\/p>\n<p class=\"p1\" style=\"text-align: justify;\">El proceso se iniciar\u00e1 el 1 de abril con el cierre de la base de Palma, que fue inaugurada en 2016. En esa fecha tambi\u00e9n concretar\u00e1 la retirada de uno de los cuatro aviones que tiene en Tenerife. Y el 1 de noviembre, cerrar\u00e1 Gran Canaria y Tenerife Sur.<\/p>\n<p class=\"p1\" style=\"text-align: justify;\">\u00a0<\/p>\n<p class=\"p1\" style=\"text-align: justify;\">Seg\u00fan inform\u00f3 el diario Expansi\u00f3n, Norwegian cuenta en Espa\u00f1a con 11 aeronaves repartidas entre estas tres bases operativas y suma m\u00e1s de 50 rutas. Fuentes de la compa\u00f1\u00eda citadas por el peri\u00f3dico aseguraron que \u201cse trata de una decisi\u00f3n dolorosa pero necesaria a nivel financiero que responde a que tienen un componente muy estacional y a una cuesti\u00f3n de rentabilidad\u201d.<\/p>\n<p class=\"p1\" style=\"text-align: justify;\">\u00a0<\/p>\n<p class=\"p1\" style=\"text-align: justify;\">Norwegian tambi\u00e9n cerrar\u00e1 su base operativa de Fiumicino-Roma (Italia) y las de Stewart y Providence (Estados Unidos).<\/p>\n<p class=\"p1\" style=\"text-align: justify;\">La reducci\u00f3n de costos se centra en las rutas operadas por los modelos Boeing 737-800 y 737 Max 8. De 130 aviones se pasa a 119.<\/p>\n<p class=\"p1\" style=\"text-align: justify;\">\u00a0<\/p>\n<p class=\"p1\" style=\"text-align: justify;\">La compa\u00f1\u00eda, fundada y liderada por Bj\u00f8rn Kjos, es la tercera mayor aerol\u00ednea de bajo costo de Europa y la sexta del mundo. En la Argentina comenz\u00f3 a volar cabotaje a fines de 2018 y por el momento no hay indicios de que el ajuste global afecte sus operaciones en el pa\u00eds.<\/p>\n<p class=\"p1\" style=\"text-align: justify;\">\u00a0<\/p>\n<p class=\"p1\" style=\"text-align: justify;\">Igual sigue abierto el futuro de Norwegian despu\u00e9s que IAG (h\u00f3lding due\u00f1o de Iberia y British) comprara una participaci\u00f3n del 4,6% con el objetivo de hacerse con el control de la compa\u00f1\u00eda. Pero los intentos de una compra consensuada no fructificaron y las negociaciones contin\u00faan. Aunque circul\u00f3 la informaci\u00f3n de que el grupo Lufthansa tambi\u00e9n estar\u00eda interesado en qued\u00e1rsela.<\/p>\n<p class=\"p1\" style=\"text-align: justify;\">\u00a0<\/p>\n<p class=\"p1\" style=\"text-align: justify;\">Fuente: <em><span style=\"text-decoration: underline;\"><strong>Aviaci\u00f3n al d\u00eda<\/strong><\/span>. \/ Fotograf\u00eda referencial.<\/em><\/p>\n<p class=\"p1\">\u00a0<\/p>\n<p class=\"p1\"><em><img decoding=\"async\" src=\"images\/stories\/norrrrwaa11.jpg\" border=\"0\" \/><br \/><\/em><\/p>\n<p> p.p1 {margin: 0.0px 0.0px 0.0px 0.0px; font: 12.0px Helvetica; color: #454545}<\/p>\n","protected":false},"excerpt":{"rendered":"<p>(Aeronoticias).&#8211;\u00a0La aerol\u00ednea noruega de bajo costo Norwegian anunci\u00f3 un recorte de sus bases de operaciones en Espa\u00f1a, Italia y Estados Unidos. El anuncio es parte de un plan de reducci\u00f3n de costos impulsado por las fuertes p\u00e9rdidas que viene registrando: seg\u00fan el consenso de analistas de Bloomberg la l\u00ednea a\u00e9rea habr\u00e1 cerrado 2018 con unas [&hellip;]<\/p>\n","protected":false},"author":1,"featured_media":0,"comment_status":"open","ping_status":"open","sticky":false,"template":"","format":"standard","meta":{"tdm_status":"","tdm_grid_status":"","footnotes":""},"categories":[33],"tags":[],"class_list":{"0":"post-57962","1":"post","2":"type-post","3":"status-publish","4":"format-standard","6":"category-economia"},"yoast_head":"<!-- This site is optimized with the Yoast SEO plugin v25.1 - https:\/\/yoast.com\/wordpress\/plugins\/seo\/ -->\n<title>Norwegian avanza con recorte global de gastos<\/title>\n<meta name=\"description\" content=\"Portal de noticias del Per\u00fa sobre el transporte a\u00e9reo, aviaci\u00f3n, turismo, hoteleria, actualidad.\" \/>\n<meta name=\"robots\" content=\"index, follow, max-snippet:-1, max-image-preview:large, max-video-preview:-1\" \/>\n<link rel=\"canonical\" href=\"https:\/\/aeronoticias.com.pe\/noticiero\/economia\/norwegian-avanza-con-recorte-global-de-gastos\/\" \/>\n<meta property=\"og:locale\" content=\"es_ES\" \/>\n<meta property=\"og:type\" content=\"article\" \/>\n<meta property=\"og:title\" content=\"Norwegian avanza con recorte global de gastos\" \/>\n<meta property=\"og:description\" content=\"Portal de noticias del Per\u00fa sobre el transporte a\u00e9reo, aviaci\u00f3n, turismo, hoteleria, actualidad.\" \/>\n<meta property=\"og:url\" content=\"https:\/\/aeronoticias.com.pe\/noticiero\/economia\/norwegian-avanza-con-recorte-global-de-gastos\/\" \/>\n<meta property=\"og:site_name\" content=\"Aeronoticias.com.pe\" \/>\n<meta property=\"article:publisher\" content=\"https:\/\/www.facebook.com\/Aeronoticias.com.pe\/\" \/>\n<meta property=\"article:published_time\" content=\"2019-01-19T04:44:13+00:00\" \/>\n<meta name=\"author\" content=\"Redacci\u00f3n Aeronoticias\" \/>\n<meta name=\"twitter:card\" content=\"summary_large_image\" \/>\n<meta name=\"twitter:creator\" content=\"@aeronoticias\" \/>\n<meta name=\"twitter:site\" content=\"@aeronoticias\" \/>\n<meta name=\"twitter:label1\" content=\"Escrito por\" \/>\n\t<meta name=\"twitter:data1\" content=\"Redacci\u00f3n Aeronoticias\" \/>\n\t<meta name=\"twitter:label2\" content=\"Tiempo de lectura\" \/>\n\t<meta name=\"twitter:data2\" content=\"2 minutos\" \/>\n<script type=\"application\/ld+json\" class=\"yoast-schema-graph\">{\"@context\":\"https:\/\/schema.org\",\"@graph\":[{\"@type\":\"WebPage\",\"@id\":\"https:\/\/aeronoticias.com.pe\/noticiero\/economia\/norwegian-avanza-con-recorte-global-de-gastos\/\",\"url\":\"https:\/\/aeronoticias.com.pe\/noticiero\/economia\/norwegian-avanza-con-recorte-global-de-gastos\/\",\"name\":\"Norwegian avanza con recorte global de gastos\",\"isPartOf\":{\"@id\":\"https:\/\/aeronoticias.com.pe\/noticiero\/#website\"},\"datePublished\":\"2019-01-19T04:44:13+00:00\",\"author\":{\"@id\":\"https:\/\/aeronoticias.com.pe\/noticiero\/#\/schema\/person\/fc1e5d578f4b62ba1cf7ac2bba1170a0\"},\"description\":\"Portal de noticias del Per\u00fa sobre el transporte a\u00e9reo, aviaci\u00f3n, turismo, hoteleria, actualidad.\",\"breadcrumb\":{\"@id\":\"https:\/\/aeronoticias.com.pe\/noticiero\/economia\/norwegian-avanza-con-recorte-global-de-gastos\/#breadcrumb\"},\"inLanguage\":\"es\",\"potentialAction\":[{\"@type\":\"ReadAction\",\"target\":[\"https:\/\/aeronoticias.com.pe\/noticiero\/economia\/norwegian-avanza-con-recorte-global-de-gastos\/\"]}]},{\"@type\":\"BreadcrumbList\",\"@id\":\"https:\/\/aeronoticias.com.pe\/noticiero\/economia\/norwegian-avanza-con-recorte-global-de-gastos\/#breadcrumb\",\"itemListElement\":[{\"@type\":\"ListItem\",\"position\":1,\"name\":\"Portada\",\"item\":\"https:\/\/aeronoticias.com.pe\/noticiero\/\"},{\"@type\":\"ListItem\",\"position\":2,\"name\":\"Norwegian avanza con recorte global de gastos\"}]},{\"@type\":\"WebSite\",\"@id\":\"https:\/\/aeronoticias.com.pe\/noticiero\/#website\",\"url\":\"https:\/\/aeronoticias.com.pe\/noticiero\/\",\"name\":\"Aeronoticias.com.pe\",\"description\":\"Noticias de tranporte aereo, turismo, hoteles, gastronomia, actualidad, internacional\",\"potentialAction\":[{\"@type\":\"SearchAction\",\"target\":{\"@type\":\"EntryPoint\",\"urlTemplate\":\"https:\/\/aeronoticias.com.pe\/noticiero\/?s={search_term_string}\"},\"query-input\":{\"@type\":\"PropertyValueSpecification\",\"valueRequired\":true,\"valueName\":\"search_term_string\"}}],\"inLanguage\":\"es\"},{\"@type\":\"Person\",\"@id\":\"https:\/\/aeronoticias.com.pe\/noticiero\/#\/schema\/person\/fc1e5d578f4b62ba1cf7ac2bba1170a0\",\"name\":\"Redacci\u00f3n Aeronoticias\",\"url\":\"https:\/\/aeronoticias.com.pe\/noticiero\/author\/piloto\/\"}]}<\/script>\n<!-- \/ Yoast SEO plugin. -->","yoast_head_json":{"title":"Norwegian avanza con recorte global de gastos","description":"Portal de noticias del Per\u00fa sobre el transporte a\u00e9reo, aviaci\u00f3n, turismo, hoteleria, actualidad.","robots":{"index":"index","follow":"follow","max-snippet":"max-snippet:-1","max-image-preview":"max-image-preview:large","max-video-preview":"max-video-preview:-1"},"canonical":"https:\/\/aeronoticias.com.pe\/noticiero\/economia\/norwegian-avanza-con-recorte-global-de-gastos\/","og_locale":"es_ES","og_type":"article","og_title":"Norwegian avanza con recorte global de gastos","og_description":"Portal de noticias del Per\u00fa sobre el transporte a\u00e9reo, aviaci\u00f3n, turismo, hoteleria, actualidad.","og_url":"https:\/\/aeronoticias.com.pe\/noticiero\/economia\/norwegian-avanza-con-recorte-global-de-gastos\/","og_site_name":"Aeronoticias.com.pe","article_publisher":"https:\/\/www.facebook.com\/Aeronoticias.com.pe\/","article_published_time":"2019-01-19T04:44:13+00:00","author":"Redacci\u00f3n Aeronoticias","twitter_card":"summary_large_image","twitter_creator":"@aeronoticias","twitter_site":"@aeronoticias","twitter_misc":{"Escrito por":"Redacci\u00f3n Aeronoticias","Tiempo de lectura":"2 minutos"},"schema":{"@context":"https:\/\/schema.org","@graph":[{"@type":"WebPage","@id":"https:\/\/aeronoticias.com.pe\/noticiero\/economia\/norwegian-avanza-con-recorte-global-de-gastos\/","url":"https:\/\/aeronoticias.com.pe\/noticiero\/economia\/norwegian-avanza-con-recorte-global-de-gastos\/","name":"Norwegian avanza con recorte global de gastos","isPartOf":{"@id":"https:\/\/aeronoticias.com.pe\/noticiero\/#website"},"datePublished":"2019-01-19T04:44:13+00:00","author":{"@id":"https:\/\/aeronoticias.com.pe\/noticiero\/#\/schema\/person\/fc1e5d578f4b62ba1cf7ac2bba1170a0"},"description":"Portal de noticias del Per\u00fa sobre el transporte a\u00e9reo, aviaci\u00f3n, turismo, hoteleria, actualidad.","breadcrumb":{"@id":"https:\/\/aeronoticias.com.pe\/noticiero\/economia\/norwegian-avanza-con-recorte-global-de-gastos\/#breadcrumb"},"inLanguage":"es","potentialAction":[{"@type":"ReadAction","target":["https:\/\/aeronoticias.com.pe\/noticiero\/economia\/norwegian-avanza-con-recorte-global-de-gastos\/"]}]},{"@type":"BreadcrumbList","@id":"https:\/\/aeronoticias.com.pe\/noticiero\/economia\/norwegian-avanza-con-recorte-global-de-gastos\/#breadcrumb","itemListElement":[{"@type":"ListItem","position":1,"name":"Portada","item":"https:\/\/aeronoticias.com.pe\/noticiero\/"},{"@type":"ListItem","position":2,"name":"Norwegian avanza con recorte global de gastos"}]},{"@type":"WebSite","@id":"https:\/\/aeronoticias.com.pe\/noticiero\/#website","url":"https:\/\/aeronoticias.com.pe\/noticiero\/","name":"Aeronoticias.com.pe","description":"Noticias de tranporte aereo, turismo, hoteles, gastronomia, actualidad, internacional","potentialAction":[{"@type":"SearchAction","target":{"@type":"EntryPoint","urlTemplate":"https:\/\/aeronoticias.com.pe\/noticiero\/?s={search_term_string}"},"query-input":{"@type":"PropertyValueSpecification","valueRequired":true,"valueName":"search_term_string"}}],"inLanguage":"es"},{"@type":"Person","@id":"https:\/\/aeronoticias.com.pe\/noticiero\/#\/schema\/person\/fc1e5d578f4b62ba1cf7ac2bba1170a0","name":"Redacci\u00f3n Aeronoticias","url":"https:\/\/aeronoticias.com.pe\/noticiero\/author\/piloto\/"}]}},"_links":{"self":[{"href":"https:\/\/aeronoticias.com.pe\/noticiero\/wp-json\/wp\/v2\/posts\/57962","targetHints":{"allow":["GET"]}}],"collection":[{"href":"https:\/\/aeronoticias.com.pe\/noticiero\/wp-json\/wp\/v2\/posts"}],"about":[{"href":"https:\/\/aeronoticias.com.pe\/noticiero\/wp-json\/wp\/v2\/types\/post"}],"author":[{"embeddable":true,"href":"https:\/\/aeronoticias.com.pe\/noticiero\/wp-json\/wp\/v2\/users\/1"}],"replies":[{"embeddable":true,"href":"https:\/\/aeronoticias.com.pe\/noticiero\/wp-json\/wp\/v2\/comments?post=57962"}],"version-history":[{"count":0,"href":"https:\/\/aeronoticias.com.pe\/noticiero\/wp-json\/wp\/v2\/posts\/57962\/revisions"}],"wp:attachment":[{"href":"https:\/\/aeronoticias.com.pe\/noticiero\/wp-json\/wp\/v2\/media?parent=57962"}],"wp:term":[{"taxonomy":"category","embeddable":true,"href":"https:\/\/aeronoticias.com.pe\/noticiero\/wp-json\/wp\/v2\/categories?post=57962"},{"taxonomy":"post_tag","embeddable":true,"href":"https:\/\/aeronoticias.com.pe\/noticiero\/wp-json\/wp\/v2\/tags?post=57962"}],"curies":[{"name":"wp","href":"https:\/\/api.w.org\/{rel}","templated":true}]}}