{"id":57965,"date":"2019-01-19T23:26:42","date_gmt":"2019-01-19T23:26:42","guid":{"rendered":"http:\/\/desarrollo.mcvicious.com\/aero2020\/2019\/01\/19\/morales-qhay-militantes-verdes-que-quieren-que-mate-al-bebeq\/"},"modified":"2019-01-19T23:26:42","modified_gmt":"2019-01-19T23:26:42","slug":"morales-qhay-militantes-verdes-que-quieren-que-mate-al-bebeq","status":"publish","type":"post","link":"https:\/\/aeronoticias.com.pe\/noticiero\/mundo\/mundo-mundo-2\/morales-qhay-militantes-verdes-que-quieren-que-mate-al-bebeq\/","title":{"rendered":"Morales: \u00abHay militantes &#8216;verdes&#8217; que quieren que mate al beb\u00e9\u00bb"},"content":{"rendered":"<p style=\"text-align: justify;\"><strong>(Aeronoticias).<\/strong>&#8211; E<span style=\"color: #454545; font-family: Helvetica; font-size: 12px;\">l gobernador de Jujuy (Argentina)<\/span><span style=\"color: #454545; font-family: Helvetica; font-size: 12px;\">, Gerardo Morales, habl\u00f3 esta ma\u00f1ana sobre el caso de la nena de 12 a\u00f1os que <\/span><a href=\"https:\/\/www.lanacion.com.ar\/2212222-jujuy-la-beba-nacida-violacion-lucha-su\" style=\"font-family: Helvetica; font-size: 12px;\"><span class=\"s1\">fue sometida a una ces\u00e1rea luego de que la violara un vecino<\/span><\/a><span style=\"color: #454545; font-family: Helvetica; font-size: 12px;\">, de 58 a\u00f1os. \u00abHay militantes &#8216;verdes&#8217; que quieren que mate al beb\u00e9 que naci\u00f3. Yo no lo voy a hacer\u00bb, sostuvo el mandatario.<\/span><\/p>\n<p class=\"p1\" style=\"text-align: justify;\">En medio de una fuerte pol\u00e9mica, ayer la menor fue sometida a una ces\u00e1rea, y el beb\u00e9 naci\u00f3 con 700 gramos, Sin embargo, el mandatario asegur\u00f3 en Radio Mitre que \u00abse garantiz\u00f3 el derecho de la ni\u00f1a a interrumpir el embarazo\u00bb.<\/p>\n<p class=\"p1\" style=\"text-align: justify;\">\u00abLamento que lleguemos a este estado p\u00fablico.<\/p>\n<p class=\"p1\" style=\"text-align: justify;\">\u00a0<\/p>\n<p class=\"p1\" style=\"text-align: justify;\">Hubo medidas cautelares y el protocolo dice que no hay que ir a la Justicia. La Gobernaci\u00f3n no tomar\u00e1 ninguna decisi\u00f3n contra el beb\u00e9 reci\u00e9n nacido\u00bb, le dijo Morales a la periodista Magdalena Ruiz Gui\u00f1az\u00fa.<\/p>\n<p class=\"p2\" style=\"text-align: justify;\">\u00a0<\/p>\n<p class=\"p1\" style=\"text-align: justify;\">Por otra parte, critic\u00f3 a \u00ablos grupos ultras\u00bb, tanto a favor como en contra de la legalizaci\u00f3n del aborto, que se manifestaron en la entrada del Hospital H\u00e9ctor Quintana. Tambi\u00e9n defendi\u00f3 a los m\u00e9dicos del Materno Infantil: \u00abNadie pod\u00eda sospechar que estaba embarazada\u00bb, dijo.<\/p>\n<p class=\"p1\" style=\"text-align: justify;\">\u00a0<\/p>\n<p class=\"p1\" style=\"text-align: justify;\">Por \u00faltimo, el gobernador indic\u00f3 que hay \u00abuna familia importante de Jujuy\u00bb que quiere adoptar al beb\u00e9.<\/p>\n<p class=\"p1\" style=\"text-align: justify;\">\u00a0<\/p>\n<p class=\"p1\" style=\"text-align: justify;\">Fuente: <strong><em>La Naci\u00f3n<\/em><\/strong>.<\/p>\n<p class=\"p1\" style=\"text-align: justify;\">\u00a0<\/p>\n<p class=\"p1\" style=\"text-align: justify;\"><img decoding=\"async\" src=\"images\/stories\/jujuyyyaa1.jpg\" border=\"0\" \/><\/p>\n<p> p.p1 {margin: 0.0px 0.0px 0.0px 0.0px; font: 12.0px Helvetica; color: #454545} p.p2 {margin: 0.0px 0.0px 0.0px 0.0px; text-align: center; font: 12.0px Helvetica; color: #454545; min-height: 14.0px} span.s1 {color: #e4af09}<\/p>\n","protected":false},"excerpt":{"rendered":"<p>(Aeronoticias).&#8211; El gobernador de Jujuy (Argentina), Gerardo Morales, habl\u00f3 esta ma\u00f1ana sobre el caso de la nena de 12 a\u00f1os que fue sometida a una ces\u00e1rea luego de que la violara un vecino, de 58 a\u00f1os. \u00abHay militantes &#8216;verdes&#8217; que quieren que mate al beb\u00e9 que naci\u00f3. Yo no lo voy a hacer\u00bb, sostuvo el [&hellip;]<\/p>\n","protected":false},"author":1,"featured_media":0,"comment_status":"open","ping_status":"open","sticky":false,"template":"","format":"standard","meta":{"tdm_status":"","tdm_grid_status":"","footnotes":""},"categories":[65],"tags":[],"class_list":{"0":"post-57965","1":"post","2":"type-post","3":"status-publish","4":"format-standard","6":"category-mundo-mundo-2"},"yoast_head":"<!-- This site is optimized with the Yoast SEO plugin v25.1 - https:\/\/yoast.com\/wordpress\/plugins\/seo\/ -->\n<title>Morales: &quot;Hay militantes &#039;verdes&#039; que quieren que mate al beb\u00e9&quot;<\/title>\n<meta name=\"description\" content=\"Portal de noticias del Per\u00fa sobre el transporte a\u00e9reo, aviaci\u00f3n, turismo, hoteleria, actualidad.\" \/>\n<meta name=\"robots\" content=\"index, follow, max-snippet:-1, max-image-preview:large, max-video-preview:-1\" \/>\n<link rel=\"canonical\" href=\"https:\/\/aeronoticias.com.pe\/noticiero\/mundo\/mundo-mundo-2\/morales-qhay-militantes-verdes-que-quieren-que-mate-al-bebeq\/\" \/>\n<meta property=\"og:locale\" content=\"es_ES\" \/>\n<meta property=\"og:type\" content=\"article\" \/>\n<meta property=\"og:title\" content=\"Morales: &quot;Hay militantes &#039;verdes&#039; que quieren que mate al beb\u00e9&quot;\" \/>\n<meta property=\"og:description\" content=\"Portal de noticias del Per\u00fa sobre el transporte a\u00e9reo, aviaci\u00f3n, turismo, hoteleria, actualidad.\" \/>\n<meta property=\"og:url\" content=\"https:\/\/aeronoticias.com.pe\/noticiero\/mundo\/mundo-mundo-2\/morales-qhay-militantes-verdes-que-quieren-que-mate-al-bebeq\/\" \/>\n<meta property=\"og:site_name\" content=\"Aeronoticias.com.pe\" \/>\n<meta property=\"article:publisher\" content=\"https:\/\/www.facebook.com\/Aeronoticias.com.pe\/\" \/>\n<meta property=\"article:published_time\" content=\"2019-01-19T23:26:42+00:00\" \/>\n<meta name=\"author\" content=\"Redacci\u00f3n Aeronoticias\" \/>\n<meta name=\"twitter:card\" content=\"summary_large_image\" \/>\n<meta name=\"twitter:creator\" content=\"@aeronoticias\" \/>\n<meta name=\"twitter:site\" content=\"@aeronoticias\" \/>\n<meta name=\"twitter:label1\" content=\"Escrito por\" \/>\n\t<meta name=\"twitter:data1\" content=\"Redacci\u00f3n Aeronoticias\" \/>\n\t<meta name=\"twitter:label2\" content=\"Tiempo de lectura\" \/>\n\t<meta name=\"twitter:data2\" content=\"1 minuto\" \/>\n<script type=\"application\/ld+json\" class=\"yoast-schema-graph\">{\"@context\":\"https:\/\/schema.org\",\"@graph\":[{\"@type\":\"WebPage\",\"@id\":\"https:\/\/aeronoticias.com.pe\/noticiero\/mundo\/mundo-mundo-2\/morales-qhay-militantes-verdes-que-quieren-que-mate-al-bebeq\/\",\"url\":\"https:\/\/aeronoticias.com.pe\/noticiero\/mundo\/mundo-mundo-2\/morales-qhay-militantes-verdes-que-quieren-que-mate-al-bebeq\/\",\"name\":\"Morales: \\\"Hay militantes 'verdes' que quieren que mate al beb\u00e9\\\"\",\"isPartOf\":{\"@id\":\"https:\/\/aeronoticias.com.pe\/noticiero\/#website\"},\"datePublished\":\"2019-01-19T23:26:42+00:00\",\"author\":{\"@id\":\"https:\/\/aeronoticias.com.pe\/noticiero\/#\/schema\/person\/fc1e5d578f4b62ba1cf7ac2bba1170a0\"},\"description\":\"Portal de noticias del Per\u00fa sobre el transporte a\u00e9reo, aviaci\u00f3n, turismo, hoteleria, actualidad.\",\"breadcrumb\":{\"@id\":\"https:\/\/aeronoticias.com.pe\/noticiero\/mundo\/mundo-mundo-2\/morales-qhay-militantes-verdes-que-quieren-que-mate-al-bebeq\/#breadcrumb\"},\"inLanguage\":\"es\",\"potentialAction\":[{\"@type\":\"ReadAction\",\"target\":[\"https:\/\/aeronoticias.com.pe\/noticiero\/mundo\/mundo-mundo-2\/morales-qhay-militantes-verdes-que-quieren-que-mate-al-bebeq\/\"]}]},{\"@type\":\"BreadcrumbList\",\"@id\":\"https:\/\/aeronoticias.com.pe\/noticiero\/mundo\/mundo-mundo-2\/morales-qhay-militantes-verdes-que-quieren-que-mate-al-bebeq\/#breadcrumb\",\"itemListElement\":[{\"@type\":\"ListItem\",\"position\":1,\"name\":\"Portada\",\"item\":\"https:\/\/aeronoticias.com.pe\/noticiero\/\"},{\"@type\":\"ListItem\",\"position\":2,\"name\":\"Morales: \u00abHay militantes &#8216;verdes&#8217; que quieren que mate al beb\u00e9\u00bb\"}]},{\"@type\":\"WebSite\",\"@id\":\"https:\/\/aeronoticias.com.pe\/noticiero\/#website\",\"url\":\"https:\/\/aeronoticias.com.pe\/noticiero\/\",\"name\":\"Aeronoticias.com.pe\",\"description\":\"Noticias de tranporte aereo, turismo, hoteles, gastronomia, actualidad, internacional\",\"potentialAction\":[{\"@type\":\"SearchAction\",\"target\":{\"@type\":\"EntryPoint\",\"urlTemplate\":\"https:\/\/aeronoticias.com.pe\/noticiero\/?s={search_term_string}\"},\"query-input\":{\"@type\":\"PropertyValueSpecification\",\"valueRequired\":true,\"valueName\":\"search_term_string\"}}],\"inLanguage\":\"es\"},{\"@type\":\"Person\",\"@id\":\"https:\/\/aeronoticias.com.pe\/noticiero\/#\/schema\/person\/fc1e5d578f4b62ba1cf7ac2bba1170a0\",\"name\":\"Redacci\u00f3n Aeronoticias\",\"url\":\"https:\/\/aeronoticias.com.pe\/noticiero\/author\/piloto\/\"}]}<\/script>\n<!-- \/ Yoast SEO plugin. -->","yoast_head_json":{"title":"Morales: \"Hay militantes 'verdes' que quieren que mate al beb\u00e9\"","description":"Portal de noticias del Per\u00fa sobre el transporte a\u00e9reo, aviaci\u00f3n, turismo, hoteleria, actualidad.","robots":{"index":"index","follow":"follow","max-snippet":"max-snippet:-1","max-image-preview":"max-image-preview:large","max-video-preview":"max-video-preview:-1"},"canonical":"https:\/\/aeronoticias.com.pe\/noticiero\/mundo\/mundo-mundo-2\/morales-qhay-militantes-verdes-que-quieren-que-mate-al-bebeq\/","og_locale":"es_ES","og_type":"article","og_title":"Morales: \"Hay militantes 'verdes' que quieren que mate al beb\u00e9\"","og_description":"Portal de noticias del Per\u00fa sobre el transporte a\u00e9reo, aviaci\u00f3n, turismo, hoteleria, actualidad.","og_url":"https:\/\/aeronoticias.com.pe\/noticiero\/mundo\/mundo-mundo-2\/morales-qhay-militantes-verdes-que-quieren-que-mate-al-bebeq\/","og_site_name":"Aeronoticias.com.pe","article_publisher":"https:\/\/www.facebook.com\/Aeronoticias.com.pe\/","article_published_time":"2019-01-19T23:26:42+00:00","author":"Redacci\u00f3n Aeronoticias","twitter_card":"summary_large_image","twitter_creator":"@aeronoticias","twitter_site":"@aeronoticias","twitter_misc":{"Escrito por":"Redacci\u00f3n Aeronoticias","Tiempo de lectura":"1 minuto"},"schema":{"@context":"https:\/\/schema.org","@graph":[{"@type":"WebPage","@id":"https:\/\/aeronoticias.com.pe\/noticiero\/mundo\/mundo-mundo-2\/morales-qhay-militantes-verdes-que-quieren-que-mate-al-bebeq\/","url":"https:\/\/aeronoticias.com.pe\/noticiero\/mundo\/mundo-mundo-2\/morales-qhay-militantes-verdes-que-quieren-que-mate-al-bebeq\/","name":"Morales: \"Hay militantes 'verdes' que quieren que mate al beb\u00e9\"","isPartOf":{"@id":"https:\/\/aeronoticias.com.pe\/noticiero\/#website"},"datePublished":"2019-01-19T23:26:42+00:00","author":{"@id":"https:\/\/aeronoticias.com.pe\/noticiero\/#\/schema\/person\/fc1e5d578f4b62ba1cf7ac2bba1170a0"},"description":"Portal de noticias del Per\u00fa sobre el transporte a\u00e9reo, aviaci\u00f3n, turismo, hoteleria, actualidad.","breadcrumb":{"@id":"https:\/\/aeronoticias.com.pe\/noticiero\/mundo\/mundo-mundo-2\/morales-qhay-militantes-verdes-que-quieren-que-mate-al-bebeq\/#breadcrumb"},"inLanguage":"es","potentialAction":[{"@type":"ReadAction","target":["https:\/\/aeronoticias.com.pe\/noticiero\/mundo\/mundo-mundo-2\/morales-qhay-militantes-verdes-que-quieren-que-mate-al-bebeq\/"]}]},{"@type":"BreadcrumbList","@id":"https:\/\/aeronoticias.com.pe\/noticiero\/mundo\/mundo-mundo-2\/morales-qhay-militantes-verdes-que-quieren-que-mate-al-bebeq\/#breadcrumb","itemListElement":[{"@type":"ListItem","position":1,"name":"Portada","item":"https:\/\/aeronoticias.com.pe\/noticiero\/"},{"@type":"ListItem","position":2,"name":"Morales: \u00abHay militantes &#8216;verdes&#8217; que quieren que mate al beb\u00e9\u00bb"}]},{"@type":"WebSite","@id":"https:\/\/aeronoticias.com.pe\/noticiero\/#website","url":"https:\/\/aeronoticias.com.pe\/noticiero\/","name":"Aeronoticias.com.pe","description":"Noticias de tranporte aereo, turismo, hoteles, gastronomia, actualidad, internacional","potentialAction":[{"@type":"SearchAction","target":{"@type":"EntryPoint","urlTemplate":"https:\/\/aeronoticias.com.pe\/noticiero\/?s={search_term_string}"},"query-input":{"@type":"PropertyValueSpecification","valueRequired":true,"valueName":"search_term_string"}}],"inLanguage":"es"},{"@type":"Person","@id":"https:\/\/aeronoticias.com.pe\/noticiero\/#\/schema\/person\/fc1e5d578f4b62ba1cf7ac2bba1170a0","name":"Redacci\u00f3n Aeronoticias","url":"https:\/\/aeronoticias.com.pe\/noticiero\/author\/piloto\/"}]}},"_links":{"self":[{"href":"https:\/\/aeronoticias.com.pe\/noticiero\/wp-json\/wp\/v2\/posts\/57965","targetHints":{"allow":["GET"]}}],"collection":[{"href":"https:\/\/aeronoticias.com.pe\/noticiero\/wp-json\/wp\/v2\/posts"}],"about":[{"href":"https:\/\/aeronoticias.com.pe\/noticiero\/wp-json\/wp\/v2\/types\/post"}],"author":[{"embeddable":true,"href":"https:\/\/aeronoticias.com.pe\/noticiero\/wp-json\/wp\/v2\/users\/1"}],"replies":[{"embeddable":true,"href":"https:\/\/aeronoticias.com.pe\/noticiero\/wp-json\/wp\/v2\/comments?post=57965"}],"version-history":[{"count":0,"href":"https:\/\/aeronoticias.com.pe\/noticiero\/wp-json\/wp\/v2\/posts\/57965\/revisions"}],"wp:attachment":[{"href":"https:\/\/aeronoticias.com.pe\/noticiero\/wp-json\/wp\/v2\/media?parent=57965"}],"wp:term":[{"taxonomy":"category","embeddable":true,"href":"https:\/\/aeronoticias.com.pe\/noticiero\/wp-json\/wp\/v2\/categories?post=57965"},{"taxonomy":"post_tag","embeddable":true,"href":"https:\/\/aeronoticias.com.pe\/noticiero\/wp-json\/wp\/v2\/tags?post=57965"}],"curies":[{"name":"wp","href":"https:\/\/api.w.org\/{rel}","templated":true}]}}