{"id":58061,"date":"2019-02-12T14:27:29","date_gmt":"2019-02-12T14:27:29","guid":{"rendered":"http:\/\/desarrollo.mcvicious.com\/aero2020\/2019\/02\/12\/moquegua-nino-heroe-muere-al-salvar-a-su-hermano\/"},"modified":"2019-02-12T14:27:29","modified_gmt":"2019-02-12T14:27:29","slug":"moquegua-nino-heroe-muere-al-salvar-a-su-hermano","status":"publish","type":"post","link":"https:\/\/aeronoticias.com.pe\/noticiero\/nacionales\/moquegua-nino-heroe-muere-al-salvar-a-su-hermano\/","title":{"rendered":"Moquegua: Ni\u00f1o h\u00e9roe muere al salvar a su hermano"},"content":{"rendered":"<p style=\"text-align: justify;\"><strong>(Aeronoticias)<\/strong>.-\u00a0<span style=\"color: #454545; font-family: Helvetica; font-size: 12px;\">El ni\u00f1o de 12 a\u00f1os<\/span><span style=\"color: #454545; font-family: Helvetica; font-size: 12px;\"> hab\u00eda ido a pastar sus alpacas junto a su hermano de ocho a\u00f1os,<\/span><strong style=\"color: #454545; font-family: Helvetica; font-size: 12px;\"> cuando un deslizamiento de lodo y piedras los sorprendi\u00f3<\/strong><span style=\"color: #454545; font-family: Helvetica; font-size: 12px;\">. El m\u00e1s peque\u00f1o resbal\u00f3 y su hermano logr\u00f3 rescatarlo, pero luego no pudo salir. Esta es su historia de hero\u00edsmo en medio de la tragedia que atraviesa el sur del pa\u00eds.<\/span><\/p>\n<p class=\"p1\" style=\"text-align: justify;\">En medio de la tragedia que atraviesan varias regiones al sur del Per\u00fa por las intensas lluvias y huaicos, una historia de hero\u00edsmo fue protagonizada por un menor de 12 a\u00f1os<strong>,\u00a0quien sacrific\u00f3\u00a0su vida por salvar la de su hermano en el distrito de Ubinas, en <\/strong><a href=\"https:\/\/rpp.pe\/peru\/moquegua\/poder-judicial-declara-en-emergencia-corte-superior-de-moquegua-por-lluvias-noticia-1180259?ns_source=self&amp;ns_mchannel=articulo.body&amp;ns_campaign=content.rel\"><span class=\"s1\"><strong>Moquegua<\/strong><\/span><\/a><strong>.<\/strong><\/p>\n<p class=\"p1\" style=\"text-align: justify;\"><strong><br \/><\/strong><\/p>\n<p class=\"p1\" style=\"text-align: justify;\">\u00abEsta p\u00e9rdida importante lo llora todo\u00a0<strong>Moquegua<\/strong>. Ha sido un ni\u00f1o aplicado y estudioso que se dedicaba al estudio. Ha dejado cinco hermanos m\u00e1s y estaban muy esperanzados (en \u00e9l)\u00bb, coment\u00f3 a\u00a0<em>RPP Noticias<\/em> el alcalde Ubinas.<\/p>\n<p class=\"p1\" style=\"text-align: justify;\">\u00a0<\/p>\n<p class=\"p1\" style=\"text-align: justify;\">El pasado viernes, el ni\u00f1o de 12 a\u00f1os se encontraba con su hermano, de ocho, pastando alpacas\u00a0en inmediaciones del r\u00edo Pillone en el distrito de\u00a0<strong>Ubinas<\/strong>, cuando un deslizamiento de lodo y piedras los sorprendi\u00f3 al pasar muy cerca de ellos.<\/p>\n<p class=\"p1\" style=\"text-align: justify;\">\u00a0<\/p>\n<p class=\"p1\" style=\"text-align: justify;\">El m\u00e1s peque\u00f1o de los hermanos se acerc\u00f3 a observar el huaico, cuando resbal\u00f3 debido a lo inestable del suelo y fue arrastrado por la corriente, cont\u00f3 a\u00a0<em>RPP Noticias<\/em> Helio Abad, periodista local del medio de comunicaci\u00f3n\u00a0<em>EPA Noticias<\/em>.<\/p>\n<p class=\"p1\" style=\"text-align: justify;\">\u00a0<\/p>\n<p class=\"p1\" style=\"text-align: justify;\"><strong>El hermano mayor <\/strong>no lo pens\u00f3 dos veces e intent\u00f3 ayudarlo, pero entonces \u00e9l mismo cay\u00f3 y se vio atrapado en el lodo sin poder salir. Su familia lo report\u00f3 como desaparecido y horas m\u00e1s tarde su cuerpo sin vida fue hallado en un islote a un kil\u00f3metro del lugar donde ocurri\u00f3 el accidente, cuenta Abad.<\/p>\n<p class=\"p1\" style=\"text-align: justify;\">El fiscal de turno dispuso el levantamiento del cuerpo y fue trasladado a la morgue de la regi\u00f3n de\u00a0<strong>Arequipa<\/strong>, inform\u00f3 luego el gobernador regional, Zen\u00f3n Cuevas.<\/p>\n<p class=\"p1\" style=\"text-align: justify;\">\u00a0<\/p>\n<p class=\"p1\" style=\"text-align: justify;\"><strong>El ni\u00f1o h\u00e9roe de Ubinas<\/strong><\/p>\n<p class=\"p1\" style=\"text-align: justify;\"><strong><br \/><\/strong><\/p>\n<p class=\"p1\" style=\"text-align: justify;\"><strong>El ni\u00f1o h\u00e9roe<\/strong>, como se le ha considerado en<strong> Ubinas<\/strong>,<strong> <\/strong>era el tercero de seis hermanos, y viv\u00eda en el distrito de Ubinas en la provincia de S\u00e1nchez Cerro, regi\u00f3n\u00a0<a href=\"https:\/\/rpp.pe\/peru\/actualidad\/martin-vizcarra-se-ha-dispuesto-que-cada-ministro-tenga-como-responsabilidad-una-region-noticia-1180171\"><span class=\"s1\">Moquegua<\/span><\/a>. Cursaba el primer a\u00f1o de secundaria en la Instituci\u00f3n Educativa de Pillone. Su padre y su exprofesora lo recuerdan como un ni\u00f1o alegre, aplicado y solidario con sus compa\u00f1eros.<\/p>\n<p class=\"p1\" style=\"text-align: justify;\">\u00a0<\/p>\n<p class=\"p1\" style=\"text-align: justify;\"><strong>\u00abEra el m\u00e1s estudioso y destacado de todos mis hijos. Todos sus profesores siempre me felicitaban\u00bb<\/strong>, cont\u00f3 su padre al portal\u00a0<em>El Puerto Noticias<\/em>.<\/p>\n<p class=\"p1\" style=\"text-align: justify;\">En tanto, su profesora Gladys Abad quien le ense\u00f1\u00f3 durante los primeros grados de primaria, lo recuerda con cari\u00f1o porque \u201cera muy carism\u00e1tico, le gustaba compartir con sus compa\u00f1eros y a sus amigos tambi\u00e9n les gustaba estar con \u00e9l\u201d.<\/p>\n<p class=\"p1\" style=\"text-align: justify;\">\u00a0<\/p>\n<p class=\"p1\" style=\"text-align: justify;\">Seg\u00fan cont\u00f3 a\u00a0<em>RPP Noticias<\/em>, ayudaba a sus compa\u00f1eros en sus trabajos y los animaba cuando hab\u00eda concursos en su colegio. Es m\u00e1s,\u00a0<strong>lleg\u00f3 a ganar varias competencias de matem\u00e1ticas y ciencias<\/strong> a nivel distrital, provincial y regional.<\/p>\n<p style=\"text-align: justify;\">p.p1 {margin: 0.0px 0.0px 0.0px 0.0px; font: 12.0px Helvetica; color: #454545} span.s1 {text-decoration: underline ; color: #e4af09}<\/p>\n<p class=\"p1\" style=\"text-align: justify;\">La docente lo recuerda empe\u00f1oso y lament\u00f3 que tardara entre dos y tres horas en llegar al colegio, pero lo hac\u00eda \u00absiempre sonriente\u00bb. \u201cSu sue\u00f1o era contar con luz en todo el pueblo de Pillone, en [la provincia de] Candarave y sus caba\u00f1as, con internet y l\u00ednea telef\u00f3nica\u201d, agreg\u00f3 Abad, actual directora de la instituci\u00f3n.<\/p>\n<p class=\"p1\" style=\"text-align: justify;\">\u00a0<\/p>\n<p class=\"p1\" style=\"text-align: justify;\">Fuente: <strong><em><span style=\"text-decoration: underline;\">RPP<\/span><\/em><\/strong>.<\/p>\n<p class=\"p1\" style=\"text-align: justify;\">\u00a0<\/p>\n<p class=\"p1\" style=\"text-align: justify;\"><img decoding=\"async\" src=\"images\/stories\/ninoheore.jpg\" border=\"0\" \/><\/p>\n<p>p.p1 {margin: 0.0px 0.0px 0.0px 0.0px; font: 12.0px Helvetica; color: #454545} span.s1 {color: #e4af09}<\/p>\n","protected":false},"excerpt":{"rendered":"<p>(Aeronoticias).-\u00a0El ni\u00f1o de 12 a\u00f1os hab\u00eda ido a pastar sus alpacas junto a su hermano de ocho a\u00f1os, cuando un deslizamiento de lodo y piedras los sorprendi\u00f3. El m\u00e1s peque\u00f1o resbal\u00f3 y su hermano logr\u00f3 rescatarlo, pero luego no pudo salir. Esta es su historia de hero\u00edsmo en medio de la tragedia que atraviesa el [&hellip;]<\/p>\n","protected":false},"author":1,"featured_media":0,"comment_status":"open","ping_status":"open","sticky":false,"template":"","format":"standard","meta":{"tdm_status":"","tdm_grid_status":"","footnotes":""},"categories":[38],"tags":[],"class_list":{"0":"post-58061","1":"post","2":"type-post","3":"status-publish","4":"format-standard","6":"category-nacionales"},"yoast_head":"<!-- This site is optimized with the Yoast SEO plugin v25.1 - https:\/\/yoast.com\/wordpress\/plugins\/seo\/ -->\n<title>Moquegua: Ni\u00f1o h\u00e9roe muere al salvar a su hermano<\/title>\n<meta name=\"description\" content=\"Portal de noticias del Per\u00fa sobre el transporte a\u00e9reo, aviaci\u00f3n, turismo, hoteleria, actualidad.\" \/>\n<meta name=\"robots\" content=\"index, follow, max-snippet:-1, max-image-preview:large, max-video-preview:-1\" \/>\n<link rel=\"canonical\" href=\"https:\/\/aeronoticias.com.pe\/noticiero\/nacionales\/moquegua-nino-heroe-muere-al-salvar-a-su-hermano\/\" \/>\n<meta property=\"og:locale\" content=\"es_ES\" \/>\n<meta property=\"og:type\" content=\"article\" \/>\n<meta property=\"og:title\" content=\"Moquegua: Ni\u00f1o h\u00e9roe muere al salvar a su hermano\" \/>\n<meta property=\"og:description\" content=\"Portal de noticias del Per\u00fa sobre el transporte a\u00e9reo, aviaci\u00f3n, turismo, hoteleria, actualidad.\" \/>\n<meta property=\"og:url\" content=\"https:\/\/aeronoticias.com.pe\/noticiero\/nacionales\/moquegua-nino-heroe-muere-al-salvar-a-su-hermano\/\" \/>\n<meta property=\"og:site_name\" content=\"Aeronoticias.com.pe\" \/>\n<meta property=\"article:publisher\" content=\"https:\/\/www.facebook.com\/Aeronoticias.com.pe\/\" \/>\n<meta property=\"article:published_time\" content=\"2019-02-12T14:27:29+00:00\" \/>\n<meta name=\"author\" content=\"Redacci\u00f3n Aeronoticias\" \/>\n<meta name=\"twitter:card\" content=\"summary_large_image\" \/>\n<meta name=\"twitter:creator\" content=\"@aeronoticias\" \/>\n<meta name=\"twitter:site\" content=\"@aeronoticias\" \/>\n<meta name=\"twitter:label1\" content=\"Escrito por\" \/>\n\t<meta name=\"twitter:data1\" content=\"Redacci\u00f3n Aeronoticias\" \/>\n\t<meta name=\"twitter:label2\" content=\"Tiempo de lectura\" \/>\n\t<meta name=\"twitter:data2\" content=\"3 minutos\" \/>\n<script type=\"application\/ld+json\" class=\"yoast-schema-graph\">{\"@context\":\"https:\/\/schema.org\",\"@graph\":[{\"@type\":\"WebPage\",\"@id\":\"https:\/\/aeronoticias.com.pe\/noticiero\/nacionales\/moquegua-nino-heroe-muere-al-salvar-a-su-hermano\/\",\"url\":\"https:\/\/aeronoticias.com.pe\/noticiero\/nacionales\/moquegua-nino-heroe-muere-al-salvar-a-su-hermano\/\",\"name\":\"Moquegua: Ni\u00f1o h\u00e9roe muere al salvar a su hermano\",\"isPartOf\":{\"@id\":\"https:\/\/aeronoticias.com.pe\/noticiero\/#website\"},\"datePublished\":\"2019-02-12T14:27:29+00:00\",\"author\":{\"@id\":\"https:\/\/aeronoticias.com.pe\/noticiero\/#\/schema\/person\/fc1e5d578f4b62ba1cf7ac2bba1170a0\"},\"description\":\"Portal de noticias del Per\u00fa sobre el transporte a\u00e9reo, aviaci\u00f3n, turismo, hoteleria, actualidad.\",\"breadcrumb\":{\"@id\":\"https:\/\/aeronoticias.com.pe\/noticiero\/nacionales\/moquegua-nino-heroe-muere-al-salvar-a-su-hermano\/#breadcrumb\"},\"inLanguage\":\"es\",\"potentialAction\":[{\"@type\":\"ReadAction\",\"target\":[\"https:\/\/aeronoticias.com.pe\/noticiero\/nacionales\/moquegua-nino-heroe-muere-al-salvar-a-su-hermano\/\"]}]},{\"@type\":\"BreadcrumbList\",\"@id\":\"https:\/\/aeronoticias.com.pe\/noticiero\/nacionales\/moquegua-nino-heroe-muere-al-salvar-a-su-hermano\/#breadcrumb\",\"itemListElement\":[{\"@type\":\"ListItem\",\"position\":1,\"name\":\"Portada\",\"item\":\"https:\/\/aeronoticias.com.pe\/noticiero\/\"},{\"@type\":\"ListItem\",\"position\":2,\"name\":\"Moquegua: Ni\u00f1o h\u00e9roe muere al salvar a su hermano\"}]},{\"@type\":\"WebSite\",\"@id\":\"https:\/\/aeronoticias.com.pe\/noticiero\/#website\",\"url\":\"https:\/\/aeronoticias.com.pe\/noticiero\/\",\"name\":\"Aeronoticias.com.pe\",\"description\":\"Noticias de tranporte aereo, turismo, hoteles, gastronomia, actualidad, internacional\",\"potentialAction\":[{\"@type\":\"SearchAction\",\"target\":{\"@type\":\"EntryPoint\",\"urlTemplate\":\"https:\/\/aeronoticias.com.pe\/noticiero\/?s={search_term_string}\"},\"query-input\":{\"@type\":\"PropertyValueSpecification\",\"valueRequired\":true,\"valueName\":\"search_term_string\"}}],\"inLanguage\":\"es\"},{\"@type\":\"Person\",\"@id\":\"https:\/\/aeronoticias.com.pe\/noticiero\/#\/schema\/person\/fc1e5d578f4b62ba1cf7ac2bba1170a0\",\"name\":\"Redacci\u00f3n Aeronoticias\",\"url\":\"https:\/\/aeronoticias.com.pe\/noticiero\/author\/piloto\/\"}]}<\/script>\n<!-- \/ Yoast SEO plugin. -->","yoast_head_json":{"title":"Moquegua: Ni\u00f1o h\u00e9roe muere al salvar a su hermano","description":"Portal de noticias del Per\u00fa sobre el transporte a\u00e9reo, aviaci\u00f3n, turismo, hoteleria, actualidad.","robots":{"index":"index","follow":"follow","max-snippet":"max-snippet:-1","max-image-preview":"max-image-preview:large","max-video-preview":"max-video-preview:-1"},"canonical":"https:\/\/aeronoticias.com.pe\/noticiero\/nacionales\/moquegua-nino-heroe-muere-al-salvar-a-su-hermano\/","og_locale":"es_ES","og_type":"article","og_title":"Moquegua: Ni\u00f1o h\u00e9roe muere al salvar a su hermano","og_description":"Portal de noticias del Per\u00fa sobre el transporte a\u00e9reo, aviaci\u00f3n, turismo, hoteleria, actualidad.","og_url":"https:\/\/aeronoticias.com.pe\/noticiero\/nacionales\/moquegua-nino-heroe-muere-al-salvar-a-su-hermano\/","og_site_name":"Aeronoticias.com.pe","article_publisher":"https:\/\/www.facebook.com\/Aeronoticias.com.pe\/","article_published_time":"2019-02-12T14:27:29+00:00","author":"Redacci\u00f3n Aeronoticias","twitter_card":"summary_large_image","twitter_creator":"@aeronoticias","twitter_site":"@aeronoticias","twitter_misc":{"Escrito por":"Redacci\u00f3n Aeronoticias","Tiempo de lectura":"3 minutos"},"schema":{"@context":"https:\/\/schema.org","@graph":[{"@type":"WebPage","@id":"https:\/\/aeronoticias.com.pe\/noticiero\/nacionales\/moquegua-nino-heroe-muere-al-salvar-a-su-hermano\/","url":"https:\/\/aeronoticias.com.pe\/noticiero\/nacionales\/moquegua-nino-heroe-muere-al-salvar-a-su-hermano\/","name":"Moquegua: Ni\u00f1o h\u00e9roe muere al salvar a su hermano","isPartOf":{"@id":"https:\/\/aeronoticias.com.pe\/noticiero\/#website"},"datePublished":"2019-02-12T14:27:29+00:00","author":{"@id":"https:\/\/aeronoticias.com.pe\/noticiero\/#\/schema\/person\/fc1e5d578f4b62ba1cf7ac2bba1170a0"},"description":"Portal de noticias del Per\u00fa sobre el transporte a\u00e9reo, aviaci\u00f3n, turismo, hoteleria, actualidad.","breadcrumb":{"@id":"https:\/\/aeronoticias.com.pe\/noticiero\/nacionales\/moquegua-nino-heroe-muere-al-salvar-a-su-hermano\/#breadcrumb"},"inLanguage":"es","potentialAction":[{"@type":"ReadAction","target":["https:\/\/aeronoticias.com.pe\/noticiero\/nacionales\/moquegua-nino-heroe-muere-al-salvar-a-su-hermano\/"]}]},{"@type":"BreadcrumbList","@id":"https:\/\/aeronoticias.com.pe\/noticiero\/nacionales\/moquegua-nino-heroe-muere-al-salvar-a-su-hermano\/#breadcrumb","itemListElement":[{"@type":"ListItem","position":1,"name":"Portada","item":"https:\/\/aeronoticias.com.pe\/noticiero\/"},{"@type":"ListItem","position":2,"name":"Moquegua: Ni\u00f1o h\u00e9roe muere al salvar a su hermano"}]},{"@type":"WebSite","@id":"https:\/\/aeronoticias.com.pe\/noticiero\/#website","url":"https:\/\/aeronoticias.com.pe\/noticiero\/","name":"Aeronoticias.com.pe","description":"Noticias de tranporte aereo, turismo, hoteles, gastronomia, actualidad, internacional","potentialAction":[{"@type":"SearchAction","target":{"@type":"EntryPoint","urlTemplate":"https:\/\/aeronoticias.com.pe\/noticiero\/?s={search_term_string}"},"query-input":{"@type":"PropertyValueSpecification","valueRequired":true,"valueName":"search_term_string"}}],"inLanguage":"es"},{"@type":"Person","@id":"https:\/\/aeronoticias.com.pe\/noticiero\/#\/schema\/person\/fc1e5d578f4b62ba1cf7ac2bba1170a0","name":"Redacci\u00f3n Aeronoticias","url":"https:\/\/aeronoticias.com.pe\/noticiero\/author\/piloto\/"}]}},"_links":{"self":[{"href":"https:\/\/aeronoticias.com.pe\/noticiero\/wp-json\/wp\/v2\/posts\/58061","targetHints":{"allow":["GET"]}}],"collection":[{"href":"https:\/\/aeronoticias.com.pe\/noticiero\/wp-json\/wp\/v2\/posts"}],"about":[{"href":"https:\/\/aeronoticias.com.pe\/noticiero\/wp-json\/wp\/v2\/types\/post"}],"author":[{"embeddable":true,"href":"https:\/\/aeronoticias.com.pe\/noticiero\/wp-json\/wp\/v2\/users\/1"}],"replies":[{"embeddable":true,"href":"https:\/\/aeronoticias.com.pe\/noticiero\/wp-json\/wp\/v2\/comments?post=58061"}],"version-history":[{"count":0,"href":"https:\/\/aeronoticias.com.pe\/noticiero\/wp-json\/wp\/v2\/posts\/58061\/revisions"}],"wp:attachment":[{"href":"https:\/\/aeronoticias.com.pe\/noticiero\/wp-json\/wp\/v2\/media?parent=58061"}],"wp:term":[{"taxonomy":"category","embeddable":true,"href":"https:\/\/aeronoticias.com.pe\/noticiero\/wp-json\/wp\/v2\/categories?post=58061"},{"taxonomy":"post_tag","embeddable":true,"href":"https:\/\/aeronoticias.com.pe\/noticiero\/wp-json\/wp\/v2\/tags?post=58061"}],"curies":[{"name":"wp","href":"https:\/\/api.w.org\/{rel}","templated":true}]}}