{"id":58063,"date":"2019-02-12T14:43:05","date_gmt":"2019-02-12T14:43:05","guid":{"rendered":"http:\/\/desarrollo.mcvicious.com\/aero2020\/2019\/02\/12\/viva-aerobus-finalizara-la-reincorporacion-de-las-ocho-aeronaves\/"},"modified":"2019-02-12T14:43:05","modified_gmt":"2019-02-12T14:43:05","slug":"viva-aerobus-finalizara-la-reincorporacion-de-las-ocho-aeronaves","status":"publish","type":"post","link":"https:\/\/aeronoticias.com.pe\/noticiero\/transporte-aereo\/internacional\/viva-aerobus-finalizara-la-reincorporacion-de-las-ocho-aeronaves\/","title":{"rendered":"Viva Aerobus finalizar\u00e1 la reincorporaci\u00f3n de las ocho aeronaves"},"content":{"rendered":"<p style=\"text-align: justify;\"><strong>(Aeronoticias)<\/strong>.-\u00a0<span style=\"color: #454545; font-family: Helvetica; font-size: 12px;\">La aerol\u00ednea mexicana Viva Aerobus inform\u00f3 que <\/span><strong style=\"color: #454545; font-family: Helvetica; font-size: 12px;\">esta semana finalizar\u00e1 la reincorporaci\u00f3n de las ocho aeronaves<\/strong><span style=\"color: #454545; font-family: Helvetica; font-size: 12px;\"> que tuvo que mantener en tierra luego de que presentaran una alerta preventiva de seguridad.<\/span><\/p>\n<p class=\"p2\" style=\"text-align: justify;\"><strong><em>\u201cEstas 8 aeronaves se reintegran a la flota, asegurando lo que siempre nos ocup\u00f3: la seguridad total de nuestros pasajeros y de la tripulaci\u00f3n\u201d<\/em> inform\u00f3\u00a0Walfred Castro, director de comunicaci\u00f3n de la compa\u00f1\u00eda.<\/strong><\/p>\n<p class=\"p1\" style=\"text-align: justify;\">La l\u00ednea a\u00e9rea integr\u00f3\u00a0<strong>dos <\/strong>de sus aviones el pasado jueves 7 de febrero. Dos d\u00edas despu\u00e9s se incorporaron\u00a0<strong>dos <\/strong>m\u00e1s. Se tiene previsto que hoy, 12 de febrero, se reintegre\u00a0<strong>una <\/strong>m\u00e1s, y el pr\u00f3ximo jueves\u00a0<strong>dos<\/strong>, finalizando el s\u00e1bado con<strong> la \u00faltima aeronave.<\/strong><\/p>\n<p class=\"p1\" style=\"text-align: justify;\">Si bien la compa\u00f1\u00eda con sede en Monterrey explic\u00f3 a\u00a0<strong><em>A21 <\/em><\/strong>que a\u00fan no cuentan con un diagn\u00f3stico final de lo sucedido, estos aviones se reintegran a la operaci\u00f3n porque\u00a0<strong>las piezas con posibles fallas fueron reemplazadas<\/strong> por el fabricante de motores Pratt &amp;Whitney.<\/p>\n<p class=\"p1\" style=\"text-align: justify;\">Desde el pasado 25 de enero,\u00a0<strong>Viva mantuvo ocho aviones en tierra,<\/strong> luego de que presentaron una indicaci\u00f3n preventiva de seguridad, informada por el sistema electr\u00f3nico de monitoreo centralizado (ECAM). No obstante, contin\u00faan la investigaci\u00f3n ya que no se conoce la causa de este posible fallo.<\/p>\n<p class=\"p1\" style=\"text-align: justify;\">En relaci\u00f3n con las operaciones, el directivo resalt\u00f3 que la l\u00ednea a\u00e9rea\u00a0<strong>mantuvo a tiempo 736 vuelos<\/strong>, asimismo, se tomaron todas las medidas necesarias para atender a sus pasajeros, respondiendo de manera r\u00e1pida y eficaz, ya que en su mayor\u00eda, se les brind\u00f3 el servicio.<\/p>\n<p class=\"p1\" style=\"text-align: justify;\"><span style=\"font-size: 12.16px;\">Viva Aerobus transporta cerca de 30 mil viajeros diariamente en los m\u00e1s de 160 destinos que se operan, por tanto remarcan que la seguridad es lo m\u00e1s importante, finaliz\u00f3 el portavoz de la empresa de bajo costo.<\/span><\/p>\n<p class=\"p3\" style=\"text-align: justify;\">Fuente: <span style=\"text-decoration: underline;\"><em><strong>A21<\/strong><\/em><\/span>.<\/p>\n<p class=\"p3\" style=\"text-align: justify;\"><img decoding=\"async\" src=\"images\/stories\/viva aerobus.jpg\" border=\"0\" \/><\/p>\n<p> <!-- p.p1 {margin: 0.0px 0.0px 0.0px 0.0px; font: 12.0px Helvetica; color: #454545} p.p2 {margin: 0.0px 0.0px 2.0px 0.0px; font: 14.0px Helvetica; color: #454545} p.p3 {margin: 0.0px 0.0px 0.0px 0.0px; font: 12.0px Helvetica; color: #454545; min-height: 14.0px} --><\/p>\n","protected":false},"excerpt":{"rendered":"<p>(Aeronoticias).-\u00a0La aerol\u00ednea mexicana Viva Aerobus inform\u00f3 que esta semana finalizar\u00e1 la reincorporaci\u00f3n de las ocho aeronaves que tuvo que mantener en tierra luego de que presentaran una alerta preventiva de seguridad. \u201cEstas 8 aeronaves se reintegran a la flota, asegurando lo que siempre nos ocup\u00f3: la seguridad total de nuestros pasajeros y de la tripulaci\u00f3n\u201d [&hellip;]<\/p>\n","protected":false},"author":1,"featured_media":0,"comment_status":"open","ping_status":"open","sticky":false,"template":"","format":"standard","meta":{"tdm_status":"","tdm_grid_status":"","footnotes":""},"categories":[32],"tags":[],"class_list":{"0":"post-58063","1":"post","2":"type-post","3":"status-publish","4":"format-standard","6":"category-internacional"},"yoast_head":"<!-- This site is optimized with the Yoast SEO plugin v25.1 - https:\/\/yoast.com\/wordpress\/plugins\/seo\/ -->\n<title>Viva Aerobus finalizar\u00e1 la reincorporaci\u00f3n de las ocho aeronaves<\/title>\n<meta name=\"description\" content=\"Portal de noticias del Per\u00fa sobre el transporte a\u00e9reo, aviaci\u00f3n, turismo, hoteleria, actualidad.\" \/>\n<meta name=\"robots\" content=\"index, follow, max-snippet:-1, max-image-preview:large, max-video-preview:-1\" \/>\n<link rel=\"canonical\" href=\"https:\/\/aeronoticias.com.pe\/noticiero\/transporte-aereo\/internacional\/viva-aerobus-finalizara-la-reincorporacion-de-las-ocho-aeronaves\/\" \/>\n<meta property=\"og:locale\" content=\"es_ES\" \/>\n<meta property=\"og:type\" content=\"article\" \/>\n<meta property=\"og:title\" content=\"Viva Aerobus finalizar\u00e1 la reincorporaci\u00f3n de las ocho aeronaves\" \/>\n<meta property=\"og:description\" content=\"Portal de noticias del Per\u00fa sobre el transporte a\u00e9reo, aviaci\u00f3n, turismo, hoteleria, actualidad.\" \/>\n<meta property=\"og:url\" content=\"https:\/\/aeronoticias.com.pe\/noticiero\/transporte-aereo\/internacional\/viva-aerobus-finalizara-la-reincorporacion-de-las-ocho-aeronaves\/\" \/>\n<meta property=\"og:site_name\" content=\"Aeronoticias.com.pe\" \/>\n<meta property=\"article:publisher\" content=\"https:\/\/www.facebook.com\/Aeronoticias.com.pe\/\" \/>\n<meta property=\"article:published_time\" content=\"2019-02-12T14:43:05+00:00\" \/>\n<meta name=\"author\" content=\"Redacci\u00f3n Aeronoticias\" \/>\n<meta name=\"twitter:card\" content=\"summary_large_image\" \/>\n<meta name=\"twitter:creator\" content=\"@aeronoticias\" \/>\n<meta name=\"twitter:site\" content=\"@aeronoticias\" \/>\n<meta name=\"twitter:label1\" content=\"Escrito por\" \/>\n\t<meta name=\"twitter:data1\" content=\"Redacci\u00f3n Aeronoticias\" \/>\n\t<meta name=\"twitter:label2\" content=\"Tiempo de lectura\" \/>\n\t<meta name=\"twitter:data2\" content=\"2 minutos\" \/>\n<script type=\"application\/ld+json\" class=\"yoast-schema-graph\">{\"@context\":\"https:\/\/schema.org\",\"@graph\":[{\"@type\":\"WebPage\",\"@id\":\"https:\/\/aeronoticias.com.pe\/noticiero\/transporte-aereo\/internacional\/viva-aerobus-finalizara-la-reincorporacion-de-las-ocho-aeronaves\/\",\"url\":\"https:\/\/aeronoticias.com.pe\/noticiero\/transporte-aereo\/internacional\/viva-aerobus-finalizara-la-reincorporacion-de-las-ocho-aeronaves\/\",\"name\":\"Viva Aerobus finalizar\u00e1 la reincorporaci\u00f3n de las ocho aeronaves\",\"isPartOf\":{\"@id\":\"https:\/\/aeronoticias.com.pe\/noticiero\/#website\"},\"datePublished\":\"2019-02-12T14:43:05+00:00\",\"author\":{\"@id\":\"https:\/\/aeronoticias.com.pe\/noticiero\/#\/schema\/person\/fc1e5d578f4b62ba1cf7ac2bba1170a0\"},\"description\":\"Portal de noticias del Per\u00fa sobre el transporte a\u00e9reo, aviaci\u00f3n, turismo, hoteleria, actualidad.\",\"breadcrumb\":{\"@id\":\"https:\/\/aeronoticias.com.pe\/noticiero\/transporte-aereo\/internacional\/viva-aerobus-finalizara-la-reincorporacion-de-las-ocho-aeronaves\/#breadcrumb\"},\"inLanguage\":\"es\",\"potentialAction\":[{\"@type\":\"ReadAction\",\"target\":[\"https:\/\/aeronoticias.com.pe\/noticiero\/transporte-aereo\/internacional\/viva-aerobus-finalizara-la-reincorporacion-de-las-ocho-aeronaves\/\"]}]},{\"@type\":\"BreadcrumbList\",\"@id\":\"https:\/\/aeronoticias.com.pe\/noticiero\/transporte-aereo\/internacional\/viva-aerobus-finalizara-la-reincorporacion-de-las-ocho-aeronaves\/#breadcrumb\",\"itemListElement\":[{\"@type\":\"ListItem\",\"position\":1,\"name\":\"Portada\",\"item\":\"https:\/\/aeronoticias.com.pe\/noticiero\/\"},{\"@type\":\"ListItem\",\"position\":2,\"name\":\"Viva Aerobus finalizar\u00e1 la reincorporaci\u00f3n de las ocho aeronaves\"}]},{\"@type\":\"WebSite\",\"@id\":\"https:\/\/aeronoticias.com.pe\/noticiero\/#website\",\"url\":\"https:\/\/aeronoticias.com.pe\/noticiero\/\",\"name\":\"Aeronoticias.com.pe\",\"description\":\"Noticias de tranporte aereo, turismo, hoteles, gastronomia, actualidad, internacional\",\"potentialAction\":[{\"@type\":\"SearchAction\",\"target\":{\"@type\":\"EntryPoint\",\"urlTemplate\":\"https:\/\/aeronoticias.com.pe\/noticiero\/?s={search_term_string}\"},\"query-input\":{\"@type\":\"PropertyValueSpecification\",\"valueRequired\":true,\"valueName\":\"search_term_string\"}}],\"inLanguage\":\"es\"},{\"@type\":\"Person\",\"@id\":\"https:\/\/aeronoticias.com.pe\/noticiero\/#\/schema\/person\/fc1e5d578f4b62ba1cf7ac2bba1170a0\",\"name\":\"Redacci\u00f3n Aeronoticias\",\"url\":\"https:\/\/aeronoticias.com.pe\/noticiero\/author\/piloto\/\"}]}<\/script>\n<!-- \/ Yoast SEO plugin. -->","yoast_head_json":{"title":"Viva Aerobus finalizar\u00e1 la reincorporaci\u00f3n de las ocho aeronaves","description":"Portal de noticias del Per\u00fa sobre el transporte a\u00e9reo, aviaci\u00f3n, turismo, hoteleria, actualidad.","robots":{"index":"index","follow":"follow","max-snippet":"max-snippet:-1","max-image-preview":"max-image-preview:large","max-video-preview":"max-video-preview:-1"},"canonical":"https:\/\/aeronoticias.com.pe\/noticiero\/transporte-aereo\/internacional\/viva-aerobus-finalizara-la-reincorporacion-de-las-ocho-aeronaves\/","og_locale":"es_ES","og_type":"article","og_title":"Viva Aerobus finalizar\u00e1 la reincorporaci\u00f3n de las ocho aeronaves","og_description":"Portal de noticias del Per\u00fa sobre el transporte a\u00e9reo, aviaci\u00f3n, turismo, hoteleria, actualidad.","og_url":"https:\/\/aeronoticias.com.pe\/noticiero\/transporte-aereo\/internacional\/viva-aerobus-finalizara-la-reincorporacion-de-las-ocho-aeronaves\/","og_site_name":"Aeronoticias.com.pe","article_publisher":"https:\/\/www.facebook.com\/Aeronoticias.com.pe\/","article_published_time":"2019-02-12T14:43:05+00:00","author":"Redacci\u00f3n Aeronoticias","twitter_card":"summary_large_image","twitter_creator":"@aeronoticias","twitter_site":"@aeronoticias","twitter_misc":{"Escrito por":"Redacci\u00f3n Aeronoticias","Tiempo de lectura":"2 minutos"},"schema":{"@context":"https:\/\/schema.org","@graph":[{"@type":"WebPage","@id":"https:\/\/aeronoticias.com.pe\/noticiero\/transporte-aereo\/internacional\/viva-aerobus-finalizara-la-reincorporacion-de-las-ocho-aeronaves\/","url":"https:\/\/aeronoticias.com.pe\/noticiero\/transporte-aereo\/internacional\/viva-aerobus-finalizara-la-reincorporacion-de-las-ocho-aeronaves\/","name":"Viva Aerobus finalizar\u00e1 la reincorporaci\u00f3n de las ocho aeronaves","isPartOf":{"@id":"https:\/\/aeronoticias.com.pe\/noticiero\/#website"},"datePublished":"2019-02-12T14:43:05+00:00","author":{"@id":"https:\/\/aeronoticias.com.pe\/noticiero\/#\/schema\/person\/fc1e5d578f4b62ba1cf7ac2bba1170a0"},"description":"Portal de noticias del Per\u00fa sobre el transporte a\u00e9reo, aviaci\u00f3n, turismo, hoteleria, actualidad.","breadcrumb":{"@id":"https:\/\/aeronoticias.com.pe\/noticiero\/transporte-aereo\/internacional\/viva-aerobus-finalizara-la-reincorporacion-de-las-ocho-aeronaves\/#breadcrumb"},"inLanguage":"es","potentialAction":[{"@type":"ReadAction","target":["https:\/\/aeronoticias.com.pe\/noticiero\/transporte-aereo\/internacional\/viva-aerobus-finalizara-la-reincorporacion-de-las-ocho-aeronaves\/"]}]},{"@type":"BreadcrumbList","@id":"https:\/\/aeronoticias.com.pe\/noticiero\/transporte-aereo\/internacional\/viva-aerobus-finalizara-la-reincorporacion-de-las-ocho-aeronaves\/#breadcrumb","itemListElement":[{"@type":"ListItem","position":1,"name":"Portada","item":"https:\/\/aeronoticias.com.pe\/noticiero\/"},{"@type":"ListItem","position":2,"name":"Viva Aerobus finalizar\u00e1 la reincorporaci\u00f3n de las ocho aeronaves"}]},{"@type":"WebSite","@id":"https:\/\/aeronoticias.com.pe\/noticiero\/#website","url":"https:\/\/aeronoticias.com.pe\/noticiero\/","name":"Aeronoticias.com.pe","description":"Noticias de tranporte aereo, turismo, hoteles, gastronomia, actualidad, internacional","potentialAction":[{"@type":"SearchAction","target":{"@type":"EntryPoint","urlTemplate":"https:\/\/aeronoticias.com.pe\/noticiero\/?s={search_term_string}"},"query-input":{"@type":"PropertyValueSpecification","valueRequired":true,"valueName":"search_term_string"}}],"inLanguage":"es"},{"@type":"Person","@id":"https:\/\/aeronoticias.com.pe\/noticiero\/#\/schema\/person\/fc1e5d578f4b62ba1cf7ac2bba1170a0","name":"Redacci\u00f3n Aeronoticias","url":"https:\/\/aeronoticias.com.pe\/noticiero\/author\/piloto\/"}]}},"_links":{"self":[{"href":"https:\/\/aeronoticias.com.pe\/noticiero\/wp-json\/wp\/v2\/posts\/58063","targetHints":{"allow":["GET"]}}],"collection":[{"href":"https:\/\/aeronoticias.com.pe\/noticiero\/wp-json\/wp\/v2\/posts"}],"about":[{"href":"https:\/\/aeronoticias.com.pe\/noticiero\/wp-json\/wp\/v2\/types\/post"}],"author":[{"embeddable":true,"href":"https:\/\/aeronoticias.com.pe\/noticiero\/wp-json\/wp\/v2\/users\/1"}],"replies":[{"embeddable":true,"href":"https:\/\/aeronoticias.com.pe\/noticiero\/wp-json\/wp\/v2\/comments?post=58063"}],"version-history":[{"count":0,"href":"https:\/\/aeronoticias.com.pe\/noticiero\/wp-json\/wp\/v2\/posts\/58063\/revisions"}],"wp:attachment":[{"href":"https:\/\/aeronoticias.com.pe\/noticiero\/wp-json\/wp\/v2\/media?parent=58063"}],"wp:term":[{"taxonomy":"category","embeddable":true,"href":"https:\/\/aeronoticias.com.pe\/noticiero\/wp-json\/wp\/v2\/categories?post=58063"},{"taxonomy":"post_tag","embeddable":true,"href":"https:\/\/aeronoticias.com.pe\/noticiero\/wp-json\/wp\/v2\/tags?post=58063"}],"curies":[{"name":"wp","href":"https:\/\/api.w.org\/{rel}","templated":true}]}}