{"id":58091,"date":"2019-02-18T16:39:48","date_gmt":"2019-02-18T16:39:48","guid":{"rendered":"http:\/\/desarrollo.mcvicious.com\/aero2020\/2019\/02\/18\/quince-anos-de-crecimiento-en-latinoamerica-alta\/"},"modified":"2019-02-18T16:39:48","modified_gmt":"2019-02-18T16:39:48","slug":"quince-anos-de-crecimiento-en-latinoamerica-alta","status":"publish","type":"post","link":"https:\/\/aeronoticias.com.pe\/noticiero\/mundo\/mundo-mundo-2\/quince-anos-de-crecimiento-en-latinoamerica-alta\/","title":{"rendered":"Quince a\u00f1os de crecimiento en Latinoam\u00e9rica: ALTA"},"content":{"rendered":"<p style=\"text-align: justify;\"><strong>(Aeronoticias)<\/strong>.-\u00a0<span style=\"color: #454545; font-family: Helvetica; font-size: 12px;\">De acuerdo con la <\/span><strong style=\"color: #454545; font-family: Helvetica; font-size: 12px;\">Asociaci\u00f3n Latinoamericana y del Caribe de Transporte A\u00e9reo<\/strong><span style=\"color: #454545; font-family: Helvetica; font-size: 12px;\"> (<\/span><em style=\"color: #454545; font-family: Helvetica; font-size: 12px;\">ALTA<\/em><span style=\"color: #454545; font-family: Helvetica; font-size: 12px;\">), las aerol\u00edneas de la regi\u00f3n han tenido <\/span><strong style=\"color: #454545; font-family: Helvetica; font-size: 12px;\">quince a\u00f1os consecutivos de crecimiento en tr\u00e1fico de pasajeros<\/strong><span style=\"color: #454545; font-family: Helvetica; font-size: 12px;\">, y 2018 fue el mejor que han tenido desde 2015.<\/span><\/p>\n<p class=\"p1\" style=\"text-align: justify;\">En total,\u00a0<strong>la regi\u00f3n transport\u00f3 por v\u00eda a\u00e9rea poco m\u00e1s de 295 millones de personas,<\/strong> lo que implic\u00f3 un incremento de<strong> 5.7% <\/strong>con respecto al a\u00f1o previo.<\/p>\n<p class=\"p1\" style=\"text-align: justify;\">\u201cEsto confirma la recuperaci\u00f3n de la industria, con un crecimiento cercano a los cinco puntos porcentuales por encima de la econom\u00eda de la regi\u00f3n, donde el Producto Interno Bruto alcanz\u00f3 un alza de<em> 1.2%, comparado con 2017\u201d<\/em>, se\u00f1al\u00f3\u00a0<strong>Luis Felipe de Oliveira,<\/strong> presidente de la Asociaci\u00f3n.<\/p>\n<p class=\"p2\" style=\"text-align: justify;\">\u00a0<\/p>\n<p class=\"p1\" style=\"text-align: justify;\">En 2018, las aerol\u00edneas latinoamericanas transportaron\u00a0<strong>16 millones de pasajeros extra<\/strong>, de los cuales el\u00a0<strong>82%<\/strong> viaj\u00f3 en rutas del mercado intrarregional. Los pa\u00edses que acogieron el\u00a0<strong>90%<\/strong> del crecimiento durante el a\u00f1o pasado fueron\u00a0<strong>Brasil, M\u00e9xico, Argentina, Chile y Per\u00fa.<\/strong><\/p>\n<p class=\"p1\" style=\"text-align: justify;\">En el segmento dom\u00e9stico,\u00a0<strong>Chile<\/strong> tuvo un crecimiento del\u00a0<strong>16%<\/strong>, seguido de<strong> Argentina <\/strong>con\u00a0<strong>13%<\/strong> y\u00a0<strong>Per\u00fa<\/strong>con\u00a0<strong>12%<\/strong>.\u00a0<strong>M\u00e9xico <\/strong>tuvo un alza de\u00a0<strong>9.5%<\/strong>.<\/p>\n<p class=\"p1\" style=\"text-align: justify;\">\u00a0<\/p>\n<p class=\"p3\" style=\"text-align: justify;\"><strong>Estados Unidos sigue siendo el destino predilecto<\/strong><\/p>\n<p class=\"p3\" style=\"text-align: justify;\"><strong><br \/><\/strong><\/p>\n<p class=\"p1\" style=\"text-align: justify;\">En t\u00e9rminos absolutos de crecimiento,\u00a0<strong>Am\u00e9rica del Norte <\/strong>tuvo el incremento m\u00e1s importante de viajeros latinoamericanos. El tr\u00e1fico entre Estados Unidos y\u00a0<strong>Brasil creci\u00f3 34%<\/strong>, con\u00a0<strong>Guatemala 33%<\/strong> y con\u00a0<strong>M\u00e9xico 11.1%.<\/strong> Por su parte, las rutas\u00a0<strong>M\u00e9xico-Canad\u00e1<\/strong> tuvieron un alza del\u00a0<strong>33.5%<\/strong>.<\/p>\n<p class=\"p1\" style=\"text-align: justify;\">\u00a0<\/p>\n<p class=\"p1\" style=\"text-align: justify;\">En total, dos millones\u00a0<strong>321 mil pasajeros<\/strong> latinoamericanos viajaron a Am\u00e9rica del Norte, superando con creces a su m\u00e1s cercano competidor, Europa, que recibi\u00f3 396 mil pasajeros provenientes de las aerol\u00edneas de esta regi\u00f3n.<\/p>\n<p class=\"p1\" style=\"text-align: justify;\">\u00a0<\/p>\n<p class=\"p1\" style=\"text-align: justify;\">\u00c1frica fue la regi\u00f3n que tuvo el mayor incremento porcentual, al recibir 50.7% m\u00e1s de pasajeros que en 2017, seguida de Asia-Pac\u00edfico con 14.8%, Norteam\u00e9rica con 12% y Europa con 5.7%.<\/p>\n<p class=\"p1\" style=\"text-align: justify;\">\u00a0<\/p>\n<p class=\"p1\" style=\"text-align: justify;\">Finalmente, para 2019 se espera que las aerol\u00edneas de la regi\u00f3n sobrepasen la meta de 300 millones de pasajeros, dijo\u00a0<strong>De Oliveira.<\/strong><\/p>\n<p class=\"p1\" style=\"text-align: justify;\">\u00a0<\/p>\n<p class=\"p1\" style=\"text-align: justify;\">Fuente:<strong> <span style=\"text-decoration: underline;\"><em>A21.<\/em><\/span><\/strong><\/p>\n<p class=\"p1\" style=\"text-align: justify;\">\u00a0<\/p>\n<p class=\"p1\" style=\"text-align: justify;\"><strong><span style=\"text-decoration: underline;\"><em><img decoding=\"async\" src=\"images\/stories\/b5.jpg\" border=\"0\" \/><br \/><\/em><\/span><\/strong><\/p>\n<p> p.p1 {margin: 0.0px 0.0px 0.0px 0.0px; font: 12.0px Helvetica; color: #454545} p.p2 {margin: 0.0px 0.0px 0.0px 0.0px; font: 12.0px Helvetica; color: #454545; min-height: 14.0px} p.p3 {margin: 0.0px 0.0px 2.0px 0.0px; font: 14.0px Helvetica; color: #454545}<\/p>\n","protected":false},"excerpt":{"rendered":"<p>(Aeronoticias).-\u00a0De acuerdo con la Asociaci\u00f3n Latinoamericana y del Caribe de Transporte A\u00e9reo (ALTA), las aerol\u00edneas de la regi\u00f3n han tenido quince a\u00f1os consecutivos de crecimiento en tr\u00e1fico de pasajeros, y 2018 fue el mejor que han tenido desde 2015. En total,\u00a0la regi\u00f3n transport\u00f3 por v\u00eda a\u00e9rea poco m\u00e1s de 295 millones de personas, lo que [&hellip;]<\/p>\n","protected":false},"author":1,"featured_media":0,"comment_status":"open","ping_status":"open","sticky":false,"template":"","format":"standard","meta":{"tdm_status":"","tdm_grid_status":"","footnotes":""},"categories":[65],"tags":[],"class_list":{"0":"post-58091","1":"post","2":"type-post","3":"status-publish","4":"format-standard","6":"category-mundo-mundo-2"},"yoast_head":"<!-- This site is optimized with the Yoast SEO plugin v25.1 - https:\/\/yoast.com\/wordpress\/plugins\/seo\/ -->\n<title>Quince a\u00f1os de crecimiento en Latinoam\u00e9rica: ALTA<\/title>\n<meta name=\"description\" content=\"Portal de noticias del Per\u00fa sobre el transporte a\u00e9reo, aviaci\u00f3n, turismo, hoteleria, actualidad.\" \/>\n<meta name=\"robots\" content=\"index, follow, max-snippet:-1, max-image-preview:large, max-video-preview:-1\" \/>\n<link rel=\"canonical\" href=\"https:\/\/aeronoticias.com.pe\/noticiero\/mundo\/mundo-mundo-2\/quince-anos-de-crecimiento-en-latinoamerica-alta\/\" \/>\n<meta property=\"og:locale\" content=\"es_ES\" \/>\n<meta property=\"og:type\" content=\"article\" \/>\n<meta property=\"og:title\" content=\"Quince a\u00f1os de crecimiento en Latinoam\u00e9rica: ALTA\" \/>\n<meta property=\"og:description\" content=\"Portal de noticias del Per\u00fa sobre el transporte a\u00e9reo, aviaci\u00f3n, turismo, hoteleria, actualidad.\" \/>\n<meta property=\"og:url\" content=\"https:\/\/aeronoticias.com.pe\/noticiero\/mundo\/mundo-mundo-2\/quince-anos-de-crecimiento-en-latinoamerica-alta\/\" \/>\n<meta property=\"og:site_name\" content=\"Aeronoticias.com.pe\" \/>\n<meta property=\"article:publisher\" content=\"https:\/\/www.facebook.com\/Aeronoticias.com.pe\/\" \/>\n<meta property=\"article:published_time\" content=\"2019-02-18T16:39:48+00:00\" \/>\n<meta name=\"author\" content=\"Redacci\u00f3n Aeronoticias\" \/>\n<meta name=\"twitter:card\" content=\"summary_large_image\" \/>\n<meta name=\"twitter:creator\" content=\"@aeronoticias\" \/>\n<meta name=\"twitter:site\" content=\"@aeronoticias\" \/>\n<meta name=\"twitter:label1\" content=\"Escrito por\" \/>\n\t<meta name=\"twitter:data1\" content=\"Redacci\u00f3n Aeronoticias\" \/>\n\t<meta name=\"twitter:label2\" content=\"Tiempo de lectura\" \/>\n\t<meta name=\"twitter:data2\" content=\"2 minutos\" \/>\n<script type=\"application\/ld+json\" class=\"yoast-schema-graph\">{\"@context\":\"https:\/\/schema.org\",\"@graph\":[{\"@type\":\"WebPage\",\"@id\":\"https:\/\/aeronoticias.com.pe\/noticiero\/mundo\/mundo-mundo-2\/quince-anos-de-crecimiento-en-latinoamerica-alta\/\",\"url\":\"https:\/\/aeronoticias.com.pe\/noticiero\/mundo\/mundo-mundo-2\/quince-anos-de-crecimiento-en-latinoamerica-alta\/\",\"name\":\"Quince a\u00f1os de crecimiento en Latinoam\u00e9rica: ALTA\",\"isPartOf\":{\"@id\":\"https:\/\/aeronoticias.com.pe\/noticiero\/#website\"},\"datePublished\":\"2019-02-18T16:39:48+00:00\",\"author\":{\"@id\":\"https:\/\/aeronoticias.com.pe\/noticiero\/#\/schema\/person\/fc1e5d578f4b62ba1cf7ac2bba1170a0\"},\"description\":\"Portal de noticias del Per\u00fa sobre el transporte a\u00e9reo, aviaci\u00f3n, turismo, hoteleria, actualidad.\",\"breadcrumb\":{\"@id\":\"https:\/\/aeronoticias.com.pe\/noticiero\/mundo\/mundo-mundo-2\/quince-anos-de-crecimiento-en-latinoamerica-alta\/#breadcrumb\"},\"inLanguage\":\"es\",\"potentialAction\":[{\"@type\":\"ReadAction\",\"target\":[\"https:\/\/aeronoticias.com.pe\/noticiero\/mundo\/mundo-mundo-2\/quince-anos-de-crecimiento-en-latinoamerica-alta\/\"]}]},{\"@type\":\"BreadcrumbList\",\"@id\":\"https:\/\/aeronoticias.com.pe\/noticiero\/mundo\/mundo-mundo-2\/quince-anos-de-crecimiento-en-latinoamerica-alta\/#breadcrumb\",\"itemListElement\":[{\"@type\":\"ListItem\",\"position\":1,\"name\":\"Portada\",\"item\":\"https:\/\/aeronoticias.com.pe\/noticiero\/\"},{\"@type\":\"ListItem\",\"position\":2,\"name\":\"Quince a\u00f1os de crecimiento en Latinoam\u00e9rica: ALTA\"}]},{\"@type\":\"WebSite\",\"@id\":\"https:\/\/aeronoticias.com.pe\/noticiero\/#website\",\"url\":\"https:\/\/aeronoticias.com.pe\/noticiero\/\",\"name\":\"Aeronoticias.com.pe\",\"description\":\"Noticias de tranporte aereo, turismo, hoteles, gastronomia, actualidad, internacional\",\"potentialAction\":[{\"@type\":\"SearchAction\",\"target\":{\"@type\":\"EntryPoint\",\"urlTemplate\":\"https:\/\/aeronoticias.com.pe\/noticiero\/?s={search_term_string}\"},\"query-input\":{\"@type\":\"PropertyValueSpecification\",\"valueRequired\":true,\"valueName\":\"search_term_string\"}}],\"inLanguage\":\"es\"},{\"@type\":\"Person\",\"@id\":\"https:\/\/aeronoticias.com.pe\/noticiero\/#\/schema\/person\/fc1e5d578f4b62ba1cf7ac2bba1170a0\",\"name\":\"Redacci\u00f3n Aeronoticias\",\"url\":\"https:\/\/aeronoticias.com.pe\/noticiero\/author\/piloto\/\"}]}<\/script>\n<!-- \/ Yoast SEO plugin. -->","yoast_head_json":{"title":"Quince a\u00f1os de crecimiento en Latinoam\u00e9rica: ALTA","description":"Portal de noticias del Per\u00fa sobre el transporte a\u00e9reo, aviaci\u00f3n, turismo, hoteleria, actualidad.","robots":{"index":"index","follow":"follow","max-snippet":"max-snippet:-1","max-image-preview":"max-image-preview:large","max-video-preview":"max-video-preview:-1"},"canonical":"https:\/\/aeronoticias.com.pe\/noticiero\/mundo\/mundo-mundo-2\/quince-anos-de-crecimiento-en-latinoamerica-alta\/","og_locale":"es_ES","og_type":"article","og_title":"Quince a\u00f1os de crecimiento en Latinoam\u00e9rica: ALTA","og_description":"Portal de noticias del Per\u00fa sobre el transporte a\u00e9reo, aviaci\u00f3n, turismo, hoteleria, actualidad.","og_url":"https:\/\/aeronoticias.com.pe\/noticiero\/mundo\/mundo-mundo-2\/quince-anos-de-crecimiento-en-latinoamerica-alta\/","og_site_name":"Aeronoticias.com.pe","article_publisher":"https:\/\/www.facebook.com\/Aeronoticias.com.pe\/","article_published_time":"2019-02-18T16:39:48+00:00","author":"Redacci\u00f3n Aeronoticias","twitter_card":"summary_large_image","twitter_creator":"@aeronoticias","twitter_site":"@aeronoticias","twitter_misc":{"Escrito por":"Redacci\u00f3n Aeronoticias","Tiempo de lectura":"2 minutos"},"schema":{"@context":"https:\/\/schema.org","@graph":[{"@type":"WebPage","@id":"https:\/\/aeronoticias.com.pe\/noticiero\/mundo\/mundo-mundo-2\/quince-anos-de-crecimiento-en-latinoamerica-alta\/","url":"https:\/\/aeronoticias.com.pe\/noticiero\/mundo\/mundo-mundo-2\/quince-anos-de-crecimiento-en-latinoamerica-alta\/","name":"Quince a\u00f1os de crecimiento en Latinoam\u00e9rica: ALTA","isPartOf":{"@id":"https:\/\/aeronoticias.com.pe\/noticiero\/#website"},"datePublished":"2019-02-18T16:39:48+00:00","author":{"@id":"https:\/\/aeronoticias.com.pe\/noticiero\/#\/schema\/person\/fc1e5d578f4b62ba1cf7ac2bba1170a0"},"description":"Portal de noticias del Per\u00fa sobre el transporte a\u00e9reo, aviaci\u00f3n, turismo, hoteleria, actualidad.","breadcrumb":{"@id":"https:\/\/aeronoticias.com.pe\/noticiero\/mundo\/mundo-mundo-2\/quince-anos-de-crecimiento-en-latinoamerica-alta\/#breadcrumb"},"inLanguage":"es","potentialAction":[{"@type":"ReadAction","target":["https:\/\/aeronoticias.com.pe\/noticiero\/mundo\/mundo-mundo-2\/quince-anos-de-crecimiento-en-latinoamerica-alta\/"]}]},{"@type":"BreadcrumbList","@id":"https:\/\/aeronoticias.com.pe\/noticiero\/mundo\/mundo-mundo-2\/quince-anos-de-crecimiento-en-latinoamerica-alta\/#breadcrumb","itemListElement":[{"@type":"ListItem","position":1,"name":"Portada","item":"https:\/\/aeronoticias.com.pe\/noticiero\/"},{"@type":"ListItem","position":2,"name":"Quince a\u00f1os de crecimiento en Latinoam\u00e9rica: ALTA"}]},{"@type":"WebSite","@id":"https:\/\/aeronoticias.com.pe\/noticiero\/#website","url":"https:\/\/aeronoticias.com.pe\/noticiero\/","name":"Aeronoticias.com.pe","description":"Noticias de tranporte aereo, turismo, hoteles, gastronomia, actualidad, internacional","potentialAction":[{"@type":"SearchAction","target":{"@type":"EntryPoint","urlTemplate":"https:\/\/aeronoticias.com.pe\/noticiero\/?s={search_term_string}"},"query-input":{"@type":"PropertyValueSpecification","valueRequired":true,"valueName":"search_term_string"}}],"inLanguage":"es"},{"@type":"Person","@id":"https:\/\/aeronoticias.com.pe\/noticiero\/#\/schema\/person\/fc1e5d578f4b62ba1cf7ac2bba1170a0","name":"Redacci\u00f3n Aeronoticias","url":"https:\/\/aeronoticias.com.pe\/noticiero\/author\/piloto\/"}]}},"_links":{"self":[{"href":"https:\/\/aeronoticias.com.pe\/noticiero\/wp-json\/wp\/v2\/posts\/58091","targetHints":{"allow":["GET"]}}],"collection":[{"href":"https:\/\/aeronoticias.com.pe\/noticiero\/wp-json\/wp\/v2\/posts"}],"about":[{"href":"https:\/\/aeronoticias.com.pe\/noticiero\/wp-json\/wp\/v2\/types\/post"}],"author":[{"embeddable":true,"href":"https:\/\/aeronoticias.com.pe\/noticiero\/wp-json\/wp\/v2\/users\/1"}],"replies":[{"embeddable":true,"href":"https:\/\/aeronoticias.com.pe\/noticiero\/wp-json\/wp\/v2\/comments?post=58091"}],"version-history":[{"count":0,"href":"https:\/\/aeronoticias.com.pe\/noticiero\/wp-json\/wp\/v2\/posts\/58091\/revisions"}],"wp:attachment":[{"href":"https:\/\/aeronoticias.com.pe\/noticiero\/wp-json\/wp\/v2\/media?parent=58091"}],"wp:term":[{"taxonomy":"category","embeddable":true,"href":"https:\/\/aeronoticias.com.pe\/noticiero\/wp-json\/wp\/v2\/categories?post=58091"},{"taxonomy":"post_tag","embeddable":true,"href":"https:\/\/aeronoticias.com.pe\/noticiero\/wp-json\/wp\/v2\/tags?post=58091"}],"curies":[{"name":"wp","href":"https:\/\/api.w.org\/{rel}","templated":true}]}}