{"id":58094,"date":"2019-02-18T16:49:20","date_gmt":"2019-02-18T16:49:20","guid":{"rendered":"http:\/\/desarrollo.mcvicious.com\/aero2020\/2019\/02\/18\/cae-margen-operativo-de-aeromexico-pero-renueva-su-flota\/"},"modified":"2020-12-07T23:33:20","modified_gmt":"2020-12-08T04:33:20","slug":"cae-margen-operativo-de-aeromexico-pero-renueva-su-flota","status":"publish","type":"post","link":"https:\/\/aeronoticias.com.pe\/noticiero\/transporte-aereo\/internacional\/cae-margen-operativo-de-aeromexico-pero-renueva-su-flota\/","title":{"rendered":"Cae margen operativo de Aerom\u00e9xico, pero renueva su flota"},"content":{"rendered":"\n<p>Durante 2018, el margen operativo de <strong>Grupo Aerom\u00e9xico fue de nueve millones de pesos<\/strong>, lo que represent\u00f3 una ca\u00edda de 99.7% en comparaci\u00f3n con 2017, cuando obtuvo resultados positivos de<strong>tres mil 124 millones de pesos<\/strong>, seg\u00fan un informe de la compa\u00f1\u00eda.<\/p>\n\n\n\n<p class=\"p1\">Esta ca\u00edda se debe en parte al incremento de 20.6% (en comparativo interanual) de los gastos operativos del Grupo, que&nbsp;<strong>alcanzaron un costo de 70.3 mil millones de pesos<\/strong> y se vio afectado por diversas variables como el alza del precio de la turbosina y la devaluaci\u00f3n de la moneda mexicana.<\/p>\n\n\n\n<p class=\"p1\">Por ejemplo, con respecto al \u00faltimo trimestre de 2017,&nbsp;<strong>el peso mexicano se depreci\u00f3 4.4% en comparaci\u00f3n con el d\u00f3lar estadounidense, mientras que los costos del combustible incrementaron 28.1%<\/strong>, indic\u00f3 la compa\u00f1\u00eda.<\/p>\n\n\n\n<p class=\"p1\">Recordemos tambi\u00e9n que Grupo Aerom\u00e9xico tuvo un accidente a\u00e9reo durante 2018, cuando un&nbsp;<strong>E-190<\/strong> de su filial&nbsp;<strong>Connect <\/strong>cay\u00f3 en tierra poco despu\u00e9s de despegar del&nbsp;<strong>Aeropuerto Internacional de Durango<\/strong>, sin que se presentaran v\u00edctimas.<\/p>\n\n\n\n<p class=\"p1\">Estos factores influenciaron que la aerol\u00ednea del caballero \u00e1guila reportara una p\u00e9rdida neta de 1.9 mil millones de pesos, de acuerdo con los resultados financieros publicados por la propia aerol\u00ednea el pasado 12 de febrero.<\/p>\n\n\n\n<p class=\"p2\"><strong><em>Contin\u00faa renovando su flota<\/em><\/strong><\/p>\n\n\n\n<p class=\"p1\">A finales de 2017, Grupo Aerom\u00e9xico contaba con una flota operacional de 131 aeronaves, mientras que para finales de 2018, esta cifra se redujo a 130 (aunque hubo un momento, en el segundo trimestre, que mantuvo una flota de 133 aviones).<\/p>\n\n\n\n<p class=\"p1\">Actualmente, la flota operativa del Grupo tiene una edad promedio de 8.6 a\u00f1os, por otro lado,&nbsp;<strong>Boeing <\/strong>y&nbsp;<strong>Aerom\u00e9xico<\/strong> llegaron a un acuerdo en 2012 para la adquisici\u00f3n de 60 aviones 737 MAX 8 y 9, de los cuales apenas tienen 5. De la familia Dreamliner, a\u00fan tiene que recibir dos aviones m\u00e1s, como parte de su orden original de 19.<\/p>\n\n\n\n<p class=\"p1\">Esto se debe a que la aerol\u00ednea principal del Grupo, retir\u00f3 los \u00faltimos B777 que ten\u00eda para iniciar 2018, as\u00ed como tres B737-700 y dos B737-800. Por su parte, recibi\u00f3 dos nuevos&nbsp;<strong>B787 Dreamliner <\/strong>(para terminar con un total de 17 de estos aviones de fuselaje ancho) y cinco B737-8 MAX.<\/p>\n\n\n\n<p class=\"p1\">Por su parte, la filial de Grupo,&nbsp;<strong>Aerom\u00e9xico Connect<\/strong> inici\u00f3 el a\u00f1o con una flota de 13 E-170 y lo finaliz\u00f3 con 12; asimismo pas\u00f3 de 46 E-190 a 47 para el \u00faltimo trimestre de 2018, aunque en esta familia de aeronaves fue donde perdi\u00f3 una debido al accidente de Durango.<\/p>\n\n\n\n<p class=\"p1\">Fuente: <span style=\"text-decoration: underline;\"><em><strong>A21.<\/strong><\/em><\/span><\/p>\n","protected":false},"excerpt":{"rendered":"<p>Durante 2018, el margen operativo de Grupo Aerom\u00e9xico fue de nueve millones de pesos, lo que represent\u00f3 una ca\u00edda de 99.7% en comparaci\u00f3n con 2017, cuando obtuvo resultados positivos detres mil 124 millones de pesos, seg\u00fan un informe de la compa\u00f1\u00eda. Esta ca\u00edda se debe en parte al incremento de 20.6% (en comparativo interanual) de [&hellip;]<\/p>\n","protected":false},"author":1,"featured_media":67579,"comment_status":"open","ping_status":"open","sticky":false,"template":"","format":"standard","meta":{"tdm_status":"","tdm_grid_status":"","footnotes":""},"categories":[32,11],"tags":[224,341],"class_list":{"0":"post-58094","1":"post","2":"type-post","3":"status-publish","4":"format-standard","5":"has-post-thumbnail","7":"category-internacional","8":"category-transporte-aereo","9":"tag-aeromexico","10":"tag-grupo-aeromexico"},"yoast_head":"<!-- This site is optimized with the Yoast SEO plugin v25.1 - https:\/\/yoast.com\/wordpress\/plugins\/seo\/ -->\n<title>Cae margen operativo de Aerom\u00e9xico, pero renueva su flota<\/title>\n<meta name=\"description\" content=\"Durante 2018, el margen operativo de Grupo Aerom\u00e9xico fue de nueve millones de pesos, lo que represent\u00f3 una ca\u00edda de 99.7% en comparaci\u00f3n con 2017, cuando obtuvo resultados positivos detres mil 124 millones de pesos, seg\u00fan un informe de la compa\u00f1\u00eda.\" \/>\n<meta name=\"robots\" content=\"index, follow, max-snippet:-1, max-image-preview:large, max-video-preview:-1\" \/>\n<link rel=\"canonical\" href=\"https:\/\/aeronoticias.com.pe\/noticiero\/transporte-aereo\/internacional\/cae-margen-operativo-de-aeromexico-pero-renueva-su-flota\/\" \/>\n<meta property=\"og:locale\" content=\"es_ES\" \/>\n<meta property=\"og:type\" content=\"article\" \/>\n<meta property=\"og:title\" content=\"Cae margen operativo de Aerom\u00e9xico, pero renueva su flota\" \/>\n<meta property=\"og:description\" content=\"Durante 2018, el margen operativo de Grupo Aerom\u00e9xico fue de nueve millones de pesos, lo que represent\u00f3 una ca\u00edda de 99.7% en comparaci\u00f3n con 2017, cuando obtuvo resultados positivos detres mil 124 millones de pesos, seg\u00fan un informe de la compa\u00f1\u00eda.\" \/>\n<meta property=\"og:url\" content=\"https:\/\/aeronoticias.com.pe\/noticiero\/transporte-aereo\/internacional\/cae-margen-operativo-de-aeromexico-pero-renueva-su-flota\/\" \/>\n<meta property=\"og:site_name\" content=\"Aeronoticias.com.pe\" \/>\n<meta property=\"article:publisher\" content=\"https:\/\/www.facebook.com\/Aeronoticias.com.pe\/\" \/>\n<meta property=\"article:published_time\" content=\"2019-02-18T16:49:20+00:00\" \/>\n<meta property=\"article:modified_time\" content=\"2020-12-08T04:33:20+00:00\" \/>\n<meta property=\"og:image\" content=\"https:\/\/aeronoticias.com.pe\/noticiero\/wp-content\/uploads\/2019\/02\/aeromexico.jpg\" \/>\n\t<meta property=\"og:image:width\" content=\"1024\" \/>\n\t<meta property=\"og:image:height\" content=\"684\" \/>\n\t<meta property=\"og:image:type\" content=\"image\/jpeg\" \/>\n<meta name=\"author\" content=\"Redacci\u00f3n Aeronoticias\" \/>\n<meta name=\"twitter:card\" content=\"summary_large_image\" \/>\n<meta name=\"twitter:creator\" content=\"@aeronoticias\" \/>\n<meta name=\"twitter:site\" content=\"@aeronoticias\" \/>\n<meta name=\"twitter:label1\" content=\"Escrito por\" \/>\n\t<meta name=\"twitter:data1\" content=\"Redacci\u00f3n Aeronoticias\" \/>\n\t<meta name=\"twitter:label2\" content=\"Tiempo de lectura\" \/>\n\t<meta name=\"twitter:data2\" content=\"2 minutos\" \/>\n<script type=\"application\/ld+json\" class=\"yoast-schema-graph\">{\"@context\":\"https:\/\/schema.org\",\"@graph\":[{\"@type\":\"WebPage\",\"@id\":\"https:\/\/aeronoticias.com.pe\/noticiero\/transporte-aereo\/internacional\/cae-margen-operativo-de-aeromexico-pero-renueva-su-flota\/\",\"url\":\"https:\/\/aeronoticias.com.pe\/noticiero\/transporte-aereo\/internacional\/cae-margen-operativo-de-aeromexico-pero-renueva-su-flota\/\",\"name\":\"Cae margen operativo de Aerom\u00e9xico, pero renueva su flota\",\"isPartOf\":{\"@id\":\"https:\/\/aeronoticias.com.pe\/noticiero\/#website\"},\"primaryImageOfPage\":{\"@id\":\"https:\/\/aeronoticias.com.pe\/noticiero\/transporte-aereo\/internacional\/cae-margen-operativo-de-aeromexico-pero-renueva-su-flota\/#primaryimage\"},\"image\":{\"@id\":\"https:\/\/aeronoticias.com.pe\/noticiero\/transporte-aereo\/internacional\/cae-margen-operativo-de-aeromexico-pero-renueva-su-flota\/#primaryimage\"},\"thumbnailUrl\":\"https:\/\/aeronoticias.com.pe\/noticiero\/wp-content\/uploads\/2019\/02\/aeromexico.jpg\",\"datePublished\":\"2019-02-18T16:49:20+00:00\",\"dateModified\":\"2020-12-08T04:33:20+00:00\",\"author\":{\"@id\":\"https:\/\/aeronoticias.com.pe\/noticiero\/#\/schema\/person\/fc1e5d578f4b62ba1cf7ac2bba1170a0\"},\"description\":\"Durante 2018, el margen operativo de Grupo Aerom\u00e9xico fue de nueve millones de pesos, lo que represent\u00f3 una ca\u00edda de 99.7% en comparaci\u00f3n con 2017, cuando obtuvo resultados positivos detres mil 124 millones de pesos, seg\u00fan un informe de la compa\u00f1\u00eda.\",\"breadcrumb\":{\"@id\":\"https:\/\/aeronoticias.com.pe\/noticiero\/transporte-aereo\/internacional\/cae-margen-operativo-de-aeromexico-pero-renueva-su-flota\/#breadcrumb\"},\"inLanguage\":\"es\",\"potentialAction\":[{\"@type\":\"ReadAction\",\"target\":[\"https:\/\/aeronoticias.com.pe\/noticiero\/transporte-aereo\/internacional\/cae-margen-operativo-de-aeromexico-pero-renueva-su-flota\/\"]}]},{\"@type\":\"ImageObject\",\"inLanguage\":\"es\",\"@id\":\"https:\/\/aeronoticias.com.pe\/noticiero\/transporte-aereo\/internacional\/cae-margen-operativo-de-aeromexico-pero-renueva-su-flota\/#primaryimage\",\"url\":\"https:\/\/aeronoticias.com.pe\/noticiero\/wp-content\/uploads\/2019\/02\/aeromexico.jpg\",\"contentUrl\":\"https:\/\/aeronoticias.com.pe\/noticiero\/wp-content\/uploads\/2019\/02\/aeromexico.jpg\",\"width\":1024,\"height\":684},{\"@type\":\"BreadcrumbList\",\"@id\":\"https:\/\/aeronoticias.com.pe\/noticiero\/transporte-aereo\/internacional\/cae-margen-operativo-de-aeromexico-pero-renueva-su-flota\/#breadcrumb\",\"itemListElement\":[{\"@type\":\"ListItem\",\"position\":1,\"name\":\"Portada\",\"item\":\"https:\/\/aeronoticias.com.pe\/noticiero\/\"},{\"@type\":\"ListItem\",\"position\":2,\"name\":\"Cae margen operativo de Aerom\u00e9xico, pero renueva su flota\"}]},{\"@type\":\"WebSite\",\"@id\":\"https:\/\/aeronoticias.com.pe\/noticiero\/#website\",\"url\":\"https:\/\/aeronoticias.com.pe\/noticiero\/\",\"name\":\"Aeronoticias.com.pe\",\"description\":\"Noticias de tranporte aereo, turismo, hoteles, gastronomia, actualidad, internacional\",\"potentialAction\":[{\"@type\":\"SearchAction\",\"target\":{\"@type\":\"EntryPoint\",\"urlTemplate\":\"https:\/\/aeronoticias.com.pe\/noticiero\/?s={search_term_string}\"},\"query-input\":{\"@type\":\"PropertyValueSpecification\",\"valueRequired\":true,\"valueName\":\"search_term_string\"}}],\"inLanguage\":\"es\"},{\"@type\":\"Person\",\"@id\":\"https:\/\/aeronoticias.com.pe\/noticiero\/#\/schema\/person\/fc1e5d578f4b62ba1cf7ac2bba1170a0\",\"name\":\"Redacci\u00f3n Aeronoticias\",\"url\":\"https:\/\/aeronoticias.com.pe\/noticiero\/author\/piloto\/\"}]}<\/script>\n<!-- \/ Yoast SEO plugin. -->","yoast_head_json":{"title":"Cae margen operativo de Aerom\u00e9xico, pero renueva su flota","description":"Durante 2018, el margen operativo de Grupo Aerom\u00e9xico fue de nueve millones de pesos, lo que represent\u00f3 una ca\u00edda de 99.7% en comparaci\u00f3n con 2017, cuando obtuvo resultados positivos detres mil 124 millones de pesos, seg\u00fan un informe de la compa\u00f1\u00eda.","robots":{"index":"index","follow":"follow","max-snippet":"max-snippet:-1","max-image-preview":"max-image-preview:large","max-video-preview":"max-video-preview:-1"},"canonical":"https:\/\/aeronoticias.com.pe\/noticiero\/transporte-aereo\/internacional\/cae-margen-operativo-de-aeromexico-pero-renueva-su-flota\/","og_locale":"es_ES","og_type":"article","og_title":"Cae margen operativo de Aerom\u00e9xico, pero renueva su flota","og_description":"Durante 2018, el margen operativo de Grupo Aerom\u00e9xico fue de nueve millones de pesos, lo que represent\u00f3 una ca\u00edda de 99.7% en comparaci\u00f3n con 2017, cuando obtuvo resultados positivos detres mil 124 millones de pesos, seg\u00fan un informe de la compa\u00f1\u00eda.","og_url":"https:\/\/aeronoticias.com.pe\/noticiero\/transporte-aereo\/internacional\/cae-margen-operativo-de-aeromexico-pero-renueva-su-flota\/","og_site_name":"Aeronoticias.com.pe","article_publisher":"https:\/\/www.facebook.com\/Aeronoticias.com.pe\/","article_published_time":"2019-02-18T16:49:20+00:00","article_modified_time":"2020-12-08T04:33:20+00:00","og_image":[{"width":1024,"height":684,"url":"https:\/\/aeronoticias.com.pe\/noticiero\/wp-content\/uploads\/2019\/02\/aeromexico.jpg","type":"image\/jpeg"}],"author":"Redacci\u00f3n Aeronoticias","twitter_card":"summary_large_image","twitter_creator":"@aeronoticias","twitter_site":"@aeronoticias","twitter_misc":{"Escrito por":"Redacci\u00f3n Aeronoticias","Tiempo de lectura":"2 minutos"},"schema":{"@context":"https:\/\/schema.org","@graph":[{"@type":"WebPage","@id":"https:\/\/aeronoticias.com.pe\/noticiero\/transporte-aereo\/internacional\/cae-margen-operativo-de-aeromexico-pero-renueva-su-flota\/","url":"https:\/\/aeronoticias.com.pe\/noticiero\/transporte-aereo\/internacional\/cae-margen-operativo-de-aeromexico-pero-renueva-su-flota\/","name":"Cae margen operativo de Aerom\u00e9xico, pero renueva su flota","isPartOf":{"@id":"https:\/\/aeronoticias.com.pe\/noticiero\/#website"},"primaryImageOfPage":{"@id":"https:\/\/aeronoticias.com.pe\/noticiero\/transporte-aereo\/internacional\/cae-margen-operativo-de-aeromexico-pero-renueva-su-flota\/#primaryimage"},"image":{"@id":"https:\/\/aeronoticias.com.pe\/noticiero\/transporte-aereo\/internacional\/cae-margen-operativo-de-aeromexico-pero-renueva-su-flota\/#primaryimage"},"thumbnailUrl":"https:\/\/aeronoticias.com.pe\/noticiero\/wp-content\/uploads\/2019\/02\/aeromexico.jpg","datePublished":"2019-02-18T16:49:20+00:00","dateModified":"2020-12-08T04:33:20+00:00","author":{"@id":"https:\/\/aeronoticias.com.pe\/noticiero\/#\/schema\/person\/fc1e5d578f4b62ba1cf7ac2bba1170a0"},"description":"Durante 2018, el margen operativo de Grupo Aerom\u00e9xico fue de nueve millones de pesos, lo que represent\u00f3 una ca\u00edda de 99.7% en comparaci\u00f3n con 2017, cuando obtuvo resultados positivos detres mil 124 millones de pesos, seg\u00fan un informe de la compa\u00f1\u00eda.","breadcrumb":{"@id":"https:\/\/aeronoticias.com.pe\/noticiero\/transporte-aereo\/internacional\/cae-margen-operativo-de-aeromexico-pero-renueva-su-flota\/#breadcrumb"},"inLanguage":"es","potentialAction":[{"@type":"ReadAction","target":["https:\/\/aeronoticias.com.pe\/noticiero\/transporte-aereo\/internacional\/cae-margen-operativo-de-aeromexico-pero-renueva-su-flota\/"]}]},{"@type":"ImageObject","inLanguage":"es","@id":"https:\/\/aeronoticias.com.pe\/noticiero\/transporte-aereo\/internacional\/cae-margen-operativo-de-aeromexico-pero-renueva-su-flota\/#primaryimage","url":"https:\/\/aeronoticias.com.pe\/noticiero\/wp-content\/uploads\/2019\/02\/aeromexico.jpg","contentUrl":"https:\/\/aeronoticias.com.pe\/noticiero\/wp-content\/uploads\/2019\/02\/aeromexico.jpg","width":1024,"height":684},{"@type":"BreadcrumbList","@id":"https:\/\/aeronoticias.com.pe\/noticiero\/transporte-aereo\/internacional\/cae-margen-operativo-de-aeromexico-pero-renueva-su-flota\/#breadcrumb","itemListElement":[{"@type":"ListItem","position":1,"name":"Portada","item":"https:\/\/aeronoticias.com.pe\/noticiero\/"},{"@type":"ListItem","position":2,"name":"Cae margen operativo de Aerom\u00e9xico, pero renueva su flota"}]},{"@type":"WebSite","@id":"https:\/\/aeronoticias.com.pe\/noticiero\/#website","url":"https:\/\/aeronoticias.com.pe\/noticiero\/","name":"Aeronoticias.com.pe","description":"Noticias de tranporte aereo, turismo, hoteles, gastronomia, actualidad, internacional","potentialAction":[{"@type":"SearchAction","target":{"@type":"EntryPoint","urlTemplate":"https:\/\/aeronoticias.com.pe\/noticiero\/?s={search_term_string}"},"query-input":{"@type":"PropertyValueSpecification","valueRequired":true,"valueName":"search_term_string"}}],"inLanguage":"es"},{"@type":"Person","@id":"https:\/\/aeronoticias.com.pe\/noticiero\/#\/schema\/person\/fc1e5d578f4b62ba1cf7ac2bba1170a0","name":"Redacci\u00f3n Aeronoticias","url":"https:\/\/aeronoticias.com.pe\/noticiero\/author\/piloto\/"}]}},"_links":{"self":[{"href":"https:\/\/aeronoticias.com.pe\/noticiero\/wp-json\/wp\/v2\/posts\/58094","targetHints":{"allow":["GET"]}}],"collection":[{"href":"https:\/\/aeronoticias.com.pe\/noticiero\/wp-json\/wp\/v2\/posts"}],"about":[{"href":"https:\/\/aeronoticias.com.pe\/noticiero\/wp-json\/wp\/v2\/types\/post"}],"author":[{"embeddable":true,"href":"https:\/\/aeronoticias.com.pe\/noticiero\/wp-json\/wp\/v2\/users\/1"}],"replies":[{"embeddable":true,"href":"https:\/\/aeronoticias.com.pe\/noticiero\/wp-json\/wp\/v2\/comments?post=58094"}],"version-history":[{"count":0,"href":"https:\/\/aeronoticias.com.pe\/noticiero\/wp-json\/wp\/v2\/posts\/58094\/revisions"}],"wp:featuredmedia":[{"embeddable":true,"href":"https:\/\/aeronoticias.com.pe\/noticiero\/wp-json\/wp\/v2\/media\/67579"}],"wp:attachment":[{"href":"https:\/\/aeronoticias.com.pe\/noticiero\/wp-json\/wp\/v2\/media?parent=58094"}],"wp:term":[{"taxonomy":"category","embeddable":true,"href":"https:\/\/aeronoticias.com.pe\/noticiero\/wp-json\/wp\/v2\/categories?post=58094"},{"taxonomy":"post_tag","embeddable":true,"href":"https:\/\/aeronoticias.com.pe\/noticiero\/wp-json\/wp\/v2\/tags?post=58094"}],"curies":[{"name":"wp","href":"https:\/\/api.w.org\/{rel}","templated":true}]}}