{"id":58098,"date":"2019-02-19T16:55:16","date_gmt":"2019-02-19T16:55:16","guid":{"rendered":"http:\/\/desarrollo.mcvicious.com\/aero2020\/2019\/02\/19\/diario-la-republica-qaeropuerto-jorge-chavez-colapsaq\/"},"modified":"2019-02-19T16:55:16","modified_gmt":"2019-02-19T16:55:16","slug":"diario-la-republica-qaeropuerto-jorge-chavez-colapsaq","status":"publish","type":"post","link":"https:\/\/aeronoticias.com.pe\/noticiero\/nacionales\/diario-la-republica-qaeropuerto-jorge-chavez-colapsaq\/","title":{"rendered":"Diario La Rep\u00fablica: \u00abAeropuerto Jorge Ch\u00e1vez colapsa\u00bb"},"content":{"rendered":"<p style=\"text-align: justify;\"><strong>(Aeronoticias) <\/strong><span style=\"text-align: justify;\">El diario lime\u00f1o en su edici\u00f3n dominical del pasado domingo, adem\u00e1s de su portada, dedica dos p\u00e1ginas interiores ilustradas con sendas fotograf\u00edas y cuadros estad\u00edsticos para demostrar que el principal aeropuerto del Per\u00fa colapsa en medio del caos cotidiano en que se atienden pasajeros y aviones.<\/span><\/p>\n<p style=\"text-align: justify;\">Tal como Aeronoticias viene reclamando peri\u00f3dicamente por la urgente soluci\u00f3n\u00a0 a estos problemas aeroportuarios del Jorge Ch\u00e1vez es claramente evidente que mientras no se construya la segunda pista de aterrizaje continuaran los inconvenientes que afrontan diariamente\u00a0 las\u00a0 aerol\u00edneas y sus pasajeros.<\/p>\n<p style=\"text-align: justify;\">En este empe\u00f1o est\u00e1n comprometidos la concesionaria Lima Airport Partners (LAP), el Ministerio de Transportes y Comunicaciones (MTC), el Organismo Supervisor de la Inversi\u00f3n en Infraestructura de Transporte de Uso P\u00fablico (OSITRAN) y hasta el Poder Judicial que tiene que resolver el litigio con la familia Valle Skinner, heredera de los terrenos que en principio don\u00f3 el propietario Jos\u00e9 Valle cedi\u00f3 al MTC en 1961.<\/p>\n<p style=\"text-align: justify;\">A todo \u00e9sto voceros de la Corporaci\u00f3n Peruana de Aeropuertos y Aviaci\u00f3n Civil (CORPAC), se\u00f1alan que los problemas comenzaron el 2001 cuando el Estado otorg\u00f3 la concesi\u00f3n a LAP por 30 a\u00f1os, capaz\u00a0 de ampliarse por hasta por 60 a\u00f1os.<\/p>\n<p style=\"text-align: justify;\"><img decoding=\"async\" src=\"images\/stories\/19\/02\/190219\/jchavez1.jpg\" border=\"0\" \/><\/p>\n<p style=\"text-align: justify;\">\u00a0<\/p>\n<p style=\"text-align: justify;\">\u00a0<\/p>\n","protected":false},"excerpt":{"rendered":"<p>(Aeronoticias) El diario lime\u00f1o en su edici\u00f3n dominical del pasado domingo, adem\u00e1s de su portada, dedica dos p\u00e1ginas interiores ilustradas con sendas fotograf\u00edas y cuadros estad\u00edsticos para demostrar que el principal aeropuerto del Per\u00fa colapsa en medio del caos cotidiano en que se atienden pasajeros y aviones. Tal como Aeronoticias viene reclamando peri\u00f3dicamente por la [&hellip;]<\/p>\n","protected":false},"author":1,"featured_media":0,"comment_status":"open","ping_status":"open","sticky":false,"template":"","format":"standard","meta":{"tdm_status":"","tdm_grid_status":"","footnotes":""},"categories":[38],"tags":[],"class_list":{"0":"post-58098","1":"post","2":"type-post","3":"status-publish","4":"format-standard","6":"category-nacionales"},"yoast_head":"<!-- This site is optimized with the Yoast SEO plugin v25.1 - https:\/\/yoast.com\/wordpress\/plugins\/seo\/ -->\n<title>Diario La Rep\u00fablica: &quot;Aeropuerto Jorge Ch\u00e1vez colapsa&quot;<\/title>\n<meta name=\"description\" content=\"Portal de noticias del Per\u00fa sobre el transporte a\u00e9reo, aviaci\u00f3n, turismo, hoteleria, actualidad.\" \/>\n<meta name=\"robots\" content=\"index, follow, max-snippet:-1, max-image-preview:large, max-video-preview:-1\" \/>\n<link rel=\"canonical\" href=\"https:\/\/aeronoticias.com.pe\/noticiero\/nacionales\/diario-la-republica-qaeropuerto-jorge-chavez-colapsaq\/\" \/>\n<meta property=\"og:locale\" content=\"es_ES\" \/>\n<meta property=\"og:type\" content=\"article\" \/>\n<meta property=\"og:title\" content=\"Diario La Rep\u00fablica: &quot;Aeropuerto Jorge Ch\u00e1vez colapsa&quot;\" \/>\n<meta property=\"og:description\" content=\"Portal de noticias del Per\u00fa sobre el transporte a\u00e9reo, aviaci\u00f3n, turismo, hoteleria, actualidad.\" \/>\n<meta property=\"og:url\" content=\"https:\/\/aeronoticias.com.pe\/noticiero\/nacionales\/diario-la-republica-qaeropuerto-jorge-chavez-colapsaq\/\" \/>\n<meta property=\"og:site_name\" content=\"Aeronoticias.com.pe\" \/>\n<meta property=\"article:publisher\" content=\"https:\/\/www.facebook.com\/Aeronoticias.com.pe\/\" \/>\n<meta property=\"article:published_time\" content=\"2019-02-19T16:55:16+00:00\" \/>\n<meta name=\"author\" content=\"Redacci\u00f3n Aeronoticias\" \/>\n<meta name=\"twitter:card\" content=\"summary_large_image\" \/>\n<meta name=\"twitter:creator\" content=\"@aeronoticias\" \/>\n<meta name=\"twitter:site\" content=\"@aeronoticias\" \/>\n<meta name=\"twitter:label1\" content=\"Escrito por\" \/>\n\t<meta name=\"twitter:data1\" content=\"Redacci\u00f3n Aeronoticias\" \/>\n\t<meta name=\"twitter:label2\" content=\"Tiempo de lectura\" \/>\n\t<meta name=\"twitter:data2\" content=\"1 minuto\" \/>\n<script type=\"application\/ld+json\" class=\"yoast-schema-graph\">{\"@context\":\"https:\/\/schema.org\",\"@graph\":[{\"@type\":\"WebPage\",\"@id\":\"https:\/\/aeronoticias.com.pe\/noticiero\/nacionales\/diario-la-republica-qaeropuerto-jorge-chavez-colapsaq\/\",\"url\":\"https:\/\/aeronoticias.com.pe\/noticiero\/nacionales\/diario-la-republica-qaeropuerto-jorge-chavez-colapsaq\/\",\"name\":\"Diario La Rep\u00fablica: \\\"Aeropuerto Jorge Ch\u00e1vez colapsa\\\"\",\"isPartOf\":{\"@id\":\"https:\/\/aeronoticias.com.pe\/noticiero\/#website\"},\"datePublished\":\"2019-02-19T16:55:16+00:00\",\"author\":{\"@id\":\"https:\/\/aeronoticias.com.pe\/noticiero\/#\/schema\/person\/fc1e5d578f4b62ba1cf7ac2bba1170a0\"},\"description\":\"Portal de noticias del Per\u00fa sobre el transporte a\u00e9reo, aviaci\u00f3n, turismo, hoteleria, actualidad.\",\"breadcrumb\":{\"@id\":\"https:\/\/aeronoticias.com.pe\/noticiero\/nacionales\/diario-la-republica-qaeropuerto-jorge-chavez-colapsaq\/#breadcrumb\"},\"inLanguage\":\"es\",\"potentialAction\":[{\"@type\":\"ReadAction\",\"target\":[\"https:\/\/aeronoticias.com.pe\/noticiero\/nacionales\/diario-la-republica-qaeropuerto-jorge-chavez-colapsaq\/\"]}]},{\"@type\":\"BreadcrumbList\",\"@id\":\"https:\/\/aeronoticias.com.pe\/noticiero\/nacionales\/diario-la-republica-qaeropuerto-jorge-chavez-colapsaq\/#breadcrumb\",\"itemListElement\":[{\"@type\":\"ListItem\",\"position\":1,\"name\":\"Portada\",\"item\":\"https:\/\/aeronoticias.com.pe\/noticiero\/\"},{\"@type\":\"ListItem\",\"position\":2,\"name\":\"Diario La Rep\u00fablica: \u00abAeropuerto Jorge Ch\u00e1vez colapsa\u00bb\"}]},{\"@type\":\"WebSite\",\"@id\":\"https:\/\/aeronoticias.com.pe\/noticiero\/#website\",\"url\":\"https:\/\/aeronoticias.com.pe\/noticiero\/\",\"name\":\"Aeronoticias.com.pe\",\"description\":\"Noticias de tranporte aereo, turismo, hoteles, gastronomia, actualidad, internacional\",\"potentialAction\":[{\"@type\":\"SearchAction\",\"target\":{\"@type\":\"EntryPoint\",\"urlTemplate\":\"https:\/\/aeronoticias.com.pe\/noticiero\/?s={search_term_string}\"},\"query-input\":{\"@type\":\"PropertyValueSpecification\",\"valueRequired\":true,\"valueName\":\"search_term_string\"}}],\"inLanguage\":\"es\"},{\"@type\":\"Person\",\"@id\":\"https:\/\/aeronoticias.com.pe\/noticiero\/#\/schema\/person\/fc1e5d578f4b62ba1cf7ac2bba1170a0\",\"name\":\"Redacci\u00f3n Aeronoticias\",\"url\":\"https:\/\/aeronoticias.com.pe\/noticiero\/author\/piloto\/\"}]}<\/script>\n<!-- \/ Yoast SEO plugin. -->","yoast_head_json":{"title":"Diario La Rep\u00fablica: \"Aeropuerto Jorge Ch\u00e1vez colapsa\"","description":"Portal de noticias del Per\u00fa sobre el transporte a\u00e9reo, aviaci\u00f3n, turismo, hoteleria, actualidad.","robots":{"index":"index","follow":"follow","max-snippet":"max-snippet:-1","max-image-preview":"max-image-preview:large","max-video-preview":"max-video-preview:-1"},"canonical":"https:\/\/aeronoticias.com.pe\/noticiero\/nacionales\/diario-la-republica-qaeropuerto-jorge-chavez-colapsaq\/","og_locale":"es_ES","og_type":"article","og_title":"Diario La Rep\u00fablica: \"Aeropuerto Jorge Ch\u00e1vez colapsa\"","og_description":"Portal de noticias del Per\u00fa sobre el transporte a\u00e9reo, aviaci\u00f3n, turismo, hoteleria, actualidad.","og_url":"https:\/\/aeronoticias.com.pe\/noticiero\/nacionales\/diario-la-republica-qaeropuerto-jorge-chavez-colapsaq\/","og_site_name":"Aeronoticias.com.pe","article_publisher":"https:\/\/www.facebook.com\/Aeronoticias.com.pe\/","article_published_time":"2019-02-19T16:55:16+00:00","author":"Redacci\u00f3n Aeronoticias","twitter_card":"summary_large_image","twitter_creator":"@aeronoticias","twitter_site":"@aeronoticias","twitter_misc":{"Escrito por":"Redacci\u00f3n Aeronoticias","Tiempo de lectura":"1 minuto"},"schema":{"@context":"https:\/\/schema.org","@graph":[{"@type":"WebPage","@id":"https:\/\/aeronoticias.com.pe\/noticiero\/nacionales\/diario-la-republica-qaeropuerto-jorge-chavez-colapsaq\/","url":"https:\/\/aeronoticias.com.pe\/noticiero\/nacionales\/diario-la-republica-qaeropuerto-jorge-chavez-colapsaq\/","name":"Diario La Rep\u00fablica: \"Aeropuerto Jorge Ch\u00e1vez colapsa\"","isPartOf":{"@id":"https:\/\/aeronoticias.com.pe\/noticiero\/#website"},"datePublished":"2019-02-19T16:55:16+00:00","author":{"@id":"https:\/\/aeronoticias.com.pe\/noticiero\/#\/schema\/person\/fc1e5d578f4b62ba1cf7ac2bba1170a0"},"description":"Portal de noticias del Per\u00fa sobre el transporte a\u00e9reo, aviaci\u00f3n, turismo, hoteleria, actualidad.","breadcrumb":{"@id":"https:\/\/aeronoticias.com.pe\/noticiero\/nacionales\/diario-la-republica-qaeropuerto-jorge-chavez-colapsaq\/#breadcrumb"},"inLanguage":"es","potentialAction":[{"@type":"ReadAction","target":["https:\/\/aeronoticias.com.pe\/noticiero\/nacionales\/diario-la-republica-qaeropuerto-jorge-chavez-colapsaq\/"]}]},{"@type":"BreadcrumbList","@id":"https:\/\/aeronoticias.com.pe\/noticiero\/nacionales\/diario-la-republica-qaeropuerto-jorge-chavez-colapsaq\/#breadcrumb","itemListElement":[{"@type":"ListItem","position":1,"name":"Portada","item":"https:\/\/aeronoticias.com.pe\/noticiero\/"},{"@type":"ListItem","position":2,"name":"Diario La Rep\u00fablica: \u00abAeropuerto Jorge Ch\u00e1vez colapsa\u00bb"}]},{"@type":"WebSite","@id":"https:\/\/aeronoticias.com.pe\/noticiero\/#website","url":"https:\/\/aeronoticias.com.pe\/noticiero\/","name":"Aeronoticias.com.pe","description":"Noticias de tranporte aereo, turismo, hoteles, gastronomia, actualidad, internacional","potentialAction":[{"@type":"SearchAction","target":{"@type":"EntryPoint","urlTemplate":"https:\/\/aeronoticias.com.pe\/noticiero\/?s={search_term_string}"},"query-input":{"@type":"PropertyValueSpecification","valueRequired":true,"valueName":"search_term_string"}}],"inLanguage":"es"},{"@type":"Person","@id":"https:\/\/aeronoticias.com.pe\/noticiero\/#\/schema\/person\/fc1e5d578f4b62ba1cf7ac2bba1170a0","name":"Redacci\u00f3n Aeronoticias","url":"https:\/\/aeronoticias.com.pe\/noticiero\/author\/piloto\/"}]}},"_links":{"self":[{"href":"https:\/\/aeronoticias.com.pe\/noticiero\/wp-json\/wp\/v2\/posts\/58098","targetHints":{"allow":["GET"]}}],"collection":[{"href":"https:\/\/aeronoticias.com.pe\/noticiero\/wp-json\/wp\/v2\/posts"}],"about":[{"href":"https:\/\/aeronoticias.com.pe\/noticiero\/wp-json\/wp\/v2\/types\/post"}],"author":[{"embeddable":true,"href":"https:\/\/aeronoticias.com.pe\/noticiero\/wp-json\/wp\/v2\/users\/1"}],"replies":[{"embeddable":true,"href":"https:\/\/aeronoticias.com.pe\/noticiero\/wp-json\/wp\/v2\/comments?post=58098"}],"version-history":[{"count":0,"href":"https:\/\/aeronoticias.com.pe\/noticiero\/wp-json\/wp\/v2\/posts\/58098\/revisions"}],"wp:attachment":[{"href":"https:\/\/aeronoticias.com.pe\/noticiero\/wp-json\/wp\/v2\/media?parent=58098"}],"wp:term":[{"taxonomy":"category","embeddable":true,"href":"https:\/\/aeronoticias.com.pe\/noticiero\/wp-json\/wp\/v2\/categories?post=58098"},{"taxonomy":"post_tag","embeddable":true,"href":"https:\/\/aeronoticias.com.pe\/noticiero\/wp-json\/wp\/v2\/tags?post=58098"}],"curies":[{"name":"wp","href":"https:\/\/api.w.org\/{rel}","templated":true}]}}