{"id":58099,"date":"2019-02-19T16:57:37","date_gmt":"2019-02-19T16:57:37","guid":{"rendered":"http:\/\/desarrollo.mcvicious.com\/aero2020\/2019\/02\/19\/corpac-recibe-vuelo-inaugural-de-wayraperu-en-aeropuerto-de-huanuco\/"},"modified":"2020-12-07T23:17:39","modified_gmt":"2020-12-08T04:17:39","slug":"corpac-recibe-vuelo-inaugural-de-wayraperu-en-aeropuerto-de-huanuco","status":"publish","type":"post","link":"https:\/\/aeronoticias.com.pe\/noticiero\/transporte-aereo\/nacional\/corpac-recibe-vuelo-inaugural-de-wayraperu-en-aeropuerto-de-huanuco\/","title":{"rendered":"CORPAC recibe vuelo inaugural de WayraPeru en Aeropuerto de Hu\u00e1nuco"},"content":{"rendered":"\n<p><span style=\"text-align: justify;\">La Corporaci\u00f3n Peruana de Aeropuertos y Aviaci\u00f3n Comercial &#8211; CORPAC S.A., este jueves 14 recibi\u00f3 el primer vuelo de la empresa a\u00e9rea WayraPer\u00fa, en el aeropuerto \u201cAlf\u00e9rez FAP. David Figueroa Fernandini\u201d, de la ciudad de Hu\u00e1nuco, que permitir\u00e1 el crecimiento de la interconectividad de los pueblos de la regi\u00f3n e impulsar el desarrollo econ\u00f3mico, tur\u00edstico, social y cultural de la zona. <\/span><\/p>\n\n\n\n<p>Acompa\u00f1aron la llegada de este primer vuelo comercial los directivos de la empresa Wayra Per\u00fa, autoridades y funcionarios del Gobierno Regional de Hu\u00e1nuco, Municipalidad Provincial de Hu\u00e1nuco, asimismo, la poblaci\u00f3n en general tambi\u00e9n estuvo expectando este acontecimiento.<\/p>\n\n\n\n<p>Iv\u00e1n Besich, gerente general de CORPAC S.A, anunci\u00f3 que ante este ingreso, se continuar\u00e1 con las mejoras en los servicios aeroportuarios y aeron\u00e1uticos, en beneficio a los viajeros que transiten por esta sede aeroportuaria administrada por la empresa.&nbsp; Cabe resaltar que este terminal a\u00e9reo fue remodelado en junio de 2017 y cuenta con&nbsp; 2 salas reacondicionadas, con un moderno equipamiento y con una pista de aterrizaje y plataforma de aeronaves en \u00f3ptimas condiciones,&nbsp; entre otras mejoras realizadas.<\/p>\n\n\n\n<p>Siempre a la vanguardia de la tecnolog\u00eda en aras de brindar los mejores servicios a la aviaci\u00f3n comercial, CORPAC S.A. brinda a Wayraper\u00fa la m\u00e1s cordial bienvenida a nuestro aeropuerto de la ciudad del mejor clima del mundo y le desea \u00e9xitos en el desarrollo de sus operaciones, las mismas que nos ayudar\u00e1n a atender la creciente demanda del mercado.<\/p>\n","protected":false},"excerpt":{"rendered":"<p>La Corporaci\u00f3n Peruana de Aeropuertos y Aviaci\u00f3n Comercial &#8211; CORPAC S.A., este jueves 14 recibi\u00f3 el primer vuelo de la empresa a\u00e9rea WayraPer\u00fa, en el aeropuerto \u201cAlf\u00e9rez FAP. David Figueroa Fernandini\u201d, de la ciudad de Hu\u00e1nuco, que permitir\u00e1 el crecimiento de la interconectividad de los pueblos de la regi\u00f3n e impulsar el desarrollo econ\u00f3mico, tur\u00edstico, [&hellip;]<\/p>\n","protected":false},"author":1,"featured_media":67569,"comment_status":"open","ping_status":"open","sticky":false,"template":"","format":"standard","meta":{"tdm_status":"","tdm_grid_status":"","footnotes":""},"categories":[51,11],"tags":[1150,201,1149],"class_list":{"0":"post-58099","1":"post","2":"type-post","3":"status-publish","4":"format-standard","5":"has-post-thumbnail","7":"category-nacional","8":"category-transporte-aereo","9":"tag-aeropuerto-de-huanuco","10":"tag-corpac","11":"tag-wayraperu"},"yoast_head":"<!-- This site is optimized with the Yoast SEO plugin v25.1 - https:\/\/yoast.com\/wordpress\/plugins\/seo\/ -->\n<title>CORPAC recibe vuelo inaugural de WayraPeru en Aeropuerto de Hu\u00e1nuco<\/title>\n<meta name=\"description\" content=\"La Corporaci\u00f3n Peruana de Aeropuertos y Aviaci\u00f3n Comercial - CORPAC S.A., este jueves 14 recibi\u00f3 el primer vuelo de la empresa a\u00e9rea WayraPer\u00fa, en el aeropuerto \u201cAlf\u00e9rez FAP. David Figueroa Fernandini\u201d, de la ciudad de Hu\u00e1nuco, que permitir\u00e1 el crecimiento de la interconectividad de los pueblos de la regi\u00f3n e impulsar el desarrollo econ\u00f3mico, tur\u00edstico, social y cultural de la zona.\" \/>\n<meta name=\"robots\" content=\"index, follow, max-snippet:-1, max-image-preview:large, max-video-preview:-1\" \/>\n<link rel=\"canonical\" href=\"https:\/\/aeronoticias.com.pe\/noticiero\/transporte-aereo\/nacional\/corpac-recibe-vuelo-inaugural-de-wayraperu-en-aeropuerto-de-huanuco\/\" \/>\n<meta property=\"og:locale\" content=\"es_ES\" \/>\n<meta property=\"og:type\" content=\"article\" \/>\n<meta property=\"og:title\" content=\"CORPAC recibe vuelo inaugural de WayraPeru en Aeropuerto de Hu\u00e1nuco\" \/>\n<meta property=\"og:description\" content=\"La Corporaci\u00f3n Peruana de Aeropuertos y Aviaci\u00f3n Comercial - CORPAC S.A., este jueves 14 recibi\u00f3 el primer vuelo de la empresa a\u00e9rea WayraPer\u00fa, en el aeropuerto \u201cAlf\u00e9rez FAP. David Figueroa Fernandini\u201d, de la ciudad de Hu\u00e1nuco, que permitir\u00e1 el crecimiento de la interconectividad de los pueblos de la regi\u00f3n e impulsar el desarrollo econ\u00f3mico, tur\u00edstico, social y cultural de la zona.\" \/>\n<meta property=\"og:url\" content=\"https:\/\/aeronoticias.com.pe\/noticiero\/transporte-aereo\/nacional\/corpac-recibe-vuelo-inaugural-de-wayraperu-en-aeropuerto-de-huanuco\/\" \/>\n<meta property=\"og:site_name\" content=\"Aeronoticias.com.pe\" \/>\n<meta property=\"article:publisher\" content=\"https:\/\/www.facebook.com\/Aeronoticias.com.pe\/\" \/>\n<meta property=\"article:published_time\" content=\"2019-02-19T16:57:37+00:00\" \/>\n<meta property=\"article:modified_time\" content=\"2020-12-08T04:17:39+00:00\" \/>\n<meta property=\"og:image\" content=\"https:\/\/aeronoticias.com.pe\/noticiero\/wp-content\/uploads\/2019\/02\/aeropuerto-de-huanuco.jpg\" \/>\n\t<meta property=\"og:image:width\" content=\"900\" \/>\n\t<meta property=\"og:image:height\" content=\"600\" \/>\n\t<meta property=\"og:image:type\" content=\"image\/jpeg\" \/>\n<meta name=\"author\" content=\"Redacci\u00f3n Aeronoticias\" \/>\n<meta name=\"twitter:card\" content=\"summary_large_image\" \/>\n<meta name=\"twitter:creator\" content=\"@aeronoticias\" \/>\n<meta name=\"twitter:site\" content=\"@aeronoticias\" \/>\n<meta name=\"twitter:label1\" content=\"Escrito por\" \/>\n\t<meta name=\"twitter:data1\" content=\"Redacci\u00f3n Aeronoticias\" \/>\n\t<meta name=\"twitter:label2\" content=\"Tiempo de lectura\" \/>\n\t<meta name=\"twitter:data2\" content=\"1 minuto\" \/>\n<script type=\"application\/ld+json\" class=\"yoast-schema-graph\">{\"@context\":\"https:\/\/schema.org\",\"@graph\":[{\"@type\":\"WebPage\",\"@id\":\"https:\/\/aeronoticias.com.pe\/noticiero\/transporte-aereo\/nacional\/corpac-recibe-vuelo-inaugural-de-wayraperu-en-aeropuerto-de-huanuco\/\",\"url\":\"https:\/\/aeronoticias.com.pe\/noticiero\/transporte-aereo\/nacional\/corpac-recibe-vuelo-inaugural-de-wayraperu-en-aeropuerto-de-huanuco\/\",\"name\":\"CORPAC recibe vuelo inaugural de WayraPeru en Aeropuerto de Hu\u00e1nuco\",\"isPartOf\":{\"@id\":\"https:\/\/aeronoticias.com.pe\/noticiero\/#website\"},\"primaryImageOfPage\":{\"@id\":\"https:\/\/aeronoticias.com.pe\/noticiero\/transporte-aereo\/nacional\/corpac-recibe-vuelo-inaugural-de-wayraperu-en-aeropuerto-de-huanuco\/#primaryimage\"},\"image\":{\"@id\":\"https:\/\/aeronoticias.com.pe\/noticiero\/transporte-aereo\/nacional\/corpac-recibe-vuelo-inaugural-de-wayraperu-en-aeropuerto-de-huanuco\/#primaryimage\"},\"thumbnailUrl\":\"https:\/\/aeronoticias.com.pe\/noticiero\/wp-content\/uploads\/2019\/02\/aeropuerto-de-huanuco.jpg\",\"datePublished\":\"2019-02-19T16:57:37+00:00\",\"dateModified\":\"2020-12-08T04:17:39+00:00\",\"author\":{\"@id\":\"https:\/\/aeronoticias.com.pe\/noticiero\/#\/schema\/person\/fc1e5d578f4b62ba1cf7ac2bba1170a0\"},\"description\":\"La Corporaci\u00f3n Peruana de Aeropuertos y Aviaci\u00f3n Comercial - CORPAC S.A., este jueves 14 recibi\u00f3 el primer vuelo de la empresa a\u00e9rea WayraPer\u00fa, en el aeropuerto \u201cAlf\u00e9rez FAP. David Figueroa Fernandini\u201d, de la ciudad de Hu\u00e1nuco, que permitir\u00e1 el crecimiento de la interconectividad de los pueblos de la regi\u00f3n e impulsar el desarrollo econ\u00f3mico, tur\u00edstico, social y cultural de la zona.\",\"breadcrumb\":{\"@id\":\"https:\/\/aeronoticias.com.pe\/noticiero\/transporte-aereo\/nacional\/corpac-recibe-vuelo-inaugural-de-wayraperu-en-aeropuerto-de-huanuco\/#breadcrumb\"},\"inLanguage\":\"es\",\"potentialAction\":[{\"@type\":\"ReadAction\",\"target\":[\"https:\/\/aeronoticias.com.pe\/noticiero\/transporte-aereo\/nacional\/corpac-recibe-vuelo-inaugural-de-wayraperu-en-aeropuerto-de-huanuco\/\"]}]},{\"@type\":\"ImageObject\",\"inLanguage\":\"es\",\"@id\":\"https:\/\/aeronoticias.com.pe\/noticiero\/transporte-aereo\/nacional\/corpac-recibe-vuelo-inaugural-de-wayraperu-en-aeropuerto-de-huanuco\/#primaryimage\",\"url\":\"https:\/\/aeronoticias.com.pe\/noticiero\/wp-content\/uploads\/2019\/02\/aeropuerto-de-huanuco.jpg\",\"contentUrl\":\"https:\/\/aeronoticias.com.pe\/noticiero\/wp-content\/uploads\/2019\/02\/aeropuerto-de-huanuco.jpg\",\"width\":900,\"height\":600},{\"@type\":\"BreadcrumbList\",\"@id\":\"https:\/\/aeronoticias.com.pe\/noticiero\/transporte-aereo\/nacional\/corpac-recibe-vuelo-inaugural-de-wayraperu-en-aeropuerto-de-huanuco\/#breadcrumb\",\"itemListElement\":[{\"@type\":\"ListItem\",\"position\":1,\"name\":\"Portada\",\"item\":\"https:\/\/aeronoticias.com.pe\/noticiero\/\"},{\"@type\":\"ListItem\",\"position\":2,\"name\":\"CORPAC recibe vuelo inaugural de WayraPeru en Aeropuerto de Hu\u00e1nuco\"}]},{\"@type\":\"WebSite\",\"@id\":\"https:\/\/aeronoticias.com.pe\/noticiero\/#website\",\"url\":\"https:\/\/aeronoticias.com.pe\/noticiero\/\",\"name\":\"Aeronoticias.com.pe\",\"description\":\"Noticias de tranporte aereo, turismo, hoteles, gastronomia, actualidad, internacional\",\"potentialAction\":[{\"@type\":\"SearchAction\",\"target\":{\"@type\":\"EntryPoint\",\"urlTemplate\":\"https:\/\/aeronoticias.com.pe\/noticiero\/?s={search_term_string}\"},\"query-input\":{\"@type\":\"PropertyValueSpecification\",\"valueRequired\":true,\"valueName\":\"search_term_string\"}}],\"inLanguage\":\"es\"},{\"@type\":\"Person\",\"@id\":\"https:\/\/aeronoticias.com.pe\/noticiero\/#\/schema\/person\/fc1e5d578f4b62ba1cf7ac2bba1170a0\",\"name\":\"Redacci\u00f3n Aeronoticias\",\"url\":\"https:\/\/aeronoticias.com.pe\/noticiero\/author\/piloto\/\"}]}<\/script>\n<!-- \/ Yoast SEO plugin. -->","yoast_head_json":{"title":"CORPAC recibe vuelo inaugural de WayraPeru en Aeropuerto de Hu\u00e1nuco","description":"La Corporaci\u00f3n Peruana de Aeropuertos y Aviaci\u00f3n Comercial - CORPAC S.A., este jueves 14 recibi\u00f3 el primer vuelo de la empresa a\u00e9rea WayraPer\u00fa, en el aeropuerto \u201cAlf\u00e9rez FAP. David Figueroa Fernandini\u201d, de la ciudad de Hu\u00e1nuco, que permitir\u00e1 el crecimiento de la interconectividad de los pueblos de la regi\u00f3n e impulsar el desarrollo econ\u00f3mico, tur\u00edstico, social y cultural de la zona.","robots":{"index":"index","follow":"follow","max-snippet":"max-snippet:-1","max-image-preview":"max-image-preview:large","max-video-preview":"max-video-preview:-1"},"canonical":"https:\/\/aeronoticias.com.pe\/noticiero\/transporte-aereo\/nacional\/corpac-recibe-vuelo-inaugural-de-wayraperu-en-aeropuerto-de-huanuco\/","og_locale":"es_ES","og_type":"article","og_title":"CORPAC recibe vuelo inaugural de WayraPeru en Aeropuerto de Hu\u00e1nuco","og_description":"La Corporaci\u00f3n Peruana de Aeropuertos y Aviaci\u00f3n Comercial - CORPAC S.A., este jueves 14 recibi\u00f3 el primer vuelo de la empresa a\u00e9rea WayraPer\u00fa, en el aeropuerto \u201cAlf\u00e9rez FAP. David Figueroa Fernandini\u201d, de la ciudad de Hu\u00e1nuco, que permitir\u00e1 el crecimiento de la interconectividad de los pueblos de la regi\u00f3n e impulsar el desarrollo econ\u00f3mico, tur\u00edstico, social y cultural de la zona.","og_url":"https:\/\/aeronoticias.com.pe\/noticiero\/transporte-aereo\/nacional\/corpac-recibe-vuelo-inaugural-de-wayraperu-en-aeropuerto-de-huanuco\/","og_site_name":"Aeronoticias.com.pe","article_publisher":"https:\/\/www.facebook.com\/Aeronoticias.com.pe\/","article_published_time":"2019-02-19T16:57:37+00:00","article_modified_time":"2020-12-08T04:17:39+00:00","og_image":[{"width":900,"height":600,"url":"https:\/\/aeronoticias.com.pe\/noticiero\/wp-content\/uploads\/2019\/02\/aeropuerto-de-huanuco.jpg","type":"image\/jpeg"}],"author":"Redacci\u00f3n Aeronoticias","twitter_card":"summary_large_image","twitter_creator":"@aeronoticias","twitter_site":"@aeronoticias","twitter_misc":{"Escrito por":"Redacci\u00f3n Aeronoticias","Tiempo de lectura":"1 minuto"},"schema":{"@context":"https:\/\/schema.org","@graph":[{"@type":"WebPage","@id":"https:\/\/aeronoticias.com.pe\/noticiero\/transporte-aereo\/nacional\/corpac-recibe-vuelo-inaugural-de-wayraperu-en-aeropuerto-de-huanuco\/","url":"https:\/\/aeronoticias.com.pe\/noticiero\/transporte-aereo\/nacional\/corpac-recibe-vuelo-inaugural-de-wayraperu-en-aeropuerto-de-huanuco\/","name":"CORPAC recibe vuelo inaugural de WayraPeru en Aeropuerto de Hu\u00e1nuco","isPartOf":{"@id":"https:\/\/aeronoticias.com.pe\/noticiero\/#website"},"primaryImageOfPage":{"@id":"https:\/\/aeronoticias.com.pe\/noticiero\/transporte-aereo\/nacional\/corpac-recibe-vuelo-inaugural-de-wayraperu-en-aeropuerto-de-huanuco\/#primaryimage"},"image":{"@id":"https:\/\/aeronoticias.com.pe\/noticiero\/transporte-aereo\/nacional\/corpac-recibe-vuelo-inaugural-de-wayraperu-en-aeropuerto-de-huanuco\/#primaryimage"},"thumbnailUrl":"https:\/\/aeronoticias.com.pe\/noticiero\/wp-content\/uploads\/2019\/02\/aeropuerto-de-huanuco.jpg","datePublished":"2019-02-19T16:57:37+00:00","dateModified":"2020-12-08T04:17:39+00:00","author":{"@id":"https:\/\/aeronoticias.com.pe\/noticiero\/#\/schema\/person\/fc1e5d578f4b62ba1cf7ac2bba1170a0"},"description":"La Corporaci\u00f3n Peruana de Aeropuertos y Aviaci\u00f3n Comercial - CORPAC S.A., este jueves 14 recibi\u00f3 el primer vuelo de la empresa a\u00e9rea WayraPer\u00fa, en el aeropuerto \u201cAlf\u00e9rez FAP. David Figueroa Fernandini\u201d, de la ciudad de Hu\u00e1nuco, que permitir\u00e1 el crecimiento de la interconectividad de los pueblos de la regi\u00f3n e impulsar el desarrollo econ\u00f3mico, tur\u00edstico, social y cultural de la zona.","breadcrumb":{"@id":"https:\/\/aeronoticias.com.pe\/noticiero\/transporte-aereo\/nacional\/corpac-recibe-vuelo-inaugural-de-wayraperu-en-aeropuerto-de-huanuco\/#breadcrumb"},"inLanguage":"es","potentialAction":[{"@type":"ReadAction","target":["https:\/\/aeronoticias.com.pe\/noticiero\/transporte-aereo\/nacional\/corpac-recibe-vuelo-inaugural-de-wayraperu-en-aeropuerto-de-huanuco\/"]}]},{"@type":"ImageObject","inLanguage":"es","@id":"https:\/\/aeronoticias.com.pe\/noticiero\/transporte-aereo\/nacional\/corpac-recibe-vuelo-inaugural-de-wayraperu-en-aeropuerto-de-huanuco\/#primaryimage","url":"https:\/\/aeronoticias.com.pe\/noticiero\/wp-content\/uploads\/2019\/02\/aeropuerto-de-huanuco.jpg","contentUrl":"https:\/\/aeronoticias.com.pe\/noticiero\/wp-content\/uploads\/2019\/02\/aeropuerto-de-huanuco.jpg","width":900,"height":600},{"@type":"BreadcrumbList","@id":"https:\/\/aeronoticias.com.pe\/noticiero\/transporte-aereo\/nacional\/corpac-recibe-vuelo-inaugural-de-wayraperu-en-aeropuerto-de-huanuco\/#breadcrumb","itemListElement":[{"@type":"ListItem","position":1,"name":"Portada","item":"https:\/\/aeronoticias.com.pe\/noticiero\/"},{"@type":"ListItem","position":2,"name":"CORPAC recibe vuelo inaugural de WayraPeru en Aeropuerto de Hu\u00e1nuco"}]},{"@type":"WebSite","@id":"https:\/\/aeronoticias.com.pe\/noticiero\/#website","url":"https:\/\/aeronoticias.com.pe\/noticiero\/","name":"Aeronoticias.com.pe","description":"Noticias de tranporte aereo, turismo, hoteles, gastronomia, actualidad, internacional","potentialAction":[{"@type":"SearchAction","target":{"@type":"EntryPoint","urlTemplate":"https:\/\/aeronoticias.com.pe\/noticiero\/?s={search_term_string}"},"query-input":{"@type":"PropertyValueSpecification","valueRequired":true,"valueName":"search_term_string"}}],"inLanguage":"es"},{"@type":"Person","@id":"https:\/\/aeronoticias.com.pe\/noticiero\/#\/schema\/person\/fc1e5d578f4b62ba1cf7ac2bba1170a0","name":"Redacci\u00f3n Aeronoticias","url":"https:\/\/aeronoticias.com.pe\/noticiero\/author\/piloto\/"}]}},"_links":{"self":[{"href":"https:\/\/aeronoticias.com.pe\/noticiero\/wp-json\/wp\/v2\/posts\/58099","targetHints":{"allow":["GET"]}}],"collection":[{"href":"https:\/\/aeronoticias.com.pe\/noticiero\/wp-json\/wp\/v2\/posts"}],"about":[{"href":"https:\/\/aeronoticias.com.pe\/noticiero\/wp-json\/wp\/v2\/types\/post"}],"author":[{"embeddable":true,"href":"https:\/\/aeronoticias.com.pe\/noticiero\/wp-json\/wp\/v2\/users\/1"}],"replies":[{"embeddable":true,"href":"https:\/\/aeronoticias.com.pe\/noticiero\/wp-json\/wp\/v2\/comments?post=58099"}],"version-history":[{"count":0,"href":"https:\/\/aeronoticias.com.pe\/noticiero\/wp-json\/wp\/v2\/posts\/58099\/revisions"}],"wp:featuredmedia":[{"embeddable":true,"href":"https:\/\/aeronoticias.com.pe\/noticiero\/wp-json\/wp\/v2\/media\/67569"}],"wp:attachment":[{"href":"https:\/\/aeronoticias.com.pe\/noticiero\/wp-json\/wp\/v2\/media?parent=58099"}],"wp:term":[{"taxonomy":"category","embeddable":true,"href":"https:\/\/aeronoticias.com.pe\/noticiero\/wp-json\/wp\/v2\/categories?post=58099"},{"taxonomy":"post_tag","embeddable":true,"href":"https:\/\/aeronoticias.com.pe\/noticiero\/wp-json\/wp\/v2\/tags?post=58099"}],"curies":[{"name":"wp","href":"https:\/\/api.w.org\/{rel}","templated":true}]}}