{"id":58189,"date":"2019-03-10T03:38:52","date_gmt":"2019-03-10T03:38:52","guid":{"rendered":"http:\/\/desarrollo.mcvicious.com\/aero2020\/2019\/03\/10\/a-cinco-anos-de-su-desaparicion-el-misterio-del-mh370-continua\/"},"modified":"2020-12-05T18:47:43","modified_gmt":"2020-12-05T23:47:43","slug":"a-cinco-anos-de-su-desaparicion-el-misterio-del-mh370-continua","status":"publish","type":"post","link":"https:\/\/aeronoticias.com.pe\/noticiero\/transporte-aereo\/internacional\/a-cinco-anos-de-su-desaparicion-el-misterio-del-mh370-continua\/","title":{"rendered":"A cinco a\u00f1os de su desaparici\u00f3n, el misterio del MH370 contin\u00faa"},"content":{"rendered":"\n<p>El 8 de marzo de 2014, el vuelo MH370 de Malaysia Airlines despeg\u00f3 de Kuala Lumpur con destino a Pek\u00edn. Nunca lleg\u00f3.<\/p>\n\n\n\n<p>Las <em>239 personas que viajaban a bordo del B777 desaparecieron<\/em> sin que, a la fecha, nadie sepa qu\u00e9 fue de ellas.<\/p>\n\n\n\n<p class=\"p1\">De forma intermitente, los gobiernos de<strong> Malasia, Estados Unidos y Australia <\/strong>han realizado b\u00fasquedas exhaustivas para encontrar los restos de la aeronave sin que, hasta ahora, se tenga una hip\u00f3tesis plausible de qu\u00e9 le ocurri\u00f3.<\/p>\n\n\n\n<p class=\"p1\">Los a\u00f1os han dado paso a la especulaci\u00f3n: hay quien afirma haber encontrado la aeronave perdida utilizando<strong> Google Earth<\/strong> o quien apunta acusador hacia el&nbsp;<strong>piloto como el culpable del accidente.<\/strong><\/p>\n\n\n\n<p class=\"p1\">S\u00f3lo hay pocas pistas al respecto: desde su desaparici\u00f3n m\u00e1s de 30 piezas y restos que podr\u00edan haber formado parte de la aeronave han aparecido en las costas del&nbsp;<strong>oc\u00e9ano \u00cdndico<\/strong> pero, hasta ahora, s\u00f3lo tres han sido confirmadas como pertenecientes al MH370.<\/p>\n\n\n\n<p class=\"p1\"><strong>En julio de 2017<\/strong>, el gobierno malayo public\u00f3 el informe oficial -pero no final- sobre la desaparici\u00f3n del vuelo y lleg\u00f3 a la conclusi\u00f3n de que no se puede confirmar la causa y que s\u00f3lo se podr\u00e1 ser concluyentes si se llegan a encontrar los restos de la aeronave. Los equipos de b\u00fasqueda han rastreado un \u00e1rea superior a los&nbsp;<strong>120 mil kil\u00f3metros <\/strong>cuadrados, infructuosamente.<\/p>\n\n\n\n<p class=\"p1\">Lo que se sabe es que cuarenta minutos despu\u00e9s del despegue,&nbsp;<strong>la cabina del MH370<\/strong> termin\u00f3 su contacto con los controladores a\u00e9reos malasios y nunca entabl\u00f3 una conversaci\u00f3n con los vietnamitas. Jam\u00e1s emiti\u00f3 una se\u00f1al de socorro y sus&nbsp;<strong>localizadores<\/strong> dejaron de emitir datos.<\/p>\n\n\n\n<p class=\"p1\">Posteriormente, la aeronave se desvi\u00f3 de su ruta original, dirigi\u00e9ndose hacia el mar de&nbsp;<strong>Andam\u00e1n<\/strong>, al sur de<strong> Birmania<\/strong>. La \u00faltima posici\u00f3n conocida del&nbsp;<strong>MH370<\/strong> es al este de la bah\u00eda de&nbsp;<strong>Bengala<\/strong>, con direcci\u00f3n hacia el sur. Una hip\u00f3tesis se\u00f1ala que el vuelo pudo seguir durante otras seis horas hasta que se estrell\u00f3 por falta de combustible.<\/p>\n\n\n\n<p class=\"p1\">En la memoria reciente, s\u00f3lo hay otro caso similar de un vuelo que desapareci\u00f3 y tard\u00f3 varios a\u00f1os en ser localizado: el&nbsp;<strong>AF447 de Air France q<\/strong>ue cay\u00f3 en el oc\u00e9ano&nbsp;<strong>Atl\u00e1ntico el 1 de junio de 2009 con 228 personas a bordo y fue localizado en mayo de 2011.<\/strong><\/p>\n\n\n\n<p class=\"p1\">Fuente:<strong> <em><span style=\"text-decoration: underline;\">A21.<\/span><\/em><\/strong><\/p>\n","protected":false},"excerpt":{"rendered":"<p>El 8 de marzo de 2014, el vuelo MH370 de Malaysia Airlines despeg\u00f3 de Kuala Lumpur con destino a Pek\u00edn. Nunca lleg\u00f3. Las 239 personas que viajaban a bordo del B777 desaparecieron sin que, a la fecha, nadie sepa qu\u00e9 fue de ellas. De forma intermitente, los gobiernos de Malasia, Estados Unidos y Australia han [&hellip;]<\/p>\n","protected":false},"author":1,"featured_media":67415,"comment_status":"open","ping_status":"open","sticky":false,"template":"","format":"standard","meta":{"tdm_status":"","tdm_grid_status":"","footnotes":""},"categories":[32,11],"tags":[586,587],"class_list":{"0":"post-58189","1":"post","2":"type-post","3":"status-publish","4":"format-standard","5":"has-post-thumbnail","7":"category-internacional","8":"category-transporte-aereo","9":"tag-malaysia-airlines","10":"tag-mh370"},"yoast_head":"<!-- This site is optimized with the Yoast SEO plugin v25.1 - https:\/\/yoast.com\/wordpress\/plugins\/seo\/ -->\n<title>A cinco a\u00f1os de su desaparici\u00f3n, el misterio del MH370 contin\u00faa<\/title>\n<meta name=\"description\" content=\"El 8 de marzo de 2014, el vuelo MH370 de Malaysia Airlines despeg\u00f3 de Kuala Lumpur con destino a Pek\u00edn. Nunca lleg\u00f3.\" \/>\n<meta name=\"robots\" content=\"index, follow, max-snippet:-1, max-image-preview:large, max-video-preview:-1\" \/>\n<link rel=\"canonical\" href=\"https:\/\/aeronoticias.com.pe\/noticiero\/transporte-aereo\/internacional\/a-cinco-anos-de-su-desaparicion-el-misterio-del-mh370-continua\/\" \/>\n<meta property=\"og:locale\" content=\"es_ES\" \/>\n<meta property=\"og:type\" content=\"article\" \/>\n<meta property=\"og:title\" content=\"A cinco a\u00f1os de su desaparici\u00f3n, el misterio del MH370 contin\u00faa\" \/>\n<meta property=\"og:description\" content=\"El 8 de marzo de 2014, el vuelo MH370 de Malaysia Airlines despeg\u00f3 de Kuala Lumpur con destino a Pek\u00edn. Nunca lleg\u00f3.\" \/>\n<meta property=\"og:url\" content=\"https:\/\/aeronoticias.com.pe\/noticiero\/transporte-aereo\/internacional\/a-cinco-anos-de-su-desaparicion-el-misterio-del-mh370-continua\/\" \/>\n<meta property=\"og:site_name\" content=\"Aeronoticias.com.pe\" \/>\n<meta property=\"article:publisher\" content=\"https:\/\/www.facebook.com\/Aeronoticias.com.pe\/\" \/>\n<meta property=\"article:published_time\" content=\"2019-03-10T03:38:52+00:00\" \/>\n<meta property=\"article:modified_time\" content=\"2020-12-05T23:47:43+00:00\" \/>\n<meta property=\"og:image\" content=\"https:\/\/aeronoticias.com.pe\/noticiero\/wp-content\/uploads\/2019\/03\/MH370.jpg\" \/>\n\t<meta property=\"og:image:width\" content=\"1024\" \/>\n\t<meta property=\"og:image:height\" content=\"576\" \/>\n\t<meta property=\"og:image:type\" content=\"image\/jpeg\" \/>\n<meta name=\"author\" content=\"Redacci\u00f3n Aeronoticias\" \/>\n<meta name=\"twitter:card\" content=\"summary_large_image\" \/>\n<meta name=\"twitter:creator\" content=\"@aeronoticias\" \/>\n<meta name=\"twitter:site\" content=\"@aeronoticias\" \/>\n<meta name=\"twitter:label1\" content=\"Escrito por\" \/>\n\t<meta name=\"twitter:data1\" content=\"Redacci\u00f3n Aeronoticias\" \/>\n\t<meta name=\"twitter:label2\" content=\"Tiempo de lectura\" \/>\n\t<meta name=\"twitter:data2\" content=\"2 minutos\" \/>\n<script type=\"application\/ld+json\" class=\"yoast-schema-graph\">{\"@context\":\"https:\/\/schema.org\",\"@graph\":[{\"@type\":\"WebPage\",\"@id\":\"https:\/\/aeronoticias.com.pe\/noticiero\/transporte-aereo\/internacional\/a-cinco-anos-de-su-desaparicion-el-misterio-del-mh370-continua\/\",\"url\":\"https:\/\/aeronoticias.com.pe\/noticiero\/transporte-aereo\/internacional\/a-cinco-anos-de-su-desaparicion-el-misterio-del-mh370-continua\/\",\"name\":\"A cinco a\u00f1os de su desaparici\u00f3n, el misterio del MH370 contin\u00faa\",\"isPartOf\":{\"@id\":\"https:\/\/aeronoticias.com.pe\/noticiero\/#website\"},\"primaryImageOfPage\":{\"@id\":\"https:\/\/aeronoticias.com.pe\/noticiero\/transporte-aereo\/internacional\/a-cinco-anos-de-su-desaparicion-el-misterio-del-mh370-continua\/#primaryimage\"},\"image\":{\"@id\":\"https:\/\/aeronoticias.com.pe\/noticiero\/transporte-aereo\/internacional\/a-cinco-anos-de-su-desaparicion-el-misterio-del-mh370-continua\/#primaryimage\"},\"thumbnailUrl\":\"https:\/\/aeronoticias.com.pe\/noticiero\/wp-content\/uploads\/2019\/03\/MH370.jpg\",\"datePublished\":\"2019-03-10T03:38:52+00:00\",\"dateModified\":\"2020-12-05T23:47:43+00:00\",\"author\":{\"@id\":\"https:\/\/aeronoticias.com.pe\/noticiero\/#\/schema\/person\/fc1e5d578f4b62ba1cf7ac2bba1170a0\"},\"description\":\"El 8 de marzo de 2014, el vuelo MH370 de Malaysia Airlines despeg\u00f3 de Kuala Lumpur con destino a Pek\u00edn. Nunca lleg\u00f3.\",\"breadcrumb\":{\"@id\":\"https:\/\/aeronoticias.com.pe\/noticiero\/transporte-aereo\/internacional\/a-cinco-anos-de-su-desaparicion-el-misterio-del-mh370-continua\/#breadcrumb\"},\"inLanguage\":\"es\",\"potentialAction\":[{\"@type\":\"ReadAction\",\"target\":[\"https:\/\/aeronoticias.com.pe\/noticiero\/transporte-aereo\/internacional\/a-cinco-anos-de-su-desaparicion-el-misterio-del-mh370-continua\/\"]}]},{\"@type\":\"ImageObject\",\"inLanguage\":\"es\",\"@id\":\"https:\/\/aeronoticias.com.pe\/noticiero\/transporte-aereo\/internacional\/a-cinco-anos-de-su-desaparicion-el-misterio-del-mh370-continua\/#primaryimage\",\"url\":\"https:\/\/aeronoticias.com.pe\/noticiero\/wp-content\/uploads\/2019\/03\/MH370.jpg\",\"contentUrl\":\"https:\/\/aeronoticias.com.pe\/noticiero\/wp-content\/uploads\/2019\/03\/MH370.jpg\",\"width\":1024,\"height\":576},{\"@type\":\"BreadcrumbList\",\"@id\":\"https:\/\/aeronoticias.com.pe\/noticiero\/transporte-aereo\/internacional\/a-cinco-anos-de-su-desaparicion-el-misterio-del-mh370-continua\/#breadcrumb\",\"itemListElement\":[{\"@type\":\"ListItem\",\"position\":1,\"name\":\"Portada\",\"item\":\"https:\/\/aeronoticias.com.pe\/noticiero\/\"},{\"@type\":\"ListItem\",\"position\":2,\"name\":\"A cinco a\u00f1os de su desaparici\u00f3n, el misterio del MH370 contin\u00faa\"}]},{\"@type\":\"WebSite\",\"@id\":\"https:\/\/aeronoticias.com.pe\/noticiero\/#website\",\"url\":\"https:\/\/aeronoticias.com.pe\/noticiero\/\",\"name\":\"Aeronoticias.com.pe\",\"description\":\"Noticias de tranporte aereo, turismo, hoteles, gastronomia, actualidad, internacional\",\"potentialAction\":[{\"@type\":\"SearchAction\",\"target\":{\"@type\":\"EntryPoint\",\"urlTemplate\":\"https:\/\/aeronoticias.com.pe\/noticiero\/?s={search_term_string}\"},\"query-input\":{\"@type\":\"PropertyValueSpecification\",\"valueRequired\":true,\"valueName\":\"search_term_string\"}}],\"inLanguage\":\"es\"},{\"@type\":\"Person\",\"@id\":\"https:\/\/aeronoticias.com.pe\/noticiero\/#\/schema\/person\/fc1e5d578f4b62ba1cf7ac2bba1170a0\",\"name\":\"Redacci\u00f3n Aeronoticias\",\"url\":\"https:\/\/aeronoticias.com.pe\/noticiero\/author\/piloto\/\"}]}<\/script>\n<!-- \/ Yoast SEO plugin. -->","yoast_head_json":{"title":"A cinco a\u00f1os de su desaparici\u00f3n, el misterio del MH370 contin\u00faa","description":"El 8 de marzo de 2014, el vuelo MH370 de Malaysia Airlines despeg\u00f3 de Kuala Lumpur con destino a Pek\u00edn. Nunca lleg\u00f3.","robots":{"index":"index","follow":"follow","max-snippet":"max-snippet:-1","max-image-preview":"max-image-preview:large","max-video-preview":"max-video-preview:-1"},"canonical":"https:\/\/aeronoticias.com.pe\/noticiero\/transporte-aereo\/internacional\/a-cinco-anos-de-su-desaparicion-el-misterio-del-mh370-continua\/","og_locale":"es_ES","og_type":"article","og_title":"A cinco a\u00f1os de su desaparici\u00f3n, el misterio del MH370 contin\u00faa","og_description":"El 8 de marzo de 2014, el vuelo MH370 de Malaysia Airlines despeg\u00f3 de Kuala Lumpur con destino a Pek\u00edn. Nunca lleg\u00f3.","og_url":"https:\/\/aeronoticias.com.pe\/noticiero\/transporte-aereo\/internacional\/a-cinco-anos-de-su-desaparicion-el-misterio-del-mh370-continua\/","og_site_name":"Aeronoticias.com.pe","article_publisher":"https:\/\/www.facebook.com\/Aeronoticias.com.pe\/","article_published_time":"2019-03-10T03:38:52+00:00","article_modified_time":"2020-12-05T23:47:43+00:00","og_image":[{"width":1024,"height":576,"url":"https:\/\/aeronoticias.com.pe\/noticiero\/wp-content\/uploads\/2019\/03\/MH370.jpg","type":"image\/jpeg"}],"author":"Redacci\u00f3n Aeronoticias","twitter_card":"summary_large_image","twitter_creator":"@aeronoticias","twitter_site":"@aeronoticias","twitter_misc":{"Escrito por":"Redacci\u00f3n Aeronoticias","Tiempo de lectura":"2 minutos"},"schema":{"@context":"https:\/\/schema.org","@graph":[{"@type":"WebPage","@id":"https:\/\/aeronoticias.com.pe\/noticiero\/transporte-aereo\/internacional\/a-cinco-anos-de-su-desaparicion-el-misterio-del-mh370-continua\/","url":"https:\/\/aeronoticias.com.pe\/noticiero\/transporte-aereo\/internacional\/a-cinco-anos-de-su-desaparicion-el-misterio-del-mh370-continua\/","name":"A cinco a\u00f1os de su desaparici\u00f3n, el misterio del MH370 contin\u00faa","isPartOf":{"@id":"https:\/\/aeronoticias.com.pe\/noticiero\/#website"},"primaryImageOfPage":{"@id":"https:\/\/aeronoticias.com.pe\/noticiero\/transporte-aereo\/internacional\/a-cinco-anos-de-su-desaparicion-el-misterio-del-mh370-continua\/#primaryimage"},"image":{"@id":"https:\/\/aeronoticias.com.pe\/noticiero\/transporte-aereo\/internacional\/a-cinco-anos-de-su-desaparicion-el-misterio-del-mh370-continua\/#primaryimage"},"thumbnailUrl":"https:\/\/aeronoticias.com.pe\/noticiero\/wp-content\/uploads\/2019\/03\/MH370.jpg","datePublished":"2019-03-10T03:38:52+00:00","dateModified":"2020-12-05T23:47:43+00:00","author":{"@id":"https:\/\/aeronoticias.com.pe\/noticiero\/#\/schema\/person\/fc1e5d578f4b62ba1cf7ac2bba1170a0"},"description":"El 8 de marzo de 2014, el vuelo MH370 de Malaysia Airlines despeg\u00f3 de Kuala Lumpur con destino a Pek\u00edn. Nunca lleg\u00f3.","breadcrumb":{"@id":"https:\/\/aeronoticias.com.pe\/noticiero\/transporte-aereo\/internacional\/a-cinco-anos-de-su-desaparicion-el-misterio-del-mh370-continua\/#breadcrumb"},"inLanguage":"es","potentialAction":[{"@type":"ReadAction","target":["https:\/\/aeronoticias.com.pe\/noticiero\/transporte-aereo\/internacional\/a-cinco-anos-de-su-desaparicion-el-misterio-del-mh370-continua\/"]}]},{"@type":"ImageObject","inLanguage":"es","@id":"https:\/\/aeronoticias.com.pe\/noticiero\/transporte-aereo\/internacional\/a-cinco-anos-de-su-desaparicion-el-misterio-del-mh370-continua\/#primaryimage","url":"https:\/\/aeronoticias.com.pe\/noticiero\/wp-content\/uploads\/2019\/03\/MH370.jpg","contentUrl":"https:\/\/aeronoticias.com.pe\/noticiero\/wp-content\/uploads\/2019\/03\/MH370.jpg","width":1024,"height":576},{"@type":"BreadcrumbList","@id":"https:\/\/aeronoticias.com.pe\/noticiero\/transporte-aereo\/internacional\/a-cinco-anos-de-su-desaparicion-el-misterio-del-mh370-continua\/#breadcrumb","itemListElement":[{"@type":"ListItem","position":1,"name":"Portada","item":"https:\/\/aeronoticias.com.pe\/noticiero\/"},{"@type":"ListItem","position":2,"name":"A cinco a\u00f1os de su desaparici\u00f3n, el misterio del MH370 contin\u00faa"}]},{"@type":"WebSite","@id":"https:\/\/aeronoticias.com.pe\/noticiero\/#website","url":"https:\/\/aeronoticias.com.pe\/noticiero\/","name":"Aeronoticias.com.pe","description":"Noticias de tranporte aereo, turismo, hoteles, gastronomia, actualidad, internacional","potentialAction":[{"@type":"SearchAction","target":{"@type":"EntryPoint","urlTemplate":"https:\/\/aeronoticias.com.pe\/noticiero\/?s={search_term_string}"},"query-input":{"@type":"PropertyValueSpecification","valueRequired":true,"valueName":"search_term_string"}}],"inLanguage":"es"},{"@type":"Person","@id":"https:\/\/aeronoticias.com.pe\/noticiero\/#\/schema\/person\/fc1e5d578f4b62ba1cf7ac2bba1170a0","name":"Redacci\u00f3n Aeronoticias","url":"https:\/\/aeronoticias.com.pe\/noticiero\/author\/piloto\/"}]}},"_links":{"self":[{"href":"https:\/\/aeronoticias.com.pe\/noticiero\/wp-json\/wp\/v2\/posts\/58189","targetHints":{"allow":["GET"]}}],"collection":[{"href":"https:\/\/aeronoticias.com.pe\/noticiero\/wp-json\/wp\/v2\/posts"}],"about":[{"href":"https:\/\/aeronoticias.com.pe\/noticiero\/wp-json\/wp\/v2\/types\/post"}],"author":[{"embeddable":true,"href":"https:\/\/aeronoticias.com.pe\/noticiero\/wp-json\/wp\/v2\/users\/1"}],"replies":[{"embeddable":true,"href":"https:\/\/aeronoticias.com.pe\/noticiero\/wp-json\/wp\/v2\/comments?post=58189"}],"version-history":[{"count":0,"href":"https:\/\/aeronoticias.com.pe\/noticiero\/wp-json\/wp\/v2\/posts\/58189\/revisions"}],"wp:featuredmedia":[{"embeddable":true,"href":"https:\/\/aeronoticias.com.pe\/noticiero\/wp-json\/wp\/v2\/media\/67415"}],"wp:attachment":[{"href":"https:\/\/aeronoticias.com.pe\/noticiero\/wp-json\/wp\/v2\/media?parent=58189"}],"wp:term":[{"taxonomy":"category","embeddable":true,"href":"https:\/\/aeronoticias.com.pe\/noticiero\/wp-json\/wp\/v2\/categories?post=58189"},{"taxonomy":"post_tag","embeddable":true,"href":"https:\/\/aeronoticias.com.pe\/noticiero\/wp-json\/wp\/v2\/tags?post=58189"}],"curies":[{"name":"wp","href":"https:\/\/api.w.org\/{rel}","templated":true}]}}