{"id":58192,"date":"2019-03-11T12:56:53","date_gmt":"2019-03-11T12:56:53","guid":{"rendered":"http:\/\/desarrollo.mcvicious.com\/aero2020\/2019\/03\/11\/encontradas-las-dos-cajas-negras-del-avion-de-ethiopian-airlines-siniestrado-el-domingo\/"},"modified":"2020-12-05T19:17:37","modified_gmt":"2020-12-06T00:17:37","slug":"encontradas-las-dos-cajas-negras-del-avion-de-ethiopian-airlines-siniestrado-el-domingo","status":"publish","type":"post","link":"https:\/\/aeronoticias.com.pe\/noticiero\/transporte-aereo\/internacional\/encontradas-las-dos-cajas-negras-del-avion-de-ethiopian-airlines-siniestrado-el-domingo\/","title":{"rendered":"Encontradas las dos \u2018cajas negras\u2019 del avi\u00f3n de Ethiopian Airlines siniestrado el domingo"},"content":{"rendered":"\n<p>Las dos \u2018cajas negras\u2019 del avi\u00f3n Boeing 737 MAX 8 de Ethiopian Airlines que se estrell\u00f3 el domingo minutos despu\u00e9s de despegar del aeropuerto internacional de Ad\u00eds Abeba han sido encontradas por los investigadores que analizan el accidente a\u00e9reo, seg\u00fan ha informado la aerol\u00ednea et\u00edope.<\/p>\n\n\n\n<p class=\"p1\">\u201cEl Registrados Digital de Datos de Vuelo (DFDR) y la Grabadora de Voces en Cabina (CVR) del (vuelo) ET302 han sido recuperadas\u201d, ha anunciado Ethiopian Airlines en un mensaje publicado en su cuenta oficial de la red social Twitter.<\/p>\n\n\n\n<p class=\"p1\">La Grabadora de Voces en Cabina (CVR, por sus siglas en ingl\u00e9s) es el dispositivo que recoge las conversaciones en la cabina de la aeronave en los \u00faltimos minutos de vuelo, mientras que el Registrador Digital de Datos de Vuelo (DFDR) almacena los par\u00e1metros de vuelo de la aeronave hasta el momento del siniestro.<\/p>\n\n\n\n<p class=\"p1\">El avi\u00f3n se estrell\u00f3 el domingo minutos despu\u00e9s de haber despegado del aeropuerto de la capital et\u00edope con 157 personas a bordo, incluidos dos ciudadanos espa\u00f1oles. El avi\u00f3n siniestrado es del mismo modelo que se estrell\u00f3 el 29 de octubre de 2018 en el mar de Java minutos despu\u00e9s de haber despegado de Yakarta, acabando con la vida de las 189 personas que viajaban a bordo.<\/p>\n\n\n\n<p class=\"p1\">Minutos antes del siniestro a\u00e9reo en Etiop\u00eda, el piloto del vuelo de ET302 comunic\u00f3 a la torre de control que hab\u00eda sufrido un fallo y pidi\u00f3 permiso para volver a aterrizar en Ad\u00eds Abeba, recibiendo la autorizaci\u00f3n de los controladores, seg\u00fan explic\u00f3 el domingo por la tarde en rueda de prensa el consejero delegado de Ethiopian Airlines, Tewolde Gebremariam.<\/p>\n\n\n\n<p class=\"p1\">Ante la pregunta de si creen que el accidente podr\u00eda haber sido un sabotaje, las autoridades aeron\u00e1uticas et\u00edopes dijeron en esa misma comparecencia que no se descarta \u201cnada\u201d pero dejaron claro que no se pueden pronunciar todav\u00eda sobre la causa de la ca\u00edda del avi\u00f3n.<\/p>\n\n\n\n<p class=\"p1\">\u201cNo descartamos nada ni queremos atribuir la causa del accidente\u201d, se\u00f1alaron, antes de explicar que la investigaci\u00f3n la desarrollar\u00e1 la autoridad aeron\u00e1utica et\u00edope con la colaboraci\u00f3n del fabricante Boeing.<\/p>\n\n\n\n<p class=\"p1\">Fuente: <span style=\"text-decoration: underline;\"><em><strong>EuropaPress.<\/strong><\/em><\/span><\/p>\n","protected":false},"excerpt":{"rendered":"<p>Las dos \u2018cajas negras\u2019 del avi\u00f3n Boeing 737 MAX 8 de Ethiopian Airlines que se estrell\u00f3 el domingo minutos despu\u00e9s de despegar del aeropuerto internacional de Ad\u00eds Abeba han sido encontradas por los investigadores que analizan el accidente a\u00e9reo, seg\u00fan ha informado la aerol\u00ednea et\u00edope. \u201cEl Registrados Digital de Datos de Vuelo (DFDR) y la [&hellip;]<\/p>\n","protected":false},"author":1,"featured_media":67417,"comment_status":"open","ping_status":"open","sticky":false,"template":"","format":"standard","meta":{"tdm_status":"","tdm_grid_status":"","footnotes":""},"categories":[32,11],"tags":[290,603],"class_list":{"0":"post-58192","1":"post","2":"type-post","3":"status-publish","4":"format-standard","5":"has-post-thumbnail","7":"category-internacional","8":"category-transporte-aereo","9":"tag-cajas-negras","10":"tag-ethiopian-airlines"},"yoast_head":"<!-- This site is optimized with the Yoast SEO plugin v25.1 - https:\/\/yoast.com\/wordpress\/plugins\/seo\/ -->\n<title>Encontradas las dos \u2018cajas negras\u2019 del avi\u00f3n de Ethiopian Airlines siniestrado el domingo<\/title>\n<meta name=\"description\" content=\"Las dos \u2018cajas negras\u2019 del avi\u00f3n Boeing 737 MAX 8 de Ethiopian Airlines que se estrell\u00f3 el domingo minutos despu\u00e9s de despegar del aeropuerto internacional de Ad\u00eds Abeba han sido encontradas por los investigadores que analizan el accidente a\u00e9reo, seg\u00fan ha informado la aerol\u00ednea et\u00edope.\" \/>\n<meta name=\"robots\" content=\"index, follow, max-snippet:-1, max-image-preview:large, max-video-preview:-1\" \/>\n<link rel=\"canonical\" href=\"https:\/\/aeronoticias.com.pe\/noticiero\/transporte-aereo\/internacional\/encontradas-las-dos-cajas-negras-del-avion-de-ethiopian-airlines-siniestrado-el-domingo\/\" \/>\n<meta property=\"og:locale\" content=\"es_ES\" \/>\n<meta property=\"og:type\" content=\"article\" \/>\n<meta property=\"og:title\" content=\"Encontradas las dos \u2018cajas negras\u2019 del avi\u00f3n de Ethiopian Airlines siniestrado el domingo\" \/>\n<meta property=\"og:description\" content=\"Las dos \u2018cajas negras\u2019 del avi\u00f3n Boeing 737 MAX 8 de Ethiopian Airlines que se estrell\u00f3 el domingo minutos despu\u00e9s de despegar del aeropuerto internacional de Ad\u00eds Abeba han sido encontradas por los investigadores que analizan el accidente a\u00e9reo, seg\u00fan ha informado la aerol\u00ednea et\u00edope.\" \/>\n<meta property=\"og:url\" content=\"https:\/\/aeronoticias.com.pe\/noticiero\/transporte-aereo\/internacional\/encontradas-las-dos-cajas-negras-del-avion-de-ethiopian-airlines-siniestrado-el-domingo\/\" \/>\n<meta property=\"og:site_name\" content=\"Aeronoticias.com.pe\" \/>\n<meta property=\"article:publisher\" content=\"https:\/\/www.facebook.com\/Aeronoticias.com.pe\/\" \/>\n<meta property=\"article:published_time\" content=\"2019-03-11T12:56:53+00:00\" \/>\n<meta property=\"article:modified_time\" content=\"2020-12-06T00:17:37+00:00\" \/>\n<meta property=\"og:image\" content=\"https:\/\/aeronoticias.com.pe\/noticiero\/wp-content\/uploads\/2019\/03\/cajas-Ethiopian-Airlines.jpg\" \/>\n\t<meta property=\"og:image:width\" content=\"980\" \/>\n\t<meta property=\"og:image:height\" content=\"552\" \/>\n\t<meta property=\"og:image:type\" content=\"image\/jpeg\" \/>\n<meta name=\"author\" content=\"Redacci\u00f3n Aeronoticias\" \/>\n<meta name=\"twitter:card\" content=\"summary_large_image\" \/>\n<meta name=\"twitter:creator\" content=\"@aeronoticias\" \/>\n<meta name=\"twitter:site\" content=\"@aeronoticias\" \/>\n<meta name=\"twitter:label1\" content=\"Escrito por\" \/>\n\t<meta name=\"twitter:data1\" content=\"Redacci\u00f3n Aeronoticias\" \/>\n\t<meta name=\"twitter:label2\" content=\"Tiempo de lectura\" \/>\n\t<meta name=\"twitter:data2\" content=\"2 minutos\" \/>\n<script type=\"application\/ld+json\" class=\"yoast-schema-graph\">{\"@context\":\"https:\/\/schema.org\",\"@graph\":[{\"@type\":\"WebPage\",\"@id\":\"https:\/\/aeronoticias.com.pe\/noticiero\/transporte-aereo\/internacional\/encontradas-las-dos-cajas-negras-del-avion-de-ethiopian-airlines-siniestrado-el-domingo\/\",\"url\":\"https:\/\/aeronoticias.com.pe\/noticiero\/transporte-aereo\/internacional\/encontradas-las-dos-cajas-negras-del-avion-de-ethiopian-airlines-siniestrado-el-domingo\/\",\"name\":\"Encontradas las dos \u2018cajas negras\u2019 del avi\u00f3n de Ethiopian Airlines siniestrado el domingo\",\"isPartOf\":{\"@id\":\"https:\/\/aeronoticias.com.pe\/noticiero\/#website\"},\"primaryImageOfPage\":{\"@id\":\"https:\/\/aeronoticias.com.pe\/noticiero\/transporte-aereo\/internacional\/encontradas-las-dos-cajas-negras-del-avion-de-ethiopian-airlines-siniestrado-el-domingo\/#primaryimage\"},\"image\":{\"@id\":\"https:\/\/aeronoticias.com.pe\/noticiero\/transporte-aereo\/internacional\/encontradas-las-dos-cajas-negras-del-avion-de-ethiopian-airlines-siniestrado-el-domingo\/#primaryimage\"},\"thumbnailUrl\":\"https:\/\/aeronoticias.com.pe\/noticiero\/wp-content\/uploads\/2019\/03\/cajas-Ethiopian-Airlines.jpg\",\"datePublished\":\"2019-03-11T12:56:53+00:00\",\"dateModified\":\"2020-12-06T00:17:37+00:00\",\"author\":{\"@id\":\"https:\/\/aeronoticias.com.pe\/noticiero\/#\/schema\/person\/fc1e5d578f4b62ba1cf7ac2bba1170a0\"},\"description\":\"Las dos \u2018cajas negras\u2019 del avi\u00f3n Boeing 737 MAX 8 de Ethiopian Airlines que se estrell\u00f3 el domingo minutos despu\u00e9s de despegar del aeropuerto internacional de Ad\u00eds Abeba han sido encontradas por los investigadores que analizan el accidente a\u00e9reo, seg\u00fan ha informado la aerol\u00ednea et\u00edope.\",\"breadcrumb\":{\"@id\":\"https:\/\/aeronoticias.com.pe\/noticiero\/transporte-aereo\/internacional\/encontradas-las-dos-cajas-negras-del-avion-de-ethiopian-airlines-siniestrado-el-domingo\/#breadcrumb\"},\"inLanguage\":\"es\",\"potentialAction\":[{\"@type\":\"ReadAction\",\"target\":[\"https:\/\/aeronoticias.com.pe\/noticiero\/transporte-aereo\/internacional\/encontradas-las-dos-cajas-negras-del-avion-de-ethiopian-airlines-siniestrado-el-domingo\/\"]}]},{\"@type\":\"ImageObject\",\"inLanguage\":\"es\",\"@id\":\"https:\/\/aeronoticias.com.pe\/noticiero\/transporte-aereo\/internacional\/encontradas-las-dos-cajas-negras-del-avion-de-ethiopian-airlines-siniestrado-el-domingo\/#primaryimage\",\"url\":\"https:\/\/aeronoticias.com.pe\/noticiero\/wp-content\/uploads\/2019\/03\/cajas-Ethiopian-Airlines.jpg\",\"contentUrl\":\"https:\/\/aeronoticias.com.pe\/noticiero\/wp-content\/uploads\/2019\/03\/cajas-Ethiopian-Airlines.jpg\",\"width\":980,\"height\":552},{\"@type\":\"BreadcrumbList\",\"@id\":\"https:\/\/aeronoticias.com.pe\/noticiero\/transporte-aereo\/internacional\/encontradas-las-dos-cajas-negras-del-avion-de-ethiopian-airlines-siniestrado-el-domingo\/#breadcrumb\",\"itemListElement\":[{\"@type\":\"ListItem\",\"position\":1,\"name\":\"Portada\",\"item\":\"https:\/\/aeronoticias.com.pe\/noticiero\/\"},{\"@type\":\"ListItem\",\"position\":2,\"name\":\"Encontradas las dos \u2018cajas negras\u2019 del avi\u00f3n de Ethiopian Airlines siniestrado el domingo\"}]},{\"@type\":\"WebSite\",\"@id\":\"https:\/\/aeronoticias.com.pe\/noticiero\/#website\",\"url\":\"https:\/\/aeronoticias.com.pe\/noticiero\/\",\"name\":\"Aeronoticias.com.pe\",\"description\":\"Noticias de tranporte aereo, turismo, hoteles, gastronomia, actualidad, internacional\",\"potentialAction\":[{\"@type\":\"SearchAction\",\"target\":{\"@type\":\"EntryPoint\",\"urlTemplate\":\"https:\/\/aeronoticias.com.pe\/noticiero\/?s={search_term_string}\"},\"query-input\":{\"@type\":\"PropertyValueSpecification\",\"valueRequired\":true,\"valueName\":\"search_term_string\"}}],\"inLanguage\":\"es\"},{\"@type\":\"Person\",\"@id\":\"https:\/\/aeronoticias.com.pe\/noticiero\/#\/schema\/person\/fc1e5d578f4b62ba1cf7ac2bba1170a0\",\"name\":\"Redacci\u00f3n Aeronoticias\",\"url\":\"https:\/\/aeronoticias.com.pe\/noticiero\/author\/piloto\/\"}]}<\/script>\n<!-- \/ Yoast SEO plugin. -->","yoast_head_json":{"title":"Encontradas las dos \u2018cajas negras\u2019 del avi\u00f3n de Ethiopian Airlines siniestrado el domingo","description":"Las dos \u2018cajas negras\u2019 del avi\u00f3n Boeing 737 MAX 8 de Ethiopian Airlines que se estrell\u00f3 el domingo minutos despu\u00e9s de despegar del aeropuerto internacional de Ad\u00eds Abeba han sido encontradas por los investigadores que analizan el accidente a\u00e9reo, seg\u00fan ha informado la aerol\u00ednea et\u00edope.","robots":{"index":"index","follow":"follow","max-snippet":"max-snippet:-1","max-image-preview":"max-image-preview:large","max-video-preview":"max-video-preview:-1"},"canonical":"https:\/\/aeronoticias.com.pe\/noticiero\/transporte-aereo\/internacional\/encontradas-las-dos-cajas-negras-del-avion-de-ethiopian-airlines-siniestrado-el-domingo\/","og_locale":"es_ES","og_type":"article","og_title":"Encontradas las dos \u2018cajas negras\u2019 del avi\u00f3n de Ethiopian Airlines siniestrado el domingo","og_description":"Las dos \u2018cajas negras\u2019 del avi\u00f3n Boeing 737 MAX 8 de Ethiopian Airlines que se estrell\u00f3 el domingo minutos despu\u00e9s de despegar del aeropuerto internacional de Ad\u00eds Abeba han sido encontradas por los investigadores que analizan el accidente a\u00e9reo, seg\u00fan ha informado la aerol\u00ednea et\u00edope.","og_url":"https:\/\/aeronoticias.com.pe\/noticiero\/transporte-aereo\/internacional\/encontradas-las-dos-cajas-negras-del-avion-de-ethiopian-airlines-siniestrado-el-domingo\/","og_site_name":"Aeronoticias.com.pe","article_publisher":"https:\/\/www.facebook.com\/Aeronoticias.com.pe\/","article_published_time":"2019-03-11T12:56:53+00:00","article_modified_time":"2020-12-06T00:17:37+00:00","og_image":[{"width":980,"height":552,"url":"https:\/\/aeronoticias.com.pe\/noticiero\/wp-content\/uploads\/2019\/03\/cajas-Ethiopian-Airlines.jpg","type":"image\/jpeg"}],"author":"Redacci\u00f3n Aeronoticias","twitter_card":"summary_large_image","twitter_creator":"@aeronoticias","twitter_site":"@aeronoticias","twitter_misc":{"Escrito por":"Redacci\u00f3n Aeronoticias","Tiempo de lectura":"2 minutos"},"schema":{"@context":"https:\/\/schema.org","@graph":[{"@type":"WebPage","@id":"https:\/\/aeronoticias.com.pe\/noticiero\/transporte-aereo\/internacional\/encontradas-las-dos-cajas-negras-del-avion-de-ethiopian-airlines-siniestrado-el-domingo\/","url":"https:\/\/aeronoticias.com.pe\/noticiero\/transporte-aereo\/internacional\/encontradas-las-dos-cajas-negras-del-avion-de-ethiopian-airlines-siniestrado-el-domingo\/","name":"Encontradas las dos \u2018cajas negras\u2019 del avi\u00f3n de Ethiopian Airlines siniestrado el domingo","isPartOf":{"@id":"https:\/\/aeronoticias.com.pe\/noticiero\/#website"},"primaryImageOfPage":{"@id":"https:\/\/aeronoticias.com.pe\/noticiero\/transporte-aereo\/internacional\/encontradas-las-dos-cajas-negras-del-avion-de-ethiopian-airlines-siniestrado-el-domingo\/#primaryimage"},"image":{"@id":"https:\/\/aeronoticias.com.pe\/noticiero\/transporte-aereo\/internacional\/encontradas-las-dos-cajas-negras-del-avion-de-ethiopian-airlines-siniestrado-el-domingo\/#primaryimage"},"thumbnailUrl":"https:\/\/aeronoticias.com.pe\/noticiero\/wp-content\/uploads\/2019\/03\/cajas-Ethiopian-Airlines.jpg","datePublished":"2019-03-11T12:56:53+00:00","dateModified":"2020-12-06T00:17:37+00:00","author":{"@id":"https:\/\/aeronoticias.com.pe\/noticiero\/#\/schema\/person\/fc1e5d578f4b62ba1cf7ac2bba1170a0"},"description":"Las dos \u2018cajas negras\u2019 del avi\u00f3n Boeing 737 MAX 8 de Ethiopian Airlines que se estrell\u00f3 el domingo minutos despu\u00e9s de despegar del aeropuerto internacional de Ad\u00eds Abeba han sido encontradas por los investigadores que analizan el accidente a\u00e9reo, seg\u00fan ha informado la aerol\u00ednea et\u00edope.","breadcrumb":{"@id":"https:\/\/aeronoticias.com.pe\/noticiero\/transporte-aereo\/internacional\/encontradas-las-dos-cajas-negras-del-avion-de-ethiopian-airlines-siniestrado-el-domingo\/#breadcrumb"},"inLanguage":"es","potentialAction":[{"@type":"ReadAction","target":["https:\/\/aeronoticias.com.pe\/noticiero\/transporte-aereo\/internacional\/encontradas-las-dos-cajas-negras-del-avion-de-ethiopian-airlines-siniestrado-el-domingo\/"]}]},{"@type":"ImageObject","inLanguage":"es","@id":"https:\/\/aeronoticias.com.pe\/noticiero\/transporte-aereo\/internacional\/encontradas-las-dos-cajas-negras-del-avion-de-ethiopian-airlines-siniestrado-el-domingo\/#primaryimage","url":"https:\/\/aeronoticias.com.pe\/noticiero\/wp-content\/uploads\/2019\/03\/cajas-Ethiopian-Airlines.jpg","contentUrl":"https:\/\/aeronoticias.com.pe\/noticiero\/wp-content\/uploads\/2019\/03\/cajas-Ethiopian-Airlines.jpg","width":980,"height":552},{"@type":"BreadcrumbList","@id":"https:\/\/aeronoticias.com.pe\/noticiero\/transporte-aereo\/internacional\/encontradas-las-dos-cajas-negras-del-avion-de-ethiopian-airlines-siniestrado-el-domingo\/#breadcrumb","itemListElement":[{"@type":"ListItem","position":1,"name":"Portada","item":"https:\/\/aeronoticias.com.pe\/noticiero\/"},{"@type":"ListItem","position":2,"name":"Encontradas las dos \u2018cajas negras\u2019 del avi\u00f3n de Ethiopian Airlines siniestrado el domingo"}]},{"@type":"WebSite","@id":"https:\/\/aeronoticias.com.pe\/noticiero\/#website","url":"https:\/\/aeronoticias.com.pe\/noticiero\/","name":"Aeronoticias.com.pe","description":"Noticias de tranporte aereo, turismo, hoteles, gastronomia, actualidad, internacional","potentialAction":[{"@type":"SearchAction","target":{"@type":"EntryPoint","urlTemplate":"https:\/\/aeronoticias.com.pe\/noticiero\/?s={search_term_string}"},"query-input":{"@type":"PropertyValueSpecification","valueRequired":true,"valueName":"search_term_string"}}],"inLanguage":"es"},{"@type":"Person","@id":"https:\/\/aeronoticias.com.pe\/noticiero\/#\/schema\/person\/fc1e5d578f4b62ba1cf7ac2bba1170a0","name":"Redacci\u00f3n Aeronoticias","url":"https:\/\/aeronoticias.com.pe\/noticiero\/author\/piloto\/"}]}},"_links":{"self":[{"href":"https:\/\/aeronoticias.com.pe\/noticiero\/wp-json\/wp\/v2\/posts\/58192","targetHints":{"allow":["GET"]}}],"collection":[{"href":"https:\/\/aeronoticias.com.pe\/noticiero\/wp-json\/wp\/v2\/posts"}],"about":[{"href":"https:\/\/aeronoticias.com.pe\/noticiero\/wp-json\/wp\/v2\/types\/post"}],"author":[{"embeddable":true,"href":"https:\/\/aeronoticias.com.pe\/noticiero\/wp-json\/wp\/v2\/users\/1"}],"replies":[{"embeddable":true,"href":"https:\/\/aeronoticias.com.pe\/noticiero\/wp-json\/wp\/v2\/comments?post=58192"}],"version-history":[{"count":0,"href":"https:\/\/aeronoticias.com.pe\/noticiero\/wp-json\/wp\/v2\/posts\/58192\/revisions"}],"wp:featuredmedia":[{"embeddable":true,"href":"https:\/\/aeronoticias.com.pe\/noticiero\/wp-json\/wp\/v2\/media\/67417"}],"wp:attachment":[{"href":"https:\/\/aeronoticias.com.pe\/noticiero\/wp-json\/wp\/v2\/media?parent=58192"}],"wp:term":[{"taxonomy":"category","embeddable":true,"href":"https:\/\/aeronoticias.com.pe\/noticiero\/wp-json\/wp\/v2\/categories?post=58192"},{"taxonomy":"post_tag","embeddable":true,"href":"https:\/\/aeronoticias.com.pe\/noticiero\/wp-json\/wp\/v2\/tags?post=58192"}],"curies":[{"name":"wp","href":"https:\/\/api.w.org\/{rel}","templated":true}]}}