{"id":58228,"date":"2019-03-20T15:29:32","date_gmt":"2019-03-20T15:29:32","guid":{"rendered":"http:\/\/desarrollo.mcvicious.com\/aero2020\/2019\/03\/20\/la-aerolinea-norwegian-unira-espana-y-peru-con-siete-frecuencias-semanales\/"},"modified":"2020-12-04T13:38:29","modified_gmt":"2020-12-04T18:38:29","slug":"la-aerolinea-norwegian-unira-espana-y-peru-con-siete-frecuencias-semanales","status":"publish","type":"post","link":"https:\/\/aeronoticias.com.pe\/noticiero\/transporte-aereo\/internacional\/la-aerolinea-norwegian-unira-espana-y-peru-con-siete-frecuencias-semanales\/","title":{"rendered":"La aerol\u00ednea Norwegian unir\u00e1 Espa\u00f1a y Per\u00fa con siete frecuencias semanales"},"content":{"rendered":"\n<p>La Direcci\u00f3n General de Aviaci\u00f3n Civil (DGCA) ha concedido a la aerol\u00ednea Norwegian siete frecuencias semanales para operar entre Espa\u00f1a y Per\u00fa.<\/p>\n\n\n\n<p class=\"p1\">Seg\u00fan ha afirmado la aerol\u00ednea en un comunicado, todav\u00eda no est\u00e1 concretada la fecha en la que realizar\u00e1 el lanzamiento comercial de los vuelos entre ambos pa\u00edses, que suponen su \u201cprimer paso firme\u201d en el mercado entre Espa\u00f1a y Sudam\u00e9rica.<\/p>\n\n\n\n<p class=\"p1\">Con esta adjudicaci\u00f3n, resuelta el pasado 14 de marzo, la DGCA, dependiente del Ministerio de Fomento, ha fijado el mercado entre Espa\u00f1a y Per\u00fa, que quedar\u00e1 repartido desde el lado espa\u00f1ol con diez frecuencias semanales para Iberia, siete frecuencias para Norwegian, otras siete para AirEuropa y cuatro para Plus Ultra.<\/p>\n\n\n\n<p class=\"p1\">Norwegian ya ofrece ocho rutas de largo radio en Espa\u00f1a, todas ellas con Estados Unidos -tres con Madrid y otras cinco con Barcelona, ciudad donde mantiene una base operativa de largo radio.<\/p>\n\n\n\n<p class=\"p1\">En Sudam\u00e9rica, Norwegian ofrece vuelos de largo radio desde Buenos Aires y Rio de Janeiro a Londres Gatwick y tambi\u00e9n opera seis rutas nacionales dentro de Argentina.<\/p>\n\n\n\n<p class=\"p1\">Fuente: <span style=\"text-decoration: underline;\"><em><strong>EFE<\/strong><\/em><\/span>.<\/p>\n","protected":false},"excerpt":{"rendered":"<p>La Direcci\u00f3n General de Aviaci\u00f3n Civil (DGCA) ha concedido a la aerol\u00ednea Norwegian siete frecuencias semanales para operar entre Espa\u00f1a y Per\u00fa. Seg\u00fan ha afirmado la aerol\u00ednea en un comunicado, todav\u00eda no est\u00e1 concretada la fecha en la que realizar\u00e1 el lanzamiento comercial de los vuelos entre ambos pa\u00edses, que suponen su \u201cprimer paso firme\u201d [&hellip;]<\/p>\n","protected":false},"author":1,"featured_media":67357,"comment_status":"open","ping_status":"open","sticky":false,"template":"","format":"standard","meta":{"tdm_status":"","tdm_grid_status":"","footnotes":""},"categories":[32,11],"tags":[451,298,179],"class_list":{"0":"post-58228","1":"post","2":"type-post","3":"status-publish","4":"format-standard","5":"has-post-thumbnail","7":"category-internacional","9":"tag-espana","10":"tag-norwegian","11":"tag-peru-2"},"yoast_head":"<!-- This site is optimized with the Yoast SEO plugin v25.1 - https:\/\/yoast.com\/wordpress\/plugins\/seo\/ -->\n<title>La aerol\u00ednea Norwegian unir\u00e1 Espa\u00f1a y Per\u00fa con siete frecuencias semanales<\/title>\n<meta name=\"description\" content=\"La Direcci\u00f3n General de Aviaci\u00f3n Civil (DGCA) ha concedido a la aerol\u00ednea Norwegian siete frecuencias semanales para operar entre Espa\u00f1a y Per\u00fa.\" \/>\n<meta name=\"robots\" content=\"index, follow, max-snippet:-1, max-image-preview:large, max-video-preview:-1\" \/>\n<link rel=\"canonical\" href=\"https:\/\/aeronoticias.com.pe\/noticiero\/transporte-aereo\/internacional\/la-aerolinea-norwegian-unira-espana-y-peru-con-siete-frecuencias-semanales\/\" \/>\n<meta property=\"og:locale\" content=\"es_ES\" \/>\n<meta property=\"og:type\" content=\"article\" \/>\n<meta property=\"og:title\" content=\"La aerol\u00ednea Norwegian unir\u00e1 Espa\u00f1a y Per\u00fa con siete frecuencias semanales\" \/>\n<meta property=\"og:description\" content=\"La Direcci\u00f3n General de Aviaci\u00f3n Civil (DGCA) ha concedido a la aerol\u00ednea Norwegian siete frecuencias semanales para operar entre Espa\u00f1a y Per\u00fa.\" \/>\n<meta property=\"og:url\" content=\"https:\/\/aeronoticias.com.pe\/noticiero\/transporte-aereo\/internacional\/la-aerolinea-norwegian-unira-espana-y-peru-con-siete-frecuencias-semanales\/\" \/>\n<meta property=\"og:site_name\" content=\"Aeronoticias.com.pe\" \/>\n<meta property=\"article:publisher\" content=\"https:\/\/www.facebook.com\/Aeronoticias.com.pe\/\" \/>\n<meta property=\"article:published_time\" content=\"2019-03-20T15:29:32+00:00\" \/>\n<meta property=\"article:modified_time\" content=\"2020-12-04T18:38:29+00:00\" \/>\n<meta property=\"og:image\" content=\"https:\/\/aeronoticias.com.pe\/noticiero\/wp-content\/uploads\/2019\/03\/Norwegian-Espa\u00f1a-Per\u00fa.jpg\" \/>\n\t<meta property=\"og:image:width\" content=\"1300\" \/>\n\t<meta property=\"og:image:height\" content=\"731\" \/>\n\t<meta property=\"og:image:type\" content=\"image\/jpeg\" \/>\n<meta name=\"author\" content=\"Redacci\u00f3n Aeronoticias\" \/>\n<meta name=\"twitter:card\" content=\"summary_large_image\" \/>\n<meta name=\"twitter:creator\" content=\"@aeronoticias\" \/>\n<meta name=\"twitter:site\" content=\"@aeronoticias\" \/>\n<meta name=\"twitter:label1\" content=\"Escrito por\" \/>\n\t<meta name=\"twitter:data1\" content=\"Redacci\u00f3n Aeronoticias\" \/>\n\t<meta name=\"twitter:label2\" content=\"Tiempo de lectura\" \/>\n\t<meta name=\"twitter:data2\" content=\"1 minuto\" \/>\n<script type=\"application\/ld+json\" class=\"yoast-schema-graph\">{\"@context\":\"https:\/\/schema.org\",\"@graph\":[{\"@type\":\"WebPage\",\"@id\":\"https:\/\/aeronoticias.com.pe\/noticiero\/transporte-aereo\/internacional\/la-aerolinea-norwegian-unira-espana-y-peru-con-siete-frecuencias-semanales\/\",\"url\":\"https:\/\/aeronoticias.com.pe\/noticiero\/transporte-aereo\/internacional\/la-aerolinea-norwegian-unira-espana-y-peru-con-siete-frecuencias-semanales\/\",\"name\":\"La aerol\u00ednea Norwegian unir\u00e1 Espa\u00f1a y Per\u00fa con siete frecuencias semanales\",\"isPartOf\":{\"@id\":\"https:\/\/aeronoticias.com.pe\/noticiero\/#website\"},\"primaryImageOfPage\":{\"@id\":\"https:\/\/aeronoticias.com.pe\/noticiero\/transporte-aereo\/internacional\/la-aerolinea-norwegian-unira-espana-y-peru-con-siete-frecuencias-semanales\/#primaryimage\"},\"image\":{\"@id\":\"https:\/\/aeronoticias.com.pe\/noticiero\/transporte-aereo\/internacional\/la-aerolinea-norwegian-unira-espana-y-peru-con-siete-frecuencias-semanales\/#primaryimage\"},\"thumbnailUrl\":\"https:\/\/aeronoticias.com.pe\/noticiero\/wp-content\/uploads\/2019\/03\/Norwegian-Espa\u00f1a-Per\u00fa.jpg\",\"datePublished\":\"2019-03-20T15:29:32+00:00\",\"dateModified\":\"2020-12-04T18:38:29+00:00\",\"author\":{\"@id\":\"https:\/\/aeronoticias.com.pe\/noticiero\/#\/schema\/person\/fc1e5d578f4b62ba1cf7ac2bba1170a0\"},\"description\":\"La Direcci\u00f3n General de Aviaci\u00f3n Civil (DGCA) ha concedido a la aerol\u00ednea Norwegian siete frecuencias semanales para operar entre Espa\u00f1a y Per\u00fa.\",\"breadcrumb\":{\"@id\":\"https:\/\/aeronoticias.com.pe\/noticiero\/transporte-aereo\/internacional\/la-aerolinea-norwegian-unira-espana-y-peru-con-siete-frecuencias-semanales\/#breadcrumb\"},\"inLanguage\":\"es\",\"potentialAction\":[{\"@type\":\"ReadAction\",\"target\":[\"https:\/\/aeronoticias.com.pe\/noticiero\/transporte-aereo\/internacional\/la-aerolinea-norwegian-unira-espana-y-peru-con-siete-frecuencias-semanales\/\"]}]},{\"@type\":\"ImageObject\",\"inLanguage\":\"es\",\"@id\":\"https:\/\/aeronoticias.com.pe\/noticiero\/transporte-aereo\/internacional\/la-aerolinea-norwegian-unira-espana-y-peru-con-siete-frecuencias-semanales\/#primaryimage\",\"url\":\"https:\/\/aeronoticias.com.pe\/noticiero\/wp-content\/uploads\/2019\/03\/Norwegian-Espa\u00f1a-Per\u00fa.jpg\",\"contentUrl\":\"https:\/\/aeronoticias.com.pe\/noticiero\/wp-content\/uploads\/2019\/03\/Norwegian-Espa\u00f1a-Per\u00fa.jpg\",\"width\":1300,\"height\":731},{\"@type\":\"BreadcrumbList\",\"@id\":\"https:\/\/aeronoticias.com.pe\/noticiero\/transporte-aereo\/internacional\/la-aerolinea-norwegian-unira-espana-y-peru-con-siete-frecuencias-semanales\/#breadcrumb\",\"itemListElement\":[{\"@type\":\"ListItem\",\"position\":1,\"name\":\"Portada\",\"item\":\"https:\/\/aeronoticias.com.pe\/noticiero\/\"},{\"@type\":\"ListItem\",\"position\":2,\"name\":\"La aerol\u00ednea Norwegian unir\u00e1 Espa\u00f1a y Per\u00fa con siete frecuencias semanales\"}]},{\"@type\":\"WebSite\",\"@id\":\"https:\/\/aeronoticias.com.pe\/noticiero\/#website\",\"url\":\"https:\/\/aeronoticias.com.pe\/noticiero\/\",\"name\":\"Aeronoticias.com.pe\",\"description\":\"Noticias de tranporte aereo, turismo, hoteles, gastronomia, actualidad, internacional\",\"potentialAction\":[{\"@type\":\"SearchAction\",\"target\":{\"@type\":\"EntryPoint\",\"urlTemplate\":\"https:\/\/aeronoticias.com.pe\/noticiero\/?s={search_term_string}\"},\"query-input\":{\"@type\":\"PropertyValueSpecification\",\"valueRequired\":true,\"valueName\":\"search_term_string\"}}],\"inLanguage\":\"es\"},{\"@type\":\"Person\",\"@id\":\"https:\/\/aeronoticias.com.pe\/noticiero\/#\/schema\/person\/fc1e5d578f4b62ba1cf7ac2bba1170a0\",\"name\":\"Redacci\u00f3n Aeronoticias\",\"url\":\"https:\/\/aeronoticias.com.pe\/noticiero\/author\/piloto\/\"}]}<\/script>\n<!-- \/ Yoast SEO plugin. -->","yoast_head_json":{"title":"La aerol\u00ednea Norwegian unir\u00e1 Espa\u00f1a y Per\u00fa con siete frecuencias semanales","description":"La Direcci\u00f3n General de Aviaci\u00f3n Civil (DGCA) ha concedido a la aerol\u00ednea Norwegian siete frecuencias semanales para operar entre Espa\u00f1a y Per\u00fa.","robots":{"index":"index","follow":"follow","max-snippet":"max-snippet:-1","max-image-preview":"max-image-preview:large","max-video-preview":"max-video-preview:-1"},"canonical":"https:\/\/aeronoticias.com.pe\/noticiero\/transporte-aereo\/internacional\/la-aerolinea-norwegian-unira-espana-y-peru-con-siete-frecuencias-semanales\/","og_locale":"es_ES","og_type":"article","og_title":"La aerol\u00ednea Norwegian unir\u00e1 Espa\u00f1a y Per\u00fa con siete frecuencias semanales","og_description":"La Direcci\u00f3n General de Aviaci\u00f3n Civil (DGCA) ha concedido a la aerol\u00ednea Norwegian siete frecuencias semanales para operar entre Espa\u00f1a y Per\u00fa.","og_url":"https:\/\/aeronoticias.com.pe\/noticiero\/transporte-aereo\/internacional\/la-aerolinea-norwegian-unira-espana-y-peru-con-siete-frecuencias-semanales\/","og_site_name":"Aeronoticias.com.pe","article_publisher":"https:\/\/www.facebook.com\/Aeronoticias.com.pe\/","article_published_time":"2019-03-20T15:29:32+00:00","article_modified_time":"2020-12-04T18:38:29+00:00","og_image":[{"width":1300,"height":731,"url":"https:\/\/aeronoticias.com.pe\/noticiero\/wp-content\/uploads\/2019\/03\/Norwegian-Espa\u00f1a-Per\u00fa.jpg","type":"image\/jpeg"}],"author":"Redacci\u00f3n Aeronoticias","twitter_card":"summary_large_image","twitter_creator":"@aeronoticias","twitter_site":"@aeronoticias","twitter_misc":{"Escrito por":"Redacci\u00f3n Aeronoticias","Tiempo de lectura":"1 minuto"},"schema":{"@context":"https:\/\/schema.org","@graph":[{"@type":"WebPage","@id":"https:\/\/aeronoticias.com.pe\/noticiero\/transporte-aereo\/internacional\/la-aerolinea-norwegian-unira-espana-y-peru-con-siete-frecuencias-semanales\/","url":"https:\/\/aeronoticias.com.pe\/noticiero\/transporte-aereo\/internacional\/la-aerolinea-norwegian-unira-espana-y-peru-con-siete-frecuencias-semanales\/","name":"La aerol\u00ednea Norwegian unir\u00e1 Espa\u00f1a y Per\u00fa con siete frecuencias semanales","isPartOf":{"@id":"https:\/\/aeronoticias.com.pe\/noticiero\/#website"},"primaryImageOfPage":{"@id":"https:\/\/aeronoticias.com.pe\/noticiero\/transporte-aereo\/internacional\/la-aerolinea-norwegian-unira-espana-y-peru-con-siete-frecuencias-semanales\/#primaryimage"},"image":{"@id":"https:\/\/aeronoticias.com.pe\/noticiero\/transporte-aereo\/internacional\/la-aerolinea-norwegian-unira-espana-y-peru-con-siete-frecuencias-semanales\/#primaryimage"},"thumbnailUrl":"https:\/\/aeronoticias.com.pe\/noticiero\/wp-content\/uploads\/2019\/03\/Norwegian-Espa\u00f1a-Per\u00fa.jpg","datePublished":"2019-03-20T15:29:32+00:00","dateModified":"2020-12-04T18:38:29+00:00","author":{"@id":"https:\/\/aeronoticias.com.pe\/noticiero\/#\/schema\/person\/fc1e5d578f4b62ba1cf7ac2bba1170a0"},"description":"La Direcci\u00f3n General de Aviaci\u00f3n Civil (DGCA) ha concedido a la aerol\u00ednea Norwegian siete frecuencias semanales para operar entre Espa\u00f1a y Per\u00fa.","breadcrumb":{"@id":"https:\/\/aeronoticias.com.pe\/noticiero\/transporte-aereo\/internacional\/la-aerolinea-norwegian-unira-espana-y-peru-con-siete-frecuencias-semanales\/#breadcrumb"},"inLanguage":"es","potentialAction":[{"@type":"ReadAction","target":["https:\/\/aeronoticias.com.pe\/noticiero\/transporte-aereo\/internacional\/la-aerolinea-norwegian-unira-espana-y-peru-con-siete-frecuencias-semanales\/"]}]},{"@type":"ImageObject","inLanguage":"es","@id":"https:\/\/aeronoticias.com.pe\/noticiero\/transporte-aereo\/internacional\/la-aerolinea-norwegian-unira-espana-y-peru-con-siete-frecuencias-semanales\/#primaryimage","url":"https:\/\/aeronoticias.com.pe\/noticiero\/wp-content\/uploads\/2019\/03\/Norwegian-Espa\u00f1a-Per\u00fa.jpg","contentUrl":"https:\/\/aeronoticias.com.pe\/noticiero\/wp-content\/uploads\/2019\/03\/Norwegian-Espa\u00f1a-Per\u00fa.jpg","width":1300,"height":731},{"@type":"BreadcrumbList","@id":"https:\/\/aeronoticias.com.pe\/noticiero\/transporte-aereo\/internacional\/la-aerolinea-norwegian-unira-espana-y-peru-con-siete-frecuencias-semanales\/#breadcrumb","itemListElement":[{"@type":"ListItem","position":1,"name":"Portada","item":"https:\/\/aeronoticias.com.pe\/noticiero\/"},{"@type":"ListItem","position":2,"name":"La aerol\u00ednea Norwegian unir\u00e1 Espa\u00f1a y Per\u00fa con siete frecuencias semanales"}]},{"@type":"WebSite","@id":"https:\/\/aeronoticias.com.pe\/noticiero\/#website","url":"https:\/\/aeronoticias.com.pe\/noticiero\/","name":"Aeronoticias.com.pe","description":"Noticias de tranporte aereo, turismo, hoteles, gastronomia, actualidad, internacional","potentialAction":[{"@type":"SearchAction","target":{"@type":"EntryPoint","urlTemplate":"https:\/\/aeronoticias.com.pe\/noticiero\/?s={search_term_string}"},"query-input":{"@type":"PropertyValueSpecification","valueRequired":true,"valueName":"search_term_string"}}],"inLanguage":"es"},{"@type":"Person","@id":"https:\/\/aeronoticias.com.pe\/noticiero\/#\/schema\/person\/fc1e5d578f4b62ba1cf7ac2bba1170a0","name":"Redacci\u00f3n Aeronoticias","url":"https:\/\/aeronoticias.com.pe\/noticiero\/author\/piloto\/"}]}},"_links":{"self":[{"href":"https:\/\/aeronoticias.com.pe\/noticiero\/wp-json\/wp\/v2\/posts\/58228","targetHints":{"allow":["GET"]}}],"collection":[{"href":"https:\/\/aeronoticias.com.pe\/noticiero\/wp-json\/wp\/v2\/posts"}],"about":[{"href":"https:\/\/aeronoticias.com.pe\/noticiero\/wp-json\/wp\/v2\/types\/post"}],"author":[{"embeddable":true,"href":"https:\/\/aeronoticias.com.pe\/noticiero\/wp-json\/wp\/v2\/users\/1"}],"replies":[{"embeddable":true,"href":"https:\/\/aeronoticias.com.pe\/noticiero\/wp-json\/wp\/v2\/comments?post=58228"}],"version-history":[{"count":0,"href":"https:\/\/aeronoticias.com.pe\/noticiero\/wp-json\/wp\/v2\/posts\/58228\/revisions"}],"wp:featuredmedia":[{"embeddable":true,"href":"https:\/\/aeronoticias.com.pe\/noticiero\/wp-json\/wp\/v2\/media\/67357"}],"wp:attachment":[{"href":"https:\/\/aeronoticias.com.pe\/noticiero\/wp-json\/wp\/v2\/media?parent=58228"}],"wp:term":[{"taxonomy":"category","embeddable":true,"href":"https:\/\/aeronoticias.com.pe\/noticiero\/wp-json\/wp\/v2\/categories?post=58228"},{"taxonomy":"post_tag","embeddable":true,"href":"https:\/\/aeronoticias.com.pe\/noticiero\/wp-json\/wp\/v2\/tags?post=58228"}],"curies":[{"name":"wp","href":"https:\/\/api.w.org\/{rel}","templated":true}]}}