{"id":58230,"date":"2019-03-21T00:08:15","date_gmt":"2019-03-21T00:08:15","guid":{"rendered":"http:\/\/desarrollo.mcvicious.com\/aero2020\/2019\/03\/21\/airbus-entrega-a-la-aerolinea-ana-su-primer-a380\/"},"modified":"2020-12-04T13:35:18","modified_gmt":"2020-12-04T18:35:18","slug":"airbus-entrega-a-la-aerolinea-ana-su-primer-a380","status":"publish","type":"post","link":"https:\/\/aeronoticias.com.pe\/noticiero\/transporte-aereo\/internacional\/airbus-entrega-a-la-aerolinea-ana-su-primer-a380\/","title":{"rendered":"Airbus entrega a la aerol\u00ednea ANA su primer A380"},"content":{"rendered":"\n<p>Desde que Airbus anunci\u00f3 que dejar\u00e1 de fabricar el A380 en 2021, todo acto relacionado con este avi\u00f3n ha ganado en solemnidad. Es como si, en cada evento organizado por el fabricante europeo, se estuviera despidiendo poco a poco de su proyecto m\u00e1s emblem\u00e1tico.<\/p>\n\n\n\n<p class=\"p1\">La entrega del primer A380 a la aerol\u00ednea japonesa ANA no fue menos. Ambas compa\u00f1\u00edas mostraron su compromiso por operar durante d\u00e9cadas este avi\u00f3n que, en el caso de la l\u00ednea a\u00e9rea asi\u00e1tica, transportar\u00e1 a 520 pasajeros regularmente entre Tokio y Haw\u00e1i a partir del pr\u00f3ximo mes de mayo.<\/p>\n\n\n\n<p class=\"p1\">Shinya Katanozaka, presidente y CEO de ANA holdings, quiso incluso ir m\u00e1s all\u00e1. Aprovechando la caracter\u00edstica decoraci\u00f3n del avi\u00f3n, que se inspira en las tortugas de su pa\u00eds, el directivo quiso mostrar el compromiso de su empresa con la aeronave. \u201cCuenta la leyenda que las tortugas japonesas viven durante 10.000 a\u00f1os. Ese es el tiempo que nos gustar\u00eda operar nuestra flota de A380\u201d.<\/p>\n\n\n\n<p class=\"p1\">La aerol\u00ednea contar\u00e1 con tres aeronaves de esta familia que pondr\u00e1 gradualmente en servicio. La primera de ellas operar\u00e1 a partir del pr\u00f3ximo 24 de mayo. La siguiente comenzar\u00e1 sus vuelos el 1 de julio. Por \u00faltimo, la tercera de estas unidades comenzar\u00e1 su andadura en 2020.<\/p>\n\n\n\n<p class=\"p1\">Fuente: <span style=\"text-decoration: underline;\"><em><strong>Aviaci\u00f3n al d\u00eda<\/strong><\/em><\/span>.<\/p>\n","protected":false},"excerpt":{"rendered":"<p>Desde que Airbus anunci\u00f3 que dejar\u00e1 de fabricar el A380 en 2021, todo acto relacionado con este avi\u00f3n ha ganado en solemnidad. Es como si, en cada evento organizado por el fabricante europeo, se estuviera despidiendo poco a poco de su proyecto m\u00e1s emblem\u00e1tico. La entrega del primer A380 a la aerol\u00ednea japonesa ANA no [&hellip;]<\/p>\n","protected":false},"author":1,"featured_media":67355,"comment_status":"open","ping_status":"open","sticky":false,"template":"","format":"standard","meta":{"tdm_status":"","tdm_grid_status":"","footnotes":""},"categories":[32,11],"tags":[1029,181,294],"class_list":{"0":"post-58230","1":"post","2":"type-post","3":"status-publish","4":"format-standard","5":"has-post-thumbnail","7":"category-internacional","8":"category-transporte-aereo","9":"tag-aerolinea-ana","10":"tag-airbus","11":"tag-airbus-a380"},"yoast_head":"<!-- This site is optimized with the Yoast SEO plugin v25.1 - https:\/\/yoast.com\/wordpress\/plugins\/seo\/ -->\n<title>Airbus entrega a la aerol\u00ednea ANA su primer A380<\/title>\n<meta name=\"description\" content=\"Desde que Airbus anunci\u00f3 que dejar\u00e1 de fabricar el A380 en 2021, todo acto relacionado con este avi\u00f3n ha ganado en solemnidad. Es como si, en cada evento organizado por el fabricante europeo, se estuviera despidiendo poco a poco de su proyecto m\u00e1s emblem\u00e1tico.\" \/>\n<meta name=\"robots\" content=\"index, follow, max-snippet:-1, max-image-preview:large, max-video-preview:-1\" \/>\n<link rel=\"canonical\" href=\"https:\/\/aeronoticias.com.pe\/noticiero\/transporte-aereo\/internacional\/airbus-entrega-a-la-aerolinea-ana-su-primer-a380\/\" \/>\n<meta property=\"og:locale\" content=\"es_ES\" \/>\n<meta property=\"og:type\" content=\"article\" \/>\n<meta property=\"og:title\" content=\"Airbus entrega a la aerol\u00ednea ANA su primer A380\" \/>\n<meta property=\"og:description\" content=\"Desde que Airbus anunci\u00f3 que dejar\u00e1 de fabricar el A380 en 2021, todo acto relacionado con este avi\u00f3n ha ganado en solemnidad. Es como si, en cada evento organizado por el fabricante europeo, se estuviera despidiendo poco a poco de su proyecto m\u00e1s emblem\u00e1tico.\" \/>\n<meta property=\"og:url\" content=\"https:\/\/aeronoticias.com.pe\/noticiero\/transporte-aereo\/internacional\/airbus-entrega-a-la-aerolinea-ana-su-primer-a380\/\" \/>\n<meta property=\"og:site_name\" content=\"Aeronoticias.com.pe\" \/>\n<meta property=\"article:publisher\" content=\"https:\/\/www.facebook.com\/Aeronoticias.com.pe\/\" \/>\n<meta property=\"article:published_time\" content=\"2019-03-21T00:08:15+00:00\" \/>\n<meta property=\"article:modified_time\" content=\"2020-12-04T18:35:18+00:00\" \/>\n<meta property=\"og:image\" content=\"https:\/\/aeronoticias.com.pe\/noticiero\/wp-content\/uploads\/2019\/03\/ANA-A380.jpg\" \/>\n\t<meta property=\"og:image:width\" content=\"800\" \/>\n\t<meta property=\"og:image:height\" content=\"400\" \/>\n\t<meta property=\"og:image:type\" content=\"image\/jpeg\" \/>\n<meta name=\"author\" content=\"Redacci\u00f3n Aeronoticias\" \/>\n<meta name=\"twitter:card\" content=\"summary_large_image\" \/>\n<meta name=\"twitter:creator\" content=\"@aeronoticias\" \/>\n<meta name=\"twitter:site\" content=\"@aeronoticias\" \/>\n<meta name=\"twitter:label1\" content=\"Escrito por\" \/>\n\t<meta name=\"twitter:data1\" content=\"Redacci\u00f3n Aeronoticias\" \/>\n\t<meta name=\"twitter:label2\" content=\"Tiempo de lectura\" \/>\n\t<meta name=\"twitter:data2\" content=\"1 minuto\" \/>\n<script type=\"application\/ld+json\" class=\"yoast-schema-graph\">{\"@context\":\"https:\/\/schema.org\",\"@graph\":[{\"@type\":\"WebPage\",\"@id\":\"https:\/\/aeronoticias.com.pe\/noticiero\/transporte-aereo\/internacional\/airbus-entrega-a-la-aerolinea-ana-su-primer-a380\/\",\"url\":\"https:\/\/aeronoticias.com.pe\/noticiero\/transporte-aereo\/internacional\/airbus-entrega-a-la-aerolinea-ana-su-primer-a380\/\",\"name\":\"Airbus entrega a la aerol\u00ednea ANA su primer A380\",\"isPartOf\":{\"@id\":\"https:\/\/aeronoticias.com.pe\/noticiero\/#website\"},\"primaryImageOfPage\":{\"@id\":\"https:\/\/aeronoticias.com.pe\/noticiero\/transporte-aereo\/internacional\/airbus-entrega-a-la-aerolinea-ana-su-primer-a380\/#primaryimage\"},\"image\":{\"@id\":\"https:\/\/aeronoticias.com.pe\/noticiero\/transporte-aereo\/internacional\/airbus-entrega-a-la-aerolinea-ana-su-primer-a380\/#primaryimage\"},\"thumbnailUrl\":\"https:\/\/aeronoticias.com.pe\/noticiero\/wp-content\/uploads\/2019\/03\/ANA-A380.jpg\",\"datePublished\":\"2019-03-21T00:08:15+00:00\",\"dateModified\":\"2020-12-04T18:35:18+00:00\",\"author\":{\"@id\":\"https:\/\/aeronoticias.com.pe\/noticiero\/#\/schema\/person\/fc1e5d578f4b62ba1cf7ac2bba1170a0\"},\"description\":\"Desde que Airbus anunci\u00f3 que dejar\u00e1 de fabricar el A380 en 2021, todo acto relacionado con este avi\u00f3n ha ganado en solemnidad. Es como si, en cada evento organizado por el fabricante europeo, se estuviera despidiendo poco a poco de su proyecto m\u00e1s emblem\u00e1tico.\",\"breadcrumb\":{\"@id\":\"https:\/\/aeronoticias.com.pe\/noticiero\/transporte-aereo\/internacional\/airbus-entrega-a-la-aerolinea-ana-su-primer-a380\/#breadcrumb\"},\"inLanguage\":\"es\",\"potentialAction\":[{\"@type\":\"ReadAction\",\"target\":[\"https:\/\/aeronoticias.com.pe\/noticiero\/transporte-aereo\/internacional\/airbus-entrega-a-la-aerolinea-ana-su-primer-a380\/\"]}]},{\"@type\":\"ImageObject\",\"inLanguage\":\"es\",\"@id\":\"https:\/\/aeronoticias.com.pe\/noticiero\/transporte-aereo\/internacional\/airbus-entrega-a-la-aerolinea-ana-su-primer-a380\/#primaryimage\",\"url\":\"https:\/\/aeronoticias.com.pe\/noticiero\/wp-content\/uploads\/2019\/03\/ANA-A380.jpg\",\"contentUrl\":\"https:\/\/aeronoticias.com.pe\/noticiero\/wp-content\/uploads\/2019\/03\/ANA-A380.jpg\",\"width\":800,\"height\":400},{\"@type\":\"BreadcrumbList\",\"@id\":\"https:\/\/aeronoticias.com.pe\/noticiero\/transporte-aereo\/internacional\/airbus-entrega-a-la-aerolinea-ana-su-primer-a380\/#breadcrumb\",\"itemListElement\":[{\"@type\":\"ListItem\",\"position\":1,\"name\":\"Portada\",\"item\":\"https:\/\/aeronoticias.com.pe\/noticiero\/\"},{\"@type\":\"ListItem\",\"position\":2,\"name\":\"Airbus entrega a la aerol\u00ednea ANA su primer A380\"}]},{\"@type\":\"WebSite\",\"@id\":\"https:\/\/aeronoticias.com.pe\/noticiero\/#website\",\"url\":\"https:\/\/aeronoticias.com.pe\/noticiero\/\",\"name\":\"Aeronoticias.com.pe\",\"description\":\"Noticias de tranporte aereo, turismo, hoteles, gastronomia, actualidad, internacional\",\"potentialAction\":[{\"@type\":\"SearchAction\",\"target\":{\"@type\":\"EntryPoint\",\"urlTemplate\":\"https:\/\/aeronoticias.com.pe\/noticiero\/?s={search_term_string}\"},\"query-input\":{\"@type\":\"PropertyValueSpecification\",\"valueRequired\":true,\"valueName\":\"search_term_string\"}}],\"inLanguage\":\"es\"},{\"@type\":\"Person\",\"@id\":\"https:\/\/aeronoticias.com.pe\/noticiero\/#\/schema\/person\/fc1e5d578f4b62ba1cf7ac2bba1170a0\",\"name\":\"Redacci\u00f3n Aeronoticias\",\"url\":\"https:\/\/aeronoticias.com.pe\/noticiero\/author\/piloto\/\"}]}<\/script>\n<!-- \/ Yoast SEO plugin. -->","yoast_head_json":{"title":"Airbus entrega a la aerol\u00ednea ANA su primer A380","description":"Desde que Airbus anunci\u00f3 que dejar\u00e1 de fabricar el A380 en 2021, todo acto relacionado con este avi\u00f3n ha ganado en solemnidad. Es como si, en cada evento organizado por el fabricante europeo, se estuviera despidiendo poco a poco de su proyecto m\u00e1s emblem\u00e1tico.","robots":{"index":"index","follow":"follow","max-snippet":"max-snippet:-1","max-image-preview":"max-image-preview:large","max-video-preview":"max-video-preview:-1"},"canonical":"https:\/\/aeronoticias.com.pe\/noticiero\/transporte-aereo\/internacional\/airbus-entrega-a-la-aerolinea-ana-su-primer-a380\/","og_locale":"es_ES","og_type":"article","og_title":"Airbus entrega a la aerol\u00ednea ANA su primer A380","og_description":"Desde que Airbus anunci\u00f3 que dejar\u00e1 de fabricar el A380 en 2021, todo acto relacionado con este avi\u00f3n ha ganado en solemnidad. Es como si, en cada evento organizado por el fabricante europeo, se estuviera despidiendo poco a poco de su proyecto m\u00e1s emblem\u00e1tico.","og_url":"https:\/\/aeronoticias.com.pe\/noticiero\/transporte-aereo\/internacional\/airbus-entrega-a-la-aerolinea-ana-su-primer-a380\/","og_site_name":"Aeronoticias.com.pe","article_publisher":"https:\/\/www.facebook.com\/Aeronoticias.com.pe\/","article_published_time":"2019-03-21T00:08:15+00:00","article_modified_time":"2020-12-04T18:35:18+00:00","og_image":[{"width":800,"height":400,"url":"https:\/\/aeronoticias.com.pe\/noticiero\/wp-content\/uploads\/2019\/03\/ANA-A380.jpg","type":"image\/jpeg"}],"author":"Redacci\u00f3n Aeronoticias","twitter_card":"summary_large_image","twitter_creator":"@aeronoticias","twitter_site":"@aeronoticias","twitter_misc":{"Escrito por":"Redacci\u00f3n Aeronoticias","Tiempo de lectura":"1 minuto"},"schema":{"@context":"https:\/\/schema.org","@graph":[{"@type":"WebPage","@id":"https:\/\/aeronoticias.com.pe\/noticiero\/transporte-aereo\/internacional\/airbus-entrega-a-la-aerolinea-ana-su-primer-a380\/","url":"https:\/\/aeronoticias.com.pe\/noticiero\/transporte-aereo\/internacional\/airbus-entrega-a-la-aerolinea-ana-su-primer-a380\/","name":"Airbus entrega a la aerol\u00ednea ANA su primer A380","isPartOf":{"@id":"https:\/\/aeronoticias.com.pe\/noticiero\/#website"},"primaryImageOfPage":{"@id":"https:\/\/aeronoticias.com.pe\/noticiero\/transporte-aereo\/internacional\/airbus-entrega-a-la-aerolinea-ana-su-primer-a380\/#primaryimage"},"image":{"@id":"https:\/\/aeronoticias.com.pe\/noticiero\/transporte-aereo\/internacional\/airbus-entrega-a-la-aerolinea-ana-su-primer-a380\/#primaryimage"},"thumbnailUrl":"https:\/\/aeronoticias.com.pe\/noticiero\/wp-content\/uploads\/2019\/03\/ANA-A380.jpg","datePublished":"2019-03-21T00:08:15+00:00","dateModified":"2020-12-04T18:35:18+00:00","author":{"@id":"https:\/\/aeronoticias.com.pe\/noticiero\/#\/schema\/person\/fc1e5d578f4b62ba1cf7ac2bba1170a0"},"description":"Desde que Airbus anunci\u00f3 que dejar\u00e1 de fabricar el A380 en 2021, todo acto relacionado con este avi\u00f3n ha ganado en solemnidad. Es como si, en cada evento organizado por el fabricante europeo, se estuviera despidiendo poco a poco de su proyecto m\u00e1s emblem\u00e1tico.","breadcrumb":{"@id":"https:\/\/aeronoticias.com.pe\/noticiero\/transporte-aereo\/internacional\/airbus-entrega-a-la-aerolinea-ana-su-primer-a380\/#breadcrumb"},"inLanguage":"es","potentialAction":[{"@type":"ReadAction","target":["https:\/\/aeronoticias.com.pe\/noticiero\/transporte-aereo\/internacional\/airbus-entrega-a-la-aerolinea-ana-su-primer-a380\/"]}]},{"@type":"ImageObject","inLanguage":"es","@id":"https:\/\/aeronoticias.com.pe\/noticiero\/transporte-aereo\/internacional\/airbus-entrega-a-la-aerolinea-ana-su-primer-a380\/#primaryimage","url":"https:\/\/aeronoticias.com.pe\/noticiero\/wp-content\/uploads\/2019\/03\/ANA-A380.jpg","contentUrl":"https:\/\/aeronoticias.com.pe\/noticiero\/wp-content\/uploads\/2019\/03\/ANA-A380.jpg","width":800,"height":400},{"@type":"BreadcrumbList","@id":"https:\/\/aeronoticias.com.pe\/noticiero\/transporte-aereo\/internacional\/airbus-entrega-a-la-aerolinea-ana-su-primer-a380\/#breadcrumb","itemListElement":[{"@type":"ListItem","position":1,"name":"Portada","item":"https:\/\/aeronoticias.com.pe\/noticiero\/"},{"@type":"ListItem","position":2,"name":"Airbus entrega a la aerol\u00ednea ANA su primer A380"}]},{"@type":"WebSite","@id":"https:\/\/aeronoticias.com.pe\/noticiero\/#website","url":"https:\/\/aeronoticias.com.pe\/noticiero\/","name":"Aeronoticias.com.pe","description":"Noticias de tranporte aereo, turismo, hoteles, gastronomia, actualidad, internacional","potentialAction":[{"@type":"SearchAction","target":{"@type":"EntryPoint","urlTemplate":"https:\/\/aeronoticias.com.pe\/noticiero\/?s={search_term_string}"},"query-input":{"@type":"PropertyValueSpecification","valueRequired":true,"valueName":"search_term_string"}}],"inLanguage":"es"},{"@type":"Person","@id":"https:\/\/aeronoticias.com.pe\/noticiero\/#\/schema\/person\/fc1e5d578f4b62ba1cf7ac2bba1170a0","name":"Redacci\u00f3n Aeronoticias","url":"https:\/\/aeronoticias.com.pe\/noticiero\/author\/piloto\/"}]}},"_links":{"self":[{"href":"https:\/\/aeronoticias.com.pe\/noticiero\/wp-json\/wp\/v2\/posts\/58230","targetHints":{"allow":["GET"]}}],"collection":[{"href":"https:\/\/aeronoticias.com.pe\/noticiero\/wp-json\/wp\/v2\/posts"}],"about":[{"href":"https:\/\/aeronoticias.com.pe\/noticiero\/wp-json\/wp\/v2\/types\/post"}],"author":[{"embeddable":true,"href":"https:\/\/aeronoticias.com.pe\/noticiero\/wp-json\/wp\/v2\/users\/1"}],"replies":[{"embeddable":true,"href":"https:\/\/aeronoticias.com.pe\/noticiero\/wp-json\/wp\/v2\/comments?post=58230"}],"version-history":[{"count":0,"href":"https:\/\/aeronoticias.com.pe\/noticiero\/wp-json\/wp\/v2\/posts\/58230\/revisions"}],"wp:featuredmedia":[{"embeddable":true,"href":"https:\/\/aeronoticias.com.pe\/noticiero\/wp-json\/wp\/v2\/media\/67355"}],"wp:attachment":[{"href":"https:\/\/aeronoticias.com.pe\/noticiero\/wp-json\/wp\/v2\/media?parent=58230"}],"wp:term":[{"taxonomy":"category","embeddable":true,"href":"https:\/\/aeronoticias.com.pe\/noticiero\/wp-json\/wp\/v2\/categories?post=58230"},{"taxonomy":"post_tag","embeddable":true,"href":"https:\/\/aeronoticias.com.pe\/noticiero\/wp-json\/wp\/v2\/tags?post=58230"}],"curies":[{"name":"wp","href":"https:\/\/api.w.org\/{rel}","templated":true}]}}