{"id":58266,"date":"2019-03-29T01:07:06","date_gmt":"2019-03-29T01:07:06","guid":{"rendered":"http:\/\/desarrollo.mcvicious.com\/aero2020\/2019\/03\/29\/la-omc-concluye-que-subsidios-de-eeuu-a-boeing-danaron-las-ventas-de-airbus\/"},"modified":"2020-12-04T12:35:47","modified_gmt":"2020-12-04T17:35:47","slug":"la-omc-concluye-que-subsidios-de-eeuu-a-boeing-danaron-las-ventas-de-airbus","status":"publish","type":"post","link":"https:\/\/aeronoticias.com.pe\/noticiero\/transporte-aereo\/internacional\/la-omc-concluye-que-subsidios-de-eeuu-a-boeing-danaron-las-ventas-de-airbus\/","title":{"rendered":"La OMC concluye que subsidios de EEUU a Boeing da\u00f1aron las ventas de Airbus"},"content":{"rendered":"\n<p>El \u00d3rgano de Apelaci\u00f3n de la Organizaci\u00f3n Mundial del Comercio (OMC) fall\u00f3 hoy a favor de la Uni\u00f3n Europea (UE) y Airbus en su largo conflicto con su competidora Boeing, y concluy\u00f3 que Estados Unidos (EEUU) ha mantenido subsidios de apoyo a la compa\u00f1\u00eda estadounidense contrarios a la normativa internacional.<\/p>\n\n\n\n<p class=\"p1\">El \u00f3rgano de la OMC dictamin\u00f3 que Washington ha mantenido diversas ayudas y subsidios a Boeing, pese a que en 2012 el organismo internacional con sede en Ginebra (Suiza) ya consider\u00f3 que este tipo de medidas hab\u00edan distorsionado el mercado, perjudicando gravemente las ventas de Airbus en diversas campa\u00f1as comerciales en todo el mundo.<\/p>\n\n\n\n<p class=\"p1\">Airbus comenz\u00f3 el contencioso en 2005, argumentando que ciertos incentivos fiscales de Washington a la empresa estadounidense y otras medidas, tales como el acceso a instalaciones, equipamiento y personal estatal, incumpl\u00edan las normativas internacionales de comercio.<\/p>\n\n\n\n<p class=\"p1\">En su decisi\u00f3n de hoy, el \u00d3rgano de Apelaci\u00f3n destaca que medidas de este tipo contin\u00faan 14 a\u00f1os despu\u00e9s incumpliendo las reglas de la OMC, entre ellas ciertos programas fiscales e incentivos en los estados de Washington (noroeste) y Carolina del Sur (sureste).<\/p>\n\n\n\n<p class=\"p1\">Adem\u00e1s, la OMC dio la raz\u00f3n a la UE en su acusaci\u00f3n de que Boeing se sigue beneficiando del subsidio FSC\/ETI, cuya retirada ya se hab\u00eda ordenado en los primeros a\u00f1os del contencioso, y desestim\u00f3 todos los argumentos presentados por EEUU en la actual fase de apelaci\u00f3n.<\/p>\n\n\n\n<p class=\"p1\">La sentencia se emite en un momento en el que Boeing atraviesa una crisis de credibilidad, debido a las dudas sobre la seguridad de uno de sus \u00faltimos modelos, el 737 Max, a ra\u00edz de los accidentes que estos aparatos sufrieron en Indonesia, en octubre de 2018, y en Etiop\u00eda el pasado 10 de marzo, cuyas circunstancias se est\u00e1n investigando.<\/p>\n\n\n\n<p class=\"p1\">La UE, a trav\u00e9s de la Agencia Europea de Seguridad A\u00e9rea, ha sido uno de los muchos mercados que ha ordenado la suspensi\u00f3n del vuelo de este modelo de Boeing en sus aeropuertos y su espacio a\u00e9reo.<\/p>\n\n\n\n<p class=\"p1\">Fuente: <span style=\"text-decoration: underline;\"><em><strong>EFE.<\/strong><\/em><\/span><\/p>\n","protected":false},"excerpt":{"rendered":"<p>El \u00d3rgano de Apelaci\u00f3n de la Organizaci\u00f3n Mundial del Comercio (OMC) fall\u00f3 hoy a favor de la Uni\u00f3n Europea (UE) y Airbus en su largo conflicto con su competidora Boeing, y concluy\u00f3 que Estados Unidos (EEUU) ha mantenido subsidios de apoyo a la compa\u00f1\u00eda estadounidense contrarios a la normativa internacional. El \u00f3rgano de la OMC [&hellip;]<\/p>\n","protected":false},"author":1,"featured_media":67318,"comment_status":"open","ping_status":"open","sticky":false,"template":"","format":"standard","meta":{"tdm_status":"","tdm_grid_status":"","footnotes":""},"categories":[32,11],"tags":[181,118,103,1090],"class_list":{"0":"post-58266","1":"post","2":"type-post","3":"status-publish","4":"format-standard","5":"has-post-thumbnail","7":"category-internacional","8":"category-transporte-aereo","9":"tag-airbus","10":"tag-boeing","11":"tag-estados-unidos","12":"tag-omc"},"yoast_head":"<!-- This site is optimized with the Yoast SEO plugin v25.1 - https:\/\/yoast.com\/wordpress\/plugins\/seo\/ -->\n<title>La OMC concluye que subsidios de EEUU a Boeing da\u00f1aron las ventas de Airbus<\/title>\n<meta name=\"description\" content=\"El \u00d3rgano de Apelaci\u00f3n de la Organizaci\u00f3n Mundial del Comercio (OMC) fall\u00f3 hoy a favor de la Uni\u00f3n Europea (UE) y Airbus en su largo conflicto con su competidora Boeing, y concluy\u00f3 que Estados Unidos (EEUU) ha mantenido subsidios de apoyo a la compa\u00f1\u00eda estadounidense contrarios a la normativa internacional.\" \/>\n<meta name=\"robots\" content=\"index, follow, max-snippet:-1, max-image-preview:large, max-video-preview:-1\" \/>\n<link rel=\"canonical\" href=\"https:\/\/aeronoticias.com.pe\/noticiero\/transporte-aereo\/internacional\/la-omc-concluye-que-subsidios-de-eeuu-a-boeing-danaron-las-ventas-de-airbus\/\" \/>\n<meta property=\"og:locale\" content=\"es_ES\" \/>\n<meta property=\"og:type\" content=\"article\" \/>\n<meta property=\"og:title\" content=\"La OMC concluye que subsidios de EEUU a Boeing da\u00f1aron las ventas de Airbus\" \/>\n<meta property=\"og:description\" content=\"El \u00d3rgano de Apelaci\u00f3n de la Organizaci\u00f3n Mundial del Comercio (OMC) fall\u00f3 hoy a favor de la Uni\u00f3n Europea (UE) y Airbus en su largo conflicto con su competidora Boeing, y concluy\u00f3 que Estados Unidos (EEUU) ha mantenido subsidios de apoyo a la compa\u00f1\u00eda estadounidense contrarios a la normativa internacional.\" \/>\n<meta property=\"og:url\" content=\"https:\/\/aeronoticias.com.pe\/noticiero\/transporte-aereo\/internacional\/la-omc-concluye-que-subsidios-de-eeuu-a-boeing-danaron-las-ventas-de-airbus\/\" \/>\n<meta property=\"og:site_name\" content=\"Aeronoticias.com.pe\" \/>\n<meta property=\"article:publisher\" content=\"https:\/\/www.facebook.com\/Aeronoticias.com.pe\/\" \/>\n<meta property=\"article:published_time\" content=\"2019-03-29T01:07:06+00:00\" \/>\n<meta property=\"article:modified_time\" content=\"2020-12-04T17:35:47+00:00\" \/>\n<meta property=\"og:image\" content=\"https:\/\/aeronoticias.com.pe\/noticiero\/wp-content\/uploads\/2019\/03\/Airbus-Boeing.jpg\" \/>\n\t<meta property=\"og:image:width\" content=\"800\" \/>\n\t<meta property=\"og:image:height\" content=\"400\" \/>\n\t<meta property=\"og:image:type\" content=\"image\/jpeg\" \/>\n<meta name=\"author\" content=\"Redacci\u00f3n Aeronoticias\" \/>\n<meta name=\"twitter:card\" content=\"summary_large_image\" \/>\n<meta name=\"twitter:creator\" content=\"@aeronoticias\" \/>\n<meta name=\"twitter:site\" content=\"@aeronoticias\" \/>\n<meta name=\"twitter:label1\" content=\"Escrito por\" \/>\n\t<meta name=\"twitter:data1\" content=\"Redacci\u00f3n Aeronoticias\" \/>\n\t<meta name=\"twitter:label2\" content=\"Tiempo de lectura\" \/>\n\t<meta name=\"twitter:data2\" content=\"2 minutos\" \/>\n<script type=\"application\/ld+json\" class=\"yoast-schema-graph\">{\"@context\":\"https:\/\/schema.org\",\"@graph\":[{\"@type\":\"WebPage\",\"@id\":\"https:\/\/aeronoticias.com.pe\/noticiero\/transporte-aereo\/internacional\/la-omc-concluye-que-subsidios-de-eeuu-a-boeing-danaron-las-ventas-de-airbus\/\",\"url\":\"https:\/\/aeronoticias.com.pe\/noticiero\/transporte-aereo\/internacional\/la-omc-concluye-que-subsidios-de-eeuu-a-boeing-danaron-las-ventas-de-airbus\/\",\"name\":\"La OMC concluye que subsidios de EEUU a Boeing da\u00f1aron las ventas de Airbus\",\"isPartOf\":{\"@id\":\"https:\/\/aeronoticias.com.pe\/noticiero\/#website\"},\"primaryImageOfPage\":{\"@id\":\"https:\/\/aeronoticias.com.pe\/noticiero\/transporte-aereo\/internacional\/la-omc-concluye-que-subsidios-de-eeuu-a-boeing-danaron-las-ventas-de-airbus\/#primaryimage\"},\"image\":{\"@id\":\"https:\/\/aeronoticias.com.pe\/noticiero\/transporte-aereo\/internacional\/la-omc-concluye-que-subsidios-de-eeuu-a-boeing-danaron-las-ventas-de-airbus\/#primaryimage\"},\"thumbnailUrl\":\"https:\/\/aeronoticias.com.pe\/noticiero\/wp-content\/uploads\/2019\/03\/Airbus-Boeing.jpg\",\"datePublished\":\"2019-03-29T01:07:06+00:00\",\"dateModified\":\"2020-12-04T17:35:47+00:00\",\"author\":{\"@id\":\"https:\/\/aeronoticias.com.pe\/noticiero\/#\/schema\/person\/fc1e5d578f4b62ba1cf7ac2bba1170a0\"},\"description\":\"El \u00d3rgano de Apelaci\u00f3n de la Organizaci\u00f3n Mundial del Comercio (OMC) fall\u00f3 hoy a favor de la Uni\u00f3n Europea (UE) y Airbus en su largo conflicto con su competidora Boeing, y concluy\u00f3 que Estados Unidos (EEUU) ha mantenido subsidios de apoyo a la compa\u00f1\u00eda estadounidense contrarios a la normativa internacional.\",\"breadcrumb\":{\"@id\":\"https:\/\/aeronoticias.com.pe\/noticiero\/transporte-aereo\/internacional\/la-omc-concluye-que-subsidios-de-eeuu-a-boeing-danaron-las-ventas-de-airbus\/#breadcrumb\"},\"inLanguage\":\"es\",\"potentialAction\":[{\"@type\":\"ReadAction\",\"target\":[\"https:\/\/aeronoticias.com.pe\/noticiero\/transporte-aereo\/internacional\/la-omc-concluye-que-subsidios-de-eeuu-a-boeing-danaron-las-ventas-de-airbus\/\"]}]},{\"@type\":\"ImageObject\",\"inLanguage\":\"es\",\"@id\":\"https:\/\/aeronoticias.com.pe\/noticiero\/transporte-aereo\/internacional\/la-omc-concluye-que-subsidios-de-eeuu-a-boeing-danaron-las-ventas-de-airbus\/#primaryimage\",\"url\":\"https:\/\/aeronoticias.com.pe\/noticiero\/wp-content\/uploads\/2019\/03\/Airbus-Boeing.jpg\",\"contentUrl\":\"https:\/\/aeronoticias.com.pe\/noticiero\/wp-content\/uploads\/2019\/03\/Airbus-Boeing.jpg\",\"width\":800,\"height\":400},{\"@type\":\"BreadcrumbList\",\"@id\":\"https:\/\/aeronoticias.com.pe\/noticiero\/transporte-aereo\/internacional\/la-omc-concluye-que-subsidios-de-eeuu-a-boeing-danaron-las-ventas-de-airbus\/#breadcrumb\",\"itemListElement\":[{\"@type\":\"ListItem\",\"position\":1,\"name\":\"Portada\",\"item\":\"https:\/\/aeronoticias.com.pe\/noticiero\/\"},{\"@type\":\"ListItem\",\"position\":2,\"name\":\"La OMC concluye que subsidios de EEUU a Boeing da\u00f1aron las ventas de Airbus\"}]},{\"@type\":\"WebSite\",\"@id\":\"https:\/\/aeronoticias.com.pe\/noticiero\/#website\",\"url\":\"https:\/\/aeronoticias.com.pe\/noticiero\/\",\"name\":\"Aeronoticias.com.pe\",\"description\":\"Noticias de tranporte aereo, turismo, hoteles, gastronomia, actualidad, internacional\",\"potentialAction\":[{\"@type\":\"SearchAction\",\"target\":{\"@type\":\"EntryPoint\",\"urlTemplate\":\"https:\/\/aeronoticias.com.pe\/noticiero\/?s={search_term_string}\"},\"query-input\":{\"@type\":\"PropertyValueSpecification\",\"valueRequired\":true,\"valueName\":\"search_term_string\"}}],\"inLanguage\":\"es\"},{\"@type\":\"Person\",\"@id\":\"https:\/\/aeronoticias.com.pe\/noticiero\/#\/schema\/person\/fc1e5d578f4b62ba1cf7ac2bba1170a0\",\"name\":\"Redacci\u00f3n Aeronoticias\",\"url\":\"https:\/\/aeronoticias.com.pe\/noticiero\/author\/piloto\/\"}]}<\/script>\n<!-- \/ Yoast SEO plugin. -->","yoast_head_json":{"title":"La OMC concluye que subsidios de EEUU a Boeing da\u00f1aron las ventas de Airbus","description":"El \u00d3rgano de Apelaci\u00f3n de la Organizaci\u00f3n Mundial del Comercio (OMC) fall\u00f3 hoy a favor de la Uni\u00f3n Europea (UE) y Airbus en su largo conflicto con su competidora Boeing, y concluy\u00f3 que Estados Unidos (EEUU) ha mantenido subsidios de apoyo a la compa\u00f1\u00eda estadounidense contrarios a la normativa internacional.","robots":{"index":"index","follow":"follow","max-snippet":"max-snippet:-1","max-image-preview":"max-image-preview:large","max-video-preview":"max-video-preview:-1"},"canonical":"https:\/\/aeronoticias.com.pe\/noticiero\/transporte-aereo\/internacional\/la-omc-concluye-que-subsidios-de-eeuu-a-boeing-danaron-las-ventas-de-airbus\/","og_locale":"es_ES","og_type":"article","og_title":"La OMC concluye que subsidios de EEUU a Boeing da\u00f1aron las ventas de Airbus","og_description":"El \u00d3rgano de Apelaci\u00f3n de la Organizaci\u00f3n Mundial del Comercio (OMC) fall\u00f3 hoy a favor de la Uni\u00f3n Europea (UE) y Airbus en su largo conflicto con su competidora Boeing, y concluy\u00f3 que Estados Unidos (EEUU) ha mantenido subsidios de apoyo a la compa\u00f1\u00eda estadounidense contrarios a la normativa internacional.","og_url":"https:\/\/aeronoticias.com.pe\/noticiero\/transporte-aereo\/internacional\/la-omc-concluye-que-subsidios-de-eeuu-a-boeing-danaron-las-ventas-de-airbus\/","og_site_name":"Aeronoticias.com.pe","article_publisher":"https:\/\/www.facebook.com\/Aeronoticias.com.pe\/","article_published_time":"2019-03-29T01:07:06+00:00","article_modified_time":"2020-12-04T17:35:47+00:00","og_image":[{"width":800,"height":400,"url":"https:\/\/aeronoticias.com.pe\/noticiero\/wp-content\/uploads\/2019\/03\/Airbus-Boeing.jpg","type":"image\/jpeg"}],"author":"Redacci\u00f3n Aeronoticias","twitter_card":"summary_large_image","twitter_creator":"@aeronoticias","twitter_site":"@aeronoticias","twitter_misc":{"Escrito por":"Redacci\u00f3n Aeronoticias","Tiempo de lectura":"2 minutos"},"schema":{"@context":"https:\/\/schema.org","@graph":[{"@type":"WebPage","@id":"https:\/\/aeronoticias.com.pe\/noticiero\/transporte-aereo\/internacional\/la-omc-concluye-que-subsidios-de-eeuu-a-boeing-danaron-las-ventas-de-airbus\/","url":"https:\/\/aeronoticias.com.pe\/noticiero\/transporte-aereo\/internacional\/la-omc-concluye-que-subsidios-de-eeuu-a-boeing-danaron-las-ventas-de-airbus\/","name":"La OMC concluye que subsidios de EEUU a Boeing da\u00f1aron las ventas de Airbus","isPartOf":{"@id":"https:\/\/aeronoticias.com.pe\/noticiero\/#website"},"primaryImageOfPage":{"@id":"https:\/\/aeronoticias.com.pe\/noticiero\/transporte-aereo\/internacional\/la-omc-concluye-que-subsidios-de-eeuu-a-boeing-danaron-las-ventas-de-airbus\/#primaryimage"},"image":{"@id":"https:\/\/aeronoticias.com.pe\/noticiero\/transporte-aereo\/internacional\/la-omc-concluye-que-subsidios-de-eeuu-a-boeing-danaron-las-ventas-de-airbus\/#primaryimage"},"thumbnailUrl":"https:\/\/aeronoticias.com.pe\/noticiero\/wp-content\/uploads\/2019\/03\/Airbus-Boeing.jpg","datePublished":"2019-03-29T01:07:06+00:00","dateModified":"2020-12-04T17:35:47+00:00","author":{"@id":"https:\/\/aeronoticias.com.pe\/noticiero\/#\/schema\/person\/fc1e5d578f4b62ba1cf7ac2bba1170a0"},"description":"El \u00d3rgano de Apelaci\u00f3n de la Organizaci\u00f3n Mundial del Comercio (OMC) fall\u00f3 hoy a favor de la Uni\u00f3n Europea (UE) y Airbus en su largo conflicto con su competidora Boeing, y concluy\u00f3 que Estados Unidos (EEUU) ha mantenido subsidios de apoyo a la compa\u00f1\u00eda estadounidense contrarios a la normativa internacional.","breadcrumb":{"@id":"https:\/\/aeronoticias.com.pe\/noticiero\/transporte-aereo\/internacional\/la-omc-concluye-que-subsidios-de-eeuu-a-boeing-danaron-las-ventas-de-airbus\/#breadcrumb"},"inLanguage":"es","potentialAction":[{"@type":"ReadAction","target":["https:\/\/aeronoticias.com.pe\/noticiero\/transporte-aereo\/internacional\/la-omc-concluye-que-subsidios-de-eeuu-a-boeing-danaron-las-ventas-de-airbus\/"]}]},{"@type":"ImageObject","inLanguage":"es","@id":"https:\/\/aeronoticias.com.pe\/noticiero\/transporte-aereo\/internacional\/la-omc-concluye-que-subsidios-de-eeuu-a-boeing-danaron-las-ventas-de-airbus\/#primaryimage","url":"https:\/\/aeronoticias.com.pe\/noticiero\/wp-content\/uploads\/2019\/03\/Airbus-Boeing.jpg","contentUrl":"https:\/\/aeronoticias.com.pe\/noticiero\/wp-content\/uploads\/2019\/03\/Airbus-Boeing.jpg","width":800,"height":400},{"@type":"BreadcrumbList","@id":"https:\/\/aeronoticias.com.pe\/noticiero\/transporte-aereo\/internacional\/la-omc-concluye-que-subsidios-de-eeuu-a-boeing-danaron-las-ventas-de-airbus\/#breadcrumb","itemListElement":[{"@type":"ListItem","position":1,"name":"Portada","item":"https:\/\/aeronoticias.com.pe\/noticiero\/"},{"@type":"ListItem","position":2,"name":"La OMC concluye que subsidios de EEUU a Boeing da\u00f1aron las ventas de Airbus"}]},{"@type":"WebSite","@id":"https:\/\/aeronoticias.com.pe\/noticiero\/#website","url":"https:\/\/aeronoticias.com.pe\/noticiero\/","name":"Aeronoticias.com.pe","description":"Noticias de tranporte aereo, turismo, hoteles, gastronomia, actualidad, internacional","potentialAction":[{"@type":"SearchAction","target":{"@type":"EntryPoint","urlTemplate":"https:\/\/aeronoticias.com.pe\/noticiero\/?s={search_term_string}"},"query-input":{"@type":"PropertyValueSpecification","valueRequired":true,"valueName":"search_term_string"}}],"inLanguage":"es"},{"@type":"Person","@id":"https:\/\/aeronoticias.com.pe\/noticiero\/#\/schema\/person\/fc1e5d578f4b62ba1cf7ac2bba1170a0","name":"Redacci\u00f3n Aeronoticias","url":"https:\/\/aeronoticias.com.pe\/noticiero\/author\/piloto\/"}]}},"_links":{"self":[{"href":"https:\/\/aeronoticias.com.pe\/noticiero\/wp-json\/wp\/v2\/posts\/58266","targetHints":{"allow":["GET"]}}],"collection":[{"href":"https:\/\/aeronoticias.com.pe\/noticiero\/wp-json\/wp\/v2\/posts"}],"about":[{"href":"https:\/\/aeronoticias.com.pe\/noticiero\/wp-json\/wp\/v2\/types\/post"}],"author":[{"embeddable":true,"href":"https:\/\/aeronoticias.com.pe\/noticiero\/wp-json\/wp\/v2\/users\/1"}],"replies":[{"embeddable":true,"href":"https:\/\/aeronoticias.com.pe\/noticiero\/wp-json\/wp\/v2\/comments?post=58266"}],"version-history":[{"count":0,"href":"https:\/\/aeronoticias.com.pe\/noticiero\/wp-json\/wp\/v2\/posts\/58266\/revisions"}],"wp:featuredmedia":[{"embeddable":true,"href":"https:\/\/aeronoticias.com.pe\/noticiero\/wp-json\/wp\/v2\/media\/67318"}],"wp:attachment":[{"href":"https:\/\/aeronoticias.com.pe\/noticiero\/wp-json\/wp\/v2\/media?parent=58266"}],"wp:term":[{"taxonomy":"category","embeddable":true,"href":"https:\/\/aeronoticias.com.pe\/noticiero\/wp-json\/wp\/v2\/categories?post=58266"},{"taxonomy":"post_tag","embeddable":true,"href":"https:\/\/aeronoticias.com.pe\/noticiero\/wp-json\/wp\/v2\/tags?post=58266"}],"curies":[{"name":"wp","href":"https:\/\/api.w.org\/{rel}","templated":true}]}}