{"id":58267,"date":"2019-03-29T12:24:34","date_gmt":"2019-03-29T12:24:34","guid":{"rendered":"http:\/\/desarrollo.mcvicious.com\/aero2020\/2019\/03\/29\/iberia-express-celebra-su-septimo-aniversario-con-plazas-a-7-euros\/"},"modified":"2020-12-04T12:30:31","modified_gmt":"2020-12-04T17:30:31","slug":"iberia-express-celebra-su-septimo-aniversario-con-plazas-a-7-euros","status":"publish","type":"post","link":"https:\/\/aeronoticias.com.pe\/noticiero\/transporte-aereo\/internacional\/iberia-express-celebra-su-septimo-aniversario-con-plazas-a-7-euros\/","title":{"rendered":"Iberia Express celebra su s\u00e9ptimo aniversario con plazas a 7 euros"},"content":{"rendered":"\n<p>La aerol\u00ednea Iberia Express celebra su s\u00e9ptimo aniversario con sus clientes lanzando una promoci\u00f3n de 7.000 plazas a 7 euros para volar a todos sus destinos europeos hasta el 26 de octubre.<\/p>\n\n\n\n<p class=\"p1\">La aerol\u00ednea cumple siete a\u00f1os desde su primer vuelo comercial, con m\u00e1s de 210.000 vuelos operados, m\u00e1s de 28 millones de pasajeros transportados y siendo reconocida como la aerol\u00ednea \u2018low cost\u2019 m\u00e1s puntual del mundo en 2018 por quinto a\u00f1o consecutivo.<\/p>\n\n\n\n<p class=\"p1\">La promoci\u00f3n estar\u00e1 disponible para la compra hasta ma\u00f1ana viernes, 29 de marzo, a las 23:59 horas. Entre los destinos a elegir se encuentran algunos de gran demanda tur\u00edstica como Cerde\u00f1a, Mykonos, N\u00e1poles o Malta as\u00ed como escapadas a ciudades europeas como Berl\u00edn, Copenhague o \u00c1msterdam.<\/p>\n\n\n\n<p class=\"p1\">Las tarifas a 7 euros, m\u00e1s tasas aeroportuarias, est\u00e1n disponibles para los vuelos que se adquieran a trav\u00e9s de la p\u00e1gina web. Los clientes que quieran acceder a ellos han de formar parte del Club Express.<\/p>\n\n\n\n<p class=\"p1\">Para todos aquellos que a\u00fan no forman parte de este club de viajeros, el registro es totalmente gratuito y cuenta con un \u00e1rea privada que permite agilizar el proceso de compra, as\u00ed como acceder a otras ofertas y promociones exclusivas.<\/p>\n\n\n\n<p class=\"p1\">Fuente:&nbsp;<span style=\"text-decoration: underline;\"><em><strong>EuropaPress<\/strong><\/em><\/span>.<\/p>\n","protected":false},"excerpt":{"rendered":"<p>La aerol\u00ednea Iberia Express celebra su s\u00e9ptimo aniversario con sus clientes lanzando una promoci\u00f3n de 7.000 plazas a 7 euros para volar a todos sus destinos europeos hasta el 26 de octubre. La aerol\u00ednea cumple siete a\u00f1os desde su primer vuelo comercial, con m\u00e1s de 210.000 vuelos operados, m\u00e1s de 28 millones de pasajeros transportados [&hellip;]<\/p>\n","protected":false},"author":1,"featured_media":67315,"comment_status":"open","ping_status":"open","sticky":false,"template":"","format":"standard","meta":{"tdm_status":"","tdm_grid_status":"","footnotes":""},"categories":[32,11],"tags":[1089,1088],"class_list":{"0":"post-58267","1":"post","2":"type-post","3":"status-publish","4":"format-standard","5":"has-post-thumbnail","7":"category-internacional","8":"category-transporte-aereo","9":"tag-aniversario","10":"tag-iberia-express"},"yoast_head":"<!-- This site is optimized with the Yoast SEO plugin v25.1 - https:\/\/yoast.com\/wordpress\/plugins\/seo\/ -->\n<title>Iberia Express celebra su s\u00e9ptimo aniversario con plazas a 7 euros<\/title>\n<meta name=\"description\" content=\"La aerol\u00ednea Iberia Express celebra su s\u00e9ptimo aniversario con sus clientes lanzando una promoci\u00f3n de 7.000 plazas a 7 euros para volar a todos sus destinos europeos hasta el 26 de octubre.\" \/>\n<meta name=\"robots\" content=\"index, follow, max-snippet:-1, max-image-preview:large, max-video-preview:-1\" \/>\n<link rel=\"canonical\" href=\"https:\/\/aeronoticias.com.pe\/noticiero\/transporte-aereo\/internacional\/iberia-express-celebra-su-septimo-aniversario-con-plazas-a-7-euros\/\" \/>\n<meta property=\"og:locale\" content=\"es_ES\" \/>\n<meta property=\"og:type\" content=\"article\" \/>\n<meta property=\"og:title\" content=\"Iberia Express celebra su s\u00e9ptimo aniversario con plazas a 7 euros\" \/>\n<meta property=\"og:description\" content=\"La aerol\u00ednea Iberia Express celebra su s\u00e9ptimo aniversario con sus clientes lanzando una promoci\u00f3n de 7.000 plazas a 7 euros para volar a todos sus destinos europeos hasta el 26 de octubre.\" \/>\n<meta property=\"og:url\" content=\"https:\/\/aeronoticias.com.pe\/noticiero\/transporte-aereo\/internacional\/iberia-express-celebra-su-septimo-aniversario-con-plazas-a-7-euros\/\" \/>\n<meta property=\"og:site_name\" content=\"Aeronoticias.com.pe\" \/>\n<meta property=\"article:publisher\" content=\"https:\/\/www.facebook.com\/Aeronoticias.com.pe\/\" \/>\n<meta property=\"article:published_time\" content=\"2019-03-29T12:24:34+00:00\" \/>\n<meta property=\"article:modified_time\" content=\"2020-12-04T17:30:31+00:00\" \/>\n<meta property=\"og:image\" content=\"https:\/\/aeronoticias.com.pe\/noticiero\/wp-content\/uploads\/2019\/03\/iberiaexpress.jpg\" \/>\n\t<meta property=\"og:image:width\" content=\"1071\" \/>\n\t<meta property=\"og:image:height\" content=\"700\" \/>\n\t<meta property=\"og:image:type\" content=\"image\/jpeg\" \/>\n<meta name=\"author\" content=\"Redacci\u00f3n Aeronoticias\" \/>\n<meta name=\"twitter:card\" content=\"summary_large_image\" \/>\n<meta name=\"twitter:creator\" content=\"@aeronoticias\" \/>\n<meta name=\"twitter:site\" content=\"@aeronoticias\" \/>\n<meta name=\"twitter:label1\" content=\"Escrito por\" \/>\n\t<meta name=\"twitter:data1\" content=\"Redacci\u00f3n Aeronoticias\" \/>\n\t<meta name=\"twitter:label2\" content=\"Tiempo de lectura\" \/>\n\t<meta name=\"twitter:data2\" content=\"1 minuto\" \/>\n<script type=\"application\/ld+json\" class=\"yoast-schema-graph\">{\"@context\":\"https:\/\/schema.org\",\"@graph\":[{\"@type\":\"WebPage\",\"@id\":\"https:\/\/aeronoticias.com.pe\/noticiero\/transporte-aereo\/internacional\/iberia-express-celebra-su-septimo-aniversario-con-plazas-a-7-euros\/\",\"url\":\"https:\/\/aeronoticias.com.pe\/noticiero\/transporte-aereo\/internacional\/iberia-express-celebra-su-septimo-aniversario-con-plazas-a-7-euros\/\",\"name\":\"Iberia Express celebra su s\u00e9ptimo aniversario con plazas a 7 euros\",\"isPartOf\":{\"@id\":\"https:\/\/aeronoticias.com.pe\/noticiero\/#website\"},\"primaryImageOfPage\":{\"@id\":\"https:\/\/aeronoticias.com.pe\/noticiero\/transporte-aereo\/internacional\/iberia-express-celebra-su-septimo-aniversario-con-plazas-a-7-euros\/#primaryimage\"},\"image\":{\"@id\":\"https:\/\/aeronoticias.com.pe\/noticiero\/transporte-aereo\/internacional\/iberia-express-celebra-su-septimo-aniversario-con-plazas-a-7-euros\/#primaryimage\"},\"thumbnailUrl\":\"https:\/\/aeronoticias.com.pe\/noticiero\/wp-content\/uploads\/2019\/03\/iberiaexpress.jpg\",\"datePublished\":\"2019-03-29T12:24:34+00:00\",\"dateModified\":\"2020-12-04T17:30:31+00:00\",\"author\":{\"@id\":\"https:\/\/aeronoticias.com.pe\/noticiero\/#\/schema\/person\/fc1e5d578f4b62ba1cf7ac2bba1170a0\"},\"description\":\"La aerol\u00ednea Iberia Express celebra su s\u00e9ptimo aniversario con sus clientes lanzando una promoci\u00f3n de 7.000 plazas a 7 euros para volar a todos sus destinos europeos hasta el 26 de octubre.\",\"breadcrumb\":{\"@id\":\"https:\/\/aeronoticias.com.pe\/noticiero\/transporte-aereo\/internacional\/iberia-express-celebra-su-septimo-aniversario-con-plazas-a-7-euros\/#breadcrumb\"},\"inLanguage\":\"es\",\"potentialAction\":[{\"@type\":\"ReadAction\",\"target\":[\"https:\/\/aeronoticias.com.pe\/noticiero\/transporte-aereo\/internacional\/iberia-express-celebra-su-septimo-aniversario-con-plazas-a-7-euros\/\"]}]},{\"@type\":\"ImageObject\",\"inLanguage\":\"es\",\"@id\":\"https:\/\/aeronoticias.com.pe\/noticiero\/transporte-aereo\/internacional\/iberia-express-celebra-su-septimo-aniversario-con-plazas-a-7-euros\/#primaryimage\",\"url\":\"https:\/\/aeronoticias.com.pe\/noticiero\/wp-content\/uploads\/2019\/03\/iberiaexpress.jpg\",\"contentUrl\":\"https:\/\/aeronoticias.com.pe\/noticiero\/wp-content\/uploads\/2019\/03\/iberiaexpress.jpg\",\"width\":1071,\"height\":700},{\"@type\":\"BreadcrumbList\",\"@id\":\"https:\/\/aeronoticias.com.pe\/noticiero\/transporte-aereo\/internacional\/iberia-express-celebra-su-septimo-aniversario-con-plazas-a-7-euros\/#breadcrumb\",\"itemListElement\":[{\"@type\":\"ListItem\",\"position\":1,\"name\":\"Portada\",\"item\":\"https:\/\/aeronoticias.com.pe\/noticiero\/\"},{\"@type\":\"ListItem\",\"position\":2,\"name\":\"Iberia Express celebra su s\u00e9ptimo aniversario con plazas a 7 euros\"}]},{\"@type\":\"WebSite\",\"@id\":\"https:\/\/aeronoticias.com.pe\/noticiero\/#website\",\"url\":\"https:\/\/aeronoticias.com.pe\/noticiero\/\",\"name\":\"Aeronoticias.com.pe\",\"description\":\"Noticias de tranporte aereo, turismo, hoteles, gastronomia, actualidad, internacional\",\"potentialAction\":[{\"@type\":\"SearchAction\",\"target\":{\"@type\":\"EntryPoint\",\"urlTemplate\":\"https:\/\/aeronoticias.com.pe\/noticiero\/?s={search_term_string}\"},\"query-input\":{\"@type\":\"PropertyValueSpecification\",\"valueRequired\":true,\"valueName\":\"search_term_string\"}}],\"inLanguage\":\"es\"},{\"@type\":\"Person\",\"@id\":\"https:\/\/aeronoticias.com.pe\/noticiero\/#\/schema\/person\/fc1e5d578f4b62ba1cf7ac2bba1170a0\",\"name\":\"Redacci\u00f3n Aeronoticias\",\"url\":\"https:\/\/aeronoticias.com.pe\/noticiero\/author\/piloto\/\"}]}<\/script>\n<!-- \/ Yoast SEO plugin. -->","yoast_head_json":{"title":"Iberia Express celebra su s\u00e9ptimo aniversario con plazas a 7 euros","description":"La aerol\u00ednea Iberia Express celebra su s\u00e9ptimo aniversario con sus clientes lanzando una promoci\u00f3n de 7.000 plazas a 7 euros para volar a todos sus destinos europeos hasta el 26 de octubre.","robots":{"index":"index","follow":"follow","max-snippet":"max-snippet:-1","max-image-preview":"max-image-preview:large","max-video-preview":"max-video-preview:-1"},"canonical":"https:\/\/aeronoticias.com.pe\/noticiero\/transporte-aereo\/internacional\/iberia-express-celebra-su-septimo-aniversario-con-plazas-a-7-euros\/","og_locale":"es_ES","og_type":"article","og_title":"Iberia Express celebra su s\u00e9ptimo aniversario con plazas a 7 euros","og_description":"La aerol\u00ednea Iberia Express celebra su s\u00e9ptimo aniversario con sus clientes lanzando una promoci\u00f3n de 7.000 plazas a 7 euros para volar a todos sus destinos europeos hasta el 26 de octubre.","og_url":"https:\/\/aeronoticias.com.pe\/noticiero\/transporte-aereo\/internacional\/iberia-express-celebra-su-septimo-aniversario-con-plazas-a-7-euros\/","og_site_name":"Aeronoticias.com.pe","article_publisher":"https:\/\/www.facebook.com\/Aeronoticias.com.pe\/","article_published_time":"2019-03-29T12:24:34+00:00","article_modified_time":"2020-12-04T17:30:31+00:00","og_image":[{"width":1071,"height":700,"url":"https:\/\/aeronoticias.com.pe\/noticiero\/wp-content\/uploads\/2019\/03\/iberiaexpress.jpg","type":"image\/jpeg"}],"author":"Redacci\u00f3n Aeronoticias","twitter_card":"summary_large_image","twitter_creator":"@aeronoticias","twitter_site":"@aeronoticias","twitter_misc":{"Escrito por":"Redacci\u00f3n Aeronoticias","Tiempo de lectura":"1 minuto"},"schema":{"@context":"https:\/\/schema.org","@graph":[{"@type":"WebPage","@id":"https:\/\/aeronoticias.com.pe\/noticiero\/transporte-aereo\/internacional\/iberia-express-celebra-su-septimo-aniversario-con-plazas-a-7-euros\/","url":"https:\/\/aeronoticias.com.pe\/noticiero\/transporte-aereo\/internacional\/iberia-express-celebra-su-septimo-aniversario-con-plazas-a-7-euros\/","name":"Iberia Express celebra su s\u00e9ptimo aniversario con plazas a 7 euros","isPartOf":{"@id":"https:\/\/aeronoticias.com.pe\/noticiero\/#website"},"primaryImageOfPage":{"@id":"https:\/\/aeronoticias.com.pe\/noticiero\/transporte-aereo\/internacional\/iberia-express-celebra-su-septimo-aniversario-con-plazas-a-7-euros\/#primaryimage"},"image":{"@id":"https:\/\/aeronoticias.com.pe\/noticiero\/transporte-aereo\/internacional\/iberia-express-celebra-su-septimo-aniversario-con-plazas-a-7-euros\/#primaryimage"},"thumbnailUrl":"https:\/\/aeronoticias.com.pe\/noticiero\/wp-content\/uploads\/2019\/03\/iberiaexpress.jpg","datePublished":"2019-03-29T12:24:34+00:00","dateModified":"2020-12-04T17:30:31+00:00","author":{"@id":"https:\/\/aeronoticias.com.pe\/noticiero\/#\/schema\/person\/fc1e5d578f4b62ba1cf7ac2bba1170a0"},"description":"La aerol\u00ednea Iberia Express celebra su s\u00e9ptimo aniversario con sus clientes lanzando una promoci\u00f3n de 7.000 plazas a 7 euros para volar a todos sus destinos europeos hasta el 26 de octubre.","breadcrumb":{"@id":"https:\/\/aeronoticias.com.pe\/noticiero\/transporte-aereo\/internacional\/iberia-express-celebra-su-septimo-aniversario-con-plazas-a-7-euros\/#breadcrumb"},"inLanguage":"es","potentialAction":[{"@type":"ReadAction","target":["https:\/\/aeronoticias.com.pe\/noticiero\/transporte-aereo\/internacional\/iberia-express-celebra-su-septimo-aniversario-con-plazas-a-7-euros\/"]}]},{"@type":"ImageObject","inLanguage":"es","@id":"https:\/\/aeronoticias.com.pe\/noticiero\/transporte-aereo\/internacional\/iberia-express-celebra-su-septimo-aniversario-con-plazas-a-7-euros\/#primaryimage","url":"https:\/\/aeronoticias.com.pe\/noticiero\/wp-content\/uploads\/2019\/03\/iberiaexpress.jpg","contentUrl":"https:\/\/aeronoticias.com.pe\/noticiero\/wp-content\/uploads\/2019\/03\/iberiaexpress.jpg","width":1071,"height":700},{"@type":"BreadcrumbList","@id":"https:\/\/aeronoticias.com.pe\/noticiero\/transporte-aereo\/internacional\/iberia-express-celebra-su-septimo-aniversario-con-plazas-a-7-euros\/#breadcrumb","itemListElement":[{"@type":"ListItem","position":1,"name":"Portada","item":"https:\/\/aeronoticias.com.pe\/noticiero\/"},{"@type":"ListItem","position":2,"name":"Iberia Express celebra su s\u00e9ptimo aniversario con plazas a 7 euros"}]},{"@type":"WebSite","@id":"https:\/\/aeronoticias.com.pe\/noticiero\/#website","url":"https:\/\/aeronoticias.com.pe\/noticiero\/","name":"Aeronoticias.com.pe","description":"Noticias de tranporte aereo, turismo, hoteles, gastronomia, actualidad, internacional","potentialAction":[{"@type":"SearchAction","target":{"@type":"EntryPoint","urlTemplate":"https:\/\/aeronoticias.com.pe\/noticiero\/?s={search_term_string}"},"query-input":{"@type":"PropertyValueSpecification","valueRequired":true,"valueName":"search_term_string"}}],"inLanguage":"es"},{"@type":"Person","@id":"https:\/\/aeronoticias.com.pe\/noticiero\/#\/schema\/person\/fc1e5d578f4b62ba1cf7ac2bba1170a0","name":"Redacci\u00f3n Aeronoticias","url":"https:\/\/aeronoticias.com.pe\/noticiero\/author\/piloto\/"}]}},"_links":{"self":[{"href":"https:\/\/aeronoticias.com.pe\/noticiero\/wp-json\/wp\/v2\/posts\/58267","targetHints":{"allow":["GET"]}}],"collection":[{"href":"https:\/\/aeronoticias.com.pe\/noticiero\/wp-json\/wp\/v2\/posts"}],"about":[{"href":"https:\/\/aeronoticias.com.pe\/noticiero\/wp-json\/wp\/v2\/types\/post"}],"author":[{"embeddable":true,"href":"https:\/\/aeronoticias.com.pe\/noticiero\/wp-json\/wp\/v2\/users\/1"}],"replies":[{"embeddable":true,"href":"https:\/\/aeronoticias.com.pe\/noticiero\/wp-json\/wp\/v2\/comments?post=58267"}],"version-history":[{"count":0,"href":"https:\/\/aeronoticias.com.pe\/noticiero\/wp-json\/wp\/v2\/posts\/58267\/revisions"}],"wp:featuredmedia":[{"embeddable":true,"href":"https:\/\/aeronoticias.com.pe\/noticiero\/wp-json\/wp\/v2\/media\/67315"}],"wp:attachment":[{"href":"https:\/\/aeronoticias.com.pe\/noticiero\/wp-json\/wp\/v2\/media?parent=58267"}],"wp:term":[{"taxonomy":"category","embeddable":true,"href":"https:\/\/aeronoticias.com.pe\/noticiero\/wp-json\/wp\/v2\/categories?post=58267"},{"taxonomy":"post_tag","embeddable":true,"href":"https:\/\/aeronoticias.com.pe\/noticiero\/wp-json\/wp\/v2\/tags?post=58267"}],"curies":[{"name":"wp","href":"https:\/\/api.w.org\/{rel}","templated":true}]}}