{"id":58278,"date":"2019-04-01T12:30:38","date_gmt":"2019-04-01T12:30:38","guid":{"rendered":"http:\/\/desarrollo.mcvicious.com\/aero2020\/2019\/04\/01\/cancelan-mas-de-34-vuelos-de-aerolinea-interjet\/"},"modified":"2020-12-04T12:21:02","modified_gmt":"2020-12-04T17:21:02","slug":"cancelan-mas-de-34-vuelos-de-aerolinea-interjet","status":"publish","type":"post","link":"https:\/\/aeronoticias.com.pe\/noticiero\/transporte-aereo\/internacional\/cancelan-mas-de-34-vuelos-de-aerolinea-interjet\/","title":{"rendered":"Cancelan m\u00e1s de 34 vuelos de aerol\u00ednea Interjet"},"content":{"rendered":"\n<p>Durante el fin de semana, 34 vuelos de la aerol\u00ednea Interjet resultaron cancelados debido a que no contaban con las tripulaciones para operarlos, lo que afect\u00f3 a cinco mil 467 usuarios de la aerol\u00ednea, report\u00f3 la Procuradur\u00eda Federal del Consumidor (Profeco).<\/p>\n\n\n\n<p class=\"p1\">Las cancelaciones representaron una p\u00e9rdida de&nbsp;<strong>486 mil 522 pesos en reembolsos<\/strong>, s\u00f3lo para 117 de los pasajeros que resultaron perjudicados y que solicitaron ayuda del organismo de protecci\u00f3n al consumidor. Adem\u00e1s, en redes sociales hubo se\u00f1ales de inconformidad, tanto por parte de los empleados de Interjet como de los viajeros.<\/p>\n\n\n\n<p class=\"p2\"><strong><em>\u201cLa gente est\u00e1 muy desencantada de la empresa: en una junta con pilotos le dijeron a William Shaw (nuevo director de la l\u00ednea a\u00e9rea) que&nbsp;Interjet hab\u00eda dejado de ser una opci\u00f3n laboral\u201d<\/em> declar\u00f3 una fuente que pidi\u00f3 el anonimato, en exclusiva con&nbsp;<em>A21<\/em>.<\/strong><\/p>\n\n\n\n<p class=\"p1\">Para la semana del 1 al 6 de abril, la empresa<strong> podr\u00eda tener hasta 60 cancelaciones en distintas rutas,<\/strong> siendo el martes 2 de abril el d\u00eda m\u00e1s afectado con hasta 15 vuelos cancelados.<\/p>\n\n\n\n<p class=\"p1\">Y es que, a la par de las cancelaciones de este fin de semana, la empresa mexicana enfrenta una crisis influenciada por varios frentes: en primer lugar,&nbsp;<strong>est\u00e1 la negociaci\u00f3n con sus trabajadores<\/strong>, a trav\u00e9s de la secci\u00f3n 15 de la Confederaci\u00f3n de Trabajadores de M\u00e9xico (CTM), en la cual Shaw busca introducir nuevas medidas laborales para un mejor control de gastos, entre las que se incluyen&nbsp;<strong>no incrementar los salarios,<\/strong> vi\u00e1ticos para los tripulantes s\u00f3lo contra recibo, incrementar las horas de reserva a 12 por d\u00eda y la introducci\u00f3n de itinerarios de viajes sujetos a las necesidades de la organizaci\u00f3n.<\/p>\n\n\n\n<p class=\"p1\">Interjet tambi\u00e9n enfrenta carencias en su flota de 85 aeronaves (de acuerdo con cifras de FlightRadar), debido a que&nbsp;<strong>13 de sus 22 Sukhoi Superjet 100<\/strong> (SSJ100) no presentan actividad desde hace ya varios meses.<\/p>\n\n\n\n<p class=\"p1\">Ante esto, medios estadounidenses informaron que la aerol\u00ednea mexicana est\u00e1 buscando regresar su flota de aviones rusos a la empresa fabricante (Sukhoi Civil Aircraft o SCAC) y, posiblemente, cortar de tajo con la orden restante de ocho SSJ100 que Interjet a\u00fan tiene por recibir. SCAC emiti\u00f3 un comunicado en el que<strong> desminti\u00f3 la informaci\u00f3n<\/strong>, argumentando que ambas partes est\u00e1n en negociaciones para&nbsp;<strong>eficientar la operaci\u00f3n de las aeronaves.<\/strong><\/p>\n\n\n\n<p class=\"p1\">Recientemente, la aerol\u00ednea mexicana recibi\u00f3 un pr\u00e9stamo que oscila entre los&nbsp;<strong>190 millones de d\u00f3lares<\/strong>, con el objetivo de solventar estos gastos.<\/p>\n\n\n\n<p class=\"p1\">En este escenario, Interjet contrat\u00f3 a William Shaw para que trabaje como director general de la aerol\u00ednea. Consigo trajo la experiencia de haber creado dos aerol\u00edneas low-cost en Am\u00e9rica del Sur y el Caribe (VivaAir Colombia y Flycana).<\/p>\n\n\n\n<p class=\"p2\"><strong><em>\u201cYo debo tener una visi\u00f3n de 10 a\u00f1os. Debemos de trabajar hacia all\u00e1, lo que pasa es que&nbsp;la situaci\u00f3n financiera de la compa\u00f1\u00eda nos hace ver m\u00e1s o menos en las pr\u00f3ximas 24 horas\u201d<\/em> dijo Shaw durante una reuni\u00f3n con sus tripulantes.<\/strong><\/p>\n\n\n\n<p class=\"p1\">Sin embargo, sus estrategias (estilo a la Ryanair, se\u00f1al\u00f3 la fuente an\u00f3nima) s\u00f3lo<strong><em> \u201chan calentado el ambiente\u201d <\/em><\/strong>entre los trabajadores. Argumenta que Interjet tiene dificultades financieras, sin embargo&nbsp;<em>\u201cestos n\u00fameros rojos son el resultado de malos manejos administrativos y los tripulantes no deben hacerse cargo de ello\u201d<\/em> a\u00f1adi\u00f3.<\/p>\n\n\n\n<p class=\"p1\">Finalmente, los pasajeros de la aerol\u00ednea mostraron su inconformidad en redes sociales ante los vuelos cancelados. Por su parte,<strong> Volaris y Aerom\u00e9xico ofertaron tarifas de rescate para las personas que quedaron varadas por la cancelaci\u00f3n de los vuelos de Interjet.<\/strong><\/p>\n\n\n\n<p class=\"p1\">Fuente:<strong> <span style=\"text-decoration: underline;\"><em>A21<\/em><\/span>.<\/strong><\/p>\n","protected":false},"excerpt":{"rendered":"<p>Durante el fin de semana, 34 vuelos de la aerol\u00ednea Interjet resultaron cancelados debido a que no contaban con las tripulaciones para operarlos, lo que afect\u00f3 a cinco mil 467 usuarios de la aerol\u00ednea, report\u00f3 la Procuradur\u00eda Federal del Consumidor (Profeco). Las cancelaciones representaron una p\u00e9rdida de&nbsp;486 mil 522 pesos en reembolsos, s\u00f3lo para 117 [&hellip;]<\/p>\n","protected":false},"author":1,"featured_media":67311,"comment_status":"open","ping_status":"open","sticky":false,"template":"","format":"standard","meta":{"tdm_status":"","tdm_grid_status":"","footnotes":""},"categories":[32,11],"tags":[253,965],"class_list":{"0":"post-58278","1":"post","2":"type-post","3":"status-publish","4":"format-standard","5":"has-post-thumbnail","7":"category-internacional","8":"category-transporte-aereo","9":"tag-interjet","10":"tag-vuelos-cancelados"},"yoast_head":"<!-- This site is optimized with the Yoast SEO plugin v25.1 - https:\/\/yoast.com\/wordpress\/plugins\/seo\/ -->\n<title>Cancelan m\u00e1s de 34 vuelos de aerol\u00ednea Interjet<\/title>\n<meta name=\"description\" content=\"Durante el fin de semana, 34 vuelos de la aerol\u00ednea Interjet resultaron cancelados debido a que no contaban con las tripulaciones para operarlos, lo que afect\u00f3 a cinco mil 467 usuarios de la aerol\u00ednea, report\u00f3 la Procuradur\u00eda Federal del Consumidor (Profeco).\" \/>\n<meta name=\"robots\" content=\"index, follow, max-snippet:-1, max-image-preview:large, max-video-preview:-1\" \/>\n<link rel=\"canonical\" href=\"https:\/\/aeronoticias.com.pe\/noticiero\/transporte-aereo\/internacional\/cancelan-mas-de-34-vuelos-de-aerolinea-interjet\/\" \/>\n<meta property=\"og:locale\" content=\"es_ES\" \/>\n<meta property=\"og:type\" content=\"article\" \/>\n<meta property=\"og:title\" content=\"Cancelan m\u00e1s de 34 vuelos de aerol\u00ednea Interjet\" \/>\n<meta property=\"og:description\" content=\"Durante el fin de semana, 34 vuelos de la aerol\u00ednea Interjet resultaron cancelados debido a que no contaban con las tripulaciones para operarlos, lo que afect\u00f3 a cinco mil 467 usuarios de la aerol\u00ednea, report\u00f3 la Procuradur\u00eda Federal del Consumidor (Profeco).\" \/>\n<meta property=\"og:url\" content=\"https:\/\/aeronoticias.com.pe\/noticiero\/transporte-aereo\/internacional\/cancelan-mas-de-34-vuelos-de-aerolinea-interjet\/\" \/>\n<meta property=\"og:site_name\" content=\"Aeronoticias.com.pe\" \/>\n<meta property=\"article:publisher\" content=\"https:\/\/www.facebook.com\/Aeronoticias.com.pe\/\" \/>\n<meta property=\"article:published_time\" content=\"2019-04-01T12:30:38+00:00\" \/>\n<meta property=\"article:modified_time\" content=\"2020-12-04T17:21:02+00:00\" \/>\n<meta property=\"og:image\" content=\"https:\/\/aeronoticias.com.pe\/noticiero\/wp-content\/uploads\/2019\/04\/Interjet-1.jpg\" \/>\n\t<meta property=\"og:image:width\" content=\"790\" \/>\n\t<meta property=\"og:image:height\" content=\"496\" \/>\n\t<meta property=\"og:image:type\" content=\"image\/jpeg\" \/>\n<meta name=\"author\" content=\"Redacci\u00f3n Aeronoticias\" \/>\n<meta name=\"twitter:card\" content=\"summary_large_image\" \/>\n<meta name=\"twitter:creator\" content=\"@aeronoticias\" \/>\n<meta name=\"twitter:site\" content=\"@aeronoticias\" \/>\n<meta name=\"twitter:label1\" content=\"Escrito por\" \/>\n\t<meta name=\"twitter:data1\" content=\"Redacci\u00f3n Aeronoticias\" \/>\n\t<meta name=\"twitter:label2\" content=\"Tiempo de lectura\" \/>\n\t<meta name=\"twitter:data2\" content=\"3 minutos\" \/>\n<script type=\"application\/ld+json\" class=\"yoast-schema-graph\">{\"@context\":\"https:\/\/schema.org\",\"@graph\":[{\"@type\":\"WebPage\",\"@id\":\"https:\/\/aeronoticias.com.pe\/noticiero\/transporte-aereo\/internacional\/cancelan-mas-de-34-vuelos-de-aerolinea-interjet\/\",\"url\":\"https:\/\/aeronoticias.com.pe\/noticiero\/transporte-aereo\/internacional\/cancelan-mas-de-34-vuelos-de-aerolinea-interjet\/\",\"name\":\"Cancelan m\u00e1s de 34 vuelos de aerol\u00ednea Interjet\",\"isPartOf\":{\"@id\":\"https:\/\/aeronoticias.com.pe\/noticiero\/#website\"},\"primaryImageOfPage\":{\"@id\":\"https:\/\/aeronoticias.com.pe\/noticiero\/transporte-aereo\/internacional\/cancelan-mas-de-34-vuelos-de-aerolinea-interjet\/#primaryimage\"},\"image\":{\"@id\":\"https:\/\/aeronoticias.com.pe\/noticiero\/transporte-aereo\/internacional\/cancelan-mas-de-34-vuelos-de-aerolinea-interjet\/#primaryimage\"},\"thumbnailUrl\":\"https:\/\/aeronoticias.com.pe\/noticiero\/wp-content\/uploads\/2019\/04\/Interjet-1.jpg\",\"datePublished\":\"2019-04-01T12:30:38+00:00\",\"dateModified\":\"2020-12-04T17:21:02+00:00\",\"author\":{\"@id\":\"https:\/\/aeronoticias.com.pe\/noticiero\/#\/schema\/person\/fc1e5d578f4b62ba1cf7ac2bba1170a0\"},\"description\":\"Durante el fin de semana, 34 vuelos de la aerol\u00ednea Interjet resultaron cancelados debido a que no contaban con las tripulaciones para operarlos, lo que afect\u00f3 a cinco mil 467 usuarios de la aerol\u00ednea, report\u00f3 la Procuradur\u00eda Federal del Consumidor (Profeco).\",\"breadcrumb\":{\"@id\":\"https:\/\/aeronoticias.com.pe\/noticiero\/transporte-aereo\/internacional\/cancelan-mas-de-34-vuelos-de-aerolinea-interjet\/#breadcrumb\"},\"inLanguage\":\"es\",\"potentialAction\":[{\"@type\":\"ReadAction\",\"target\":[\"https:\/\/aeronoticias.com.pe\/noticiero\/transporte-aereo\/internacional\/cancelan-mas-de-34-vuelos-de-aerolinea-interjet\/\"]}]},{\"@type\":\"ImageObject\",\"inLanguage\":\"es\",\"@id\":\"https:\/\/aeronoticias.com.pe\/noticiero\/transporte-aereo\/internacional\/cancelan-mas-de-34-vuelos-de-aerolinea-interjet\/#primaryimage\",\"url\":\"https:\/\/aeronoticias.com.pe\/noticiero\/wp-content\/uploads\/2019\/04\/Interjet-1.jpg\",\"contentUrl\":\"https:\/\/aeronoticias.com.pe\/noticiero\/wp-content\/uploads\/2019\/04\/Interjet-1.jpg\",\"width\":790,\"height\":496},{\"@type\":\"BreadcrumbList\",\"@id\":\"https:\/\/aeronoticias.com.pe\/noticiero\/transporte-aereo\/internacional\/cancelan-mas-de-34-vuelos-de-aerolinea-interjet\/#breadcrumb\",\"itemListElement\":[{\"@type\":\"ListItem\",\"position\":1,\"name\":\"Portada\",\"item\":\"https:\/\/aeronoticias.com.pe\/noticiero\/\"},{\"@type\":\"ListItem\",\"position\":2,\"name\":\"Cancelan m\u00e1s de 34 vuelos de aerol\u00ednea Interjet\"}]},{\"@type\":\"WebSite\",\"@id\":\"https:\/\/aeronoticias.com.pe\/noticiero\/#website\",\"url\":\"https:\/\/aeronoticias.com.pe\/noticiero\/\",\"name\":\"Aeronoticias.com.pe\",\"description\":\"Noticias de tranporte aereo, turismo, hoteles, gastronomia, actualidad, internacional\",\"potentialAction\":[{\"@type\":\"SearchAction\",\"target\":{\"@type\":\"EntryPoint\",\"urlTemplate\":\"https:\/\/aeronoticias.com.pe\/noticiero\/?s={search_term_string}\"},\"query-input\":{\"@type\":\"PropertyValueSpecification\",\"valueRequired\":true,\"valueName\":\"search_term_string\"}}],\"inLanguage\":\"es\"},{\"@type\":\"Person\",\"@id\":\"https:\/\/aeronoticias.com.pe\/noticiero\/#\/schema\/person\/fc1e5d578f4b62ba1cf7ac2bba1170a0\",\"name\":\"Redacci\u00f3n Aeronoticias\",\"url\":\"https:\/\/aeronoticias.com.pe\/noticiero\/author\/piloto\/\"}]}<\/script>\n<!-- \/ Yoast SEO plugin. -->","yoast_head_json":{"title":"Cancelan m\u00e1s de 34 vuelos de aerol\u00ednea Interjet","description":"Durante el fin de semana, 34 vuelos de la aerol\u00ednea Interjet resultaron cancelados debido a que no contaban con las tripulaciones para operarlos, lo que afect\u00f3 a cinco mil 467 usuarios de la aerol\u00ednea, report\u00f3 la Procuradur\u00eda Federal del Consumidor (Profeco).","robots":{"index":"index","follow":"follow","max-snippet":"max-snippet:-1","max-image-preview":"max-image-preview:large","max-video-preview":"max-video-preview:-1"},"canonical":"https:\/\/aeronoticias.com.pe\/noticiero\/transporte-aereo\/internacional\/cancelan-mas-de-34-vuelos-de-aerolinea-interjet\/","og_locale":"es_ES","og_type":"article","og_title":"Cancelan m\u00e1s de 34 vuelos de aerol\u00ednea Interjet","og_description":"Durante el fin de semana, 34 vuelos de la aerol\u00ednea Interjet resultaron cancelados debido a que no contaban con las tripulaciones para operarlos, lo que afect\u00f3 a cinco mil 467 usuarios de la aerol\u00ednea, report\u00f3 la Procuradur\u00eda Federal del Consumidor (Profeco).","og_url":"https:\/\/aeronoticias.com.pe\/noticiero\/transporte-aereo\/internacional\/cancelan-mas-de-34-vuelos-de-aerolinea-interjet\/","og_site_name":"Aeronoticias.com.pe","article_publisher":"https:\/\/www.facebook.com\/Aeronoticias.com.pe\/","article_published_time":"2019-04-01T12:30:38+00:00","article_modified_time":"2020-12-04T17:21:02+00:00","og_image":[{"width":790,"height":496,"url":"https:\/\/aeronoticias.com.pe\/noticiero\/wp-content\/uploads\/2019\/04\/Interjet-1.jpg","type":"image\/jpeg"}],"author":"Redacci\u00f3n Aeronoticias","twitter_card":"summary_large_image","twitter_creator":"@aeronoticias","twitter_site":"@aeronoticias","twitter_misc":{"Escrito por":"Redacci\u00f3n Aeronoticias","Tiempo de lectura":"3 minutos"},"schema":{"@context":"https:\/\/schema.org","@graph":[{"@type":"WebPage","@id":"https:\/\/aeronoticias.com.pe\/noticiero\/transporte-aereo\/internacional\/cancelan-mas-de-34-vuelos-de-aerolinea-interjet\/","url":"https:\/\/aeronoticias.com.pe\/noticiero\/transporte-aereo\/internacional\/cancelan-mas-de-34-vuelos-de-aerolinea-interjet\/","name":"Cancelan m\u00e1s de 34 vuelos de aerol\u00ednea Interjet","isPartOf":{"@id":"https:\/\/aeronoticias.com.pe\/noticiero\/#website"},"primaryImageOfPage":{"@id":"https:\/\/aeronoticias.com.pe\/noticiero\/transporte-aereo\/internacional\/cancelan-mas-de-34-vuelos-de-aerolinea-interjet\/#primaryimage"},"image":{"@id":"https:\/\/aeronoticias.com.pe\/noticiero\/transporte-aereo\/internacional\/cancelan-mas-de-34-vuelos-de-aerolinea-interjet\/#primaryimage"},"thumbnailUrl":"https:\/\/aeronoticias.com.pe\/noticiero\/wp-content\/uploads\/2019\/04\/Interjet-1.jpg","datePublished":"2019-04-01T12:30:38+00:00","dateModified":"2020-12-04T17:21:02+00:00","author":{"@id":"https:\/\/aeronoticias.com.pe\/noticiero\/#\/schema\/person\/fc1e5d578f4b62ba1cf7ac2bba1170a0"},"description":"Durante el fin de semana, 34 vuelos de la aerol\u00ednea Interjet resultaron cancelados debido a que no contaban con las tripulaciones para operarlos, lo que afect\u00f3 a cinco mil 467 usuarios de la aerol\u00ednea, report\u00f3 la Procuradur\u00eda Federal del Consumidor (Profeco).","breadcrumb":{"@id":"https:\/\/aeronoticias.com.pe\/noticiero\/transporte-aereo\/internacional\/cancelan-mas-de-34-vuelos-de-aerolinea-interjet\/#breadcrumb"},"inLanguage":"es","potentialAction":[{"@type":"ReadAction","target":["https:\/\/aeronoticias.com.pe\/noticiero\/transporte-aereo\/internacional\/cancelan-mas-de-34-vuelos-de-aerolinea-interjet\/"]}]},{"@type":"ImageObject","inLanguage":"es","@id":"https:\/\/aeronoticias.com.pe\/noticiero\/transporte-aereo\/internacional\/cancelan-mas-de-34-vuelos-de-aerolinea-interjet\/#primaryimage","url":"https:\/\/aeronoticias.com.pe\/noticiero\/wp-content\/uploads\/2019\/04\/Interjet-1.jpg","contentUrl":"https:\/\/aeronoticias.com.pe\/noticiero\/wp-content\/uploads\/2019\/04\/Interjet-1.jpg","width":790,"height":496},{"@type":"BreadcrumbList","@id":"https:\/\/aeronoticias.com.pe\/noticiero\/transporte-aereo\/internacional\/cancelan-mas-de-34-vuelos-de-aerolinea-interjet\/#breadcrumb","itemListElement":[{"@type":"ListItem","position":1,"name":"Portada","item":"https:\/\/aeronoticias.com.pe\/noticiero\/"},{"@type":"ListItem","position":2,"name":"Cancelan m\u00e1s de 34 vuelos de aerol\u00ednea Interjet"}]},{"@type":"WebSite","@id":"https:\/\/aeronoticias.com.pe\/noticiero\/#website","url":"https:\/\/aeronoticias.com.pe\/noticiero\/","name":"Aeronoticias.com.pe","description":"Noticias de tranporte aereo, turismo, hoteles, gastronomia, actualidad, internacional","potentialAction":[{"@type":"SearchAction","target":{"@type":"EntryPoint","urlTemplate":"https:\/\/aeronoticias.com.pe\/noticiero\/?s={search_term_string}"},"query-input":{"@type":"PropertyValueSpecification","valueRequired":true,"valueName":"search_term_string"}}],"inLanguage":"es"},{"@type":"Person","@id":"https:\/\/aeronoticias.com.pe\/noticiero\/#\/schema\/person\/fc1e5d578f4b62ba1cf7ac2bba1170a0","name":"Redacci\u00f3n Aeronoticias","url":"https:\/\/aeronoticias.com.pe\/noticiero\/author\/piloto\/"}]}},"_links":{"self":[{"href":"https:\/\/aeronoticias.com.pe\/noticiero\/wp-json\/wp\/v2\/posts\/58278","targetHints":{"allow":["GET"]}}],"collection":[{"href":"https:\/\/aeronoticias.com.pe\/noticiero\/wp-json\/wp\/v2\/posts"}],"about":[{"href":"https:\/\/aeronoticias.com.pe\/noticiero\/wp-json\/wp\/v2\/types\/post"}],"author":[{"embeddable":true,"href":"https:\/\/aeronoticias.com.pe\/noticiero\/wp-json\/wp\/v2\/users\/1"}],"replies":[{"embeddable":true,"href":"https:\/\/aeronoticias.com.pe\/noticiero\/wp-json\/wp\/v2\/comments?post=58278"}],"version-history":[{"count":0,"href":"https:\/\/aeronoticias.com.pe\/noticiero\/wp-json\/wp\/v2\/posts\/58278\/revisions"}],"wp:featuredmedia":[{"embeddable":true,"href":"https:\/\/aeronoticias.com.pe\/noticiero\/wp-json\/wp\/v2\/media\/67311"}],"wp:attachment":[{"href":"https:\/\/aeronoticias.com.pe\/noticiero\/wp-json\/wp\/v2\/media?parent=58278"}],"wp:term":[{"taxonomy":"category","embeddable":true,"href":"https:\/\/aeronoticias.com.pe\/noticiero\/wp-json\/wp\/v2\/categories?post=58278"},{"taxonomy":"post_tag","embeddable":true,"href":"https:\/\/aeronoticias.com.pe\/noticiero\/wp-json\/wp\/v2\/tags?post=58278"}],"curies":[{"name":"wp","href":"https:\/\/api.w.org\/{rel}","templated":true}]}}