{"id":58281,"date":"2019-04-02T14:58:00","date_gmt":"2019-04-02T14:58:00","guid":{"rendered":"http:\/\/desarrollo.mcvicious.com\/aero2020\/2019\/04\/02\/norwegian-estrena-su-primera-ruta-en-brasil\/"},"modified":"2020-12-04T12:16:05","modified_gmt":"2020-12-04T17:16:05","slug":"norwegian-estrena-su-primera-ruta-en-brasil","status":"publish","type":"post","link":"https:\/\/aeronoticias.com.pe\/noticiero\/transporte-aereo\/internacional\/norwegian-estrena-su-primera-ruta-en-brasil\/","title":{"rendered":"Norwegian estrena su primera ruta en Brasil"},"content":{"rendered":"\n<p>Norwegian ha inaugurado este domingo su primera ruta en Brasil, que une Londres-Gatwick con R\u00edo de Janeiro, segunda conexi\u00f3n de largo radio que opera en Sudam\u00e9rica tras la que enlaza el mismo aeropuerto con Buenos Aires.<\/p>\n\n\n\n<p class=\"p1\">La aerol\u00ednea ya ofrece seis rutas nacionales en Argentina, que unen Buenos Aires con C\u00f3rdoba, Mendoza, Iguaz\u00fa, Neuqu\u00e9n, Bariloche y Salta.<\/p>\n\n\n\n<p class=\"p1\">La ruta a R\u00edo, que opera con un avi\u00f3n 787-9 \u2018Dreamliner\u2019, contar\u00e1 con cuatro frecuencias veces por semana \u2013lunes, mi\u00e9rcoles, viernes y domingos\u2013, ofreciendo conexiones con Barcelona, Madrid y M\u00e1laga en ambos sentidos. La aerol\u00ednea noruega opera esta ruta con la licencia brit\u00e1nica del grupo, Norwegian Air UK.<\/p>\n\n\n\n<p class=\"p1\">\u201cEstamos encantados de seguir haciendo los viajes a Sudam\u00e9rica asequibles para todo el mundo con este nuevo servicio a Brasil. Nuestra ruta a R\u00edo de Janeiro rompe el monopolio de los vuelos directos desde el Reino Unido y se apoya en nuestros crecientes servicios en Sudam\u00e9rica\u201d, ha afirmado el consejero delegado de Norwegian, Bjorn Kjos.<\/p>\n\n\n\n<p class=\"p1\">S<strong>EIS NUEVAS RUTAS ESTE VERANO.<\/strong><\/p>\n\n\n\n<p class=\"p1\">Norwegian ofrece 63 rutas intercontinentales en Europa, Am\u00e9rica del Norte y del Sur, y Asia, con una flota de 34 Boeing 787 \u2018Dreamliner\u2019. De ellas, seis iniciar\u00e1n sus operaciones durante la presente temporada de verano.<\/p>\n\n\n\n<p class=\"p1\">Aparte de la ya estrena ruta Londres-R\u00edo, lanzar\u00e1 este verano el enlace Dubl\u00edn-Hamilton (Canad\u00e1) desde el 31 de marzo, la primera conexi\u00f3n transatl\u00e1ntica de la compa\u00f1\u00eda en Canad\u00e1; Roma Fiumicino-Boston desde el 31 de marzo y Atenas-Nueva York\/JFK, a partir del 2 de julio. En Espa\u00f1a, estrenar\u00e1 Madrid-Boston, a partir del 2 de mayo, y Barcelona- Chicago, a partir del 7 de junio.<\/p>\n\n\n\n<p class=\"p1\">Adem\u00e1s, las rutas que operaban de Londres-Gatwick a San Francisco-Oakland y Miami-Fort Lauderdale pasan a hacerlo a los aeropuertos de San Francisco Internacional y Miami Internacional, respectivamente.<\/p>\n\n\n\n<p class=\"p1\">Norwegian inici\u00f3 sus vuelos intercontinentales en mayo de 2013, uniendo Oslo y Estocolmo con Nueva York, donde es ya la aerol\u00ednea no norteamericana con mayor volumen de tr\u00e1fico, habiendo desbancado a British Airways.<\/p>\n\n\n\n<p class=\"p1\">Fuente: <span style=\"text-decoration: underline;\"><em><strong>Aviaci\u00f3n al d\u00eda.<\/strong><\/em><\/span><\/p>\n","protected":false},"excerpt":{"rendered":"<p>Norwegian ha inaugurado este domingo su primera ruta en Brasil, que une Londres-Gatwick con R\u00edo de Janeiro, segunda conexi\u00f3n de largo radio que opera en Sudam\u00e9rica tras la que enlaza el mismo aeropuerto con Buenos Aires. La aerol\u00ednea ya ofrece seis rutas nacionales en Argentina, que unen Buenos Aires con C\u00f3rdoba, Mendoza, Iguaz\u00fa, Neuqu\u00e9n, Bariloche [&hellip;]<\/p>\n","protected":false},"author":1,"featured_media":67306,"comment_status":"open","ping_status":"open","sticky":false,"template":"","format":"standard","meta":{"tdm_status":"","tdm_grid_status":"","footnotes":""},"categories":[32,11],"tags":[105,298],"class_list":{"0":"post-58281","1":"post","2":"type-post","3":"status-publish","4":"format-standard","5":"has-post-thumbnail","7":"category-internacional","8":"category-transporte-aereo","9":"tag-brasil","10":"tag-norwegian"},"yoast_head":"<!-- This site is optimized with the Yoast SEO plugin v25.1 - https:\/\/yoast.com\/wordpress\/plugins\/seo\/ -->\n<title>Norwegian estrena su primera ruta en Brasil<\/title>\n<meta name=\"description\" content=\"Norwegian ha inaugurado este domingo su primera ruta en Brasil, que une Londres-Gatwick con R\u00edo de Janeiro, segunda conexi\u00f3n de largo radio que opera en Sudam\u00e9rica tras la que enlaza el mismo aeropuerto con Buenos Aires.\" \/>\n<meta name=\"robots\" content=\"index, follow, max-snippet:-1, max-image-preview:large, max-video-preview:-1\" \/>\n<link rel=\"canonical\" href=\"https:\/\/aeronoticias.com.pe\/noticiero\/transporte-aereo\/internacional\/norwegian-estrena-su-primera-ruta-en-brasil\/\" \/>\n<meta property=\"og:locale\" content=\"es_ES\" \/>\n<meta property=\"og:type\" content=\"article\" \/>\n<meta property=\"og:title\" content=\"Norwegian estrena su primera ruta en Brasil\" \/>\n<meta property=\"og:description\" content=\"Norwegian ha inaugurado este domingo su primera ruta en Brasil, que une Londres-Gatwick con R\u00edo de Janeiro, segunda conexi\u00f3n de largo radio que opera en Sudam\u00e9rica tras la que enlaza el mismo aeropuerto con Buenos Aires.\" \/>\n<meta property=\"og:url\" content=\"https:\/\/aeronoticias.com.pe\/noticiero\/transporte-aereo\/internacional\/norwegian-estrena-su-primera-ruta-en-brasil\/\" \/>\n<meta property=\"og:site_name\" content=\"Aeronoticias.com.pe\" \/>\n<meta property=\"article:publisher\" content=\"https:\/\/www.facebook.com\/Aeronoticias.com.pe\/\" \/>\n<meta property=\"article:published_time\" content=\"2019-04-02T14:58:00+00:00\" \/>\n<meta property=\"article:modified_time\" content=\"2020-12-04T17:16:05+00:00\" \/>\n<meta property=\"og:image\" content=\"https:\/\/aeronoticias.com.pe\/noticiero\/wp-content\/uploads\/2019\/04\/Norwegian-brasil.jpg\" \/>\n\t<meta property=\"og:image:width\" content=\"1024\" \/>\n\t<meta property=\"og:image:height\" content=\"682\" \/>\n\t<meta property=\"og:image:type\" content=\"image\/jpeg\" \/>\n<meta name=\"author\" content=\"Redacci\u00f3n Aeronoticias\" \/>\n<meta name=\"twitter:card\" content=\"summary_large_image\" \/>\n<meta name=\"twitter:creator\" content=\"@aeronoticias\" \/>\n<meta name=\"twitter:site\" content=\"@aeronoticias\" \/>\n<meta name=\"twitter:label1\" content=\"Escrito por\" \/>\n\t<meta name=\"twitter:data1\" content=\"Redacci\u00f3n Aeronoticias\" \/>\n\t<meta name=\"twitter:label2\" content=\"Tiempo de lectura\" \/>\n\t<meta name=\"twitter:data2\" content=\"2 minutos\" \/>\n<script type=\"application\/ld+json\" class=\"yoast-schema-graph\">{\"@context\":\"https:\/\/schema.org\",\"@graph\":[{\"@type\":\"WebPage\",\"@id\":\"https:\/\/aeronoticias.com.pe\/noticiero\/transporte-aereo\/internacional\/norwegian-estrena-su-primera-ruta-en-brasil\/\",\"url\":\"https:\/\/aeronoticias.com.pe\/noticiero\/transporte-aereo\/internacional\/norwegian-estrena-su-primera-ruta-en-brasil\/\",\"name\":\"Norwegian estrena su primera ruta en Brasil\",\"isPartOf\":{\"@id\":\"https:\/\/aeronoticias.com.pe\/noticiero\/#website\"},\"primaryImageOfPage\":{\"@id\":\"https:\/\/aeronoticias.com.pe\/noticiero\/transporte-aereo\/internacional\/norwegian-estrena-su-primera-ruta-en-brasil\/#primaryimage\"},\"image\":{\"@id\":\"https:\/\/aeronoticias.com.pe\/noticiero\/transporte-aereo\/internacional\/norwegian-estrena-su-primera-ruta-en-brasil\/#primaryimage\"},\"thumbnailUrl\":\"https:\/\/aeronoticias.com.pe\/noticiero\/wp-content\/uploads\/2019\/04\/Norwegian-brasil.jpg\",\"datePublished\":\"2019-04-02T14:58:00+00:00\",\"dateModified\":\"2020-12-04T17:16:05+00:00\",\"author\":{\"@id\":\"https:\/\/aeronoticias.com.pe\/noticiero\/#\/schema\/person\/fc1e5d578f4b62ba1cf7ac2bba1170a0\"},\"description\":\"Norwegian ha inaugurado este domingo su primera ruta en Brasil, que une Londres-Gatwick con R\u00edo de Janeiro, segunda conexi\u00f3n de largo radio que opera en Sudam\u00e9rica tras la que enlaza el mismo aeropuerto con Buenos Aires.\",\"breadcrumb\":{\"@id\":\"https:\/\/aeronoticias.com.pe\/noticiero\/transporte-aereo\/internacional\/norwegian-estrena-su-primera-ruta-en-brasil\/#breadcrumb\"},\"inLanguage\":\"es\",\"potentialAction\":[{\"@type\":\"ReadAction\",\"target\":[\"https:\/\/aeronoticias.com.pe\/noticiero\/transporte-aereo\/internacional\/norwegian-estrena-su-primera-ruta-en-brasil\/\"]}]},{\"@type\":\"ImageObject\",\"inLanguage\":\"es\",\"@id\":\"https:\/\/aeronoticias.com.pe\/noticiero\/transporte-aereo\/internacional\/norwegian-estrena-su-primera-ruta-en-brasil\/#primaryimage\",\"url\":\"https:\/\/aeronoticias.com.pe\/noticiero\/wp-content\/uploads\/2019\/04\/Norwegian-brasil.jpg\",\"contentUrl\":\"https:\/\/aeronoticias.com.pe\/noticiero\/wp-content\/uploads\/2019\/04\/Norwegian-brasil.jpg\",\"width\":1024,\"height\":682},{\"@type\":\"BreadcrumbList\",\"@id\":\"https:\/\/aeronoticias.com.pe\/noticiero\/transporte-aereo\/internacional\/norwegian-estrena-su-primera-ruta-en-brasil\/#breadcrumb\",\"itemListElement\":[{\"@type\":\"ListItem\",\"position\":1,\"name\":\"Portada\",\"item\":\"https:\/\/aeronoticias.com.pe\/noticiero\/\"},{\"@type\":\"ListItem\",\"position\":2,\"name\":\"Norwegian estrena su primera ruta en Brasil\"}]},{\"@type\":\"WebSite\",\"@id\":\"https:\/\/aeronoticias.com.pe\/noticiero\/#website\",\"url\":\"https:\/\/aeronoticias.com.pe\/noticiero\/\",\"name\":\"Aeronoticias.com.pe\",\"description\":\"Noticias de tranporte aereo, turismo, hoteles, gastronomia, actualidad, internacional\",\"potentialAction\":[{\"@type\":\"SearchAction\",\"target\":{\"@type\":\"EntryPoint\",\"urlTemplate\":\"https:\/\/aeronoticias.com.pe\/noticiero\/?s={search_term_string}\"},\"query-input\":{\"@type\":\"PropertyValueSpecification\",\"valueRequired\":true,\"valueName\":\"search_term_string\"}}],\"inLanguage\":\"es\"},{\"@type\":\"Person\",\"@id\":\"https:\/\/aeronoticias.com.pe\/noticiero\/#\/schema\/person\/fc1e5d578f4b62ba1cf7ac2bba1170a0\",\"name\":\"Redacci\u00f3n Aeronoticias\",\"url\":\"https:\/\/aeronoticias.com.pe\/noticiero\/author\/piloto\/\"}]}<\/script>\n<!-- \/ Yoast SEO plugin. -->","yoast_head_json":{"title":"Norwegian estrena su primera ruta en Brasil","description":"Norwegian ha inaugurado este domingo su primera ruta en Brasil, que une Londres-Gatwick con R\u00edo de Janeiro, segunda conexi\u00f3n de largo radio que opera en Sudam\u00e9rica tras la que enlaza el mismo aeropuerto con Buenos Aires.","robots":{"index":"index","follow":"follow","max-snippet":"max-snippet:-1","max-image-preview":"max-image-preview:large","max-video-preview":"max-video-preview:-1"},"canonical":"https:\/\/aeronoticias.com.pe\/noticiero\/transporte-aereo\/internacional\/norwegian-estrena-su-primera-ruta-en-brasil\/","og_locale":"es_ES","og_type":"article","og_title":"Norwegian estrena su primera ruta en Brasil","og_description":"Norwegian ha inaugurado este domingo su primera ruta en Brasil, que une Londres-Gatwick con R\u00edo de Janeiro, segunda conexi\u00f3n de largo radio que opera en Sudam\u00e9rica tras la que enlaza el mismo aeropuerto con Buenos Aires.","og_url":"https:\/\/aeronoticias.com.pe\/noticiero\/transporte-aereo\/internacional\/norwegian-estrena-su-primera-ruta-en-brasil\/","og_site_name":"Aeronoticias.com.pe","article_publisher":"https:\/\/www.facebook.com\/Aeronoticias.com.pe\/","article_published_time":"2019-04-02T14:58:00+00:00","article_modified_time":"2020-12-04T17:16:05+00:00","og_image":[{"width":1024,"height":682,"url":"https:\/\/aeronoticias.com.pe\/noticiero\/wp-content\/uploads\/2019\/04\/Norwegian-brasil.jpg","type":"image\/jpeg"}],"author":"Redacci\u00f3n Aeronoticias","twitter_card":"summary_large_image","twitter_creator":"@aeronoticias","twitter_site":"@aeronoticias","twitter_misc":{"Escrito por":"Redacci\u00f3n Aeronoticias","Tiempo de lectura":"2 minutos"},"schema":{"@context":"https:\/\/schema.org","@graph":[{"@type":"WebPage","@id":"https:\/\/aeronoticias.com.pe\/noticiero\/transporte-aereo\/internacional\/norwegian-estrena-su-primera-ruta-en-brasil\/","url":"https:\/\/aeronoticias.com.pe\/noticiero\/transporte-aereo\/internacional\/norwegian-estrena-su-primera-ruta-en-brasil\/","name":"Norwegian estrena su primera ruta en Brasil","isPartOf":{"@id":"https:\/\/aeronoticias.com.pe\/noticiero\/#website"},"primaryImageOfPage":{"@id":"https:\/\/aeronoticias.com.pe\/noticiero\/transporte-aereo\/internacional\/norwegian-estrena-su-primera-ruta-en-brasil\/#primaryimage"},"image":{"@id":"https:\/\/aeronoticias.com.pe\/noticiero\/transporte-aereo\/internacional\/norwegian-estrena-su-primera-ruta-en-brasil\/#primaryimage"},"thumbnailUrl":"https:\/\/aeronoticias.com.pe\/noticiero\/wp-content\/uploads\/2019\/04\/Norwegian-brasil.jpg","datePublished":"2019-04-02T14:58:00+00:00","dateModified":"2020-12-04T17:16:05+00:00","author":{"@id":"https:\/\/aeronoticias.com.pe\/noticiero\/#\/schema\/person\/fc1e5d578f4b62ba1cf7ac2bba1170a0"},"description":"Norwegian ha inaugurado este domingo su primera ruta en Brasil, que une Londres-Gatwick con R\u00edo de Janeiro, segunda conexi\u00f3n de largo radio que opera en Sudam\u00e9rica tras la que enlaza el mismo aeropuerto con Buenos Aires.","breadcrumb":{"@id":"https:\/\/aeronoticias.com.pe\/noticiero\/transporte-aereo\/internacional\/norwegian-estrena-su-primera-ruta-en-brasil\/#breadcrumb"},"inLanguage":"es","potentialAction":[{"@type":"ReadAction","target":["https:\/\/aeronoticias.com.pe\/noticiero\/transporte-aereo\/internacional\/norwegian-estrena-su-primera-ruta-en-brasil\/"]}]},{"@type":"ImageObject","inLanguage":"es","@id":"https:\/\/aeronoticias.com.pe\/noticiero\/transporte-aereo\/internacional\/norwegian-estrena-su-primera-ruta-en-brasil\/#primaryimage","url":"https:\/\/aeronoticias.com.pe\/noticiero\/wp-content\/uploads\/2019\/04\/Norwegian-brasil.jpg","contentUrl":"https:\/\/aeronoticias.com.pe\/noticiero\/wp-content\/uploads\/2019\/04\/Norwegian-brasil.jpg","width":1024,"height":682},{"@type":"BreadcrumbList","@id":"https:\/\/aeronoticias.com.pe\/noticiero\/transporte-aereo\/internacional\/norwegian-estrena-su-primera-ruta-en-brasil\/#breadcrumb","itemListElement":[{"@type":"ListItem","position":1,"name":"Portada","item":"https:\/\/aeronoticias.com.pe\/noticiero\/"},{"@type":"ListItem","position":2,"name":"Norwegian estrena su primera ruta en Brasil"}]},{"@type":"WebSite","@id":"https:\/\/aeronoticias.com.pe\/noticiero\/#website","url":"https:\/\/aeronoticias.com.pe\/noticiero\/","name":"Aeronoticias.com.pe","description":"Noticias de tranporte aereo, turismo, hoteles, gastronomia, actualidad, internacional","potentialAction":[{"@type":"SearchAction","target":{"@type":"EntryPoint","urlTemplate":"https:\/\/aeronoticias.com.pe\/noticiero\/?s={search_term_string}"},"query-input":{"@type":"PropertyValueSpecification","valueRequired":true,"valueName":"search_term_string"}}],"inLanguage":"es"},{"@type":"Person","@id":"https:\/\/aeronoticias.com.pe\/noticiero\/#\/schema\/person\/fc1e5d578f4b62ba1cf7ac2bba1170a0","name":"Redacci\u00f3n Aeronoticias","url":"https:\/\/aeronoticias.com.pe\/noticiero\/author\/piloto\/"}]}},"_links":{"self":[{"href":"https:\/\/aeronoticias.com.pe\/noticiero\/wp-json\/wp\/v2\/posts\/58281","targetHints":{"allow":["GET"]}}],"collection":[{"href":"https:\/\/aeronoticias.com.pe\/noticiero\/wp-json\/wp\/v2\/posts"}],"about":[{"href":"https:\/\/aeronoticias.com.pe\/noticiero\/wp-json\/wp\/v2\/types\/post"}],"author":[{"embeddable":true,"href":"https:\/\/aeronoticias.com.pe\/noticiero\/wp-json\/wp\/v2\/users\/1"}],"replies":[{"embeddable":true,"href":"https:\/\/aeronoticias.com.pe\/noticiero\/wp-json\/wp\/v2\/comments?post=58281"}],"version-history":[{"count":0,"href":"https:\/\/aeronoticias.com.pe\/noticiero\/wp-json\/wp\/v2\/posts\/58281\/revisions"}],"wp:featuredmedia":[{"embeddable":true,"href":"https:\/\/aeronoticias.com.pe\/noticiero\/wp-json\/wp\/v2\/media\/67306"}],"wp:attachment":[{"href":"https:\/\/aeronoticias.com.pe\/noticiero\/wp-json\/wp\/v2\/media?parent=58281"}],"wp:term":[{"taxonomy":"category","embeddable":true,"href":"https:\/\/aeronoticias.com.pe\/noticiero\/wp-json\/wp\/v2\/categories?post=58281"},{"taxonomy":"post_tag","embeddable":true,"href":"https:\/\/aeronoticias.com.pe\/noticiero\/wp-json\/wp\/v2\/tags?post=58281"}],"curies":[{"name":"wp","href":"https:\/\/api.w.org\/{rel}","templated":true}]}}