{"id":58282,"date":"2019-04-02T15:00:24","date_gmt":"2019-04-02T15:00:24","guid":{"rendered":"http:\/\/desarrollo.mcvicious.com\/aero2020\/2019\/04\/02\/level-lanza-el-primer-vuelo-directo-entre-barcelona-y-santiago-de-chile\/"},"modified":"2019-04-02T15:00:24","modified_gmt":"2019-04-02T15:00:24","slug":"level-lanza-el-primer-vuelo-directo-entre-barcelona-y-santiago-de-chile","status":"publish","type":"post","link":"https:\/\/aeronoticias.com.pe\/noticiero\/internacionales\/level-lanza-el-primer-vuelo-directo-entre-barcelona-y-santiago-de-chile\/","title":{"rendered":"Level lanza el primer vuelo directo entre Barcelona y Santiago de Chile"},"content":{"rendered":"<p style=\"text-align: justify;\"><strong>(Aeronoticias)<\/strong>.-\u00a0<span style=\"color: #454545; font-family: Helvetica; font-size: 12px;\">El primer vuelo directo entre Barcelona y Santiago de Chile ha despegado este domingo de la capital catalana operado por la aerol\u00ednea de bajo coste y largo recorrido Level, la \u00fanica que ofrece esta ruta sin escalas.<\/span><\/p>\n<p class=\"p1\" style=\"text-align: justify;\">El vuelo ha despegado a las 11.05 horas del Aeropuerto Josep Tarradellas Barcelona-El Prat y ha sido inaugurado por el director general de la compa\u00f1\u00eda, Vincent Hodder, quien ha explicado que esperan transportar a alrededor de 2.000 pasajeros mensuales en esta ruta.<\/p>\n<p class=\"p1\" style=\"text-align: justify;\">\u00a0<\/p>\n<p class=\"p1\" style=\"text-align: justify;\">El directivo ha se\u00f1alado que Level ofrecer\u00e1 inicialmente el trayecto dos veces por semana, pero la previsi\u00f3n es que a finales de julio la frecuencia aumente hasta los cuatro vuelos semanales, consiguiendo as\u00ed \u201cdemocratizar este viaje de largo radio\u201d.<\/p>\n<p class=\"p1\" style=\"text-align: justify;\">\u00a0<\/p>\n<p class=\"p1\" style=\"text-align: justify;\">Hodder ha afirmado que la demanda de este vuelo es mayor en CHILE (CHILE.CHL)(CHILE.CHL)(CHILE.84)que en Espa\u00f1a por la relevancia de \u201clas ra\u00edces hist\u00f3ricas entre ambos pa\u00edses, la cultura y el idioma\u201d, pero se ha mostrado convencido de que esta ruta incrementar\u00e1 el n\u00famero de visitantes espa\u00f1oles al pa\u00eds sudamericano.<\/p>\n<p class=\"p1\" style=\"text-align: justify;\">El precio medio de un billete de ida de Barcelona a Santiago de Chile se sit\u00faa en los 237 euros, aunque, tal como ha asegurado el directivo, Level lanzar\u00e1 ofertas de hasta 169 euros por trayecto.<\/p>\n<p class=\"p1\" style=\"text-align: justify;\">\u00a0<\/p>\n<p class=\"p1\" style=\"text-align: justify;\">El pr\u00f3ximo julio la aerol\u00ednea tiene previsto inaugurar tambi\u00e9n una nueva ruta entre Barcelona y el Aeropuerto de Nueva York (JFK), que comenzar\u00e1 con tres vuelos semanales y precios a partir de 99 euros por trayecto.<\/p>\n<p class=\"p1\" style=\"text-align: justify;\">\u00a0<\/p>\n<p class=\"p1\" style=\"text-align: justify;\">El director ejecutivo ha garantizado adem\u00e1s que la empresa tiene \u201cmuchos m\u00e1s planes\u201d para enlazar Barcelona directamente con otros destinos, entre los cuales est\u00e1n \u201cinvestigando opciones en Asia, Estados Unidos, Canad\u00e1 y Am\u00e9rica Latina\u201d.<\/p>\n<p class=\"p1\" style=\"text-align: justify;\">\u00a0<\/p>\n<p class=\"p1\" style=\"text-align: justify;\">Level comenz\u00f3 a operar en el Aeropuerto de El Prat en junio de 2017 y, desde entonces, ha transportado a unos 500.000 pasajeros con una flota de tres Airbus A330-200, a la que se sumar\u00e1 una aeronave m\u00e1s a lo largo de este a\u00f1o.<\/p>\n<p class=\"p1\" style=\"text-align: justify;\">\u00a0<\/p>\n<p class=\"p1\" style=\"text-align: justify;\">Los planes de la empresa para Barcelona pasan por aumentar la frecuencia de vuelos a San Francisco, que en julio se incrementar\u00e1n hasta los tres trayectos semanales, y mantener los tres vuelos por semana a Boston y los ocho a Buenos Aires.<\/p>\n<p class=\"p1\" style=\"text-align: justify;\">\u00a0<\/p>\n<p class=\"p1\" style=\"text-align: justify;\">Fuente: <span style=\"text-decoration: underline;\"><em><strong>EFE<\/strong><\/em><\/span>.<\/p>\n<p class=\"p1\" style=\"text-align: justify;\">\u00a0<\/p>\n<p class=\"p1\" style=\"text-align: justify;\"><img decoding=\"async\" src=\"images\/stories\/level.jpg\" border=\"0\" \/><\/p>\n<p> p.p1 {margin: 0.0px 0.0px 0.0px 0.0px; font: 12.0px Helvetica; color: #454545}<\/p>\n","protected":false},"excerpt":{"rendered":"<p>(Aeronoticias).-\u00a0El primer vuelo directo entre Barcelona y Santiago de Chile ha despegado este domingo de la capital catalana operado por la aerol\u00ednea de bajo coste y largo recorrido Level, la \u00fanica que ofrece esta ruta sin escalas. El vuelo ha despegado a las 11.05 horas del Aeropuerto Josep Tarradellas Barcelona-El Prat y ha sido inaugurado [&hellip;]<\/p>\n","protected":false},"author":1,"featured_media":0,"comment_status":"open","ping_status":"open","sticky":false,"template":"","format":"standard","meta":{"tdm_status":"","tdm_grid_status":"","footnotes":""},"categories":[34],"tags":[],"class_list":{"0":"post-58282","1":"post","2":"type-post","3":"status-publish","4":"format-standard","6":"category-internacionales"},"yoast_head":"<!-- This site is optimized with the Yoast SEO plugin v25.1 - https:\/\/yoast.com\/wordpress\/plugins\/seo\/ -->\n<title>Level lanza el primer vuelo directo entre Barcelona y Santiago de Chile<\/title>\n<meta name=\"description\" content=\"Portal de noticias del Per\u00fa sobre el transporte a\u00e9reo, aviaci\u00f3n, turismo, hoteleria, actualidad.\" \/>\n<meta name=\"robots\" content=\"index, follow, max-snippet:-1, max-image-preview:large, max-video-preview:-1\" \/>\n<link rel=\"canonical\" href=\"https:\/\/aeronoticias.com.pe\/noticiero\/internacionales\/level-lanza-el-primer-vuelo-directo-entre-barcelona-y-santiago-de-chile\/\" \/>\n<meta property=\"og:locale\" content=\"es_ES\" \/>\n<meta property=\"og:type\" content=\"article\" \/>\n<meta property=\"og:title\" content=\"Level lanza el primer vuelo directo entre Barcelona y Santiago de Chile\" \/>\n<meta property=\"og:description\" content=\"Portal de noticias del Per\u00fa sobre el transporte a\u00e9reo, aviaci\u00f3n, turismo, hoteleria, actualidad.\" \/>\n<meta property=\"og:url\" content=\"https:\/\/aeronoticias.com.pe\/noticiero\/internacionales\/level-lanza-el-primer-vuelo-directo-entre-barcelona-y-santiago-de-chile\/\" \/>\n<meta property=\"og:site_name\" content=\"Aeronoticias.com.pe\" \/>\n<meta property=\"article:publisher\" content=\"https:\/\/www.facebook.com\/Aeronoticias.com.pe\/\" \/>\n<meta property=\"article:published_time\" content=\"2019-04-02T15:00:24+00:00\" \/>\n<meta name=\"author\" content=\"Redacci\u00f3n Aeronoticias\" \/>\n<meta name=\"twitter:card\" content=\"summary_large_image\" \/>\n<meta name=\"twitter:creator\" content=\"@aeronoticias\" \/>\n<meta name=\"twitter:site\" content=\"@aeronoticias\" \/>\n<meta name=\"twitter:label1\" content=\"Escrito por\" \/>\n\t<meta name=\"twitter:data1\" content=\"Redacci\u00f3n Aeronoticias\" \/>\n\t<meta name=\"twitter:label2\" content=\"Tiempo de lectura\" \/>\n\t<meta name=\"twitter:data2\" content=\"2 minutos\" \/>\n<script type=\"application\/ld+json\" class=\"yoast-schema-graph\">{\"@context\":\"https:\/\/schema.org\",\"@graph\":[{\"@type\":\"WebPage\",\"@id\":\"https:\/\/aeronoticias.com.pe\/noticiero\/internacionales\/level-lanza-el-primer-vuelo-directo-entre-barcelona-y-santiago-de-chile\/\",\"url\":\"https:\/\/aeronoticias.com.pe\/noticiero\/internacionales\/level-lanza-el-primer-vuelo-directo-entre-barcelona-y-santiago-de-chile\/\",\"name\":\"Level lanza el primer vuelo directo entre Barcelona y Santiago de Chile\",\"isPartOf\":{\"@id\":\"https:\/\/aeronoticias.com.pe\/noticiero\/#website\"},\"datePublished\":\"2019-04-02T15:00:24+00:00\",\"author\":{\"@id\":\"https:\/\/aeronoticias.com.pe\/noticiero\/#\/schema\/person\/fc1e5d578f4b62ba1cf7ac2bba1170a0\"},\"description\":\"Portal de noticias del Per\u00fa sobre el transporte a\u00e9reo, aviaci\u00f3n, turismo, hoteleria, actualidad.\",\"breadcrumb\":{\"@id\":\"https:\/\/aeronoticias.com.pe\/noticiero\/internacionales\/level-lanza-el-primer-vuelo-directo-entre-barcelona-y-santiago-de-chile\/#breadcrumb\"},\"inLanguage\":\"es\",\"potentialAction\":[{\"@type\":\"ReadAction\",\"target\":[\"https:\/\/aeronoticias.com.pe\/noticiero\/internacionales\/level-lanza-el-primer-vuelo-directo-entre-barcelona-y-santiago-de-chile\/\"]}]},{\"@type\":\"BreadcrumbList\",\"@id\":\"https:\/\/aeronoticias.com.pe\/noticiero\/internacionales\/level-lanza-el-primer-vuelo-directo-entre-barcelona-y-santiago-de-chile\/#breadcrumb\",\"itemListElement\":[{\"@type\":\"ListItem\",\"position\":1,\"name\":\"Portada\",\"item\":\"https:\/\/aeronoticias.com.pe\/noticiero\/\"},{\"@type\":\"ListItem\",\"position\":2,\"name\":\"Level lanza el primer vuelo directo entre Barcelona y Santiago de Chile\"}]},{\"@type\":\"WebSite\",\"@id\":\"https:\/\/aeronoticias.com.pe\/noticiero\/#website\",\"url\":\"https:\/\/aeronoticias.com.pe\/noticiero\/\",\"name\":\"Aeronoticias.com.pe\",\"description\":\"Noticias de tranporte aereo, turismo, hoteles, gastronomia, actualidad, internacional\",\"potentialAction\":[{\"@type\":\"SearchAction\",\"target\":{\"@type\":\"EntryPoint\",\"urlTemplate\":\"https:\/\/aeronoticias.com.pe\/noticiero\/?s={search_term_string}\"},\"query-input\":{\"@type\":\"PropertyValueSpecification\",\"valueRequired\":true,\"valueName\":\"search_term_string\"}}],\"inLanguage\":\"es\"},{\"@type\":\"Person\",\"@id\":\"https:\/\/aeronoticias.com.pe\/noticiero\/#\/schema\/person\/fc1e5d578f4b62ba1cf7ac2bba1170a0\",\"name\":\"Redacci\u00f3n Aeronoticias\",\"url\":\"https:\/\/aeronoticias.com.pe\/noticiero\/author\/piloto\/\"}]}<\/script>\n<!-- \/ Yoast SEO plugin. -->","yoast_head_json":{"title":"Level lanza el primer vuelo directo entre Barcelona y Santiago de Chile","description":"Portal de noticias del Per\u00fa sobre el transporte a\u00e9reo, aviaci\u00f3n, turismo, hoteleria, actualidad.","robots":{"index":"index","follow":"follow","max-snippet":"max-snippet:-1","max-image-preview":"max-image-preview:large","max-video-preview":"max-video-preview:-1"},"canonical":"https:\/\/aeronoticias.com.pe\/noticiero\/internacionales\/level-lanza-el-primer-vuelo-directo-entre-barcelona-y-santiago-de-chile\/","og_locale":"es_ES","og_type":"article","og_title":"Level lanza el primer vuelo directo entre Barcelona y Santiago de Chile","og_description":"Portal de noticias del Per\u00fa sobre el transporte a\u00e9reo, aviaci\u00f3n, turismo, hoteleria, actualidad.","og_url":"https:\/\/aeronoticias.com.pe\/noticiero\/internacionales\/level-lanza-el-primer-vuelo-directo-entre-barcelona-y-santiago-de-chile\/","og_site_name":"Aeronoticias.com.pe","article_publisher":"https:\/\/www.facebook.com\/Aeronoticias.com.pe\/","article_published_time":"2019-04-02T15:00:24+00:00","author":"Redacci\u00f3n Aeronoticias","twitter_card":"summary_large_image","twitter_creator":"@aeronoticias","twitter_site":"@aeronoticias","twitter_misc":{"Escrito por":"Redacci\u00f3n Aeronoticias","Tiempo de lectura":"2 minutos"},"schema":{"@context":"https:\/\/schema.org","@graph":[{"@type":"WebPage","@id":"https:\/\/aeronoticias.com.pe\/noticiero\/internacionales\/level-lanza-el-primer-vuelo-directo-entre-barcelona-y-santiago-de-chile\/","url":"https:\/\/aeronoticias.com.pe\/noticiero\/internacionales\/level-lanza-el-primer-vuelo-directo-entre-barcelona-y-santiago-de-chile\/","name":"Level lanza el primer vuelo directo entre Barcelona y Santiago de Chile","isPartOf":{"@id":"https:\/\/aeronoticias.com.pe\/noticiero\/#website"},"datePublished":"2019-04-02T15:00:24+00:00","author":{"@id":"https:\/\/aeronoticias.com.pe\/noticiero\/#\/schema\/person\/fc1e5d578f4b62ba1cf7ac2bba1170a0"},"description":"Portal de noticias del Per\u00fa sobre el transporte a\u00e9reo, aviaci\u00f3n, turismo, hoteleria, actualidad.","breadcrumb":{"@id":"https:\/\/aeronoticias.com.pe\/noticiero\/internacionales\/level-lanza-el-primer-vuelo-directo-entre-barcelona-y-santiago-de-chile\/#breadcrumb"},"inLanguage":"es","potentialAction":[{"@type":"ReadAction","target":["https:\/\/aeronoticias.com.pe\/noticiero\/internacionales\/level-lanza-el-primer-vuelo-directo-entre-barcelona-y-santiago-de-chile\/"]}]},{"@type":"BreadcrumbList","@id":"https:\/\/aeronoticias.com.pe\/noticiero\/internacionales\/level-lanza-el-primer-vuelo-directo-entre-barcelona-y-santiago-de-chile\/#breadcrumb","itemListElement":[{"@type":"ListItem","position":1,"name":"Portada","item":"https:\/\/aeronoticias.com.pe\/noticiero\/"},{"@type":"ListItem","position":2,"name":"Level lanza el primer vuelo directo entre Barcelona y Santiago de Chile"}]},{"@type":"WebSite","@id":"https:\/\/aeronoticias.com.pe\/noticiero\/#website","url":"https:\/\/aeronoticias.com.pe\/noticiero\/","name":"Aeronoticias.com.pe","description":"Noticias de tranporte aereo, turismo, hoteles, gastronomia, actualidad, internacional","potentialAction":[{"@type":"SearchAction","target":{"@type":"EntryPoint","urlTemplate":"https:\/\/aeronoticias.com.pe\/noticiero\/?s={search_term_string}"},"query-input":{"@type":"PropertyValueSpecification","valueRequired":true,"valueName":"search_term_string"}}],"inLanguage":"es"},{"@type":"Person","@id":"https:\/\/aeronoticias.com.pe\/noticiero\/#\/schema\/person\/fc1e5d578f4b62ba1cf7ac2bba1170a0","name":"Redacci\u00f3n Aeronoticias","url":"https:\/\/aeronoticias.com.pe\/noticiero\/author\/piloto\/"}]}},"_links":{"self":[{"href":"https:\/\/aeronoticias.com.pe\/noticiero\/wp-json\/wp\/v2\/posts\/58282","targetHints":{"allow":["GET"]}}],"collection":[{"href":"https:\/\/aeronoticias.com.pe\/noticiero\/wp-json\/wp\/v2\/posts"}],"about":[{"href":"https:\/\/aeronoticias.com.pe\/noticiero\/wp-json\/wp\/v2\/types\/post"}],"author":[{"embeddable":true,"href":"https:\/\/aeronoticias.com.pe\/noticiero\/wp-json\/wp\/v2\/users\/1"}],"replies":[{"embeddable":true,"href":"https:\/\/aeronoticias.com.pe\/noticiero\/wp-json\/wp\/v2\/comments?post=58282"}],"version-history":[{"count":0,"href":"https:\/\/aeronoticias.com.pe\/noticiero\/wp-json\/wp\/v2\/posts\/58282\/revisions"}],"wp:attachment":[{"href":"https:\/\/aeronoticias.com.pe\/noticiero\/wp-json\/wp\/v2\/media?parent=58282"}],"wp:term":[{"taxonomy":"category","embeddable":true,"href":"https:\/\/aeronoticias.com.pe\/noticiero\/wp-json\/wp\/v2\/categories?post=58282"},{"taxonomy":"post_tag","embeddable":true,"href":"https:\/\/aeronoticias.com.pe\/noticiero\/wp-json\/wp\/v2\/tags?post=58282"}],"curies":[{"name":"wp","href":"https:\/\/api.w.org\/{rel}","templated":true}]}}