{"id":58283,"date":"2019-04-02T15:03:41","date_gmt":"2019-04-02T15:03:41","guid":{"rendered":"http:\/\/desarrollo.mcvicious.com\/aero2020\/2019\/04\/02\/nuevo-cristal-para-proteger-a-los-aviones-de-ataques-con-punteros-laser\/"},"modified":"2020-12-04T12:14:12","modified_gmt":"2020-12-04T17:14:12","slug":"nuevo-cristal-para-proteger-a-los-aviones-de-ataques-con-punteros-laser","status":"publish","type":"post","link":"https:\/\/aeronoticias.com.pe\/noticiero\/transporte-aereo\/internacional\/nuevo-cristal-para-proteger-a-los-aviones-de-ataques-con-punteros-laser\/","title":{"rendered":"Nuevo cristal para proteger a los aviones de \u2018ataques\u2019 con punteros l\u00e1ser"},"content":{"rendered":"\n<p>Nuevos cristales l\u00edquidos alg\u00fan d\u00eda podr\u00edan incorporarse a los parabrisas de los aviones para bloquear cualquier color de luz brillante y enfocada, y neutralizar el peligro de los punteros l\u00e1ser.<\/p>\n\n\n\n<p class=\"p1\">Apuntar un rayo l\u00e1ser a un avi\u00f3n no es una broma inofensiva: el repentino destello de luz brillante puede incapacitar al piloto, arriesgando la vida de los pasajeros y la tripulaci\u00f3n.<\/p>\n\n\n\n<p class=\"p1\">Pero debido a que los ataques pueden ocurrir con l\u00e1seres de diferentes colores, como el rojo, el verde o incluso el azul, los cient\u00edficos han tenido dificultades para desarrollar un m\u00e9todo \u00fanico para impedir todas las longitudes de onda de la luz l\u00e1ser.<\/p>\n\n\n\n<p class=\"p1\">Los nuevos cristales l\u00edquidos que pueden responer a este peligro para la aviaci\u00f3n han sido presentados en la reuni\u00f3n de primavera de la American Chemical Society (ACS).<\/p>\n\n\n\n<p class=\"p1\">Seg\u00fan la Administraci\u00f3n Federal de Aviaci\u00f3n, se reportaron 6,754 ataques con l\u00e1ser en aviones en 2017. Dichos ataques, que causan destellos brillantes de luz en la cabina, pueden distraer a los pilotos o infligir da\u00f1o visual temporal o permanente, dependiendo de la longitud de onda y la intensidad del l\u00e1ser.<\/p>\n\n\n\n<p class=\"p1\">\u201cQuer\u00edamos encontrar una soluci\u00f3n que no nos obligara a redise\u00f1ar completamente el parabrisas de un avi\u00f3n, sino que agregasemos una capa al vidrio que aproveche el sistema de energ\u00eda existente para la descongelaci\u00f3n del parabrisas\u201d, dice Daniel Maurer, un estudiante universitario de la Universidad de Lewis que, junto al profesor Jason Keleher, realiz\u00f3 la investigaci\u00f3n.<\/p>\n\n\n\n<p class=\"p1\">En lugar de integrarse en el parabrisas, los enfoques anteriores han incluido parabrisas desplegables o gafas que los pilotos se ponen durante el despegue y el aterrizaje. Sin embargo, estos pueden ser inconvenientes porque requieren que la tripulaci\u00f3n de vuelo tome estas precauciones, ya sea que est\u00e9n o no en la mira.<\/p>\n\n\n\n<p class=\"p1\">Un problema a\u00fan mayor es que estas estrategias funcionan solo para longitudes de onda espec\u00edficas de la luz l\u00e1ser. \u201cNo bloquean todo\u201d, dice Maurer. \u201cPor lo general, est\u00e1n dirigidos hacia l\u00e1seres verdes porque se usan para la mayor\u00eda de los ataques\u201d.<\/p>\n\n\n\n<p class=\"p1\">Para desarrollar su nuevo enfoque, los investigadores aprovecharon los cristales l\u00edquidos, materiales con propiedades entre los l\u00edquidos y los cristales s\u00f3lidos que los hacen \u00fatiles en las pantallas electr\u00f3nicas. El equipo coloc\u00f3 una soluci\u00f3n de cristales l\u00edquidos llamada N- (4-metoxibencilideno)-4-butilanilina (MBBA) entre dos paneles de vidrio de 1 pulgada cuadrada. La MBBA tiene una fase l\u00edquida transparente y una fase cristalina opaca que dispersa la luz. Al aplicar un voltaje al aparato, los investigadores hicieron que los cristales se alinearan con el campo el\u00e9ctrico y experimentaran un cambio de fase al estado cristalino m\u00e1s s\u00f3lido.<\/p>\n\n\n\n<p class=\"p1\">Los cristales alineados bloquearon hasta el 95 por ciento de los rayos rojo, azul y verde, a trav\u00e9s de una combinaci\u00f3n de dispersi\u00f3n de la luz, absorci\u00f3n de la energ\u00eda del l\u00e1ser y polarizaci\u00f3n cruzada. Los cristales l\u00edquidos podr\u00edan bloquear los l\u00e1seres de diferentes potencias, simulando varias distancias de iluminaci\u00f3n, as\u00ed como la luz que brillaba en diferentes \u00e1ngulos sobre el vidrio.<\/p>\n\n\n\n<p class=\"p1\">Adem\u00e1s, el sistema era completamente autom\u00e1tico: un fotorresistor detect\u00f3 la luz l\u00e1ser y luego activ\u00f3 el sistema de energ\u00eda para aplicar el voltaje. Cuando se elimin\u00f3 el haz, el sistema desconect\u00f3 la alimentaci\u00f3n y los cristales l\u00edquidos volvieron a su estado l\u00edquido transparente. \u201cSolo queremos bloquear el punto donde el l\u00e1ser golpea el parabrisas y luego hacer que vuelva r\u00e1pidamente a la normalidad despu\u00e9s de que el l\u00e1ser se haya ido\u201d, se\u00f1ala Keleher.<\/p>\n\n\n\n<p class=\"p1\">El resto del parabrisas, que no fue golpeado por el l\u00e1ser, permanecer\u00e1 transparente en todo momento.<\/p>\n\n\n\n<p class=\"p1\">Ahora que los investigadores han demostrado que su enfoque funciona, planean escalarlo desde cuadrados de 1 pulgada hasta el tama\u00f1o de un parabrisas completo.<\/p>\n\n\n\n<p class=\"p1\">Los resultados iniciales han demostrado que un patr\u00f3n de cuadr\u00edcula de sensor en cuadrados de vidrio de 2 pulgadas responder\u00e1 solo a la secci\u00f3n de vidrio que se ilumina. El equipo tambi\u00e9n est\u00e1 probando diferentes tipos de cristales l\u00edquidos para encontrar otros a\u00fan m\u00e1s eficientes y vers\u00e1tiles que regresan al estado transparente m\u00e1s r\u00e1pidamente una vez que se retira el l\u00e1ser.<\/p>\n\n\n\n<p class=\"p1\">Fuente: <span style=\"text-decoration: underline;\"><em><strong>Aviaci\u00f3n al d\u00eda<\/strong><\/em><\/span>.<\/p>\n","protected":false},"excerpt":{"rendered":"<p>Nuevos cristales l\u00edquidos alg\u00fan d\u00eda podr\u00edan incorporarse a los parabrisas de los aviones para bloquear cualquier color de luz brillante y enfocada, y neutralizar el peligro de los punteros l\u00e1ser. Apuntar un rayo l\u00e1ser a un avi\u00f3n no es una broma inofensiva: el repentino destello de luz brillante puede incapacitar al piloto, arriesgando la vida [&hellip;]<\/p>\n","protected":false},"author":1,"featured_media":67305,"comment_status":"open","ping_status":"open","sticky":false,"template":"","format":"standard","meta":{"tdm_status":"","tdm_grid_status":"","footnotes":""},"categories":[32,11],"tags":[1085,1084],"class_list":{"0":"post-58283","1":"post","2":"type-post","3":"status-publish","4":"format-standard","5":"has-post-thumbnail","7":"category-internacional","8":"category-transporte-aereo","9":"tag-ataques-a-aviones","10":"tag-nuevo-cristal"},"yoast_head":"<!-- This site is optimized with the Yoast SEO plugin v25.1 - https:\/\/yoast.com\/wordpress\/plugins\/seo\/ -->\n<title>Nuevo cristal para proteger a los aviones de \u2018ataques\u2019 con punteros l\u00e1ser<\/title>\n<meta name=\"description\" content=\"Nuevos cristales l\u00edquidos alg\u00fan d\u00eda podr\u00edan incorporarse a los parabrisas de los aviones para bloquear cualquier color de luz brillante y enfocada, y neutralizar el peligro de los punteros l\u00e1ser.\" \/>\n<meta name=\"robots\" content=\"index, follow, max-snippet:-1, max-image-preview:large, max-video-preview:-1\" \/>\n<link rel=\"canonical\" href=\"https:\/\/aeronoticias.com.pe\/noticiero\/transporte-aereo\/internacional\/nuevo-cristal-para-proteger-a-los-aviones-de-ataques-con-punteros-laser\/\" \/>\n<meta property=\"og:locale\" content=\"es_ES\" \/>\n<meta property=\"og:type\" content=\"article\" \/>\n<meta property=\"og:title\" content=\"Nuevo cristal para proteger a los aviones de \u2018ataques\u2019 con punteros l\u00e1ser\" \/>\n<meta property=\"og:description\" content=\"Nuevos cristales l\u00edquidos alg\u00fan d\u00eda podr\u00edan incorporarse a los parabrisas de los aviones para bloquear cualquier color de luz brillante y enfocada, y neutralizar el peligro de los punteros l\u00e1ser.\" \/>\n<meta property=\"og:url\" content=\"https:\/\/aeronoticias.com.pe\/noticiero\/transporte-aereo\/internacional\/nuevo-cristal-para-proteger-a-los-aviones-de-ataques-con-punteros-laser\/\" \/>\n<meta property=\"og:site_name\" content=\"Aeronoticias.com.pe\" \/>\n<meta property=\"article:publisher\" content=\"https:\/\/www.facebook.com\/Aeronoticias.com.pe\/\" \/>\n<meta property=\"article:published_time\" content=\"2019-04-02T15:03:41+00:00\" \/>\n<meta property=\"article:modified_time\" content=\"2020-12-04T17:14:12+00:00\" \/>\n<meta property=\"og:image\" content=\"https:\/\/aeronoticias.com.pe\/noticiero\/wp-content\/uploads\/2019\/04\/laser-2.jpg\" \/>\n\t<meta property=\"og:image:width\" content=\"890\" \/>\n\t<meta property=\"og:image:height\" content=\"500\" \/>\n\t<meta property=\"og:image:type\" content=\"image\/jpeg\" \/>\n<meta name=\"author\" content=\"Redacci\u00f3n Aeronoticias\" \/>\n<meta name=\"twitter:card\" content=\"summary_large_image\" \/>\n<meta name=\"twitter:creator\" content=\"@aeronoticias\" \/>\n<meta name=\"twitter:site\" content=\"@aeronoticias\" \/>\n<meta name=\"twitter:label1\" content=\"Escrito por\" \/>\n\t<meta name=\"twitter:data1\" content=\"Redacci\u00f3n Aeronoticias\" \/>\n\t<meta name=\"twitter:label2\" content=\"Tiempo de lectura\" \/>\n\t<meta name=\"twitter:data2\" content=\"4 minutos\" \/>\n<script type=\"application\/ld+json\" class=\"yoast-schema-graph\">{\"@context\":\"https:\/\/schema.org\",\"@graph\":[{\"@type\":\"WebPage\",\"@id\":\"https:\/\/aeronoticias.com.pe\/noticiero\/transporte-aereo\/internacional\/nuevo-cristal-para-proteger-a-los-aviones-de-ataques-con-punteros-laser\/\",\"url\":\"https:\/\/aeronoticias.com.pe\/noticiero\/transporte-aereo\/internacional\/nuevo-cristal-para-proteger-a-los-aviones-de-ataques-con-punteros-laser\/\",\"name\":\"Nuevo cristal para proteger a los aviones de \u2018ataques\u2019 con punteros l\u00e1ser\",\"isPartOf\":{\"@id\":\"https:\/\/aeronoticias.com.pe\/noticiero\/#website\"},\"primaryImageOfPage\":{\"@id\":\"https:\/\/aeronoticias.com.pe\/noticiero\/transporte-aereo\/internacional\/nuevo-cristal-para-proteger-a-los-aviones-de-ataques-con-punteros-laser\/#primaryimage\"},\"image\":{\"@id\":\"https:\/\/aeronoticias.com.pe\/noticiero\/transporte-aereo\/internacional\/nuevo-cristal-para-proteger-a-los-aviones-de-ataques-con-punteros-laser\/#primaryimage\"},\"thumbnailUrl\":\"https:\/\/aeronoticias.com.pe\/noticiero\/wp-content\/uploads\/2019\/04\/laser-2.jpg\",\"datePublished\":\"2019-04-02T15:03:41+00:00\",\"dateModified\":\"2020-12-04T17:14:12+00:00\",\"author\":{\"@id\":\"https:\/\/aeronoticias.com.pe\/noticiero\/#\/schema\/person\/fc1e5d578f4b62ba1cf7ac2bba1170a0\"},\"description\":\"Nuevos cristales l\u00edquidos alg\u00fan d\u00eda podr\u00edan incorporarse a los parabrisas de los aviones para bloquear cualquier color de luz brillante y enfocada, y neutralizar el peligro de los punteros l\u00e1ser.\",\"breadcrumb\":{\"@id\":\"https:\/\/aeronoticias.com.pe\/noticiero\/transporte-aereo\/internacional\/nuevo-cristal-para-proteger-a-los-aviones-de-ataques-con-punteros-laser\/#breadcrumb\"},\"inLanguage\":\"es\",\"potentialAction\":[{\"@type\":\"ReadAction\",\"target\":[\"https:\/\/aeronoticias.com.pe\/noticiero\/transporte-aereo\/internacional\/nuevo-cristal-para-proteger-a-los-aviones-de-ataques-con-punteros-laser\/\"]}]},{\"@type\":\"ImageObject\",\"inLanguage\":\"es\",\"@id\":\"https:\/\/aeronoticias.com.pe\/noticiero\/transporte-aereo\/internacional\/nuevo-cristal-para-proteger-a-los-aviones-de-ataques-con-punteros-laser\/#primaryimage\",\"url\":\"https:\/\/aeronoticias.com.pe\/noticiero\/wp-content\/uploads\/2019\/04\/laser-2.jpg\",\"contentUrl\":\"https:\/\/aeronoticias.com.pe\/noticiero\/wp-content\/uploads\/2019\/04\/laser-2.jpg\",\"width\":890,\"height\":500},{\"@type\":\"BreadcrumbList\",\"@id\":\"https:\/\/aeronoticias.com.pe\/noticiero\/transporte-aereo\/internacional\/nuevo-cristal-para-proteger-a-los-aviones-de-ataques-con-punteros-laser\/#breadcrumb\",\"itemListElement\":[{\"@type\":\"ListItem\",\"position\":1,\"name\":\"Portada\",\"item\":\"https:\/\/aeronoticias.com.pe\/noticiero\/\"},{\"@type\":\"ListItem\",\"position\":2,\"name\":\"Nuevo cristal para proteger a los aviones de \u2018ataques\u2019 con punteros l\u00e1ser\"}]},{\"@type\":\"WebSite\",\"@id\":\"https:\/\/aeronoticias.com.pe\/noticiero\/#website\",\"url\":\"https:\/\/aeronoticias.com.pe\/noticiero\/\",\"name\":\"Aeronoticias.com.pe\",\"description\":\"Noticias de tranporte aereo, turismo, hoteles, gastronomia, actualidad, internacional\",\"potentialAction\":[{\"@type\":\"SearchAction\",\"target\":{\"@type\":\"EntryPoint\",\"urlTemplate\":\"https:\/\/aeronoticias.com.pe\/noticiero\/?s={search_term_string}\"},\"query-input\":{\"@type\":\"PropertyValueSpecification\",\"valueRequired\":true,\"valueName\":\"search_term_string\"}}],\"inLanguage\":\"es\"},{\"@type\":\"Person\",\"@id\":\"https:\/\/aeronoticias.com.pe\/noticiero\/#\/schema\/person\/fc1e5d578f4b62ba1cf7ac2bba1170a0\",\"name\":\"Redacci\u00f3n Aeronoticias\",\"url\":\"https:\/\/aeronoticias.com.pe\/noticiero\/author\/piloto\/\"}]}<\/script>\n<!-- \/ Yoast SEO plugin. -->","yoast_head_json":{"title":"Nuevo cristal para proteger a los aviones de \u2018ataques\u2019 con punteros l\u00e1ser","description":"Nuevos cristales l\u00edquidos alg\u00fan d\u00eda podr\u00edan incorporarse a los parabrisas de los aviones para bloquear cualquier color de luz brillante y enfocada, y neutralizar el peligro de los punteros l\u00e1ser.","robots":{"index":"index","follow":"follow","max-snippet":"max-snippet:-1","max-image-preview":"max-image-preview:large","max-video-preview":"max-video-preview:-1"},"canonical":"https:\/\/aeronoticias.com.pe\/noticiero\/transporte-aereo\/internacional\/nuevo-cristal-para-proteger-a-los-aviones-de-ataques-con-punteros-laser\/","og_locale":"es_ES","og_type":"article","og_title":"Nuevo cristal para proteger a los aviones de \u2018ataques\u2019 con punteros l\u00e1ser","og_description":"Nuevos cristales l\u00edquidos alg\u00fan d\u00eda podr\u00edan incorporarse a los parabrisas de los aviones para bloquear cualquier color de luz brillante y enfocada, y neutralizar el peligro de los punteros l\u00e1ser.","og_url":"https:\/\/aeronoticias.com.pe\/noticiero\/transporte-aereo\/internacional\/nuevo-cristal-para-proteger-a-los-aviones-de-ataques-con-punteros-laser\/","og_site_name":"Aeronoticias.com.pe","article_publisher":"https:\/\/www.facebook.com\/Aeronoticias.com.pe\/","article_published_time":"2019-04-02T15:03:41+00:00","article_modified_time":"2020-12-04T17:14:12+00:00","og_image":[{"width":890,"height":500,"url":"https:\/\/aeronoticias.com.pe\/noticiero\/wp-content\/uploads\/2019\/04\/laser-2.jpg","type":"image\/jpeg"}],"author":"Redacci\u00f3n Aeronoticias","twitter_card":"summary_large_image","twitter_creator":"@aeronoticias","twitter_site":"@aeronoticias","twitter_misc":{"Escrito por":"Redacci\u00f3n Aeronoticias","Tiempo de lectura":"4 minutos"},"schema":{"@context":"https:\/\/schema.org","@graph":[{"@type":"WebPage","@id":"https:\/\/aeronoticias.com.pe\/noticiero\/transporte-aereo\/internacional\/nuevo-cristal-para-proteger-a-los-aviones-de-ataques-con-punteros-laser\/","url":"https:\/\/aeronoticias.com.pe\/noticiero\/transporte-aereo\/internacional\/nuevo-cristal-para-proteger-a-los-aviones-de-ataques-con-punteros-laser\/","name":"Nuevo cristal para proteger a los aviones de \u2018ataques\u2019 con punteros l\u00e1ser","isPartOf":{"@id":"https:\/\/aeronoticias.com.pe\/noticiero\/#website"},"primaryImageOfPage":{"@id":"https:\/\/aeronoticias.com.pe\/noticiero\/transporte-aereo\/internacional\/nuevo-cristal-para-proteger-a-los-aviones-de-ataques-con-punteros-laser\/#primaryimage"},"image":{"@id":"https:\/\/aeronoticias.com.pe\/noticiero\/transporte-aereo\/internacional\/nuevo-cristal-para-proteger-a-los-aviones-de-ataques-con-punteros-laser\/#primaryimage"},"thumbnailUrl":"https:\/\/aeronoticias.com.pe\/noticiero\/wp-content\/uploads\/2019\/04\/laser-2.jpg","datePublished":"2019-04-02T15:03:41+00:00","dateModified":"2020-12-04T17:14:12+00:00","author":{"@id":"https:\/\/aeronoticias.com.pe\/noticiero\/#\/schema\/person\/fc1e5d578f4b62ba1cf7ac2bba1170a0"},"description":"Nuevos cristales l\u00edquidos alg\u00fan d\u00eda podr\u00edan incorporarse a los parabrisas de los aviones para bloquear cualquier color de luz brillante y enfocada, y neutralizar el peligro de los punteros l\u00e1ser.","breadcrumb":{"@id":"https:\/\/aeronoticias.com.pe\/noticiero\/transporte-aereo\/internacional\/nuevo-cristal-para-proteger-a-los-aviones-de-ataques-con-punteros-laser\/#breadcrumb"},"inLanguage":"es","potentialAction":[{"@type":"ReadAction","target":["https:\/\/aeronoticias.com.pe\/noticiero\/transporte-aereo\/internacional\/nuevo-cristal-para-proteger-a-los-aviones-de-ataques-con-punteros-laser\/"]}]},{"@type":"ImageObject","inLanguage":"es","@id":"https:\/\/aeronoticias.com.pe\/noticiero\/transporte-aereo\/internacional\/nuevo-cristal-para-proteger-a-los-aviones-de-ataques-con-punteros-laser\/#primaryimage","url":"https:\/\/aeronoticias.com.pe\/noticiero\/wp-content\/uploads\/2019\/04\/laser-2.jpg","contentUrl":"https:\/\/aeronoticias.com.pe\/noticiero\/wp-content\/uploads\/2019\/04\/laser-2.jpg","width":890,"height":500},{"@type":"BreadcrumbList","@id":"https:\/\/aeronoticias.com.pe\/noticiero\/transporte-aereo\/internacional\/nuevo-cristal-para-proteger-a-los-aviones-de-ataques-con-punteros-laser\/#breadcrumb","itemListElement":[{"@type":"ListItem","position":1,"name":"Portada","item":"https:\/\/aeronoticias.com.pe\/noticiero\/"},{"@type":"ListItem","position":2,"name":"Nuevo cristal para proteger a los aviones de \u2018ataques\u2019 con punteros l\u00e1ser"}]},{"@type":"WebSite","@id":"https:\/\/aeronoticias.com.pe\/noticiero\/#website","url":"https:\/\/aeronoticias.com.pe\/noticiero\/","name":"Aeronoticias.com.pe","description":"Noticias de tranporte aereo, turismo, hoteles, gastronomia, actualidad, internacional","potentialAction":[{"@type":"SearchAction","target":{"@type":"EntryPoint","urlTemplate":"https:\/\/aeronoticias.com.pe\/noticiero\/?s={search_term_string}"},"query-input":{"@type":"PropertyValueSpecification","valueRequired":true,"valueName":"search_term_string"}}],"inLanguage":"es"},{"@type":"Person","@id":"https:\/\/aeronoticias.com.pe\/noticiero\/#\/schema\/person\/fc1e5d578f4b62ba1cf7ac2bba1170a0","name":"Redacci\u00f3n Aeronoticias","url":"https:\/\/aeronoticias.com.pe\/noticiero\/author\/piloto\/"}]}},"_links":{"self":[{"href":"https:\/\/aeronoticias.com.pe\/noticiero\/wp-json\/wp\/v2\/posts\/58283","targetHints":{"allow":["GET"]}}],"collection":[{"href":"https:\/\/aeronoticias.com.pe\/noticiero\/wp-json\/wp\/v2\/posts"}],"about":[{"href":"https:\/\/aeronoticias.com.pe\/noticiero\/wp-json\/wp\/v2\/types\/post"}],"author":[{"embeddable":true,"href":"https:\/\/aeronoticias.com.pe\/noticiero\/wp-json\/wp\/v2\/users\/1"}],"replies":[{"embeddable":true,"href":"https:\/\/aeronoticias.com.pe\/noticiero\/wp-json\/wp\/v2\/comments?post=58283"}],"version-history":[{"count":0,"href":"https:\/\/aeronoticias.com.pe\/noticiero\/wp-json\/wp\/v2\/posts\/58283\/revisions"}],"wp:featuredmedia":[{"embeddable":true,"href":"https:\/\/aeronoticias.com.pe\/noticiero\/wp-json\/wp\/v2\/media\/67305"}],"wp:attachment":[{"href":"https:\/\/aeronoticias.com.pe\/noticiero\/wp-json\/wp\/v2\/media?parent=58283"}],"wp:term":[{"taxonomy":"category","embeddable":true,"href":"https:\/\/aeronoticias.com.pe\/noticiero\/wp-json\/wp\/v2\/categories?post=58283"},{"taxonomy":"post_tag","embeddable":true,"href":"https:\/\/aeronoticias.com.pe\/noticiero\/wp-json\/wp\/v2\/tags?post=58283"}],"curies":[{"name":"wp","href":"https:\/\/api.w.org\/{rel}","templated":true}]}}