{"id":58284,"date":"2019-04-02T15:08:30","date_gmt":"2019-04-02T15:08:30","guid":{"rendered":"http:\/\/desarrollo.mcvicious.com\/aero2020\/2019\/04\/02\/fly-jamaica-airways-cesa-todas-sus-operaciones\/"},"modified":"2019-04-02T15:08:30","modified_gmt":"2019-04-02T15:08:30","slug":"fly-jamaica-airways-cesa-todas-sus-operaciones","status":"publish","type":"post","link":"https:\/\/aeronoticias.com.pe\/noticiero\/economia\/fly-jamaica-airways-cesa-todas-sus-operaciones\/","title":{"rendered":"Fly Jamaica Airways cesa todas sus operaciones"},"content":{"rendered":"<p style=\"text-align: justify;\"><strong>(Aeronoticias).<\/strong>&#8211;\u00a0<span style=\"color: #454545; font-family: Helvetica; font-size: 12px;\">La aerol\u00ednea Fly Jamaica Airways, con sede en Jamaica, ha anunciado este domingo el cese de todas sus operaciones, cinco a\u00f1os despu\u00e9s del lanzamiento de la compa\u00f1\u00eda, ante la falta de aviones para poder llevar a cabo su programaci\u00f3n de vuelos y debido a los problemas financieros que atraviesa la compa\u00f1\u00eda.<\/span><\/p>\n<p class=\"p1\" style=\"text-align: justify;\">En una carta, firmada el 29 de marzo, el presidente y consejero delegado de Fly Jamaica, Paul Ronald Reece, se\u00f1ala que la compa\u00f1\u00eda ha llegado a un punto cr\u00edtico, ante la falta de \u201crecursos u otras opciones existentes\u201d, informa el diario local \u2018Jamaica Observer\u2019.<\/p>\n<p class=\"p1\" style=\"text-align: justify;\">\u00a0<\/p>\n<p class=\"p1\" style=\"text-align: justify;\">\u201cLa junta directiva de Fly Jamaica Airways lamenta informar que debido a nuestra falta de aviones y al impacto que ha tenido en la posici\u00f3n financiera de la compa\u00f1\u00eda, no tenemos otra alternativa que hacer que todos los empleados sean despedidos a partir del 31 de marzo de 2019\u201d, se\u00f1ala la carta, en la que agradece a sus empleados \u201csu servicio, lealtad y dedicaci\u00f3n\u201d.<\/p>\n<p class=\"p1\" style=\"text-align: justify;\">\u00a0<\/p>\n<p class=\"p1\" style=\"text-align: justify;\">Fly Jamaica Airways, fundada en 2014, ha estado tratando de recuperarse tras el accidente de uno de sus aviones en el Aeropuerto Internacional Cheddi Jagan de Guyana en noviembre de 2018; un avi\u00f3n Boeing 757-200, con destino a Toronto (Canad\u00e1), que se estrell\u00f3 poco despu\u00e9s de despegar, dejando varios heridos y un fallecido.<\/p>\n<p class=\"p1\" style=\"text-align: justify;\">\u00a0<\/p>\n<p class=\"p1\" style=\"text-align: justify;\">La compa\u00f1\u00eda fue certificada por la Autoridad de Aviaci\u00f3n Civil de Jamaica (JCAA) en septiembre de 2012. Cuatro a\u00f1os m\u00e1s tarde, la aerol\u00ednea recibi\u00f3 el permiso del gobierno de Guyana para iniciar vuelos directos entre Guyana y Cuba. La aerol\u00ednea ofrec\u00eda vuelos directos entre Guyana y Jamaica y volaba a Toronto, Canad\u00e1, y Nueva York (EE.UU).<\/p>\n<p class=\"p1\" style=\"text-align: justify;\">\u00a0<\/p>\n<p class=\"p1\" style=\"text-align: justify;\">Fuente: <span style=\"text-decoration: underline;\"><em><strong>Aviaci\u00f3n al d\u00eda.<\/strong><\/em><\/span><\/p>\n<p class=\"p1\" style=\"text-align: justify;\">\u00a0<\/p>\n<p class=\"p1\" style=\"text-align: justify;\"><span style=\"text-decoration: underline;\"><em><strong><img decoding=\"async\" src=\"images\/stories\/fly jamaica.jpg\" border=\"0\" \/><br \/><\/strong><\/em><\/span><\/p>\n<p> p.p1 {margin: 0.0px 0.0px 0.0px 0.0px; font: 12.0px Helvetica; color: #454545}<\/p>\n","protected":false},"excerpt":{"rendered":"<p>(Aeronoticias).&#8211;\u00a0La aerol\u00ednea Fly Jamaica Airways, con sede en Jamaica, ha anunciado este domingo el cese de todas sus operaciones, cinco a\u00f1os despu\u00e9s del lanzamiento de la compa\u00f1\u00eda, ante la falta de aviones para poder llevar a cabo su programaci\u00f3n de vuelos y debido a los problemas financieros que atraviesa la compa\u00f1\u00eda. En una carta, firmada [&hellip;]<\/p>\n","protected":false},"author":1,"featured_media":0,"comment_status":"open","ping_status":"open","sticky":false,"template":"","format":"standard","meta":{"tdm_status":"","tdm_grid_status":"","footnotes":""},"categories":[33],"tags":[],"class_list":{"0":"post-58284","1":"post","2":"type-post","3":"status-publish","4":"format-standard","6":"category-economia"},"yoast_head":"<!-- This site is optimized with the Yoast SEO plugin v25.1 - https:\/\/yoast.com\/wordpress\/plugins\/seo\/ -->\n<title>Fly Jamaica Airways cesa todas sus operaciones<\/title>\n<meta name=\"description\" content=\"Portal de noticias del Per\u00fa sobre el transporte a\u00e9reo, aviaci\u00f3n, turismo, hoteleria, actualidad.\" \/>\n<meta name=\"robots\" content=\"index, follow, max-snippet:-1, max-image-preview:large, max-video-preview:-1\" \/>\n<link rel=\"canonical\" href=\"https:\/\/aeronoticias.com.pe\/noticiero\/economia\/fly-jamaica-airways-cesa-todas-sus-operaciones\/\" \/>\n<meta property=\"og:locale\" content=\"es_ES\" \/>\n<meta property=\"og:type\" content=\"article\" \/>\n<meta property=\"og:title\" content=\"Fly Jamaica Airways cesa todas sus operaciones\" \/>\n<meta property=\"og:description\" content=\"Portal de noticias del Per\u00fa sobre el transporte a\u00e9reo, aviaci\u00f3n, turismo, hoteleria, actualidad.\" \/>\n<meta property=\"og:url\" content=\"https:\/\/aeronoticias.com.pe\/noticiero\/economia\/fly-jamaica-airways-cesa-todas-sus-operaciones\/\" \/>\n<meta property=\"og:site_name\" content=\"Aeronoticias.com.pe\" \/>\n<meta property=\"article:publisher\" content=\"https:\/\/www.facebook.com\/Aeronoticias.com.pe\/\" \/>\n<meta property=\"article:published_time\" content=\"2019-04-02T15:08:30+00:00\" \/>\n<meta name=\"author\" content=\"Redacci\u00f3n Aeronoticias\" \/>\n<meta name=\"twitter:card\" content=\"summary_large_image\" \/>\n<meta name=\"twitter:creator\" content=\"@aeronoticias\" \/>\n<meta name=\"twitter:site\" content=\"@aeronoticias\" \/>\n<meta name=\"twitter:label1\" content=\"Escrito por\" \/>\n\t<meta name=\"twitter:data1\" content=\"Redacci\u00f3n Aeronoticias\" \/>\n\t<meta name=\"twitter:label2\" content=\"Tiempo de lectura\" \/>\n\t<meta name=\"twitter:data2\" content=\"2 minutos\" \/>\n<script type=\"application\/ld+json\" class=\"yoast-schema-graph\">{\"@context\":\"https:\/\/schema.org\",\"@graph\":[{\"@type\":\"WebPage\",\"@id\":\"https:\/\/aeronoticias.com.pe\/noticiero\/economia\/fly-jamaica-airways-cesa-todas-sus-operaciones\/\",\"url\":\"https:\/\/aeronoticias.com.pe\/noticiero\/economia\/fly-jamaica-airways-cesa-todas-sus-operaciones\/\",\"name\":\"Fly Jamaica Airways cesa todas sus operaciones\",\"isPartOf\":{\"@id\":\"https:\/\/aeronoticias.com.pe\/noticiero\/#website\"},\"datePublished\":\"2019-04-02T15:08:30+00:00\",\"author\":{\"@id\":\"https:\/\/aeronoticias.com.pe\/noticiero\/#\/schema\/person\/fc1e5d578f4b62ba1cf7ac2bba1170a0\"},\"description\":\"Portal de noticias del Per\u00fa sobre el transporte a\u00e9reo, aviaci\u00f3n, turismo, hoteleria, actualidad.\",\"breadcrumb\":{\"@id\":\"https:\/\/aeronoticias.com.pe\/noticiero\/economia\/fly-jamaica-airways-cesa-todas-sus-operaciones\/#breadcrumb\"},\"inLanguage\":\"es\",\"potentialAction\":[{\"@type\":\"ReadAction\",\"target\":[\"https:\/\/aeronoticias.com.pe\/noticiero\/economia\/fly-jamaica-airways-cesa-todas-sus-operaciones\/\"]}]},{\"@type\":\"BreadcrumbList\",\"@id\":\"https:\/\/aeronoticias.com.pe\/noticiero\/economia\/fly-jamaica-airways-cesa-todas-sus-operaciones\/#breadcrumb\",\"itemListElement\":[{\"@type\":\"ListItem\",\"position\":1,\"name\":\"Portada\",\"item\":\"https:\/\/aeronoticias.com.pe\/noticiero\/\"},{\"@type\":\"ListItem\",\"position\":2,\"name\":\"Fly Jamaica Airways cesa todas sus operaciones\"}]},{\"@type\":\"WebSite\",\"@id\":\"https:\/\/aeronoticias.com.pe\/noticiero\/#website\",\"url\":\"https:\/\/aeronoticias.com.pe\/noticiero\/\",\"name\":\"Aeronoticias.com.pe\",\"description\":\"Noticias de tranporte aereo, turismo, hoteles, gastronomia, actualidad, internacional\",\"potentialAction\":[{\"@type\":\"SearchAction\",\"target\":{\"@type\":\"EntryPoint\",\"urlTemplate\":\"https:\/\/aeronoticias.com.pe\/noticiero\/?s={search_term_string}\"},\"query-input\":{\"@type\":\"PropertyValueSpecification\",\"valueRequired\":true,\"valueName\":\"search_term_string\"}}],\"inLanguage\":\"es\"},{\"@type\":\"Person\",\"@id\":\"https:\/\/aeronoticias.com.pe\/noticiero\/#\/schema\/person\/fc1e5d578f4b62ba1cf7ac2bba1170a0\",\"name\":\"Redacci\u00f3n Aeronoticias\",\"url\":\"https:\/\/aeronoticias.com.pe\/noticiero\/author\/piloto\/\"}]}<\/script>\n<!-- \/ Yoast SEO plugin. -->","yoast_head_json":{"title":"Fly Jamaica Airways cesa todas sus operaciones","description":"Portal de noticias del Per\u00fa sobre el transporte a\u00e9reo, aviaci\u00f3n, turismo, hoteleria, actualidad.","robots":{"index":"index","follow":"follow","max-snippet":"max-snippet:-1","max-image-preview":"max-image-preview:large","max-video-preview":"max-video-preview:-1"},"canonical":"https:\/\/aeronoticias.com.pe\/noticiero\/economia\/fly-jamaica-airways-cesa-todas-sus-operaciones\/","og_locale":"es_ES","og_type":"article","og_title":"Fly Jamaica Airways cesa todas sus operaciones","og_description":"Portal de noticias del Per\u00fa sobre el transporte a\u00e9reo, aviaci\u00f3n, turismo, hoteleria, actualidad.","og_url":"https:\/\/aeronoticias.com.pe\/noticiero\/economia\/fly-jamaica-airways-cesa-todas-sus-operaciones\/","og_site_name":"Aeronoticias.com.pe","article_publisher":"https:\/\/www.facebook.com\/Aeronoticias.com.pe\/","article_published_time":"2019-04-02T15:08:30+00:00","author":"Redacci\u00f3n Aeronoticias","twitter_card":"summary_large_image","twitter_creator":"@aeronoticias","twitter_site":"@aeronoticias","twitter_misc":{"Escrito por":"Redacci\u00f3n Aeronoticias","Tiempo de lectura":"2 minutos"},"schema":{"@context":"https:\/\/schema.org","@graph":[{"@type":"WebPage","@id":"https:\/\/aeronoticias.com.pe\/noticiero\/economia\/fly-jamaica-airways-cesa-todas-sus-operaciones\/","url":"https:\/\/aeronoticias.com.pe\/noticiero\/economia\/fly-jamaica-airways-cesa-todas-sus-operaciones\/","name":"Fly Jamaica Airways cesa todas sus operaciones","isPartOf":{"@id":"https:\/\/aeronoticias.com.pe\/noticiero\/#website"},"datePublished":"2019-04-02T15:08:30+00:00","author":{"@id":"https:\/\/aeronoticias.com.pe\/noticiero\/#\/schema\/person\/fc1e5d578f4b62ba1cf7ac2bba1170a0"},"description":"Portal de noticias del Per\u00fa sobre el transporte a\u00e9reo, aviaci\u00f3n, turismo, hoteleria, actualidad.","breadcrumb":{"@id":"https:\/\/aeronoticias.com.pe\/noticiero\/economia\/fly-jamaica-airways-cesa-todas-sus-operaciones\/#breadcrumb"},"inLanguage":"es","potentialAction":[{"@type":"ReadAction","target":["https:\/\/aeronoticias.com.pe\/noticiero\/economia\/fly-jamaica-airways-cesa-todas-sus-operaciones\/"]}]},{"@type":"BreadcrumbList","@id":"https:\/\/aeronoticias.com.pe\/noticiero\/economia\/fly-jamaica-airways-cesa-todas-sus-operaciones\/#breadcrumb","itemListElement":[{"@type":"ListItem","position":1,"name":"Portada","item":"https:\/\/aeronoticias.com.pe\/noticiero\/"},{"@type":"ListItem","position":2,"name":"Fly Jamaica Airways cesa todas sus operaciones"}]},{"@type":"WebSite","@id":"https:\/\/aeronoticias.com.pe\/noticiero\/#website","url":"https:\/\/aeronoticias.com.pe\/noticiero\/","name":"Aeronoticias.com.pe","description":"Noticias de tranporte aereo, turismo, hoteles, gastronomia, actualidad, internacional","potentialAction":[{"@type":"SearchAction","target":{"@type":"EntryPoint","urlTemplate":"https:\/\/aeronoticias.com.pe\/noticiero\/?s={search_term_string}"},"query-input":{"@type":"PropertyValueSpecification","valueRequired":true,"valueName":"search_term_string"}}],"inLanguage":"es"},{"@type":"Person","@id":"https:\/\/aeronoticias.com.pe\/noticiero\/#\/schema\/person\/fc1e5d578f4b62ba1cf7ac2bba1170a0","name":"Redacci\u00f3n Aeronoticias","url":"https:\/\/aeronoticias.com.pe\/noticiero\/author\/piloto\/"}]}},"_links":{"self":[{"href":"https:\/\/aeronoticias.com.pe\/noticiero\/wp-json\/wp\/v2\/posts\/58284","targetHints":{"allow":["GET"]}}],"collection":[{"href":"https:\/\/aeronoticias.com.pe\/noticiero\/wp-json\/wp\/v2\/posts"}],"about":[{"href":"https:\/\/aeronoticias.com.pe\/noticiero\/wp-json\/wp\/v2\/types\/post"}],"author":[{"embeddable":true,"href":"https:\/\/aeronoticias.com.pe\/noticiero\/wp-json\/wp\/v2\/users\/1"}],"replies":[{"embeddable":true,"href":"https:\/\/aeronoticias.com.pe\/noticiero\/wp-json\/wp\/v2\/comments?post=58284"}],"version-history":[{"count":0,"href":"https:\/\/aeronoticias.com.pe\/noticiero\/wp-json\/wp\/v2\/posts\/58284\/revisions"}],"wp:attachment":[{"href":"https:\/\/aeronoticias.com.pe\/noticiero\/wp-json\/wp\/v2\/media?parent=58284"}],"wp:term":[{"taxonomy":"category","embeddable":true,"href":"https:\/\/aeronoticias.com.pe\/noticiero\/wp-json\/wp\/v2\/categories?post=58284"},{"taxonomy":"post_tag","embeddable":true,"href":"https:\/\/aeronoticias.com.pe\/noticiero\/wp-json\/wp\/v2\/tags?post=58284"}],"curies":[{"name":"wp","href":"https:\/\/api.w.org\/{rel}","templated":true}]}}