{"id":58291,"date":"2019-04-04T15:06:16","date_gmt":"2019-04-04T15:06:16","guid":{"rendered":"http:\/\/desarrollo.mcvicious.com\/aero2020\/2019\/04\/04\/japon-boeing-787-sufre-un-fallo-grave-en-sus-dos-motores-al-aterrizar\/"},"modified":"2019-04-04T15:06:16","modified_gmt":"2019-04-04T15:06:16","slug":"japon-boeing-787-sufre-un-fallo-grave-en-sus-dos-motores-al-aterrizar","status":"publish","type":"post","link":"https:\/\/aeronoticias.com.pe\/noticiero\/internacionales\/japon-boeing-787-sufre-un-fallo-grave-en-sus-dos-motores-al-aterrizar\/","title":{"rendered":"Jap\u00f3n: Boeing 787 sufre un fallo grave en sus dos motores al aterrizar"},"content":{"rendered":"<p style=\"text-align: justify;\"><strong>(Aeronoticias).<\/strong>&#8211;\u00a0<span style=\"color: #454545; font-family: Helvetica; font-size: 12px;\">Un avi\u00f3n Boeing 787 de la aerol\u00ednea australiana <\/span><strong style=\"color: #454545; font-family: Helvetica; font-size: 12px;\">Jetstar<\/strong><span style=\"color: #454545; font-family: Helvetica; font-size: 12px;\"> registr\u00f3 una disfunci\u00f3n en sus dos reactores que podr\u00eda haber desembocado en \u201caccidente grave\u201d al aterrizar la semana pasada en un aeropuerto de Jap\u00f3n, inform\u00f3 el Gobierno nip\u00f3n.<\/span><\/p>\n<p class=\"p2\" style=\"text-align: justify;\">El suceso, que no dej\u00f3 ning\u00fan herido ni da\u00f1o material, tuvo lugar en medio de la crisis que afecta a Boeing a ra\u00edz de los accidentes causados por dos de sus modelos 737 Max, uno en Etiop\u00eda en marzo -en el que murieron 157 personas- y otro en Indonesia el pasado octubre, en el que fallecieron 189.<\/p>\n<p class=\"p2\" style=\"text-align: justify;\">\u00a0<\/p>\n<p class=\"p2\" style=\"text-align: justify;\">El Boeing 787 de Jetstar Airways procedente de la ciudad australiana de Cairns perdi\u00f3 s\u00fabitamente potencia en sus dos reactores cuando descend\u00eda para aterrizar en el aeropuerto internacional de Kansai (oeste de Jap\u00f3n) el pasado 29 de marzo, seg\u00fan un comunicado el ministerio de Transporte difundido hoy por medios locales.<\/p>\n<p class=\"p2\" style=\"text-align: justify;\">\u00a0<\/p>\n<p class=\"p2\" style=\"text-align: justify;\">El piloto consigui\u00f3 corregir la p\u00e9rdida de potencia y tocar tierra de forma segura sin solicitar un aterrizaje de emergencia, explic\u00f3 el ministerio en su nota, donde tambi\u00e9n afirm\u00f3 que ese fallo \u201cpodr\u00eda haber causado un accidente grave\u201d.<\/p>\n<p class=\"p2\" style=\"text-align: justify;\">\u00a0<\/p>\n<p class=\"p2\" style=\"text-align: justify;\">Las autoridades niponas est\u00e1n inspeccionando el avi\u00f3n para tratar de hallar el origen del fallo en los motores, al que tambi\u00e9n se sumaron disfunciones en los instrumentos de medici\u00f3n.<\/p>\n<p class=\"p2\" style=\"text-align: justify;\">\u00a0<\/p>\n<p class=\"p2\" style=\"text-align: justify;\">A ra\u00edz de los antes citados accidentes a\u00e9reos, la Uni\u00f3n Europea, Estados Unidos y otros pa\u00edses han suspendido vuelos de aviones Boeing 737 Max y cancelado sus pedidos de estos y otros modelos de la firma estadounidense, el mayor fabricante aeron\u00e1utico mundial. Aunque no se conocen todav\u00eda las causas de los siniestros, las investigaciones apuntan a que podr\u00edan deberse a fallos en un software dise\u00f1ado para mejorar la seguridad en la fase de ascenso de los aparatos o en los sensores que activan ese mecanismo.<\/p>\n<p class=\"p2\" style=\"text-align: justify;\">\u00a0<\/p>\n<p class=\"p2\" style=\"text-align: justify;\">Fuente: <span style=\"text-decoration: underline;\"><em><strong>EFE<\/strong><\/em><\/span>.<\/p>\n<p class=\"p2\" style=\"text-align: justify;\">\u00a0<\/p>\n<p class=\"p2\" style=\"text-align: justify;\"><img decoding=\"async\" src=\"images\/stories\/boeing-787-dreamliner-sideview.jpg\" border=\"0\" \/><\/p>\n<p> p.p1 {margin: 0.0px 0.0px 0.0px 0.0px; font: 12.0px Helvetica; color: #454545; min-height: 14.0px} p.p2 {margin: 0.0px 0.0px 0.0px 0.0px; font: 12.0px Helvetica; color: #454545}<\/p>\n","protected":false},"excerpt":{"rendered":"<p>(Aeronoticias).&#8211;\u00a0Un avi\u00f3n Boeing 787 de la aerol\u00ednea australiana Jetstar registr\u00f3 una disfunci\u00f3n en sus dos reactores que podr\u00eda haber desembocado en \u201caccidente grave\u201d al aterrizar la semana pasada en un aeropuerto de Jap\u00f3n, inform\u00f3 el Gobierno nip\u00f3n. El suceso, que no dej\u00f3 ning\u00fan herido ni da\u00f1o material, tuvo lugar en medio de la crisis que [&hellip;]<\/p>\n","protected":false},"author":1,"featured_media":0,"comment_status":"open","ping_status":"open","sticky":false,"template":"","format":"standard","meta":{"tdm_status":"","tdm_grid_status":"","footnotes":""},"categories":[34],"tags":[],"class_list":{"0":"post-58291","1":"post","2":"type-post","3":"status-publish","4":"format-standard","6":"category-internacionales"},"yoast_head":"<!-- This site is optimized with the Yoast SEO plugin v25.1 - https:\/\/yoast.com\/wordpress\/plugins\/seo\/ -->\n<title>Jap\u00f3n: Boeing 787 sufre un fallo grave en sus dos motores al aterrizar<\/title>\n<meta name=\"description\" content=\"Portal de noticias del Per\u00fa sobre el transporte a\u00e9reo, aviaci\u00f3n, turismo, hoteleria, actualidad.\" \/>\n<meta name=\"robots\" content=\"index, follow, max-snippet:-1, max-image-preview:large, max-video-preview:-1\" \/>\n<link rel=\"canonical\" href=\"https:\/\/aeronoticias.com.pe\/noticiero\/internacionales\/japon-boeing-787-sufre-un-fallo-grave-en-sus-dos-motores-al-aterrizar\/\" \/>\n<meta property=\"og:locale\" content=\"es_ES\" \/>\n<meta property=\"og:type\" content=\"article\" \/>\n<meta property=\"og:title\" content=\"Jap\u00f3n: Boeing 787 sufre un fallo grave en sus dos motores al aterrizar\" \/>\n<meta property=\"og:description\" content=\"Portal de noticias del Per\u00fa sobre el transporte a\u00e9reo, aviaci\u00f3n, turismo, hoteleria, actualidad.\" \/>\n<meta property=\"og:url\" content=\"https:\/\/aeronoticias.com.pe\/noticiero\/internacionales\/japon-boeing-787-sufre-un-fallo-grave-en-sus-dos-motores-al-aterrizar\/\" \/>\n<meta property=\"og:site_name\" content=\"Aeronoticias.com.pe\" \/>\n<meta property=\"article:publisher\" content=\"https:\/\/www.facebook.com\/Aeronoticias.com.pe\/\" \/>\n<meta property=\"article:published_time\" content=\"2019-04-04T15:06:16+00:00\" \/>\n<meta name=\"author\" content=\"Redacci\u00f3n Aeronoticias\" \/>\n<meta name=\"twitter:card\" content=\"summary_large_image\" \/>\n<meta name=\"twitter:creator\" content=\"@aeronoticias\" \/>\n<meta name=\"twitter:site\" content=\"@aeronoticias\" \/>\n<meta name=\"twitter:label1\" content=\"Escrito por\" \/>\n\t<meta name=\"twitter:data1\" content=\"Redacci\u00f3n Aeronoticias\" \/>\n\t<meta name=\"twitter:label2\" content=\"Tiempo de lectura\" \/>\n\t<meta name=\"twitter:data2\" content=\"2 minutos\" \/>\n<script type=\"application\/ld+json\" class=\"yoast-schema-graph\">{\"@context\":\"https:\/\/schema.org\",\"@graph\":[{\"@type\":\"WebPage\",\"@id\":\"https:\/\/aeronoticias.com.pe\/noticiero\/internacionales\/japon-boeing-787-sufre-un-fallo-grave-en-sus-dos-motores-al-aterrizar\/\",\"url\":\"https:\/\/aeronoticias.com.pe\/noticiero\/internacionales\/japon-boeing-787-sufre-un-fallo-grave-en-sus-dos-motores-al-aterrizar\/\",\"name\":\"Jap\u00f3n: Boeing 787 sufre un fallo grave en sus dos motores al aterrizar\",\"isPartOf\":{\"@id\":\"https:\/\/aeronoticias.com.pe\/noticiero\/#website\"},\"datePublished\":\"2019-04-04T15:06:16+00:00\",\"author\":{\"@id\":\"https:\/\/aeronoticias.com.pe\/noticiero\/#\/schema\/person\/fc1e5d578f4b62ba1cf7ac2bba1170a0\"},\"description\":\"Portal de noticias del Per\u00fa sobre el transporte a\u00e9reo, aviaci\u00f3n, turismo, hoteleria, actualidad.\",\"breadcrumb\":{\"@id\":\"https:\/\/aeronoticias.com.pe\/noticiero\/internacionales\/japon-boeing-787-sufre-un-fallo-grave-en-sus-dos-motores-al-aterrizar\/#breadcrumb\"},\"inLanguage\":\"es\",\"potentialAction\":[{\"@type\":\"ReadAction\",\"target\":[\"https:\/\/aeronoticias.com.pe\/noticiero\/internacionales\/japon-boeing-787-sufre-un-fallo-grave-en-sus-dos-motores-al-aterrizar\/\"]}]},{\"@type\":\"BreadcrumbList\",\"@id\":\"https:\/\/aeronoticias.com.pe\/noticiero\/internacionales\/japon-boeing-787-sufre-un-fallo-grave-en-sus-dos-motores-al-aterrizar\/#breadcrumb\",\"itemListElement\":[{\"@type\":\"ListItem\",\"position\":1,\"name\":\"Portada\",\"item\":\"https:\/\/aeronoticias.com.pe\/noticiero\/\"},{\"@type\":\"ListItem\",\"position\":2,\"name\":\"Jap\u00f3n: Boeing 787 sufre un fallo grave en sus dos motores al aterrizar\"}]},{\"@type\":\"WebSite\",\"@id\":\"https:\/\/aeronoticias.com.pe\/noticiero\/#website\",\"url\":\"https:\/\/aeronoticias.com.pe\/noticiero\/\",\"name\":\"Aeronoticias.com.pe\",\"description\":\"Noticias de tranporte aereo, turismo, hoteles, gastronomia, actualidad, internacional\",\"potentialAction\":[{\"@type\":\"SearchAction\",\"target\":{\"@type\":\"EntryPoint\",\"urlTemplate\":\"https:\/\/aeronoticias.com.pe\/noticiero\/?s={search_term_string}\"},\"query-input\":{\"@type\":\"PropertyValueSpecification\",\"valueRequired\":true,\"valueName\":\"search_term_string\"}}],\"inLanguage\":\"es\"},{\"@type\":\"Person\",\"@id\":\"https:\/\/aeronoticias.com.pe\/noticiero\/#\/schema\/person\/fc1e5d578f4b62ba1cf7ac2bba1170a0\",\"name\":\"Redacci\u00f3n Aeronoticias\",\"url\":\"https:\/\/aeronoticias.com.pe\/noticiero\/author\/piloto\/\"}]}<\/script>\n<!-- \/ Yoast SEO plugin. -->","yoast_head_json":{"title":"Jap\u00f3n: Boeing 787 sufre un fallo grave en sus dos motores al aterrizar","description":"Portal de noticias del Per\u00fa sobre el transporte a\u00e9reo, aviaci\u00f3n, turismo, hoteleria, actualidad.","robots":{"index":"index","follow":"follow","max-snippet":"max-snippet:-1","max-image-preview":"max-image-preview:large","max-video-preview":"max-video-preview:-1"},"canonical":"https:\/\/aeronoticias.com.pe\/noticiero\/internacionales\/japon-boeing-787-sufre-un-fallo-grave-en-sus-dos-motores-al-aterrizar\/","og_locale":"es_ES","og_type":"article","og_title":"Jap\u00f3n: Boeing 787 sufre un fallo grave en sus dos motores al aterrizar","og_description":"Portal de noticias del Per\u00fa sobre el transporte a\u00e9reo, aviaci\u00f3n, turismo, hoteleria, actualidad.","og_url":"https:\/\/aeronoticias.com.pe\/noticiero\/internacionales\/japon-boeing-787-sufre-un-fallo-grave-en-sus-dos-motores-al-aterrizar\/","og_site_name":"Aeronoticias.com.pe","article_publisher":"https:\/\/www.facebook.com\/Aeronoticias.com.pe\/","article_published_time":"2019-04-04T15:06:16+00:00","author":"Redacci\u00f3n Aeronoticias","twitter_card":"summary_large_image","twitter_creator":"@aeronoticias","twitter_site":"@aeronoticias","twitter_misc":{"Escrito por":"Redacci\u00f3n Aeronoticias","Tiempo de lectura":"2 minutos"},"schema":{"@context":"https:\/\/schema.org","@graph":[{"@type":"WebPage","@id":"https:\/\/aeronoticias.com.pe\/noticiero\/internacionales\/japon-boeing-787-sufre-un-fallo-grave-en-sus-dos-motores-al-aterrizar\/","url":"https:\/\/aeronoticias.com.pe\/noticiero\/internacionales\/japon-boeing-787-sufre-un-fallo-grave-en-sus-dos-motores-al-aterrizar\/","name":"Jap\u00f3n: Boeing 787 sufre un fallo grave en sus dos motores al aterrizar","isPartOf":{"@id":"https:\/\/aeronoticias.com.pe\/noticiero\/#website"},"datePublished":"2019-04-04T15:06:16+00:00","author":{"@id":"https:\/\/aeronoticias.com.pe\/noticiero\/#\/schema\/person\/fc1e5d578f4b62ba1cf7ac2bba1170a0"},"description":"Portal de noticias del Per\u00fa sobre el transporte a\u00e9reo, aviaci\u00f3n, turismo, hoteleria, actualidad.","breadcrumb":{"@id":"https:\/\/aeronoticias.com.pe\/noticiero\/internacionales\/japon-boeing-787-sufre-un-fallo-grave-en-sus-dos-motores-al-aterrizar\/#breadcrumb"},"inLanguage":"es","potentialAction":[{"@type":"ReadAction","target":["https:\/\/aeronoticias.com.pe\/noticiero\/internacionales\/japon-boeing-787-sufre-un-fallo-grave-en-sus-dos-motores-al-aterrizar\/"]}]},{"@type":"BreadcrumbList","@id":"https:\/\/aeronoticias.com.pe\/noticiero\/internacionales\/japon-boeing-787-sufre-un-fallo-grave-en-sus-dos-motores-al-aterrizar\/#breadcrumb","itemListElement":[{"@type":"ListItem","position":1,"name":"Portada","item":"https:\/\/aeronoticias.com.pe\/noticiero\/"},{"@type":"ListItem","position":2,"name":"Jap\u00f3n: Boeing 787 sufre un fallo grave en sus dos motores al aterrizar"}]},{"@type":"WebSite","@id":"https:\/\/aeronoticias.com.pe\/noticiero\/#website","url":"https:\/\/aeronoticias.com.pe\/noticiero\/","name":"Aeronoticias.com.pe","description":"Noticias de tranporte aereo, turismo, hoteles, gastronomia, actualidad, internacional","potentialAction":[{"@type":"SearchAction","target":{"@type":"EntryPoint","urlTemplate":"https:\/\/aeronoticias.com.pe\/noticiero\/?s={search_term_string}"},"query-input":{"@type":"PropertyValueSpecification","valueRequired":true,"valueName":"search_term_string"}}],"inLanguage":"es"},{"@type":"Person","@id":"https:\/\/aeronoticias.com.pe\/noticiero\/#\/schema\/person\/fc1e5d578f4b62ba1cf7ac2bba1170a0","name":"Redacci\u00f3n Aeronoticias","url":"https:\/\/aeronoticias.com.pe\/noticiero\/author\/piloto\/"}]}},"_links":{"self":[{"href":"https:\/\/aeronoticias.com.pe\/noticiero\/wp-json\/wp\/v2\/posts\/58291","targetHints":{"allow":["GET"]}}],"collection":[{"href":"https:\/\/aeronoticias.com.pe\/noticiero\/wp-json\/wp\/v2\/posts"}],"about":[{"href":"https:\/\/aeronoticias.com.pe\/noticiero\/wp-json\/wp\/v2\/types\/post"}],"author":[{"embeddable":true,"href":"https:\/\/aeronoticias.com.pe\/noticiero\/wp-json\/wp\/v2\/users\/1"}],"replies":[{"embeddable":true,"href":"https:\/\/aeronoticias.com.pe\/noticiero\/wp-json\/wp\/v2\/comments?post=58291"}],"version-history":[{"count":0,"href":"https:\/\/aeronoticias.com.pe\/noticiero\/wp-json\/wp\/v2\/posts\/58291\/revisions"}],"wp:attachment":[{"href":"https:\/\/aeronoticias.com.pe\/noticiero\/wp-json\/wp\/v2\/media?parent=58291"}],"wp:term":[{"taxonomy":"category","embeddable":true,"href":"https:\/\/aeronoticias.com.pe\/noticiero\/wp-json\/wp\/v2\/categories?post=58291"},{"taxonomy":"post_tag","embeddable":true,"href":"https:\/\/aeronoticias.com.pe\/noticiero\/wp-json\/wp\/v2\/tags?post=58291"}],"curies":[{"name":"wp","href":"https:\/\/api.w.org\/{rel}","templated":true}]}}