{"id":58293,"date":"2019-04-04T16:20:20","date_gmt":"2019-04-04T16:20:20","guid":{"rendered":"http:\/\/desarrollo.mcvicious.com\/aero2020\/2019\/04\/04\/ite-imaginas-ser-el-unico-pasajero-en-un-vuelo-comercial-a-italia\/"},"modified":"2020-11-26T11:17:28","modified_gmt":"2020-11-26T16:17:28","slug":"ite-imaginas-ser-el-unico-pasajero-en-un-vuelo-comercial-a-italia","status":"publish","type":"post","link":"https:\/\/aeronoticias.com.pe\/noticiero\/transporte-aereo\/internacional\/ite-imaginas-ser-el-unico-pasajero-en-un-vuelo-comercial-a-italia\/","title":{"rendered":"\u00bfTe imaginas ser el \u00fanico pasajero en un vuelo comercial a Italia?"},"content":{"rendered":"\n<p>Skirmantas Strimaitis vivi\u00f3 una experiencia \u00fanica al ser el \u00fanico pasajero a bordo de un vuelo entre las ciudades de Vilna (Lituania) y B\u00e9rgamo (Italia). Tuvo un B737-800 para \u00e9l solo el pasado 16 de marzo.<\/p>\n\n\n\n<p class=\"p1\">Para el ciudadano lituano,&nbsp;<strong>sus \u00fanicos compa\u00f1eros fueron dos pilotos y cinco miembros de la tripulaci\u00f3n, en una aeronave que cuenta con capacidad para 189 personas<\/strong>. El vuelo tuvo una duraci\u00f3n aproximada de dos horas.<\/p>\n\n\n\n<p class=\"p1\">El operador de la aeronave, Novaturas, inform\u00f3 que ese d\u00eda ten\u00edan un vuelo ch\u00e1rter que despegar\u00eda desde B\u00e9rgamo con direcci\u00f3n a la capital lituana. Por lo tanto, para evitar que el avi\u00f3n volara sin pasajeros en el primer trayecto, pusieron a la venta los boletos de ida.&nbsp;<strong>Desafortunadamente para la aerol\u00ednea -y afortunadamente para Strimaitis- s\u00f3lo \u00e9l adquiri\u00f3 un pase.<\/strong><\/p>\n\n\n\n<p class=\"p1\">\u201cRecib\u00ed una demostraci\u00f3n personal de seguridad antes del vuelo, luego&nbsp;<strong>disfrut\u00e9 del mismo tomando selfies y escribiendo.<\/strong> Tener silencio en un avi\u00f3n era muy inusual, estuve sonriendo todo el d\u00eda\u201d, dijo Strimaitis. Adem\u00e1s,<strong> la tripulaci\u00f3n se dirigi\u00f3 a \u00e9l como \u201cMr. Passenger\u201d (Se\u00f1or Pasajero).<\/strong><\/p>\n\n\n\n<p class=\"p1\">\u00abEl equipo dijo lo bueno que era tenerme a bordo,&nbsp;<strong>estoy seguro de que fue un trabajo f\u00e1cil para ellos<\/strong> y quiz\u00e1 tambi\u00e9n una nueva experiencia\u00bb, a\u00f1adi\u00f3.<\/p>\n\n\n\n<p class=\"p1\"><strong>Este no fue el primer caso en el que un pasajero obtiene inadvertidamente la experiencia de un avi\u00f3n privado. <\/strong><\/p>\n\n\n\n<p class=\"p1\">La autora escocesa Karon Grieve fue la \u00fanica a bordo en el vuelo de Jet2 Airlines desde Glasgow a Creta en 2017, mientras que el a\u00f1o pasado Beth VerSteeg vol\u00f3 desde Nueva York a Washington despu\u00e9s de que una aerol\u00ednea la registrara err\u00f3neamente en un vuelo que estaba destinado \u00fanicamente para su personal.<\/p>\n\n\n\n<p class=\"p1\">Fuente: <span style=\"text-decoration: underline;\"><em><strong>A21<\/strong><\/em><\/span>.<\/p>\n","protected":false},"excerpt":{"rendered":"<p>Skirmantas Strimaitis vivi\u00f3 una experiencia \u00fanica al ser el \u00fanico pasajero a bordo de un vuelo entre las ciudades de Vilna (Lituania) y B\u00e9rgamo (Italia). Tuvo un B737-800 para \u00e9l solo el pasado 16 de marzo. Para el ciudadano lituano,&nbsp;sus \u00fanicos compa\u00f1eros fueron dos pilotos y cinco miembros de la tripulaci\u00f3n, en una aeronave que [&hellip;]<\/p>\n","protected":false},"author":1,"featured_media":66979,"comment_status":"open","ping_status":"open","sticky":false,"template":"","format":"standard","meta":{"tdm_status":"","tdm_grid_status":"","footnotes":""},"categories":[32,11],"tags":[1071,206,1072],"class_list":{"0":"post-58293","1":"post","2":"type-post","3":"status-publish","4":"format-standard","5":"has-post-thumbnail","7":"category-internacional","8":"category-transporte-aereo","9":"tag-b737-800","10":"tag-italia","11":"tag-vuelo-comercial"},"yoast_head":"<!-- This site is optimized with the Yoast SEO plugin v25.1 - https:\/\/yoast.com\/wordpress\/plugins\/seo\/ -->\n<title>\u00bfTe imaginas ser el \u00fanico pasajero en un vuelo comercial a Italia?<\/title>\n<meta name=\"description\" content=\"Skirmantas Strimaitis vivi\u00f3 una experiencia \u00fanica al ser el \u00fanico pasajero a bordo de un vuelo entre las ciudades de Vilna (Lituania) y B\u00e9rgamo (Italia). Tuvo un B737-800 para \u00e9l solo el pasado 16 de marzo.\" \/>\n<meta name=\"robots\" content=\"index, follow, max-snippet:-1, max-image-preview:large, max-video-preview:-1\" \/>\n<link rel=\"canonical\" href=\"https:\/\/aeronoticias.com.pe\/noticiero\/transporte-aereo\/internacional\/ite-imaginas-ser-el-unico-pasajero-en-un-vuelo-comercial-a-italia\/\" \/>\n<meta property=\"og:locale\" content=\"es_ES\" \/>\n<meta property=\"og:type\" content=\"article\" \/>\n<meta property=\"og:title\" content=\"\u00bfTe imaginas ser el \u00fanico pasajero en un vuelo comercial a Italia?\" \/>\n<meta property=\"og:description\" content=\"Skirmantas Strimaitis vivi\u00f3 una experiencia \u00fanica al ser el \u00fanico pasajero a bordo de un vuelo entre las ciudades de Vilna (Lituania) y B\u00e9rgamo (Italia). Tuvo un B737-800 para \u00e9l solo el pasado 16 de marzo.\" \/>\n<meta property=\"og:url\" content=\"https:\/\/aeronoticias.com.pe\/noticiero\/transporte-aereo\/internacional\/ite-imaginas-ser-el-unico-pasajero-en-un-vuelo-comercial-a-italia\/\" \/>\n<meta property=\"og:site_name\" content=\"Aeronoticias.com.pe\" \/>\n<meta property=\"article:publisher\" content=\"https:\/\/www.facebook.com\/Aeronoticias.com.pe\/\" \/>\n<meta property=\"article:published_time\" content=\"2019-04-04T16:20:20+00:00\" \/>\n<meta property=\"article:modified_time\" content=\"2020-11-26T16:17:28+00:00\" \/>\n<meta property=\"og:image\" content=\"https:\/\/aeronoticias.com.pe\/noticiero\/wp-content\/uploads\/2019\/04\/\u00fanico-pasajero-en-un-vuelo-comercial-a-Italia.jpg\" \/>\n\t<meta property=\"og:image:width\" content=\"980\" \/>\n\t<meta property=\"og:image:height\" content=\"528\" \/>\n\t<meta property=\"og:image:type\" content=\"image\/jpeg\" \/>\n<meta name=\"author\" content=\"Redacci\u00f3n Aeronoticias\" \/>\n<meta name=\"twitter:card\" content=\"summary_large_image\" \/>\n<meta name=\"twitter:creator\" content=\"@aeronoticias\" \/>\n<meta name=\"twitter:site\" content=\"@aeronoticias\" \/>\n<meta name=\"twitter:label1\" content=\"Escrito por\" \/>\n\t<meta name=\"twitter:data1\" content=\"Redacci\u00f3n Aeronoticias\" \/>\n\t<meta name=\"twitter:label2\" content=\"Tiempo de lectura\" \/>\n\t<meta name=\"twitter:data2\" content=\"2 minutos\" \/>\n<script type=\"application\/ld+json\" class=\"yoast-schema-graph\">{\"@context\":\"https:\/\/schema.org\",\"@graph\":[{\"@type\":\"WebPage\",\"@id\":\"https:\/\/aeronoticias.com.pe\/noticiero\/transporte-aereo\/internacional\/ite-imaginas-ser-el-unico-pasajero-en-un-vuelo-comercial-a-italia\/\",\"url\":\"https:\/\/aeronoticias.com.pe\/noticiero\/transporte-aereo\/internacional\/ite-imaginas-ser-el-unico-pasajero-en-un-vuelo-comercial-a-italia\/\",\"name\":\"\u00bfTe imaginas ser el \u00fanico pasajero en un vuelo comercial a Italia?\",\"isPartOf\":{\"@id\":\"https:\/\/aeronoticias.com.pe\/noticiero\/#website\"},\"primaryImageOfPage\":{\"@id\":\"https:\/\/aeronoticias.com.pe\/noticiero\/transporte-aereo\/internacional\/ite-imaginas-ser-el-unico-pasajero-en-un-vuelo-comercial-a-italia\/#primaryimage\"},\"image\":{\"@id\":\"https:\/\/aeronoticias.com.pe\/noticiero\/transporte-aereo\/internacional\/ite-imaginas-ser-el-unico-pasajero-en-un-vuelo-comercial-a-italia\/#primaryimage\"},\"thumbnailUrl\":\"https:\/\/aeronoticias.com.pe\/noticiero\/wp-content\/uploads\/2019\/04\/\u00fanico-pasajero-en-un-vuelo-comercial-a-Italia.jpg\",\"datePublished\":\"2019-04-04T16:20:20+00:00\",\"dateModified\":\"2020-11-26T16:17:28+00:00\",\"author\":{\"@id\":\"https:\/\/aeronoticias.com.pe\/noticiero\/#\/schema\/person\/fc1e5d578f4b62ba1cf7ac2bba1170a0\"},\"description\":\"Skirmantas Strimaitis vivi\u00f3 una experiencia \u00fanica al ser el \u00fanico pasajero a bordo de un vuelo entre las ciudades de Vilna (Lituania) y B\u00e9rgamo (Italia). Tuvo un B737-800 para \u00e9l solo el pasado 16 de marzo.\",\"breadcrumb\":{\"@id\":\"https:\/\/aeronoticias.com.pe\/noticiero\/transporte-aereo\/internacional\/ite-imaginas-ser-el-unico-pasajero-en-un-vuelo-comercial-a-italia\/#breadcrumb\"},\"inLanguage\":\"es\",\"potentialAction\":[{\"@type\":\"ReadAction\",\"target\":[\"https:\/\/aeronoticias.com.pe\/noticiero\/transporte-aereo\/internacional\/ite-imaginas-ser-el-unico-pasajero-en-un-vuelo-comercial-a-italia\/\"]}]},{\"@type\":\"ImageObject\",\"inLanguage\":\"es\",\"@id\":\"https:\/\/aeronoticias.com.pe\/noticiero\/transporte-aereo\/internacional\/ite-imaginas-ser-el-unico-pasajero-en-un-vuelo-comercial-a-italia\/#primaryimage\",\"url\":\"https:\/\/aeronoticias.com.pe\/noticiero\/wp-content\/uploads\/2019\/04\/\u00fanico-pasajero-en-un-vuelo-comercial-a-Italia.jpg\",\"contentUrl\":\"https:\/\/aeronoticias.com.pe\/noticiero\/wp-content\/uploads\/2019\/04\/\u00fanico-pasajero-en-un-vuelo-comercial-a-Italia.jpg\",\"width\":980,\"height\":528},{\"@type\":\"BreadcrumbList\",\"@id\":\"https:\/\/aeronoticias.com.pe\/noticiero\/transporte-aereo\/internacional\/ite-imaginas-ser-el-unico-pasajero-en-un-vuelo-comercial-a-italia\/#breadcrumb\",\"itemListElement\":[{\"@type\":\"ListItem\",\"position\":1,\"name\":\"Portada\",\"item\":\"https:\/\/aeronoticias.com.pe\/noticiero\/\"},{\"@type\":\"ListItem\",\"position\":2,\"name\":\"\u00bfTe imaginas ser el \u00fanico pasajero en un vuelo comercial a Italia?\"}]},{\"@type\":\"WebSite\",\"@id\":\"https:\/\/aeronoticias.com.pe\/noticiero\/#website\",\"url\":\"https:\/\/aeronoticias.com.pe\/noticiero\/\",\"name\":\"Aeronoticias.com.pe\",\"description\":\"Noticias de tranporte aereo, turismo, hoteles, gastronomia, actualidad, internacional\",\"potentialAction\":[{\"@type\":\"SearchAction\",\"target\":{\"@type\":\"EntryPoint\",\"urlTemplate\":\"https:\/\/aeronoticias.com.pe\/noticiero\/?s={search_term_string}\"},\"query-input\":{\"@type\":\"PropertyValueSpecification\",\"valueRequired\":true,\"valueName\":\"search_term_string\"}}],\"inLanguage\":\"es\"},{\"@type\":\"Person\",\"@id\":\"https:\/\/aeronoticias.com.pe\/noticiero\/#\/schema\/person\/fc1e5d578f4b62ba1cf7ac2bba1170a0\",\"name\":\"Redacci\u00f3n Aeronoticias\",\"url\":\"https:\/\/aeronoticias.com.pe\/noticiero\/author\/piloto\/\"}]}<\/script>\n<!-- \/ Yoast SEO plugin. -->","yoast_head_json":{"title":"\u00bfTe imaginas ser el \u00fanico pasajero en un vuelo comercial a Italia?","description":"Skirmantas Strimaitis vivi\u00f3 una experiencia \u00fanica al ser el \u00fanico pasajero a bordo de un vuelo entre las ciudades de Vilna (Lituania) y B\u00e9rgamo (Italia). Tuvo un B737-800 para \u00e9l solo el pasado 16 de marzo.","robots":{"index":"index","follow":"follow","max-snippet":"max-snippet:-1","max-image-preview":"max-image-preview:large","max-video-preview":"max-video-preview:-1"},"canonical":"https:\/\/aeronoticias.com.pe\/noticiero\/transporte-aereo\/internacional\/ite-imaginas-ser-el-unico-pasajero-en-un-vuelo-comercial-a-italia\/","og_locale":"es_ES","og_type":"article","og_title":"\u00bfTe imaginas ser el \u00fanico pasajero en un vuelo comercial a Italia?","og_description":"Skirmantas Strimaitis vivi\u00f3 una experiencia \u00fanica al ser el \u00fanico pasajero a bordo de un vuelo entre las ciudades de Vilna (Lituania) y B\u00e9rgamo (Italia). Tuvo un B737-800 para \u00e9l solo el pasado 16 de marzo.","og_url":"https:\/\/aeronoticias.com.pe\/noticiero\/transporte-aereo\/internacional\/ite-imaginas-ser-el-unico-pasajero-en-un-vuelo-comercial-a-italia\/","og_site_name":"Aeronoticias.com.pe","article_publisher":"https:\/\/www.facebook.com\/Aeronoticias.com.pe\/","article_published_time":"2019-04-04T16:20:20+00:00","article_modified_time":"2020-11-26T16:17:28+00:00","og_image":[{"width":980,"height":528,"url":"https:\/\/aeronoticias.com.pe\/noticiero\/wp-content\/uploads\/2019\/04\/\u00fanico-pasajero-en-un-vuelo-comercial-a-Italia.jpg","type":"image\/jpeg"}],"author":"Redacci\u00f3n Aeronoticias","twitter_card":"summary_large_image","twitter_creator":"@aeronoticias","twitter_site":"@aeronoticias","twitter_misc":{"Escrito por":"Redacci\u00f3n Aeronoticias","Tiempo de lectura":"2 minutos"},"schema":{"@context":"https:\/\/schema.org","@graph":[{"@type":"WebPage","@id":"https:\/\/aeronoticias.com.pe\/noticiero\/transporte-aereo\/internacional\/ite-imaginas-ser-el-unico-pasajero-en-un-vuelo-comercial-a-italia\/","url":"https:\/\/aeronoticias.com.pe\/noticiero\/transporte-aereo\/internacional\/ite-imaginas-ser-el-unico-pasajero-en-un-vuelo-comercial-a-italia\/","name":"\u00bfTe imaginas ser el \u00fanico pasajero en un vuelo comercial a Italia?","isPartOf":{"@id":"https:\/\/aeronoticias.com.pe\/noticiero\/#website"},"primaryImageOfPage":{"@id":"https:\/\/aeronoticias.com.pe\/noticiero\/transporte-aereo\/internacional\/ite-imaginas-ser-el-unico-pasajero-en-un-vuelo-comercial-a-italia\/#primaryimage"},"image":{"@id":"https:\/\/aeronoticias.com.pe\/noticiero\/transporte-aereo\/internacional\/ite-imaginas-ser-el-unico-pasajero-en-un-vuelo-comercial-a-italia\/#primaryimage"},"thumbnailUrl":"https:\/\/aeronoticias.com.pe\/noticiero\/wp-content\/uploads\/2019\/04\/\u00fanico-pasajero-en-un-vuelo-comercial-a-Italia.jpg","datePublished":"2019-04-04T16:20:20+00:00","dateModified":"2020-11-26T16:17:28+00:00","author":{"@id":"https:\/\/aeronoticias.com.pe\/noticiero\/#\/schema\/person\/fc1e5d578f4b62ba1cf7ac2bba1170a0"},"description":"Skirmantas Strimaitis vivi\u00f3 una experiencia \u00fanica al ser el \u00fanico pasajero a bordo de un vuelo entre las ciudades de Vilna (Lituania) y B\u00e9rgamo (Italia). Tuvo un B737-800 para \u00e9l solo el pasado 16 de marzo.","breadcrumb":{"@id":"https:\/\/aeronoticias.com.pe\/noticiero\/transporte-aereo\/internacional\/ite-imaginas-ser-el-unico-pasajero-en-un-vuelo-comercial-a-italia\/#breadcrumb"},"inLanguage":"es","potentialAction":[{"@type":"ReadAction","target":["https:\/\/aeronoticias.com.pe\/noticiero\/transporte-aereo\/internacional\/ite-imaginas-ser-el-unico-pasajero-en-un-vuelo-comercial-a-italia\/"]}]},{"@type":"ImageObject","inLanguage":"es","@id":"https:\/\/aeronoticias.com.pe\/noticiero\/transporte-aereo\/internacional\/ite-imaginas-ser-el-unico-pasajero-en-un-vuelo-comercial-a-italia\/#primaryimage","url":"https:\/\/aeronoticias.com.pe\/noticiero\/wp-content\/uploads\/2019\/04\/\u00fanico-pasajero-en-un-vuelo-comercial-a-Italia.jpg","contentUrl":"https:\/\/aeronoticias.com.pe\/noticiero\/wp-content\/uploads\/2019\/04\/\u00fanico-pasajero-en-un-vuelo-comercial-a-Italia.jpg","width":980,"height":528},{"@type":"BreadcrumbList","@id":"https:\/\/aeronoticias.com.pe\/noticiero\/transporte-aereo\/internacional\/ite-imaginas-ser-el-unico-pasajero-en-un-vuelo-comercial-a-italia\/#breadcrumb","itemListElement":[{"@type":"ListItem","position":1,"name":"Portada","item":"https:\/\/aeronoticias.com.pe\/noticiero\/"},{"@type":"ListItem","position":2,"name":"\u00bfTe imaginas ser el \u00fanico pasajero en un vuelo comercial a Italia?"}]},{"@type":"WebSite","@id":"https:\/\/aeronoticias.com.pe\/noticiero\/#website","url":"https:\/\/aeronoticias.com.pe\/noticiero\/","name":"Aeronoticias.com.pe","description":"Noticias de tranporte aereo, turismo, hoteles, gastronomia, actualidad, internacional","potentialAction":[{"@type":"SearchAction","target":{"@type":"EntryPoint","urlTemplate":"https:\/\/aeronoticias.com.pe\/noticiero\/?s={search_term_string}"},"query-input":{"@type":"PropertyValueSpecification","valueRequired":true,"valueName":"search_term_string"}}],"inLanguage":"es"},{"@type":"Person","@id":"https:\/\/aeronoticias.com.pe\/noticiero\/#\/schema\/person\/fc1e5d578f4b62ba1cf7ac2bba1170a0","name":"Redacci\u00f3n Aeronoticias","url":"https:\/\/aeronoticias.com.pe\/noticiero\/author\/piloto\/"}]}},"_links":{"self":[{"href":"https:\/\/aeronoticias.com.pe\/noticiero\/wp-json\/wp\/v2\/posts\/58293","targetHints":{"allow":["GET"]}}],"collection":[{"href":"https:\/\/aeronoticias.com.pe\/noticiero\/wp-json\/wp\/v2\/posts"}],"about":[{"href":"https:\/\/aeronoticias.com.pe\/noticiero\/wp-json\/wp\/v2\/types\/post"}],"author":[{"embeddable":true,"href":"https:\/\/aeronoticias.com.pe\/noticiero\/wp-json\/wp\/v2\/users\/1"}],"replies":[{"embeddable":true,"href":"https:\/\/aeronoticias.com.pe\/noticiero\/wp-json\/wp\/v2\/comments?post=58293"}],"version-history":[{"count":0,"href":"https:\/\/aeronoticias.com.pe\/noticiero\/wp-json\/wp\/v2\/posts\/58293\/revisions"}],"wp:featuredmedia":[{"embeddable":true,"href":"https:\/\/aeronoticias.com.pe\/noticiero\/wp-json\/wp\/v2\/media\/66979"}],"wp:attachment":[{"href":"https:\/\/aeronoticias.com.pe\/noticiero\/wp-json\/wp\/v2\/media?parent=58293"}],"wp:term":[{"taxonomy":"category","embeddable":true,"href":"https:\/\/aeronoticias.com.pe\/noticiero\/wp-json\/wp\/v2\/categories?post=58293"},{"taxonomy":"post_tag","embeddable":true,"href":"https:\/\/aeronoticias.com.pe\/noticiero\/wp-json\/wp\/v2\/tags?post=58293"}],"curies":[{"name":"wp","href":"https:\/\/api.w.org\/{rel}","templated":true}]}}