{"id":58315,"date":"2019-04-10T18:18:53","date_gmt":"2019-04-10T18:18:53","guid":{"rendered":"http:\/\/desarrollo.mcvicious.com\/aero2020\/2019\/04\/10\/iberia-dejara-de-volar-a-johannesburgo\/"},"modified":"2020-11-26T12:32:48","modified_gmt":"2020-11-26T17:32:48","slug":"iberia-dejara-de-volar-a-johannesburgo","status":"publish","type":"post","link":"https:\/\/aeronoticias.com.pe\/noticiero\/transporte-aereo\/internacional\/iberia-dejara-de-volar-a-johannesburgo\/","title":{"rendered":"Iberia dejar\u00e1 de volar a Johannesburgo"},"content":{"rendered":"\n<p>Iberia dejar\u00e1 de volar a Johannesburgo a partir de septiembre por \u201cfalta de rentabilidad\u201d de la ruta, siendo el \u00faltimo vuelo desde Madrid a la ciudad Sudafricana el 31 de agosto y el de vuelta el 1 de septiembre, seg\u00fan han confirmado fuentes de la aerol\u00ednea a Europa Press.<\/p>\n\n\n\n<p class=\"p1\">La compa\u00f1\u00eda ha indicado que los clientes que ya hayan adquirido sus billetes para volar despu\u00e9s de esa fecha podr\u00e1n cambiar sus billetes o solicitar la devoluci\u00f3n, as\u00ed como ser acoplados en otros vuelos. No es la primera vez que Iberia toma la decisi\u00f3n de abandonar los vuelos entre Madrid en Johannesburgo, ya que estren\u00f3 la ruta en 1998, pero dej\u00f3 de hacerlo en 2013 porque tampoco resultaba rentable.<\/p>\n\n\n\n<p class=\"p1\">La ruta volvi\u00f3 a ser inaugurada en agosto de 2016, con tres vuelos a la semana. Iberia era la \u00fanica compa\u00f1\u00eda con vuelos directos entre Espa\u00f1a y Sud\u00e1frica, por lo que se pierde la conexi\u00f3n directa entre ambos pa\u00edses.<\/p>\n\n\n\n<p class=\"p1\">Por otra parte, desde Iberia han se\u00f1alado que crecer\u00e1 en otros destinos como Lima, al que volar\u00e1 diez veces a la semana en vez de una vez al d\u00eda a partir del mes de julio, o San Juan de Puerto Rico, donde d\u00f3nde extender\u00e1n sus vuelos durante todo el a\u00f1o a partir del mes de octubre.<\/p>\n\n\n\n<p class=\"p1\">Adem\u00e1s, incorporar\u00e1 m\u00e1s vuelos a destinos como Bogot\u00e1, Ciudad de M\u00e9xico o Montevideo en el largo radio o a Faro, Florencia, Hamburgo en Europa.<\/p>\n\n\n\n<p class=\"p1\">Fuente: <span style=\"text-decoration: underline;\"><em><strong>Aviaci\u00f3n al d\u00eda<\/strong><\/em><\/span>.<\/p>\n","protected":false},"excerpt":{"rendered":"<p>Iberia dejar\u00e1 de volar a Johannesburgo a partir de septiembre por \u201cfalta de rentabilidad\u201d de la ruta, siendo el \u00faltimo vuelo desde Madrid a la ciudad Sudafricana el 31 de agosto y el de vuelta el 1 de septiembre, seg\u00fan han confirmado fuentes de la aerol\u00ednea a Europa Press. La compa\u00f1\u00eda ha indicado que los [&hellip;]<\/p>\n","protected":false},"author":1,"featured_media":67000,"comment_status":"open","ping_status":"open","sticky":false,"template":"","format":"standard","meta":{"tdm_status":"","tdm_grid_status":"","footnotes":""},"categories":[32,11],"tags":[268,1059],"class_list":{"0":"post-58315","1":"post","2":"type-post","3":"status-publish","4":"format-standard","5":"has-post-thumbnail","7":"category-internacional","8":"category-transporte-aereo","9":"tag-iberia","10":"tag-johannesburgo"},"yoast_head":"<!-- This site is optimized with the Yoast SEO plugin v25.1 - https:\/\/yoast.com\/wordpress\/plugins\/seo\/ -->\n<title>Iberia dejar\u00e1 de volar a Johannesburgo<\/title>\n<meta name=\"description\" content=\"Iberia dejar\u00e1 de volar a Johannesburgo a partir de septiembre por \u201cfalta de rentabilidad\u201d de la ruta, siendo el \u00faltimo vuelo desde Madrid a la ciudad Sudafricana el 31 de agosto y el de vuelta el 1 de septiembre, seg\u00fan han confirmado fuentes de la aerol\u00ednea a Europa Press.\" \/>\n<meta name=\"robots\" content=\"index, follow, max-snippet:-1, max-image-preview:large, max-video-preview:-1\" \/>\n<link rel=\"canonical\" href=\"https:\/\/aeronoticias.com.pe\/noticiero\/transporte-aereo\/internacional\/iberia-dejara-de-volar-a-johannesburgo\/\" \/>\n<meta property=\"og:locale\" content=\"es_ES\" \/>\n<meta property=\"og:type\" content=\"article\" \/>\n<meta property=\"og:title\" content=\"Iberia dejar\u00e1 de volar a Johannesburgo\" \/>\n<meta property=\"og:description\" content=\"Iberia dejar\u00e1 de volar a Johannesburgo a partir de septiembre por \u201cfalta de rentabilidad\u201d de la ruta, siendo el \u00faltimo vuelo desde Madrid a la ciudad Sudafricana el 31 de agosto y el de vuelta el 1 de septiembre, seg\u00fan han confirmado fuentes de la aerol\u00ednea a Europa Press.\" \/>\n<meta property=\"og:url\" content=\"https:\/\/aeronoticias.com.pe\/noticiero\/transporte-aereo\/internacional\/iberia-dejara-de-volar-a-johannesburgo\/\" \/>\n<meta property=\"og:site_name\" content=\"Aeronoticias.com.pe\" \/>\n<meta property=\"article:publisher\" content=\"https:\/\/www.facebook.com\/Aeronoticias.com.pe\/\" \/>\n<meta property=\"article:published_time\" content=\"2019-04-10T18:18:53+00:00\" \/>\n<meta property=\"article:modified_time\" content=\"2020-11-26T17:32:48+00:00\" \/>\n<meta property=\"og:image\" content=\"https:\/\/aeronoticias.com.pe\/noticiero\/wp-content\/uploads\/2019\/04\/iberia-1.jpg\" \/>\n\t<meta property=\"og:image:width\" content=\"846\" \/>\n\t<meta property=\"og:image:height\" content=\"551\" \/>\n\t<meta property=\"og:image:type\" content=\"image\/jpeg\" \/>\n<meta name=\"author\" content=\"Redacci\u00f3n Aeronoticias\" \/>\n<meta name=\"twitter:card\" content=\"summary_large_image\" \/>\n<meta name=\"twitter:creator\" content=\"@aeronoticias\" \/>\n<meta name=\"twitter:site\" content=\"@aeronoticias\" \/>\n<meta name=\"twitter:label1\" content=\"Escrito por\" \/>\n\t<meta name=\"twitter:data1\" content=\"Redacci\u00f3n Aeronoticias\" \/>\n\t<meta name=\"twitter:label2\" content=\"Tiempo de lectura\" \/>\n\t<meta name=\"twitter:data2\" content=\"1 minuto\" \/>\n<script type=\"application\/ld+json\" class=\"yoast-schema-graph\">{\"@context\":\"https:\/\/schema.org\",\"@graph\":[{\"@type\":\"WebPage\",\"@id\":\"https:\/\/aeronoticias.com.pe\/noticiero\/transporte-aereo\/internacional\/iberia-dejara-de-volar-a-johannesburgo\/\",\"url\":\"https:\/\/aeronoticias.com.pe\/noticiero\/transporte-aereo\/internacional\/iberia-dejara-de-volar-a-johannesburgo\/\",\"name\":\"Iberia dejar\u00e1 de volar a Johannesburgo\",\"isPartOf\":{\"@id\":\"https:\/\/aeronoticias.com.pe\/noticiero\/#website\"},\"primaryImageOfPage\":{\"@id\":\"https:\/\/aeronoticias.com.pe\/noticiero\/transporte-aereo\/internacional\/iberia-dejara-de-volar-a-johannesburgo\/#primaryimage\"},\"image\":{\"@id\":\"https:\/\/aeronoticias.com.pe\/noticiero\/transporte-aereo\/internacional\/iberia-dejara-de-volar-a-johannesburgo\/#primaryimage\"},\"thumbnailUrl\":\"https:\/\/aeronoticias.com.pe\/noticiero\/wp-content\/uploads\/2019\/04\/iberia-1.jpg\",\"datePublished\":\"2019-04-10T18:18:53+00:00\",\"dateModified\":\"2020-11-26T17:32:48+00:00\",\"author\":{\"@id\":\"https:\/\/aeronoticias.com.pe\/noticiero\/#\/schema\/person\/fc1e5d578f4b62ba1cf7ac2bba1170a0\"},\"description\":\"Iberia dejar\u00e1 de volar a Johannesburgo a partir de septiembre por \u201cfalta de rentabilidad\u201d de la ruta, siendo el \u00faltimo vuelo desde Madrid a la ciudad Sudafricana el 31 de agosto y el de vuelta el 1 de septiembre, seg\u00fan han confirmado fuentes de la aerol\u00ednea a Europa Press.\",\"breadcrumb\":{\"@id\":\"https:\/\/aeronoticias.com.pe\/noticiero\/transporte-aereo\/internacional\/iberia-dejara-de-volar-a-johannesburgo\/#breadcrumb\"},\"inLanguage\":\"es\",\"potentialAction\":[{\"@type\":\"ReadAction\",\"target\":[\"https:\/\/aeronoticias.com.pe\/noticiero\/transporte-aereo\/internacional\/iberia-dejara-de-volar-a-johannesburgo\/\"]}]},{\"@type\":\"ImageObject\",\"inLanguage\":\"es\",\"@id\":\"https:\/\/aeronoticias.com.pe\/noticiero\/transporte-aereo\/internacional\/iberia-dejara-de-volar-a-johannesburgo\/#primaryimage\",\"url\":\"https:\/\/aeronoticias.com.pe\/noticiero\/wp-content\/uploads\/2019\/04\/iberia-1.jpg\",\"contentUrl\":\"https:\/\/aeronoticias.com.pe\/noticiero\/wp-content\/uploads\/2019\/04\/iberia-1.jpg\",\"width\":846,\"height\":551},{\"@type\":\"BreadcrumbList\",\"@id\":\"https:\/\/aeronoticias.com.pe\/noticiero\/transporte-aereo\/internacional\/iberia-dejara-de-volar-a-johannesburgo\/#breadcrumb\",\"itemListElement\":[{\"@type\":\"ListItem\",\"position\":1,\"name\":\"Portada\",\"item\":\"https:\/\/aeronoticias.com.pe\/noticiero\/\"},{\"@type\":\"ListItem\",\"position\":2,\"name\":\"Iberia dejar\u00e1 de volar a Johannesburgo\"}]},{\"@type\":\"WebSite\",\"@id\":\"https:\/\/aeronoticias.com.pe\/noticiero\/#website\",\"url\":\"https:\/\/aeronoticias.com.pe\/noticiero\/\",\"name\":\"Aeronoticias.com.pe\",\"description\":\"Noticias de tranporte aereo, turismo, hoteles, gastronomia, actualidad, internacional\",\"potentialAction\":[{\"@type\":\"SearchAction\",\"target\":{\"@type\":\"EntryPoint\",\"urlTemplate\":\"https:\/\/aeronoticias.com.pe\/noticiero\/?s={search_term_string}\"},\"query-input\":{\"@type\":\"PropertyValueSpecification\",\"valueRequired\":true,\"valueName\":\"search_term_string\"}}],\"inLanguage\":\"es\"},{\"@type\":\"Person\",\"@id\":\"https:\/\/aeronoticias.com.pe\/noticiero\/#\/schema\/person\/fc1e5d578f4b62ba1cf7ac2bba1170a0\",\"name\":\"Redacci\u00f3n Aeronoticias\",\"url\":\"https:\/\/aeronoticias.com.pe\/noticiero\/author\/piloto\/\"}]}<\/script>\n<!-- \/ Yoast SEO plugin. -->","yoast_head_json":{"title":"Iberia dejar\u00e1 de volar a Johannesburgo","description":"Iberia dejar\u00e1 de volar a Johannesburgo a partir de septiembre por \u201cfalta de rentabilidad\u201d de la ruta, siendo el \u00faltimo vuelo desde Madrid a la ciudad Sudafricana el 31 de agosto y el de vuelta el 1 de septiembre, seg\u00fan han confirmado fuentes de la aerol\u00ednea a Europa Press.","robots":{"index":"index","follow":"follow","max-snippet":"max-snippet:-1","max-image-preview":"max-image-preview:large","max-video-preview":"max-video-preview:-1"},"canonical":"https:\/\/aeronoticias.com.pe\/noticiero\/transporte-aereo\/internacional\/iberia-dejara-de-volar-a-johannesburgo\/","og_locale":"es_ES","og_type":"article","og_title":"Iberia dejar\u00e1 de volar a Johannesburgo","og_description":"Iberia dejar\u00e1 de volar a Johannesburgo a partir de septiembre por \u201cfalta de rentabilidad\u201d de la ruta, siendo el \u00faltimo vuelo desde Madrid a la ciudad Sudafricana el 31 de agosto y el de vuelta el 1 de septiembre, seg\u00fan han confirmado fuentes de la aerol\u00ednea a Europa Press.","og_url":"https:\/\/aeronoticias.com.pe\/noticiero\/transporte-aereo\/internacional\/iberia-dejara-de-volar-a-johannesburgo\/","og_site_name":"Aeronoticias.com.pe","article_publisher":"https:\/\/www.facebook.com\/Aeronoticias.com.pe\/","article_published_time":"2019-04-10T18:18:53+00:00","article_modified_time":"2020-11-26T17:32:48+00:00","og_image":[{"width":846,"height":551,"url":"https:\/\/aeronoticias.com.pe\/noticiero\/wp-content\/uploads\/2019\/04\/iberia-1.jpg","type":"image\/jpeg"}],"author":"Redacci\u00f3n Aeronoticias","twitter_card":"summary_large_image","twitter_creator":"@aeronoticias","twitter_site":"@aeronoticias","twitter_misc":{"Escrito por":"Redacci\u00f3n Aeronoticias","Tiempo de lectura":"1 minuto"},"schema":{"@context":"https:\/\/schema.org","@graph":[{"@type":"WebPage","@id":"https:\/\/aeronoticias.com.pe\/noticiero\/transporte-aereo\/internacional\/iberia-dejara-de-volar-a-johannesburgo\/","url":"https:\/\/aeronoticias.com.pe\/noticiero\/transporte-aereo\/internacional\/iberia-dejara-de-volar-a-johannesburgo\/","name":"Iberia dejar\u00e1 de volar a Johannesburgo","isPartOf":{"@id":"https:\/\/aeronoticias.com.pe\/noticiero\/#website"},"primaryImageOfPage":{"@id":"https:\/\/aeronoticias.com.pe\/noticiero\/transporte-aereo\/internacional\/iberia-dejara-de-volar-a-johannesburgo\/#primaryimage"},"image":{"@id":"https:\/\/aeronoticias.com.pe\/noticiero\/transporte-aereo\/internacional\/iberia-dejara-de-volar-a-johannesburgo\/#primaryimage"},"thumbnailUrl":"https:\/\/aeronoticias.com.pe\/noticiero\/wp-content\/uploads\/2019\/04\/iberia-1.jpg","datePublished":"2019-04-10T18:18:53+00:00","dateModified":"2020-11-26T17:32:48+00:00","author":{"@id":"https:\/\/aeronoticias.com.pe\/noticiero\/#\/schema\/person\/fc1e5d578f4b62ba1cf7ac2bba1170a0"},"description":"Iberia dejar\u00e1 de volar a Johannesburgo a partir de septiembre por \u201cfalta de rentabilidad\u201d de la ruta, siendo el \u00faltimo vuelo desde Madrid a la ciudad Sudafricana el 31 de agosto y el de vuelta el 1 de septiembre, seg\u00fan han confirmado fuentes de la aerol\u00ednea a Europa Press.","breadcrumb":{"@id":"https:\/\/aeronoticias.com.pe\/noticiero\/transporte-aereo\/internacional\/iberia-dejara-de-volar-a-johannesburgo\/#breadcrumb"},"inLanguage":"es","potentialAction":[{"@type":"ReadAction","target":["https:\/\/aeronoticias.com.pe\/noticiero\/transporte-aereo\/internacional\/iberia-dejara-de-volar-a-johannesburgo\/"]}]},{"@type":"ImageObject","inLanguage":"es","@id":"https:\/\/aeronoticias.com.pe\/noticiero\/transporte-aereo\/internacional\/iberia-dejara-de-volar-a-johannesburgo\/#primaryimage","url":"https:\/\/aeronoticias.com.pe\/noticiero\/wp-content\/uploads\/2019\/04\/iberia-1.jpg","contentUrl":"https:\/\/aeronoticias.com.pe\/noticiero\/wp-content\/uploads\/2019\/04\/iberia-1.jpg","width":846,"height":551},{"@type":"BreadcrumbList","@id":"https:\/\/aeronoticias.com.pe\/noticiero\/transporte-aereo\/internacional\/iberia-dejara-de-volar-a-johannesburgo\/#breadcrumb","itemListElement":[{"@type":"ListItem","position":1,"name":"Portada","item":"https:\/\/aeronoticias.com.pe\/noticiero\/"},{"@type":"ListItem","position":2,"name":"Iberia dejar\u00e1 de volar a Johannesburgo"}]},{"@type":"WebSite","@id":"https:\/\/aeronoticias.com.pe\/noticiero\/#website","url":"https:\/\/aeronoticias.com.pe\/noticiero\/","name":"Aeronoticias.com.pe","description":"Noticias de tranporte aereo, turismo, hoteles, gastronomia, actualidad, internacional","potentialAction":[{"@type":"SearchAction","target":{"@type":"EntryPoint","urlTemplate":"https:\/\/aeronoticias.com.pe\/noticiero\/?s={search_term_string}"},"query-input":{"@type":"PropertyValueSpecification","valueRequired":true,"valueName":"search_term_string"}}],"inLanguage":"es"},{"@type":"Person","@id":"https:\/\/aeronoticias.com.pe\/noticiero\/#\/schema\/person\/fc1e5d578f4b62ba1cf7ac2bba1170a0","name":"Redacci\u00f3n Aeronoticias","url":"https:\/\/aeronoticias.com.pe\/noticiero\/author\/piloto\/"}]}},"_links":{"self":[{"href":"https:\/\/aeronoticias.com.pe\/noticiero\/wp-json\/wp\/v2\/posts\/58315","targetHints":{"allow":["GET"]}}],"collection":[{"href":"https:\/\/aeronoticias.com.pe\/noticiero\/wp-json\/wp\/v2\/posts"}],"about":[{"href":"https:\/\/aeronoticias.com.pe\/noticiero\/wp-json\/wp\/v2\/types\/post"}],"author":[{"embeddable":true,"href":"https:\/\/aeronoticias.com.pe\/noticiero\/wp-json\/wp\/v2\/users\/1"}],"replies":[{"embeddable":true,"href":"https:\/\/aeronoticias.com.pe\/noticiero\/wp-json\/wp\/v2\/comments?post=58315"}],"version-history":[{"count":0,"href":"https:\/\/aeronoticias.com.pe\/noticiero\/wp-json\/wp\/v2\/posts\/58315\/revisions"}],"wp:featuredmedia":[{"embeddable":true,"href":"https:\/\/aeronoticias.com.pe\/noticiero\/wp-json\/wp\/v2\/media\/67000"}],"wp:attachment":[{"href":"https:\/\/aeronoticias.com.pe\/noticiero\/wp-json\/wp\/v2\/media?parent=58315"}],"wp:term":[{"taxonomy":"category","embeddable":true,"href":"https:\/\/aeronoticias.com.pe\/noticiero\/wp-json\/wp\/v2\/categories?post=58315"},{"taxonomy":"post_tag","embeddable":true,"href":"https:\/\/aeronoticias.com.pe\/noticiero\/wp-json\/wp\/v2\/tags?post=58315"}],"curies":[{"name":"wp","href":"https:\/\/api.w.org\/{rel}","templated":true}]}}