{"id":58323,"date":"2019-04-12T21:11:49","date_gmt":"2019-04-12T21:11:49","guid":{"rendered":"http:\/\/desarrollo.mcvicious.com\/aero2020\/2019\/04\/12\/iberia-retoma-hoy-su-ruta-entre-madrid-y-san-francisco\/"},"modified":"2020-11-25T23:25:20","modified_gmt":"2020-11-26T04:25:20","slug":"iberia-retoma-hoy-su-ruta-entre-madrid-y-san-francisco","status":"publish","type":"post","link":"https:\/\/aeronoticias.com.pe\/noticiero\/transporte-aereo\/internacional\/iberia-retoma-hoy-su-ruta-entre-madrid-y-san-francisco\/","title":{"rendered":"Iberia retoma hoy su ruta entre Madrid y San Francisco"},"content":{"rendered":"\n<p>Iberia ha reanudado hoy sus vuelos directos entre Madrid y San Francisco en el marco de su programaci\u00f3n de verano, ruta en la que pondr\u00e1 un 12% m\u00e1s de oferta con respecto al a\u00f1o anterior, ha informado la aerol\u00ednea, que operar\u00e1 esta conexi\u00f3n desde la capital espa\u00f1ola hasta el 4 de octubre.<\/p>\n\n\n\n<p class=\"p1\">La compa\u00f1\u00eda, que estren\u00f3 hace un a\u00f1o esta ruta siendo su sexto destino en Estados Unidos, sin contar Puerto Rico y segundo en la costa Oeste del pa\u00eds, operar\u00e1 sus vuelos a San Francisco tres veces por semana (lunes, mi\u00e9rcoles y viernes) con aviones A330-200, que cuentan con 19 asientos en \u2018business\u2019 y 269 en clase \u2018turista\u2019.<\/p>\n\n\n\n<p class=\"p1\">Los horarios de los vuelos permite las conexiones desde el resto de ciudades espa\u00f1olas a las que vuela la compa\u00f1\u00eda a\u00e9rea. En ambas cabinas los viajeros cuentan con un amplio programa de entretenimiento, al que recientemente la compa\u00f1\u00eda ha incorporado nuevos contenidos, y un servicio de WiFi a bordo.<\/p>\n\n\n\n<p class=\"p1\">Fuente: <span style=\"text-decoration: underline;\"><em><strong>Aviaci\u00f3n al d\u00eda<\/strong><\/em><\/span>.<\/p>\n","protected":false},"excerpt":{"rendered":"<p>Iberia ha reanudado hoy sus vuelos directos entre Madrid y San Francisco en el marco de su programaci\u00f3n de verano, ruta en la que pondr\u00e1 un 12% m\u00e1s de oferta con respecto al a\u00f1o anterior, ha informado la aerol\u00ednea, que operar\u00e1 esta conexi\u00f3n desde la capital espa\u00f1ola hasta el 4 de octubre. La compa\u00f1\u00eda, que [&hellip;]<\/p>\n","protected":false},"author":1,"featured_media":66866,"comment_status":"open","ping_status":"open","sticky":false,"template":"","format":"standard","meta":{"tdm_status":"","tdm_grid_status":"","footnotes":""},"categories":[32,11],"tags":[268],"class_list":{"0":"post-58323","1":"post","2":"type-post","3":"status-publish","4":"format-standard","5":"has-post-thumbnail","7":"category-internacional","8":"category-transporte-aereo","9":"tag-iberia"},"yoast_head":"<!-- This site is optimized with the Yoast SEO plugin v25.1 - https:\/\/yoast.com\/wordpress\/plugins\/seo\/ -->\n<title>Iberia retoma hoy su ruta entre Madrid y San Francisco<\/title>\n<meta name=\"description\" content=\"Iberia ha reanudado hoy sus vuelos directos entre Madrid y San Francisco en el marco de su programaci\u00f3n de verano\" \/>\n<meta name=\"robots\" content=\"index, follow, max-snippet:-1, max-image-preview:large, max-video-preview:-1\" \/>\n<link rel=\"canonical\" href=\"https:\/\/aeronoticias.com.pe\/noticiero\/transporte-aereo\/internacional\/iberia-retoma-hoy-su-ruta-entre-madrid-y-san-francisco\/\" \/>\n<meta property=\"og:locale\" content=\"es_ES\" \/>\n<meta property=\"og:type\" content=\"article\" \/>\n<meta property=\"og:title\" content=\"Iberia retoma hoy su ruta entre Madrid y San Francisco\" \/>\n<meta property=\"og:description\" content=\"Iberia ha reanudado hoy sus vuelos directos entre Madrid y San Francisco en el marco de su programaci\u00f3n de verano\" \/>\n<meta property=\"og:url\" content=\"https:\/\/aeronoticias.com.pe\/noticiero\/transporte-aereo\/internacional\/iberia-retoma-hoy-su-ruta-entre-madrid-y-san-francisco\/\" \/>\n<meta property=\"og:site_name\" content=\"Aeronoticias.com.pe\" \/>\n<meta property=\"article:publisher\" content=\"https:\/\/www.facebook.com\/Aeronoticias.com.pe\/\" \/>\n<meta property=\"article:published_time\" content=\"2019-04-12T21:11:49+00:00\" \/>\n<meta property=\"article:modified_time\" content=\"2020-11-26T04:25:20+00:00\" \/>\n<meta property=\"og:image\" content=\"https:\/\/aeronoticias.com.pe\/noticiero\/wp-content\/uploads\/2019\/04\/Iberia.jpg\" \/>\n\t<meta property=\"og:image:width\" content=\"300\" \/>\n\t<meta property=\"og:image:height\" content=\"168\" \/>\n\t<meta property=\"og:image:type\" content=\"image\/jpeg\" \/>\n<meta name=\"author\" content=\"Redacci\u00f3n Aeronoticias\" \/>\n<meta name=\"twitter:card\" content=\"summary_large_image\" \/>\n<meta name=\"twitter:creator\" content=\"@aeronoticias\" \/>\n<meta name=\"twitter:site\" content=\"@aeronoticias\" \/>\n<meta name=\"twitter:label1\" content=\"Escrito por\" \/>\n\t<meta name=\"twitter:data1\" content=\"Redacci\u00f3n Aeronoticias\" \/>\n\t<meta name=\"twitter:label2\" content=\"Tiempo de lectura\" \/>\n\t<meta name=\"twitter:data2\" content=\"1 minuto\" \/>\n<script type=\"application\/ld+json\" class=\"yoast-schema-graph\">{\"@context\":\"https:\/\/schema.org\",\"@graph\":[{\"@type\":\"WebPage\",\"@id\":\"https:\/\/aeronoticias.com.pe\/noticiero\/transporte-aereo\/internacional\/iberia-retoma-hoy-su-ruta-entre-madrid-y-san-francisco\/\",\"url\":\"https:\/\/aeronoticias.com.pe\/noticiero\/transporte-aereo\/internacional\/iberia-retoma-hoy-su-ruta-entre-madrid-y-san-francisco\/\",\"name\":\"Iberia retoma hoy su ruta entre Madrid y San Francisco\",\"isPartOf\":{\"@id\":\"https:\/\/aeronoticias.com.pe\/noticiero\/#website\"},\"primaryImageOfPage\":{\"@id\":\"https:\/\/aeronoticias.com.pe\/noticiero\/transporte-aereo\/internacional\/iberia-retoma-hoy-su-ruta-entre-madrid-y-san-francisco\/#primaryimage\"},\"image\":{\"@id\":\"https:\/\/aeronoticias.com.pe\/noticiero\/transporte-aereo\/internacional\/iberia-retoma-hoy-su-ruta-entre-madrid-y-san-francisco\/#primaryimage\"},\"thumbnailUrl\":\"https:\/\/aeronoticias.com.pe\/noticiero\/wp-content\/uploads\/2019\/04\/Iberia.jpg\",\"datePublished\":\"2019-04-12T21:11:49+00:00\",\"dateModified\":\"2020-11-26T04:25:20+00:00\",\"author\":{\"@id\":\"https:\/\/aeronoticias.com.pe\/noticiero\/#\/schema\/person\/fc1e5d578f4b62ba1cf7ac2bba1170a0\"},\"description\":\"Iberia ha reanudado hoy sus vuelos directos entre Madrid y San Francisco en el marco de su programaci\u00f3n de verano\",\"breadcrumb\":{\"@id\":\"https:\/\/aeronoticias.com.pe\/noticiero\/transporte-aereo\/internacional\/iberia-retoma-hoy-su-ruta-entre-madrid-y-san-francisco\/#breadcrumb\"},\"inLanguage\":\"es\",\"potentialAction\":[{\"@type\":\"ReadAction\",\"target\":[\"https:\/\/aeronoticias.com.pe\/noticiero\/transporte-aereo\/internacional\/iberia-retoma-hoy-su-ruta-entre-madrid-y-san-francisco\/\"]}]},{\"@type\":\"ImageObject\",\"inLanguage\":\"es\",\"@id\":\"https:\/\/aeronoticias.com.pe\/noticiero\/transporte-aereo\/internacional\/iberia-retoma-hoy-su-ruta-entre-madrid-y-san-francisco\/#primaryimage\",\"url\":\"https:\/\/aeronoticias.com.pe\/noticiero\/wp-content\/uploads\/2019\/04\/Iberia.jpg\",\"contentUrl\":\"https:\/\/aeronoticias.com.pe\/noticiero\/wp-content\/uploads\/2019\/04\/Iberia.jpg\",\"width\":300,\"height\":168},{\"@type\":\"BreadcrumbList\",\"@id\":\"https:\/\/aeronoticias.com.pe\/noticiero\/transporte-aereo\/internacional\/iberia-retoma-hoy-su-ruta-entre-madrid-y-san-francisco\/#breadcrumb\",\"itemListElement\":[{\"@type\":\"ListItem\",\"position\":1,\"name\":\"Portada\",\"item\":\"https:\/\/aeronoticias.com.pe\/noticiero\/\"},{\"@type\":\"ListItem\",\"position\":2,\"name\":\"Iberia retoma hoy su ruta entre Madrid y San Francisco\"}]},{\"@type\":\"WebSite\",\"@id\":\"https:\/\/aeronoticias.com.pe\/noticiero\/#website\",\"url\":\"https:\/\/aeronoticias.com.pe\/noticiero\/\",\"name\":\"Aeronoticias.com.pe\",\"description\":\"Noticias de tranporte aereo, turismo, hoteles, gastronomia, actualidad, internacional\",\"potentialAction\":[{\"@type\":\"SearchAction\",\"target\":{\"@type\":\"EntryPoint\",\"urlTemplate\":\"https:\/\/aeronoticias.com.pe\/noticiero\/?s={search_term_string}\"},\"query-input\":{\"@type\":\"PropertyValueSpecification\",\"valueRequired\":true,\"valueName\":\"search_term_string\"}}],\"inLanguage\":\"es\"},{\"@type\":\"Person\",\"@id\":\"https:\/\/aeronoticias.com.pe\/noticiero\/#\/schema\/person\/fc1e5d578f4b62ba1cf7ac2bba1170a0\",\"name\":\"Redacci\u00f3n Aeronoticias\",\"url\":\"https:\/\/aeronoticias.com.pe\/noticiero\/author\/piloto\/\"}]}<\/script>\n<!-- \/ Yoast SEO plugin. -->","yoast_head_json":{"title":"Iberia retoma hoy su ruta entre Madrid y San Francisco","description":"Iberia ha reanudado hoy sus vuelos directos entre Madrid y San Francisco en el marco de su programaci\u00f3n de verano","robots":{"index":"index","follow":"follow","max-snippet":"max-snippet:-1","max-image-preview":"max-image-preview:large","max-video-preview":"max-video-preview:-1"},"canonical":"https:\/\/aeronoticias.com.pe\/noticiero\/transporte-aereo\/internacional\/iberia-retoma-hoy-su-ruta-entre-madrid-y-san-francisco\/","og_locale":"es_ES","og_type":"article","og_title":"Iberia retoma hoy su ruta entre Madrid y San Francisco","og_description":"Iberia ha reanudado hoy sus vuelos directos entre Madrid y San Francisco en el marco de su programaci\u00f3n de verano","og_url":"https:\/\/aeronoticias.com.pe\/noticiero\/transporte-aereo\/internacional\/iberia-retoma-hoy-su-ruta-entre-madrid-y-san-francisco\/","og_site_name":"Aeronoticias.com.pe","article_publisher":"https:\/\/www.facebook.com\/Aeronoticias.com.pe\/","article_published_time":"2019-04-12T21:11:49+00:00","article_modified_time":"2020-11-26T04:25:20+00:00","og_image":[{"width":300,"height":168,"url":"https:\/\/aeronoticias.com.pe\/noticiero\/wp-content\/uploads\/2019\/04\/Iberia.jpg","type":"image\/jpeg"}],"author":"Redacci\u00f3n Aeronoticias","twitter_card":"summary_large_image","twitter_creator":"@aeronoticias","twitter_site":"@aeronoticias","twitter_misc":{"Escrito por":"Redacci\u00f3n Aeronoticias","Tiempo de lectura":"1 minuto"},"schema":{"@context":"https:\/\/schema.org","@graph":[{"@type":"WebPage","@id":"https:\/\/aeronoticias.com.pe\/noticiero\/transporte-aereo\/internacional\/iberia-retoma-hoy-su-ruta-entre-madrid-y-san-francisco\/","url":"https:\/\/aeronoticias.com.pe\/noticiero\/transporte-aereo\/internacional\/iberia-retoma-hoy-su-ruta-entre-madrid-y-san-francisco\/","name":"Iberia retoma hoy su ruta entre Madrid y San Francisco","isPartOf":{"@id":"https:\/\/aeronoticias.com.pe\/noticiero\/#website"},"primaryImageOfPage":{"@id":"https:\/\/aeronoticias.com.pe\/noticiero\/transporte-aereo\/internacional\/iberia-retoma-hoy-su-ruta-entre-madrid-y-san-francisco\/#primaryimage"},"image":{"@id":"https:\/\/aeronoticias.com.pe\/noticiero\/transporte-aereo\/internacional\/iberia-retoma-hoy-su-ruta-entre-madrid-y-san-francisco\/#primaryimage"},"thumbnailUrl":"https:\/\/aeronoticias.com.pe\/noticiero\/wp-content\/uploads\/2019\/04\/Iberia.jpg","datePublished":"2019-04-12T21:11:49+00:00","dateModified":"2020-11-26T04:25:20+00:00","author":{"@id":"https:\/\/aeronoticias.com.pe\/noticiero\/#\/schema\/person\/fc1e5d578f4b62ba1cf7ac2bba1170a0"},"description":"Iberia ha reanudado hoy sus vuelos directos entre Madrid y San Francisco en el marco de su programaci\u00f3n de verano","breadcrumb":{"@id":"https:\/\/aeronoticias.com.pe\/noticiero\/transporte-aereo\/internacional\/iberia-retoma-hoy-su-ruta-entre-madrid-y-san-francisco\/#breadcrumb"},"inLanguage":"es","potentialAction":[{"@type":"ReadAction","target":["https:\/\/aeronoticias.com.pe\/noticiero\/transporte-aereo\/internacional\/iberia-retoma-hoy-su-ruta-entre-madrid-y-san-francisco\/"]}]},{"@type":"ImageObject","inLanguage":"es","@id":"https:\/\/aeronoticias.com.pe\/noticiero\/transporte-aereo\/internacional\/iberia-retoma-hoy-su-ruta-entre-madrid-y-san-francisco\/#primaryimage","url":"https:\/\/aeronoticias.com.pe\/noticiero\/wp-content\/uploads\/2019\/04\/Iberia.jpg","contentUrl":"https:\/\/aeronoticias.com.pe\/noticiero\/wp-content\/uploads\/2019\/04\/Iberia.jpg","width":300,"height":168},{"@type":"BreadcrumbList","@id":"https:\/\/aeronoticias.com.pe\/noticiero\/transporte-aereo\/internacional\/iberia-retoma-hoy-su-ruta-entre-madrid-y-san-francisco\/#breadcrumb","itemListElement":[{"@type":"ListItem","position":1,"name":"Portada","item":"https:\/\/aeronoticias.com.pe\/noticiero\/"},{"@type":"ListItem","position":2,"name":"Iberia retoma hoy su ruta entre Madrid y San Francisco"}]},{"@type":"WebSite","@id":"https:\/\/aeronoticias.com.pe\/noticiero\/#website","url":"https:\/\/aeronoticias.com.pe\/noticiero\/","name":"Aeronoticias.com.pe","description":"Noticias de tranporte aereo, turismo, hoteles, gastronomia, actualidad, internacional","potentialAction":[{"@type":"SearchAction","target":{"@type":"EntryPoint","urlTemplate":"https:\/\/aeronoticias.com.pe\/noticiero\/?s={search_term_string}"},"query-input":{"@type":"PropertyValueSpecification","valueRequired":true,"valueName":"search_term_string"}}],"inLanguage":"es"},{"@type":"Person","@id":"https:\/\/aeronoticias.com.pe\/noticiero\/#\/schema\/person\/fc1e5d578f4b62ba1cf7ac2bba1170a0","name":"Redacci\u00f3n Aeronoticias","url":"https:\/\/aeronoticias.com.pe\/noticiero\/author\/piloto\/"}]}},"_links":{"self":[{"href":"https:\/\/aeronoticias.com.pe\/noticiero\/wp-json\/wp\/v2\/posts\/58323","targetHints":{"allow":["GET"]}}],"collection":[{"href":"https:\/\/aeronoticias.com.pe\/noticiero\/wp-json\/wp\/v2\/posts"}],"about":[{"href":"https:\/\/aeronoticias.com.pe\/noticiero\/wp-json\/wp\/v2\/types\/post"}],"author":[{"embeddable":true,"href":"https:\/\/aeronoticias.com.pe\/noticiero\/wp-json\/wp\/v2\/users\/1"}],"replies":[{"embeddable":true,"href":"https:\/\/aeronoticias.com.pe\/noticiero\/wp-json\/wp\/v2\/comments?post=58323"}],"version-history":[{"count":0,"href":"https:\/\/aeronoticias.com.pe\/noticiero\/wp-json\/wp\/v2\/posts\/58323\/revisions"}],"wp:featuredmedia":[{"embeddable":true,"href":"https:\/\/aeronoticias.com.pe\/noticiero\/wp-json\/wp\/v2\/media\/66866"}],"wp:attachment":[{"href":"https:\/\/aeronoticias.com.pe\/noticiero\/wp-json\/wp\/v2\/media?parent=58323"}],"wp:term":[{"taxonomy":"category","embeddable":true,"href":"https:\/\/aeronoticias.com.pe\/noticiero\/wp-json\/wp\/v2\/categories?post=58323"},{"taxonomy":"post_tag","embeddable":true,"href":"https:\/\/aeronoticias.com.pe\/noticiero\/wp-json\/wp\/v2\/tags?post=58323"}],"curies":[{"name":"wp","href":"https:\/\/api.w.org\/{rel}","templated":true}]}}