{"id":58343,"date":"2019-04-18T14:25:15","date_gmt":"2019-04-18T14:25:15","guid":{"rendered":"http:\/\/desarrollo.mcvicious.com\/aero2020\/2019\/04\/18\/el-avion-de-mitsubishi-que-planta-cara-a-airbus-y-boeing\/"},"modified":"2020-11-25T18:41:24","modified_gmt":"2020-11-25T23:41:24","slug":"el-avion-de-mitsubishi-que-planta-cara-a-airbus-y-boeing","status":"publish","type":"post","link":"https:\/\/aeronoticias.com.pe\/noticiero\/transporte-aereo\/internacional\/el-avion-de-mitsubishi-que-planta-cara-a-airbus-y-boeing\/","title":{"rendered":"El avi\u00f3n de Mitsubishi que planta cara a Airbus y Boeing"},"content":{"rendered":"\n<p>Mitsubishi presentar\u00e1 en sociedad el primer avi\u00f3n que se fabrica en Jap\u00f3n desde los a\u00f1os \u201960. El lanzamiento del Mitsubishi Regional Jet (MRJ) es un desaf\u00edo a Boeing y Airbus en el mercado de aviones de corto alcance, con una capacidad de hasta 150 pasajeros.<\/p>\n\n\n\n<p class=\"p1\">Boeing est\u00e1 a punto de concluir la compra del 80% de Embraer; mientas que Airbus absorbi\u00f3 a Bombardier y rebautiz\u00f3 los CS100 y CS300 como los A220-100 y A220-300.<\/p>\n\n\n\n<p class=\"p1\">Los dos gigantes compiten, usando a estas compa\u00f1\u00edas como arietes, en un mercado que movilizar\u00e1 120.000 millones de euros en las pr\u00f3ximas dos d\u00e9cadas, calcula el grupo industrial Japan Aircraft Develoment Corp.<\/p>\n\n\n\n<p class=\"p1\"><strong>Para vuelos regionales<\/strong><\/p>\n\n\n\n<p class=\"p1\">El MRJ es un avi\u00f3n para vuelos regionales con una autonom\u00eda de 3.700 kil\u00f3metros con una capacidad para 88 pasajeros. Actualmente la empresa nipona est\u00e1 realizando los vuelos de prueba en Moses Lake, estado de Washington, para obtener los permisos necesarios.<\/p>\n\n\n\n<p class=\"p1\">Tambi\u00e9n tiene en carpeta otro modelo m\u00e1s peque\u00f1o, que podr\u00eda transportar a 76 pasajeros a la misma distancia.<\/p>\n\n\n\n<p class=\"p1\"><strong>Inversi\u00f3n millonaria<\/strong><\/p>\n\n\n\n<p class=\"p1\">Mitsubishi Heavy, que tiene una larga carrera como proveedor de Boeing, invirti\u00f3 casi 1.800 millones de euros en una d\u00e9cada en desarrollar este avi\u00f3n regional. La intenci\u00f3n es obtener los certificados necesarios para asociarse con Ana Holdings en la proyecci\u00f3n de esta aeronave.<\/p>\n\n\n\n<p class=\"p1\">Su producci\u00f3n atraves\u00f3 numerosas dificultades y retrasos. De hecho los vuelos de prueba se hab\u00edan programado para ser realizados en 2012. Pero con el proyecto m\u00e1s maduro Mitsubishi conf\u00eda en tener el avi\u00f3n listo para su venta comercial el a\u00f1o que viene.<\/p>\n\n\n\n<p class=\"p1\"><strong>Se necesitan m\u00e1s clientes<\/strong><\/p>\n\n\n\n<p class=\"p1\">El mercado asi\u00e1tico protagonizar\u00e1 un boom de demanda de nuevos aviones para los pr\u00f3ximos 20 a\u00f1os, tanto de largo alcance como de medio y corto. Seg\u00fan Boeing la regi\u00f3n necesitar\u00e1 17.000 aeronaves y contratar\u00e1 a 240.000 pilotos.<\/p>\n\n\n\n<p class=\"p1\">Por ahora la compa\u00f1\u00eda nipona tendr\u00eda 407 \u00f3rdenes de compra de su avi\u00f3n regional, insuficientes para que el programa sea rentable, considera el analiza Sho Fukuhara, de Jefferies Japan, citado por Bloomberg.<\/p>\n\n\n\n<p class=\"p1\">Mitsubishi sabe que la demanda de Jap\u00f3n no es suficiente para que la producci\u00f3n del MRJ90 sea buen negocio, por ello su estrategia es seducir a las aerol\u00edneas de EEUU, que ser\u00edan partidarias de un modelo m\u00e1s peque\u00f1o y liviano para sus vuelos regionales, precisa el analista George Ferguson, de Bloomberg Intelligence, raz\u00f3n por la que la compa\u00f1\u00eda japonesa piensa desarrollar un modelo m\u00e1s peque\u00f1o para el 2021.<\/p>\n\n\n\n<p class=\"p1\"><strong>Seguir adelante sea como sea<\/strong><\/p>\n\n\n\n<p class=\"p1\">Mitsubishi est\u00e1 decidido a llevar al MRJ90 a los cielos sea como sea, por ello en octubre anunci\u00f3 que su unidad aeron\u00e1utica recibi\u00f3 una inversi\u00f3n de 1.350 millones de euros, adem\u00e1s de cancelar deudas por otros 400 millones para sanear a la compa\u00f1\u00eda.<\/p>\n\n\n\n<p class=\"p1\">Bombardier ya tuvo un par de choques judiciales con Mitsubishi, a quien acus\u00f3 de espionaje y de causar \u201cp\u00e9rdidas financieras irreparables\u201d, lo cual fue negado por la compa\u00f1\u00eda japonesa, que contraatac\u00f3 se\u00f1alando a la firma canadiense de bloquear la entrada de nuevos competidores.<\/p>\n\n\n\n<p class=\"p1\"><strong>M\u00e1s competidores en el mercado asi\u00e1tico<\/strong><\/p>\n\n\n\n<p class=\"p1\">Mitsubishi Heavy no es la \u00fanica empresa asi\u00e1tica que quiere romper el duopolio de Boeing y Airbus. China sigue adelante con sus aviones Comac, de los cuales el C919 pretende competir contra el B737 MAX (que sigue en crisis) y el A320.<\/p>\n\n\n\n<p class=\"p1\">En tanto Korea Aerospace Industries analiza desarrollar un avi\u00f3n que transporte hasta 100 pasajeros.<\/p>\n\n\n\n<p class=\"p1\">Fuente: <span style=\"text-decoration: underline;\"><em><strong>Aviaci\u00f3n al d\u00eda<\/strong><\/em><\/span>.<\/p>\n","protected":false},"excerpt":{"rendered":"<p>Mitsubishi presentar\u00e1 en sociedad el primer avi\u00f3n que se fabrica en Jap\u00f3n desde los a\u00f1os \u201960. El lanzamiento del Mitsubishi Regional Jet (MRJ) es un desaf\u00edo a Boeing y Airbus en el mercado de aviones de corto alcance, con una capacidad de hasta 150 pasajeros. Boeing est\u00e1 a punto de concluir la compra del 80% [&hellip;]<\/p>\n","protected":false},"author":1,"featured_media":66787,"comment_status":"open","ping_status":"open","sticky":false,"template":"","format":"standard","meta":{"tdm_status":"","tdm_grid_status":"","footnotes":""},"categories":[32,11],"tags":[181,118,576],"class_list":{"0":"post-58343","1":"post","2":"type-post","3":"status-publish","4":"format-standard","5":"has-post-thumbnail","7":"category-internacional","8":"category-transporte-aereo","9":"tag-airbus","10":"tag-boeing","11":"tag-mitsubishi"},"yoast_head":"<!-- This site is optimized with the Yoast SEO plugin v25.1 - https:\/\/yoast.com\/wordpress\/plugins\/seo\/ -->\n<title>El avi\u00f3n de Mitsubishi que planta cara a Airbus y Boeing<\/title>\n<meta name=\"description\" content=\"Mitsubishi presentar\u00e1 en sociedad el primer avi\u00f3n que se fabrica en Jap\u00f3n desde los a\u00f1os \u201960. El lanzamiento del Mitsubishi Regional Jet (MRJ) es un desaf\u00edo a Boeing y Airbus en el mercado de aviones de corto alcance, con una capacidad de hasta 150 pasajeros.\" \/>\n<meta name=\"robots\" content=\"index, follow, max-snippet:-1, max-image-preview:large, max-video-preview:-1\" \/>\n<link rel=\"canonical\" href=\"https:\/\/aeronoticias.com.pe\/noticiero\/transporte-aereo\/internacional\/el-avion-de-mitsubishi-que-planta-cara-a-airbus-y-boeing\/\" \/>\n<meta property=\"og:locale\" content=\"es_ES\" \/>\n<meta property=\"og:type\" content=\"article\" \/>\n<meta property=\"og:title\" content=\"El avi\u00f3n de Mitsubishi que planta cara a Airbus y Boeing\" \/>\n<meta property=\"og:description\" content=\"Mitsubishi presentar\u00e1 en sociedad el primer avi\u00f3n que se fabrica en Jap\u00f3n desde los a\u00f1os \u201960. El lanzamiento del Mitsubishi Regional Jet (MRJ) es un desaf\u00edo a Boeing y Airbus en el mercado de aviones de corto alcance, con una capacidad de hasta 150 pasajeros.\" \/>\n<meta property=\"og:url\" content=\"https:\/\/aeronoticias.com.pe\/noticiero\/transporte-aereo\/internacional\/el-avion-de-mitsubishi-que-planta-cara-a-airbus-y-boeing\/\" \/>\n<meta property=\"og:site_name\" content=\"Aeronoticias.com.pe\" \/>\n<meta property=\"article:publisher\" content=\"https:\/\/www.facebook.com\/Aeronoticias.com.pe\/\" \/>\n<meta property=\"article:published_time\" content=\"2019-04-18T14:25:15+00:00\" \/>\n<meta property=\"article:modified_time\" content=\"2020-11-25T23:41:24+00:00\" \/>\n<meta property=\"og:image\" content=\"https:\/\/aeronoticias.com.pe\/noticiero\/wp-content\/uploads\/2019\/04\/avi\u00f3n-de-Mitsubishi.jpg\" \/>\n\t<meta property=\"og:image:width\" content=\"1024\" \/>\n\t<meta property=\"og:image:height\" content=\"716\" \/>\n\t<meta property=\"og:image:type\" content=\"image\/jpeg\" \/>\n<meta name=\"author\" content=\"Redacci\u00f3n Aeronoticias\" \/>\n<meta name=\"twitter:card\" content=\"summary_large_image\" \/>\n<meta name=\"twitter:creator\" content=\"@aeronoticias\" \/>\n<meta name=\"twitter:site\" content=\"@aeronoticias\" \/>\n<meta name=\"twitter:label1\" content=\"Escrito por\" \/>\n\t<meta name=\"twitter:data1\" content=\"Redacci\u00f3n Aeronoticias\" \/>\n\t<meta name=\"twitter:label2\" content=\"Tiempo de lectura\" \/>\n\t<meta name=\"twitter:data2\" content=\"3 minutos\" \/>\n<script type=\"application\/ld+json\" class=\"yoast-schema-graph\">{\"@context\":\"https:\/\/schema.org\",\"@graph\":[{\"@type\":\"WebPage\",\"@id\":\"https:\/\/aeronoticias.com.pe\/noticiero\/transporte-aereo\/internacional\/el-avion-de-mitsubishi-que-planta-cara-a-airbus-y-boeing\/\",\"url\":\"https:\/\/aeronoticias.com.pe\/noticiero\/transporte-aereo\/internacional\/el-avion-de-mitsubishi-que-planta-cara-a-airbus-y-boeing\/\",\"name\":\"El avi\u00f3n de Mitsubishi que planta cara a Airbus y Boeing\",\"isPartOf\":{\"@id\":\"https:\/\/aeronoticias.com.pe\/noticiero\/#website\"},\"primaryImageOfPage\":{\"@id\":\"https:\/\/aeronoticias.com.pe\/noticiero\/transporte-aereo\/internacional\/el-avion-de-mitsubishi-que-planta-cara-a-airbus-y-boeing\/#primaryimage\"},\"image\":{\"@id\":\"https:\/\/aeronoticias.com.pe\/noticiero\/transporte-aereo\/internacional\/el-avion-de-mitsubishi-que-planta-cara-a-airbus-y-boeing\/#primaryimage\"},\"thumbnailUrl\":\"https:\/\/aeronoticias.com.pe\/noticiero\/wp-content\/uploads\/2019\/04\/avi\u00f3n-de-Mitsubishi.jpg\",\"datePublished\":\"2019-04-18T14:25:15+00:00\",\"dateModified\":\"2020-11-25T23:41:24+00:00\",\"author\":{\"@id\":\"https:\/\/aeronoticias.com.pe\/noticiero\/#\/schema\/person\/fc1e5d578f4b62ba1cf7ac2bba1170a0\"},\"description\":\"Mitsubishi presentar\u00e1 en sociedad el primer avi\u00f3n que se fabrica en Jap\u00f3n desde los a\u00f1os \u201960. El lanzamiento del Mitsubishi Regional Jet (MRJ) es un desaf\u00edo a Boeing y Airbus en el mercado de aviones de corto alcance, con una capacidad de hasta 150 pasajeros.\",\"breadcrumb\":{\"@id\":\"https:\/\/aeronoticias.com.pe\/noticiero\/transporte-aereo\/internacional\/el-avion-de-mitsubishi-que-planta-cara-a-airbus-y-boeing\/#breadcrumb\"},\"inLanguage\":\"es\",\"potentialAction\":[{\"@type\":\"ReadAction\",\"target\":[\"https:\/\/aeronoticias.com.pe\/noticiero\/transporte-aereo\/internacional\/el-avion-de-mitsubishi-que-planta-cara-a-airbus-y-boeing\/\"]}]},{\"@type\":\"ImageObject\",\"inLanguage\":\"es\",\"@id\":\"https:\/\/aeronoticias.com.pe\/noticiero\/transporte-aereo\/internacional\/el-avion-de-mitsubishi-que-planta-cara-a-airbus-y-boeing\/#primaryimage\",\"url\":\"https:\/\/aeronoticias.com.pe\/noticiero\/wp-content\/uploads\/2019\/04\/avi\u00f3n-de-Mitsubishi.jpg\",\"contentUrl\":\"https:\/\/aeronoticias.com.pe\/noticiero\/wp-content\/uploads\/2019\/04\/avi\u00f3n-de-Mitsubishi.jpg\",\"width\":1024,\"height\":716},{\"@type\":\"BreadcrumbList\",\"@id\":\"https:\/\/aeronoticias.com.pe\/noticiero\/transporte-aereo\/internacional\/el-avion-de-mitsubishi-que-planta-cara-a-airbus-y-boeing\/#breadcrumb\",\"itemListElement\":[{\"@type\":\"ListItem\",\"position\":1,\"name\":\"Portada\",\"item\":\"https:\/\/aeronoticias.com.pe\/noticiero\/\"},{\"@type\":\"ListItem\",\"position\":2,\"name\":\"El avi\u00f3n de Mitsubishi que planta cara a Airbus y Boeing\"}]},{\"@type\":\"WebSite\",\"@id\":\"https:\/\/aeronoticias.com.pe\/noticiero\/#website\",\"url\":\"https:\/\/aeronoticias.com.pe\/noticiero\/\",\"name\":\"Aeronoticias.com.pe\",\"description\":\"Noticias de tranporte aereo, turismo, hoteles, gastronomia, actualidad, internacional\",\"potentialAction\":[{\"@type\":\"SearchAction\",\"target\":{\"@type\":\"EntryPoint\",\"urlTemplate\":\"https:\/\/aeronoticias.com.pe\/noticiero\/?s={search_term_string}\"},\"query-input\":{\"@type\":\"PropertyValueSpecification\",\"valueRequired\":true,\"valueName\":\"search_term_string\"}}],\"inLanguage\":\"es\"},{\"@type\":\"Person\",\"@id\":\"https:\/\/aeronoticias.com.pe\/noticiero\/#\/schema\/person\/fc1e5d578f4b62ba1cf7ac2bba1170a0\",\"name\":\"Redacci\u00f3n Aeronoticias\",\"url\":\"https:\/\/aeronoticias.com.pe\/noticiero\/author\/piloto\/\"}]}<\/script>\n<!-- \/ Yoast SEO plugin. -->","yoast_head_json":{"title":"El avi\u00f3n de Mitsubishi que planta cara a Airbus y Boeing","description":"Mitsubishi presentar\u00e1 en sociedad el primer avi\u00f3n que se fabrica en Jap\u00f3n desde los a\u00f1os \u201960. El lanzamiento del Mitsubishi Regional Jet (MRJ) es un desaf\u00edo a Boeing y Airbus en el mercado de aviones de corto alcance, con una capacidad de hasta 150 pasajeros.","robots":{"index":"index","follow":"follow","max-snippet":"max-snippet:-1","max-image-preview":"max-image-preview:large","max-video-preview":"max-video-preview:-1"},"canonical":"https:\/\/aeronoticias.com.pe\/noticiero\/transporte-aereo\/internacional\/el-avion-de-mitsubishi-que-planta-cara-a-airbus-y-boeing\/","og_locale":"es_ES","og_type":"article","og_title":"El avi\u00f3n de Mitsubishi que planta cara a Airbus y Boeing","og_description":"Mitsubishi presentar\u00e1 en sociedad el primer avi\u00f3n que se fabrica en Jap\u00f3n desde los a\u00f1os \u201960. El lanzamiento del Mitsubishi Regional Jet (MRJ) es un desaf\u00edo a Boeing y Airbus en el mercado de aviones de corto alcance, con una capacidad de hasta 150 pasajeros.","og_url":"https:\/\/aeronoticias.com.pe\/noticiero\/transporte-aereo\/internacional\/el-avion-de-mitsubishi-que-planta-cara-a-airbus-y-boeing\/","og_site_name":"Aeronoticias.com.pe","article_publisher":"https:\/\/www.facebook.com\/Aeronoticias.com.pe\/","article_published_time":"2019-04-18T14:25:15+00:00","article_modified_time":"2020-11-25T23:41:24+00:00","og_image":[{"width":1024,"height":716,"url":"https:\/\/aeronoticias.com.pe\/noticiero\/wp-content\/uploads\/2019\/04\/avi\u00f3n-de-Mitsubishi.jpg","type":"image\/jpeg"}],"author":"Redacci\u00f3n Aeronoticias","twitter_card":"summary_large_image","twitter_creator":"@aeronoticias","twitter_site":"@aeronoticias","twitter_misc":{"Escrito por":"Redacci\u00f3n Aeronoticias","Tiempo de lectura":"3 minutos"},"schema":{"@context":"https:\/\/schema.org","@graph":[{"@type":"WebPage","@id":"https:\/\/aeronoticias.com.pe\/noticiero\/transporte-aereo\/internacional\/el-avion-de-mitsubishi-que-planta-cara-a-airbus-y-boeing\/","url":"https:\/\/aeronoticias.com.pe\/noticiero\/transporte-aereo\/internacional\/el-avion-de-mitsubishi-que-planta-cara-a-airbus-y-boeing\/","name":"El avi\u00f3n de Mitsubishi que planta cara a Airbus y Boeing","isPartOf":{"@id":"https:\/\/aeronoticias.com.pe\/noticiero\/#website"},"primaryImageOfPage":{"@id":"https:\/\/aeronoticias.com.pe\/noticiero\/transporte-aereo\/internacional\/el-avion-de-mitsubishi-que-planta-cara-a-airbus-y-boeing\/#primaryimage"},"image":{"@id":"https:\/\/aeronoticias.com.pe\/noticiero\/transporte-aereo\/internacional\/el-avion-de-mitsubishi-que-planta-cara-a-airbus-y-boeing\/#primaryimage"},"thumbnailUrl":"https:\/\/aeronoticias.com.pe\/noticiero\/wp-content\/uploads\/2019\/04\/avi\u00f3n-de-Mitsubishi.jpg","datePublished":"2019-04-18T14:25:15+00:00","dateModified":"2020-11-25T23:41:24+00:00","author":{"@id":"https:\/\/aeronoticias.com.pe\/noticiero\/#\/schema\/person\/fc1e5d578f4b62ba1cf7ac2bba1170a0"},"description":"Mitsubishi presentar\u00e1 en sociedad el primer avi\u00f3n que se fabrica en Jap\u00f3n desde los a\u00f1os \u201960. El lanzamiento del Mitsubishi Regional Jet (MRJ) es un desaf\u00edo a Boeing y Airbus en el mercado de aviones de corto alcance, con una capacidad de hasta 150 pasajeros.","breadcrumb":{"@id":"https:\/\/aeronoticias.com.pe\/noticiero\/transporte-aereo\/internacional\/el-avion-de-mitsubishi-que-planta-cara-a-airbus-y-boeing\/#breadcrumb"},"inLanguage":"es","potentialAction":[{"@type":"ReadAction","target":["https:\/\/aeronoticias.com.pe\/noticiero\/transporte-aereo\/internacional\/el-avion-de-mitsubishi-que-planta-cara-a-airbus-y-boeing\/"]}]},{"@type":"ImageObject","inLanguage":"es","@id":"https:\/\/aeronoticias.com.pe\/noticiero\/transporte-aereo\/internacional\/el-avion-de-mitsubishi-que-planta-cara-a-airbus-y-boeing\/#primaryimage","url":"https:\/\/aeronoticias.com.pe\/noticiero\/wp-content\/uploads\/2019\/04\/avi\u00f3n-de-Mitsubishi.jpg","contentUrl":"https:\/\/aeronoticias.com.pe\/noticiero\/wp-content\/uploads\/2019\/04\/avi\u00f3n-de-Mitsubishi.jpg","width":1024,"height":716},{"@type":"BreadcrumbList","@id":"https:\/\/aeronoticias.com.pe\/noticiero\/transporte-aereo\/internacional\/el-avion-de-mitsubishi-que-planta-cara-a-airbus-y-boeing\/#breadcrumb","itemListElement":[{"@type":"ListItem","position":1,"name":"Portada","item":"https:\/\/aeronoticias.com.pe\/noticiero\/"},{"@type":"ListItem","position":2,"name":"El avi\u00f3n de Mitsubishi que planta cara a Airbus y Boeing"}]},{"@type":"WebSite","@id":"https:\/\/aeronoticias.com.pe\/noticiero\/#website","url":"https:\/\/aeronoticias.com.pe\/noticiero\/","name":"Aeronoticias.com.pe","description":"Noticias de tranporte aereo, turismo, hoteles, gastronomia, actualidad, internacional","potentialAction":[{"@type":"SearchAction","target":{"@type":"EntryPoint","urlTemplate":"https:\/\/aeronoticias.com.pe\/noticiero\/?s={search_term_string}"},"query-input":{"@type":"PropertyValueSpecification","valueRequired":true,"valueName":"search_term_string"}}],"inLanguage":"es"},{"@type":"Person","@id":"https:\/\/aeronoticias.com.pe\/noticiero\/#\/schema\/person\/fc1e5d578f4b62ba1cf7ac2bba1170a0","name":"Redacci\u00f3n Aeronoticias","url":"https:\/\/aeronoticias.com.pe\/noticiero\/author\/piloto\/"}]}},"_links":{"self":[{"href":"https:\/\/aeronoticias.com.pe\/noticiero\/wp-json\/wp\/v2\/posts\/58343","targetHints":{"allow":["GET"]}}],"collection":[{"href":"https:\/\/aeronoticias.com.pe\/noticiero\/wp-json\/wp\/v2\/posts"}],"about":[{"href":"https:\/\/aeronoticias.com.pe\/noticiero\/wp-json\/wp\/v2\/types\/post"}],"author":[{"embeddable":true,"href":"https:\/\/aeronoticias.com.pe\/noticiero\/wp-json\/wp\/v2\/users\/1"}],"replies":[{"embeddable":true,"href":"https:\/\/aeronoticias.com.pe\/noticiero\/wp-json\/wp\/v2\/comments?post=58343"}],"version-history":[{"count":0,"href":"https:\/\/aeronoticias.com.pe\/noticiero\/wp-json\/wp\/v2\/posts\/58343\/revisions"}],"wp:featuredmedia":[{"embeddable":true,"href":"https:\/\/aeronoticias.com.pe\/noticiero\/wp-json\/wp\/v2\/media\/66787"}],"wp:attachment":[{"href":"https:\/\/aeronoticias.com.pe\/noticiero\/wp-json\/wp\/v2\/media?parent=58343"}],"wp:term":[{"taxonomy":"category","embeddable":true,"href":"https:\/\/aeronoticias.com.pe\/noticiero\/wp-json\/wp\/v2\/categories?post=58343"},{"taxonomy":"post_tag","embeddable":true,"href":"https:\/\/aeronoticias.com.pe\/noticiero\/wp-json\/wp\/v2\/tags?post=58343"}],"curies":[{"name":"wp","href":"https:\/\/api.w.org\/{rel}","templated":true}]}}