{"id":58344,"date":"2019-04-18T14:42:38","date_gmt":"2019-04-18T14:42:38","guid":{"rendered":"http:\/\/desarrollo.mcvicious.com\/aero2020\/2019\/04\/18\/alan-garcia-sepelio-del-ex-presidente-sera-manana-viernes-19-de-abril\/"},"modified":"2019-04-18T14:42:38","modified_gmt":"2019-04-18T14:42:38","slug":"alan-garcia-sepelio-del-ex-presidente-sera-manana-viernes-19-de-abril","status":"publish","type":"post","link":"https:\/\/aeronoticias.com.pe\/noticiero\/politica\/alan-garcia-sepelio-del-ex-presidente-sera-manana-viernes-19-de-abril\/","title":{"rendered":"Alan Garc\u00eda: Sepelio del ex presidente ser\u00e1 ma\u00f1ana viernes 19 de abril"},"content":{"rendered":"<p style=\"text-align: justify;\"><strong>(Aeronoticias)<\/strong>.-\u00a0<span style=\"color: #454545; font-family: Helvetica; font-size: 12px;\">Los restos mortales del ex presidente<\/span><a href=\"https:\/\/elcomercio.pe\/noticias\/alan-garcia\" style=\"font-family: Helvetica; font-size: 12px;\"><span class=\"s1\"> <strong>Alan Garc\u00eda<\/strong><\/span><\/a><span style=\"color: #454545; font-family: Helvetica; font-size: 12px;\"> seguir\u00e1n siendo velados en el local partidario del Apra, en Bre\u00f1a, durante todo el d\u00eda de hoy hasta ma\u00f1ana, viernes 19 de abril, cuando se realizar\u00e1 el sepelio.<\/span><\/p>\n<p class=\"p1\" style=\"text-align: justify;\">Seg\u00fan inform\u00f3 el ex secretario de\u00a0<strong>Alan Garc\u00eda<\/strong>, Ricardo Pinedo, el f\u00e9retro ser\u00e1 trasladado despu\u00e9s del mediod\u00eda del viernes hacia el cementerio de Huachipa.<\/p>\n<p class=\"p2\" style=\"text-align: justify;\">\u00a0<\/p>\n<p class=\"p1\" style=\"text-align: justify;\">\u00abNo hay temas definitivos, pero (el entierro) ser\u00e1 el viernes a las 12 del mediod\u00eda hacia el cementerio de Huachipa\u00bb, indic\u00f3.<\/p>\n<p class=\"p2\" style=\"text-align: justify;\">\u00a0<\/p>\n<p class=\"p1\" style=\"text-align: justify;\">Por su parte, el dirigente del Partido Aprista Omar Quesada, coment\u00f3 que los restos mortales del ex mandatario ser\u00e1n cremados por decisi\u00f3n de la familia.<\/p>\n<p class=\"p1\" style=\"text-align: justify;\">\u00abEl sepelio ser\u00e1 ma\u00f1ana viernes, en Huachipa en el Camposanto Mapfre. Ser\u00e1 cremado y se han hecho todas las consideraciones para que las diferentes bases apristas del pa\u00eds est\u00e9n presentes\u00bb, indic\u00f3 en declaraciones a RPP.<\/p>\n<p class=\"p1\" style=\"text-align: justify;\">\u00a0<\/p>\n<p class=\"p1\" style=\"text-align: justify;\">Mientras tanto, en el local del Partido Aprista siguen llegando amigos, familiares y militantes del Apra para darle el \u00faltimo adi\u00f3s al ex gobernante.<\/p>\n<p class=\"p1\" style=\"text-align: justify;\">\u00a0<\/p>\n<p class=\"p1\" style=\"text-align: justify;\">El f\u00e9retro con los restos de\u00a0<strong>Alan Garc\u00eda<\/strong> fueron trasladados la noche del mi\u00e9rcoles desde el hospital Casimiro Ulloa, en Miraflores, hasta la Casa del Pueblo, ubicada en la avenida Alfonso Ugarte, donde est\u00e1n siendo velados por decisi\u00f3n de la familia del ex jefe de Estado.<\/p>\n<p class=\"p1\" style=\"text-align: justify;\">\u00a0<\/p>\n<p class=\"p1\" style=\"text-align: justify;\">El ex presidente se suicid\u00f3 la ma\u00f1ana del mi\u00e9rcoles momentos antes de que la polic\u00eda y el fiscal adjunto del equipo especial para el caso Lava Jato, Henry Amen\u00e1bar, procedieran a detenerlo de forma preliminar por un plazo de diez d\u00edas.<\/p>\n<p class=\"p1\" style=\"text-align: justify;\">\u00a0<\/p>\n<p class=\"p1\" style=\"text-align: justify;\"><strong>Garc\u00eda P\u00e9rez<\/strong> fue trasladado por los polic\u00edas hacia el hospital Casimiro Ulloa y, seg\u00fan detall\u00f3 el Ministerio de Salud, perdi\u00f3 la vida a las 10:05 a.m. producto de la hemorragia cerebral masiva por el impacto de bala.<\/p>\n<p class=\"p1\" style=\"text-align: justify;\">\u00a0<\/p>\n<p class=\"p1\" style=\"text-align: justify;\"><strong>Alan Garc\u00eda<\/strong>, investigado por presuntas irregularidades y pagos de coimas por los cuales la fiscal\u00eda le imputaba los supuestos delitos de lavado de activos y colusi\u00f3n, ten\u00eda una orden de impedimento de salida del pa\u00eds desde noviembre del 2018, tambi\u00e9n como parte de las investigaciones.<\/p>\n<p class=\"p1\" style=\"text-align: justify;\">\u00a0<\/p>\n<p class=\"p1\" style=\"text-align: justify;\">Tras la confirmaci\u00f3n del fallecimiento de\u00a0<strong>Alan Garc\u00eda<\/strong>, el Gobierno declar\u00f3 tres d\u00edas de duelo desde el mi\u00e9rcoles 17 hasta el viernes 19 de abril.<\/p>\n<p class=\"p1\" style=\"text-align: justify;\">\u00a0<\/p>\n<p class=\"p1\" style=\"text-align: justify;\">Fuente: <span style=\"text-decoration: underline;\"><em><strong>El Comercio<\/strong><\/em><\/span>.<\/p>\n<p class=\"p1\" style=\"text-align: justify;\">\u00a0<\/p>\n<p class=\"p1\" style=\"text-align: justify;\">\u00a0<\/p>\n<p class=\"p1\" style=\"text-align: justify;\"><img decoding=\"async\" src=\"images\/stories\/alansingapur.jpg\" border=\"0\" \/><\/p>\n<p>p.p1 {margin: 0.0px 0.0px 0.0px 0.0px; font: 12.0px Helvetica; color: #454545} p.p2 {margin: 0.0px 0.0px 0.0px 0.0px; font: 12.0px Helvetica; color: #454545; min-height: 14.0px} span.s1 {text-decoration: underline ; color: #e4af09}<\/p>\n","protected":false},"excerpt":{"rendered":"<p>(Aeronoticias).-\u00a0Los restos mortales del ex presidente Alan Garc\u00eda seguir\u00e1n siendo velados en el local partidario del Apra, en Bre\u00f1a, durante todo el d\u00eda de hoy hasta ma\u00f1ana, viernes 19 de abril, cuando se realizar\u00e1 el sepelio. Seg\u00fan inform\u00f3 el ex secretario de\u00a0Alan Garc\u00eda, Ricardo Pinedo, el f\u00e9retro ser\u00e1 trasladado despu\u00e9s del mediod\u00eda del viernes hacia [&hellip;]<\/p>\n","protected":false},"author":1,"featured_media":0,"comment_status":"open","ping_status":"open","sticky":false,"template":"","format":"standard","meta":{"tdm_status":"","tdm_grid_status":"","footnotes":""},"categories":[36],"tags":[],"class_list":{"0":"post-58344","1":"post","2":"type-post","3":"status-publish","4":"format-standard","6":"category-politica"},"yoast_head":"<!-- This site is optimized with the Yoast SEO plugin v25.1 - https:\/\/yoast.com\/wordpress\/plugins\/seo\/ -->\n<title>Alan Garc\u00eda: Sepelio del ex presidente ser\u00e1 ma\u00f1ana viernes 19 de abril<\/title>\n<meta name=\"description\" content=\"Portal de noticias del Per\u00fa sobre el transporte a\u00e9reo, aviaci\u00f3n, turismo, hoteleria, actualidad.\" \/>\n<meta name=\"robots\" content=\"index, follow, max-snippet:-1, max-image-preview:large, max-video-preview:-1\" \/>\n<link rel=\"canonical\" href=\"https:\/\/aeronoticias.com.pe\/noticiero\/politica\/alan-garcia-sepelio-del-ex-presidente-sera-manana-viernes-19-de-abril\/\" \/>\n<meta property=\"og:locale\" content=\"es_ES\" \/>\n<meta property=\"og:type\" content=\"article\" \/>\n<meta property=\"og:title\" content=\"Alan Garc\u00eda: Sepelio del ex presidente ser\u00e1 ma\u00f1ana viernes 19 de abril\" \/>\n<meta property=\"og:description\" content=\"Portal de noticias del Per\u00fa sobre el transporte a\u00e9reo, aviaci\u00f3n, turismo, hoteleria, actualidad.\" \/>\n<meta property=\"og:url\" content=\"https:\/\/aeronoticias.com.pe\/noticiero\/politica\/alan-garcia-sepelio-del-ex-presidente-sera-manana-viernes-19-de-abril\/\" \/>\n<meta property=\"og:site_name\" content=\"Aeronoticias.com.pe\" \/>\n<meta property=\"article:publisher\" content=\"https:\/\/www.facebook.com\/Aeronoticias.com.pe\/\" \/>\n<meta property=\"article:published_time\" content=\"2019-04-18T14:42:38+00:00\" \/>\n<meta name=\"author\" content=\"Redacci\u00f3n Aeronoticias\" \/>\n<meta name=\"twitter:card\" content=\"summary_large_image\" \/>\n<meta name=\"twitter:creator\" content=\"@aeronoticias\" \/>\n<meta name=\"twitter:site\" content=\"@aeronoticias\" \/>\n<meta name=\"twitter:label1\" content=\"Escrito por\" \/>\n\t<meta name=\"twitter:data1\" content=\"Redacci\u00f3n Aeronoticias\" \/>\n\t<meta name=\"twitter:label2\" content=\"Tiempo de lectura\" \/>\n\t<meta name=\"twitter:data2\" content=\"2 minutos\" \/>\n<script type=\"application\/ld+json\" class=\"yoast-schema-graph\">{\"@context\":\"https:\/\/schema.org\",\"@graph\":[{\"@type\":\"WebPage\",\"@id\":\"https:\/\/aeronoticias.com.pe\/noticiero\/politica\/alan-garcia-sepelio-del-ex-presidente-sera-manana-viernes-19-de-abril\/\",\"url\":\"https:\/\/aeronoticias.com.pe\/noticiero\/politica\/alan-garcia-sepelio-del-ex-presidente-sera-manana-viernes-19-de-abril\/\",\"name\":\"Alan Garc\u00eda: Sepelio del ex presidente ser\u00e1 ma\u00f1ana viernes 19 de abril\",\"isPartOf\":{\"@id\":\"https:\/\/aeronoticias.com.pe\/noticiero\/#website\"},\"datePublished\":\"2019-04-18T14:42:38+00:00\",\"author\":{\"@id\":\"https:\/\/aeronoticias.com.pe\/noticiero\/#\/schema\/person\/fc1e5d578f4b62ba1cf7ac2bba1170a0\"},\"description\":\"Portal de noticias del Per\u00fa sobre el transporte a\u00e9reo, aviaci\u00f3n, turismo, hoteleria, actualidad.\",\"breadcrumb\":{\"@id\":\"https:\/\/aeronoticias.com.pe\/noticiero\/politica\/alan-garcia-sepelio-del-ex-presidente-sera-manana-viernes-19-de-abril\/#breadcrumb\"},\"inLanguage\":\"es\",\"potentialAction\":[{\"@type\":\"ReadAction\",\"target\":[\"https:\/\/aeronoticias.com.pe\/noticiero\/politica\/alan-garcia-sepelio-del-ex-presidente-sera-manana-viernes-19-de-abril\/\"]}]},{\"@type\":\"BreadcrumbList\",\"@id\":\"https:\/\/aeronoticias.com.pe\/noticiero\/politica\/alan-garcia-sepelio-del-ex-presidente-sera-manana-viernes-19-de-abril\/#breadcrumb\",\"itemListElement\":[{\"@type\":\"ListItem\",\"position\":1,\"name\":\"Portada\",\"item\":\"https:\/\/aeronoticias.com.pe\/noticiero\/\"},{\"@type\":\"ListItem\",\"position\":2,\"name\":\"Alan Garc\u00eda: Sepelio del ex presidente ser\u00e1 ma\u00f1ana viernes 19 de abril\"}]},{\"@type\":\"WebSite\",\"@id\":\"https:\/\/aeronoticias.com.pe\/noticiero\/#website\",\"url\":\"https:\/\/aeronoticias.com.pe\/noticiero\/\",\"name\":\"Aeronoticias.com.pe\",\"description\":\"Noticias de tranporte aereo, turismo, hoteles, gastronomia, actualidad, internacional\",\"potentialAction\":[{\"@type\":\"SearchAction\",\"target\":{\"@type\":\"EntryPoint\",\"urlTemplate\":\"https:\/\/aeronoticias.com.pe\/noticiero\/?s={search_term_string}\"},\"query-input\":{\"@type\":\"PropertyValueSpecification\",\"valueRequired\":true,\"valueName\":\"search_term_string\"}}],\"inLanguage\":\"es\"},{\"@type\":\"Person\",\"@id\":\"https:\/\/aeronoticias.com.pe\/noticiero\/#\/schema\/person\/fc1e5d578f4b62ba1cf7ac2bba1170a0\",\"name\":\"Redacci\u00f3n Aeronoticias\",\"url\":\"https:\/\/aeronoticias.com.pe\/noticiero\/author\/piloto\/\"}]}<\/script>\n<!-- \/ Yoast SEO plugin. -->","yoast_head_json":{"title":"Alan Garc\u00eda: Sepelio del ex presidente ser\u00e1 ma\u00f1ana viernes 19 de abril","description":"Portal de noticias del Per\u00fa sobre el transporte a\u00e9reo, aviaci\u00f3n, turismo, hoteleria, actualidad.","robots":{"index":"index","follow":"follow","max-snippet":"max-snippet:-1","max-image-preview":"max-image-preview:large","max-video-preview":"max-video-preview:-1"},"canonical":"https:\/\/aeronoticias.com.pe\/noticiero\/politica\/alan-garcia-sepelio-del-ex-presidente-sera-manana-viernes-19-de-abril\/","og_locale":"es_ES","og_type":"article","og_title":"Alan Garc\u00eda: Sepelio del ex presidente ser\u00e1 ma\u00f1ana viernes 19 de abril","og_description":"Portal de noticias del Per\u00fa sobre el transporte a\u00e9reo, aviaci\u00f3n, turismo, hoteleria, actualidad.","og_url":"https:\/\/aeronoticias.com.pe\/noticiero\/politica\/alan-garcia-sepelio-del-ex-presidente-sera-manana-viernes-19-de-abril\/","og_site_name":"Aeronoticias.com.pe","article_publisher":"https:\/\/www.facebook.com\/Aeronoticias.com.pe\/","article_published_time":"2019-04-18T14:42:38+00:00","author":"Redacci\u00f3n Aeronoticias","twitter_card":"summary_large_image","twitter_creator":"@aeronoticias","twitter_site":"@aeronoticias","twitter_misc":{"Escrito por":"Redacci\u00f3n Aeronoticias","Tiempo de lectura":"2 minutos"},"schema":{"@context":"https:\/\/schema.org","@graph":[{"@type":"WebPage","@id":"https:\/\/aeronoticias.com.pe\/noticiero\/politica\/alan-garcia-sepelio-del-ex-presidente-sera-manana-viernes-19-de-abril\/","url":"https:\/\/aeronoticias.com.pe\/noticiero\/politica\/alan-garcia-sepelio-del-ex-presidente-sera-manana-viernes-19-de-abril\/","name":"Alan Garc\u00eda: Sepelio del ex presidente ser\u00e1 ma\u00f1ana viernes 19 de abril","isPartOf":{"@id":"https:\/\/aeronoticias.com.pe\/noticiero\/#website"},"datePublished":"2019-04-18T14:42:38+00:00","author":{"@id":"https:\/\/aeronoticias.com.pe\/noticiero\/#\/schema\/person\/fc1e5d578f4b62ba1cf7ac2bba1170a0"},"description":"Portal de noticias del Per\u00fa sobre el transporte a\u00e9reo, aviaci\u00f3n, turismo, hoteleria, actualidad.","breadcrumb":{"@id":"https:\/\/aeronoticias.com.pe\/noticiero\/politica\/alan-garcia-sepelio-del-ex-presidente-sera-manana-viernes-19-de-abril\/#breadcrumb"},"inLanguage":"es","potentialAction":[{"@type":"ReadAction","target":["https:\/\/aeronoticias.com.pe\/noticiero\/politica\/alan-garcia-sepelio-del-ex-presidente-sera-manana-viernes-19-de-abril\/"]}]},{"@type":"BreadcrumbList","@id":"https:\/\/aeronoticias.com.pe\/noticiero\/politica\/alan-garcia-sepelio-del-ex-presidente-sera-manana-viernes-19-de-abril\/#breadcrumb","itemListElement":[{"@type":"ListItem","position":1,"name":"Portada","item":"https:\/\/aeronoticias.com.pe\/noticiero\/"},{"@type":"ListItem","position":2,"name":"Alan Garc\u00eda: Sepelio del ex presidente ser\u00e1 ma\u00f1ana viernes 19 de abril"}]},{"@type":"WebSite","@id":"https:\/\/aeronoticias.com.pe\/noticiero\/#website","url":"https:\/\/aeronoticias.com.pe\/noticiero\/","name":"Aeronoticias.com.pe","description":"Noticias de tranporte aereo, turismo, hoteles, gastronomia, actualidad, internacional","potentialAction":[{"@type":"SearchAction","target":{"@type":"EntryPoint","urlTemplate":"https:\/\/aeronoticias.com.pe\/noticiero\/?s={search_term_string}"},"query-input":{"@type":"PropertyValueSpecification","valueRequired":true,"valueName":"search_term_string"}}],"inLanguage":"es"},{"@type":"Person","@id":"https:\/\/aeronoticias.com.pe\/noticiero\/#\/schema\/person\/fc1e5d578f4b62ba1cf7ac2bba1170a0","name":"Redacci\u00f3n Aeronoticias","url":"https:\/\/aeronoticias.com.pe\/noticiero\/author\/piloto\/"}]}},"_links":{"self":[{"href":"https:\/\/aeronoticias.com.pe\/noticiero\/wp-json\/wp\/v2\/posts\/58344","targetHints":{"allow":["GET"]}}],"collection":[{"href":"https:\/\/aeronoticias.com.pe\/noticiero\/wp-json\/wp\/v2\/posts"}],"about":[{"href":"https:\/\/aeronoticias.com.pe\/noticiero\/wp-json\/wp\/v2\/types\/post"}],"author":[{"embeddable":true,"href":"https:\/\/aeronoticias.com.pe\/noticiero\/wp-json\/wp\/v2\/users\/1"}],"replies":[{"embeddable":true,"href":"https:\/\/aeronoticias.com.pe\/noticiero\/wp-json\/wp\/v2\/comments?post=58344"}],"version-history":[{"count":0,"href":"https:\/\/aeronoticias.com.pe\/noticiero\/wp-json\/wp\/v2\/posts\/58344\/revisions"}],"wp:attachment":[{"href":"https:\/\/aeronoticias.com.pe\/noticiero\/wp-json\/wp\/v2\/media?parent=58344"}],"wp:term":[{"taxonomy":"category","embeddable":true,"href":"https:\/\/aeronoticias.com.pe\/noticiero\/wp-json\/wp\/v2\/categories?post=58344"},{"taxonomy":"post_tag","embeddable":true,"href":"https:\/\/aeronoticias.com.pe\/noticiero\/wp-json\/wp\/v2\/tags?post=58344"}],"curies":[{"name":"wp","href":"https:\/\/api.w.org\/{rel}","templated":true}]}}