{"id":58346,"date":"2019-04-18T14:51:02","date_gmt":"2019-04-18T14:51:02","guid":{"rendered":"http:\/\/desarrollo.mcvicious.com\/aero2020\/2019\/04\/18\/la-ntsb-investiga-incidente-con-un-avion-de-american-airlines-en-el-aeropuerto-jfk\/"},"modified":"2019-04-18T14:51:02","modified_gmt":"2019-04-18T14:51:02","slug":"la-ntsb-investiga-incidente-con-un-avion-de-american-airlines-en-el-aeropuerto-jfk","status":"publish","type":"post","link":"https:\/\/aeronoticias.com.pe\/noticiero\/internacionales\/la-ntsb-investiga-incidente-con-un-avion-de-american-airlines-en-el-aeropuerto-jfk\/","title":{"rendered":"La NTSB investiga incidente con un avi\u00f3n de American Airlines en el aeropuerto JFK"},"content":{"rendered":"<p style=\"text-align: justify;\"><strong>(Aeronoticias)<\/strong>.-\u00a0<span style=\"color: #454545; font-family: Helvetica; font-size: 12px;\">La Junta Nacional de Seguridad en el Transporte (NTSB) ha abierto una investigaci\u00f3n sobre c\u00f3mo un avi\u00f3n de <\/span><strong style=\"color: #454545; font-family: Helvetica; font-size: 12px;\">American Airlines<\/strong><span style=\"color: #454545; font-family: Helvetica; font-size: 12px;\"> choc\u00f3 contra un letrero de pista mientras despegaba del aeropuerto internacional John F. Kennedy de Nueva York el pasado 10 de abril, lo que oblig\u00f3 al avi\u00f3n a regresar al aeropuerto donde aterriz\u00f3 de forma segura.<\/span><\/p>\n<p class=\"p1\" style=\"text-align: justify;\">El avi\u00f3n, un Airbus A321 que se dirig\u00eda a Los \u00c1ngeles con 102 pasajeros y ocho miembros de la tripulaci\u00f3n, choc\u00f3 con el cartel con la punta de su ala izquierda justo cuando se preparaba para despegar, dijo la NTSB en un correo electr\u00f3nico.<\/p>\n<p class=\"p1\" style=\"text-align: justify;\">\u00a0<\/p>\n<p class=\"p1\" style=\"text-align: justify;\">El avi\u00f3n hab\u00eda experimentado un giro inusual en un momento en que la aeronave suele estar nivelada, dijo la Junta Nacional de Seguridad.<\/p>\n<p class=\"p1\" style=\"text-align: justify;\">\u00a0<\/p>\n<p class=\"p1\" style=\"text-align: justify;\">\u201cAmerican Airlines est\u00e1 investigando este incidente en coordinaci\u00f3n con las autoridades federales\u201d, dijo la aerol\u00ednea en un comunicado.<\/p>\n<p class=\"p1\" style=\"text-align: justify;\">Los pilotos informaron al control de tr\u00e1fico a\u00e9reo que su avi\u00f3n se hab\u00eda inclinado hacia la izquierda por s\u00ed solo, seg\u00fan CBS News.<\/p>\n<p class=\"p1\" style=\"text-align: justify;\">\u00a0<\/p>\n<p class=\"p1\" style=\"text-align: justify;\">La Administraci\u00f3n Federal de Aviaci\u00f3n tambi\u00e9n est\u00e1 investigando el incidente, dijo la agencia en un comunicado.<\/p>\n<p class=\"p1\" style=\"text-align: justify;\">\u00a0<\/p>\n<p class=\"p1\" style=\"text-align: justify;\">Fuente: <span style=\"text-decoration: underline;\"><em><strong>Aviaci\u00f3n al d\u00eda<\/strong><\/em><\/span>.<\/p>\n<p class=\"p1\" style=\"text-align: justify;\">\u00a0<\/p>\n<p class=\"p1\" style=\"text-align: justify;\"><img decoding=\"async\" src=\"images\/stories\/americanairlines.jpg\" border=\"0\" \/><\/p>\n<p> p.p1 {margin: 0.0px 0.0px 0.0px 0.0px; font: 12.0px Helvetica; color: #454545}<\/p>\n","protected":false},"excerpt":{"rendered":"<p>(Aeronoticias).-\u00a0La Junta Nacional de Seguridad en el Transporte (NTSB) ha abierto una investigaci\u00f3n sobre c\u00f3mo un avi\u00f3n de American Airlines choc\u00f3 contra un letrero de pista mientras despegaba del aeropuerto internacional John F. Kennedy de Nueva York el pasado 10 de abril, lo que oblig\u00f3 al avi\u00f3n a regresar al aeropuerto donde aterriz\u00f3 de forma [&hellip;]<\/p>\n","protected":false},"author":1,"featured_media":0,"comment_status":"open","ping_status":"open","sticky":false,"template":"","format":"standard","meta":{"tdm_status":"","tdm_grid_status":"","footnotes":""},"categories":[34],"tags":[],"class_list":{"0":"post-58346","1":"post","2":"type-post","3":"status-publish","4":"format-standard","6":"category-internacionales"},"yoast_head":"<!-- This site is optimized with the Yoast SEO plugin v25.1 - https:\/\/yoast.com\/wordpress\/plugins\/seo\/ -->\n<title>La NTSB investiga incidente con un avi\u00f3n de American Airlines en el aeropuerto JFK<\/title>\n<meta name=\"description\" content=\"Portal de noticias del Per\u00fa sobre el transporte a\u00e9reo, aviaci\u00f3n, turismo, hoteleria, actualidad.\" \/>\n<meta name=\"robots\" content=\"index, follow, max-snippet:-1, max-image-preview:large, max-video-preview:-1\" \/>\n<link rel=\"canonical\" href=\"https:\/\/aeronoticias.com.pe\/noticiero\/internacionales\/la-ntsb-investiga-incidente-con-un-avion-de-american-airlines-en-el-aeropuerto-jfk\/\" \/>\n<meta property=\"og:locale\" content=\"es_ES\" \/>\n<meta property=\"og:type\" content=\"article\" \/>\n<meta property=\"og:title\" content=\"La NTSB investiga incidente con un avi\u00f3n de American Airlines en el aeropuerto JFK\" \/>\n<meta property=\"og:description\" content=\"Portal de noticias del Per\u00fa sobre el transporte a\u00e9reo, aviaci\u00f3n, turismo, hoteleria, actualidad.\" \/>\n<meta property=\"og:url\" content=\"https:\/\/aeronoticias.com.pe\/noticiero\/internacionales\/la-ntsb-investiga-incidente-con-un-avion-de-american-airlines-en-el-aeropuerto-jfk\/\" \/>\n<meta property=\"og:site_name\" content=\"Aeronoticias.com.pe\" \/>\n<meta property=\"article:publisher\" content=\"https:\/\/www.facebook.com\/Aeronoticias.com.pe\/\" \/>\n<meta property=\"article:published_time\" content=\"2019-04-18T14:51:02+00:00\" \/>\n<meta name=\"author\" content=\"Redacci\u00f3n Aeronoticias\" \/>\n<meta name=\"twitter:card\" content=\"summary_large_image\" \/>\n<meta name=\"twitter:creator\" content=\"@aeronoticias\" \/>\n<meta name=\"twitter:site\" content=\"@aeronoticias\" \/>\n<meta name=\"twitter:label1\" content=\"Escrito por\" \/>\n\t<meta name=\"twitter:data1\" content=\"Redacci\u00f3n Aeronoticias\" \/>\n\t<meta name=\"twitter:label2\" content=\"Tiempo de lectura\" \/>\n\t<meta name=\"twitter:data2\" content=\"1 minuto\" \/>\n<script type=\"application\/ld+json\" class=\"yoast-schema-graph\">{\"@context\":\"https:\/\/schema.org\",\"@graph\":[{\"@type\":\"WebPage\",\"@id\":\"https:\/\/aeronoticias.com.pe\/noticiero\/internacionales\/la-ntsb-investiga-incidente-con-un-avion-de-american-airlines-en-el-aeropuerto-jfk\/\",\"url\":\"https:\/\/aeronoticias.com.pe\/noticiero\/internacionales\/la-ntsb-investiga-incidente-con-un-avion-de-american-airlines-en-el-aeropuerto-jfk\/\",\"name\":\"La NTSB investiga incidente con un avi\u00f3n de American Airlines en el aeropuerto JFK\",\"isPartOf\":{\"@id\":\"https:\/\/aeronoticias.com.pe\/noticiero\/#website\"},\"datePublished\":\"2019-04-18T14:51:02+00:00\",\"author\":{\"@id\":\"https:\/\/aeronoticias.com.pe\/noticiero\/#\/schema\/person\/fc1e5d578f4b62ba1cf7ac2bba1170a0\"},\"description\":\"Portal de noticias del Per\u00fa sobre el transporte a\u00e9reo, aviaci\u00f3n, turismo, hoteleria, actualidad.\",\"breadcrumb\":{\"@id\":\"https:\/\/aeronoticias.com.pe\/noticiero\/internacionales\/la-ntsb-investiga-incidente-con-un-avion-de-american-airlines-en-el-aeropuerto-jfk\/#breadcrumb\"},\"inLanguage\":\"es\",\"potentialAction\":[{\"@type\":\"ReadAction\",\"target\":[\"https:\/\/aeronoticias.com.pe\/noticiero\/internacionales\/la-ntsb-investiga-incidente-con-un-avion-de-american-airlines-en-el-aeropuerto-jfk\/\"]}]},{\"@type\":\"BreadcrumbList\",\"@id\":\"https:\/\/aeronoticias.com.pe\/noticiero\/internacionales\/la-ntsb-investiga-incidente-con-un-avion-de-american-airlines-en-el-aeropuerto-jfk\/#breadcrumb\",\"itemListElement\":[{\"@type\":\"ListItem\",\"position\":1,\"name\":\"Portada\",\"item\":\"https:\/\/aeronoticias.com.pe\/noticiero\/\"},{\"@type\":\"ListItem\",\"position\":2,\"name\":\"La NTSB investiga incidente con un avi\u00f3n de American Airlines en el aeropuerto JFK\"}]},{\"@type\":\"WebSite\",\"@id\":\"https:\/\/aeronoticias.com.pe\/noticiero\/#website\",\"url\":\"https:\/\/aeronoticias.com.pe\/noticiero\/\",\"name\":\"Aeronoticias.com.pe\",\"description\":\"Noticias de tranporte aereo, turismo, hoteles, gastronomia, actualidad, internacional\",\"potentialAction\":[{\"@type\":\"SearchAction\",\"target\":{\"@type\":\"EntryPoint\",\"urlTemplate\":\"https:\/\/aeronoticias.com.pe\/noticiero\/?s={search_term_string}\"},\"query-input\":{\"@type\":\"PropertyValueSpecification\",\"valueRequired\":true,\"valueName\":\"search_term_string\"}}],\"inLanguage\":\"es\"},{\"@type\":\"Person\",\"@id\":\"https:\/\/aeronoticias.com.pe\/noticiero\/#\/schema\/person\/fc1e5d578f4b62ba1cf7ac2bba1170a0\",\"name\":\"Redacci\u00f3n Aeronoticias\",\"url\":\"https:\/\/aeronoticias.com.pe\/noticiero\/author\/piloto\/\"}]}<\/script>\n<!-- \/ Yoast SEO plugin. -->","yoast_head_json":{"title":"La NTSB investiga incidente con un avi\u00f3n de American Airlines en el aeropuerto JFK","description":"Portal de noticias del Per\u00fa sobre el transporte a\u00e9reo, aviaci\u00f3n, turismo, hoteleria, actualidad.","robots":{"index":"index","follow":"follow","max-snippet":"max-snippet:-1","max-image-preview":"max-image-preview:large","max-video-preview":"max-video-preview:-1"},"canonical":"https:\/\/aeronoticias.com.pe\/noticiero\/internacionales\/la-ntsb-investiga-incidente-con-un-avion-de-american-airlines-en-el-aeropuerto-jfk\/","og_locale":"es_ES","og_type":"article","og_title":"La NTSB investiga incidente con un avi\u00f3n de American Airlines en el aeropuerto JFK","og_description":"Portal de noticias del Per\u00fa sobre el transporte a\u00e9reo, aviaci\u00f3n, turismo, hoteleria, actualidad.","og_url":"https:\/\/aeronoticias.com.pe\/noticiero\/internacionales\/la-ntsb-investiga-incidente-con-un-avion-de-american-airlines-en-el-aeropuerto-jfk\/","og_site_name":"Aeronoticias.com.pe","article_publisher":"https:\/\/www.facebook.com\/Aeronoticias.com.pe\/","article_published_time":"2019-04-18T14:51:02+00:00","author":"Redacci\u00f3n Aeronoticias","twitter_card":"summary_large_image","twitter_creator":"@aeronoticias","twitter_site":"@aeronoticias","twitter_misc":{"Escrito por":"Redacci\u00f3n Aeronoticias","Tiempo de lectura":"1 minuto"},"schema":{"@context":"https:\/\/schema.org","@graph":[{"@type":"WebPage","@id":"https:\/\/aeronoticias.com.pe\/noticiero\/internacionales\/la-ntsb-investiga-incidente-con-un-avion-de-american-airlines-en-el-aeropuerto-jfk\/","url":"https:\/\/aeronoticias.com.pe\/noticiero\/internacionales\/la-ntsb-investiga-incidente-con-un-avion-de-american-airlines-en-el-aeropuerto-jfk\/","name":"La NTSB investiga incidente con un avi\u00f3n de American Airlines en el aeropuerto JFK","isPartOf":{"@id":"https:\/\/aeronoticias.com.pe\/noticiero\/#website"},"datePublished":"2019-04-18T14:51:02+00:00","author":{"@id":"https:\/\/aeronoticias.com.pe\/noticiero\/#\/schema\/person\/fc1e5d578f4b62ba1cf7ac2bba1170a0"},"description":"Portal de noticias del Per\u00fa sobre el transporte a\u00e9reo, aviaci\u00f3n, turismo, hoteleria, actualidad.","breadcrumb":{"@id":"https:\/\/aeronoticias.com.pe\/noticiero\/internacionales\/la-ntsb-investiga-incidente-con-un-avion-de-american-airlines-en-el-aeropuerto-jfk\/#breadcrumb"},"inLanguage":"es","potentialAction":[{"@type":"ReadAction","target":["https:\/\/aeronoticias.com.pe\/noticiero\/internacionales\/la-ntsb-investiga-incidente-con-un-avion-de-american-airlines-en-el-aeropuerto-jfk\/"]}]},{"@type":"BreadcrumbList","@id":"https:\/\/aeronoticias.com.pe\/noticiero\/internacionales\/la-ntsb-investiga-incidente-con-un-avion-de-american-airlines-en-el-aeropuerto-jfk\/#breadcrumb","itemListElement":[{"@type":"ListItem","position":1,"name":"Portada","item":"https:\/\/aeronoticias.com.pe\/noticiero\/"},{"@type":"ListItem","position":2,"name":"La NTSB investiga incidente con un avi\u00f3n de American Airlines en el aeropuerto JFK"}]},{"@type":"WebSite","@id":"https:\/\/aeronoticias.com.pe\/noticiero\/#website","url":"https:\/\/aeronoticias.com.pe\/noticiero\/","name":"Aeronoticias.com.pe","description":"Noticias de tranporte aereo, turismo, hoteles, gastronomia, actualidad, internacional","potentialAction":[{"@type":"SearchAction","target":{"@type":"EntryPoint","urlTemplate":"https:\/\/aeronoticias.com.pe\/noticiero\/?s={search_term_string}"},"query-input":{"@type":"PropertyValueSpecification","valueRequired":true,"valueName":"search_term_string"}}],"inLanguage":"es"},{"@type":"Person","@id":"https:\/\/aeronoticias.com.pe\/noticiero\/#\/schema\/person\/fc1e5d578f4b62ba1cf7ac2bba1170a0","name":"Redacci\u00f3n Aeronoticias","url":"https:\/\/aeronoticias.com.pe\/noticiero\/author\/piloto\/"}]}},"_links":{"self":[{"href":"https:\/\/aeronoticias.com.pe\/noticiero\/wp-json\/wp\/v2\/posts\/58346","targetHints":{"allow":["GET"]}}],"collection":[{"href":"https:\/\/aeronoticias.com.pe\/noticiero\/wp-json\/wp\/v2\/posts"}],"about":[{"href":"https:\/\/aeronoticias.com.pe\/noticiero\/wp-json\/wp\/v2\/types\/post"}],"author":[{"embeddable":true,"href":"https:\/\/aeronoticias.com.pe\/noticiero\/wp-json\/wp\/v2\/users\/1"}],"replies":[{"embeddable":true,"href":"https:\/\/aeronoticias.com.pe\/noticiero\/wp-json\/wp\/v2\/comments?post=58346"}],"version-history":[{"count":0,"href":"https:\/\/aeronoticias.com.pe\/noticiero\/wp-json\/wp\/v2\/posts\/58346\/revisions"}],"wp:attachment":[{"href":"https:\/\/aeronoticias.com.pe\/noticiero\/wp-json\/wp\/v2\/media?parent=58346"}],"wp:term":[{"taxonomy":"category","embeddable":true,"href":"https:\/\/aeronoticias.com.pe\/noticiero\/wp-json\/wp\/v2\/categories?post=58346"},{"taxonomy":"post_tag","embeddable":true,"href":"https:\/\/aeronoticias.com.pe\/noticiero\/wp-json\/wp\/v2\/tags?post=58346"}],"curies":[{"name":"wp","href":"https:\/\/api.w.org\/{rel}","templated":true}]}}