{"id":58353,"date":"2019-04-20T14:00:00","date_gmt":"2019-04-20T14:00:00","guid":{"rendered":"http:\/\/desarrollo.mcvicious.com\/aero2020\/2019\/04\/20\/se-suicido-el-ex-presidente-del-peru-alan-garcia-perez\/"},"modified":"2019-04-20T14:00:00","modified_gmt":"2019-04-20T14:00:00","slug":"se-suicido-el-ex-presidente-del-peru-alan-garcia-perez","status":"publish","type":"post","link":"https:\/\/aeronoticias.com.pe\/noticiero\/politica\/se-suicido-el-ex-presidente-del-peru-alan-garcia-perez\/","title":{"rendered":"Se suicid\u00f3 el ex Presidente del Per\u00fa, Alan Garc\u00eda P\u00e9rez"},"content":{"rendered":"<p style=\"text-align: justify;\"><strong>(Aeronoticias)<\/strong> El l\u00edder aprista y dos veces Presidente Constitucional del Per\u00fa, Alan Garc\u00eda P\u00e9rez, se suicid\u00f3 alrededor de las 7 de la ma\u00f1ana del\u00a0 d\u00eda mi\u00e9rcoles 17 de abril del 2019 en su domicilio, para evitar ser detenido por un grupo policial especial en el proceso que se le segu\u00eda para esclarecer su participaci\u00f3n en millonarios sobornos de la constructora brasile\u00f1a Odebrecht durante su gobierno.<\/p>\n<p style=\"text-align: justify;\">Seg\u00fan informaciones oficiales, Garc\u00eda sostuvo un breve di\u00e1logo con las autoridades encabezadas por un Fiscal que pretend\u00edan ejecutar su detenci\u00f3n preliminar, pero inmediatamente \u00e9l se encerr\u00f3 en su habitaci\u00f3n donde se dispar\u00f3 un balazo en la cien.<\/p>\n<p style=\"text-align: justify;\">Garc\u00eda fue llevado inmediatamente al hospital m\u00e1s cercano a su domicilio, el Casimiro Ulloa en el distrito de Miraflores, donde fue intervenido quir\u00fargicamente pero lamentablemente tras tres paros respiratorios dej\u00f3 de existir alrededor a las 10 de la ma\u00f1ana, causando gran conmoci\u00f3n en los medios pol\u00edticos y populares del Per\u00fa.<\/p>\n<p style=\"text-align: justify;\">Sus restos fueron velados en el local del Partido Aprista Peruano, sita en la avenida Alfonso Ugarte de Lima donde ya se iz\u00f3 la bandera nacional a media asta mientras se espera a numerosas delegaciones de este partido procedentes de todo el pa\u00eds. Posteriormente, sus restos fueron cremados en el Cementerio de Huachipa.<\/p>\n<p style=\"text-align: justify;\">Sin duda, la presencia de la constructora brasile\u00f1a Odebrecht en importantes obras planificadas por los \u00faltimos cuatro gobiernos del Per\u00fa ha sido nefasta, pu\u00e9s dos de ellos han pisado la c\u00e1rcel, un tercero est\u00e1 pr\u00f3fugo y el cuarto termin\u00f3 suicid\u00e1ndose, tal vez para evitar su humillaci\u00f3n.<\/p>\n<p style=\"text-align: justify;\"><img decoding=\"async\" src=\"images\/stories\/19\/04\/220419\/alangarcia.jpg\" border=\"0\" \/><\/p>\n","protected":false},"excerpt":{"rendered":"<p>(Aeronoticias) El l\u00edder aprista y dos veces Presidente Constitucional del Per\u00fa, Alan Garc\u00eda P\u00e9rez, se suicid\u00f3 alrededor de las 7 de la ma\u00f1ana del\u00a0 d\u00eda mi\u00e9rcoles 17 de abril del 2019 en su domicilio, para evitar ser detenido por un grupo policial especial en el proceso que se le segu\u00eda para esclarecer su participaci\u00f3n en [&hellip;]<\/p>\n","protected":false},"author":1,"featured_media":0,"comment_status":"open","ping_status":"open","sticky":false,"template":"","format":"standard","meta":{"tdm_status":"","tdm_grid_status":"","footnotes":""},"categories":[36],"tags":[],"class_list":{"0":"post-58353","1":"post","2":"type-post","3":"status-publish","4":"format-standard","6":"category-politica"},"yoast_head":"<!-- This site is optimized with the Yoast SEO plugin v25.1 - https:\/\/yoast.com\/wordpress\/plugins\/seo\/ -->\n<title>Se suicid\u00f3 el ex Presidente del Per\u00fa, Alan Garc\u00eda P\u00e9rez<\/title>\n<meta name=\"description\" content=\"Portal de noticias del Per\u00fa sobre el transporte a\u00e9reo, aviaci\u00f3n, turismo, hoteleria, actualidad.\" \/>\n<meta name=\"robots\" content=\"index, follow, max-snippet:-1, max-image-preview:large, max-video-preview:-1\" \/>\n<link rel=\"canonical\" href=\"https:\/\/aeronoticias.com.pe\/noticiero\/politica\/se-suicido-el-ex-presidente-del-peru-alan-garcia-perez\/\" \/>\n<meta property=\"og:locale\" content=\"es_ES\" \/>\n<meta property=\"og:type\" content=\"article\" \/>\n<meta property=\"og:title\" content=\"Se suicid\u00f3 el ex Presidente del Per\u00fa, Alan Garc\u00eda P\u00e9rez\" \/>\n<meta property=\"og:description\" content=\"Portal de noticias del Per\u00fa sobre el transporte a\u00e9reo, aviaci\u00f3n, turismo, hoteleria, actualidad.\" \/>\n<meta property=\"og:url\" content=\"https:\/\/aeronoticias.com.pe\/noticiero\/politica\/se-suicido-el-ex-presidente-del-peru-alan-garcia-perez\/\" \/>\n<meta property=\"og:site_name\" content=\"Aeronoticias.com.pe\" \/>\n<meta property=\"article:publisher\" content=\"https:\/\/www.facebook.com\/Aeronoticias.com.pe\/\" \/>\n<meta property=\"article:published_time\" content=\"2019-04-20T14:00:00+00:00\" \/>\n<meta name=\"author\" content=\"Redacci\u00f3n Aeronoticias\" \/>\n<meta name=\"twitter:card\" content=\"summary_large_image\" \/>\n<meta name=\"twitter:creator\" content=\"@aeronoticias\" \/>\n<meta name=\"twitter:site\" content=\"@aeronoticias\" \/>\n<meta name=\"twitter:label1\" content=\"Escrito por\" \/>\n\t<meta name=\"twitter:data1\" content=\"Redacci\u00f3n Aeronoticias\" \/>\n\t<meta name=\"twitter:label2\" content=\"Tiempo de lectura\" \/>\n\t<meta name=\"twitter:data2\" content=\"1 minuto\" \/>\n<script type=\"application\/ld+json\" class=\"yoast-schema-graph\">{\"@context\":\"https:\/\/schema.org\",\"@graph\":[{\"@type\":\"WebPage\",\"@id\":\"https:\/\/aeronoticias.com.pe\/noticiero\/politica\/se-suicido-el-ex-presidente-del-peru-alan-garcia-perez\/\",\"url\":\"https:\/\/aeronoticias.com.pe\/noticiero\/politica\/se-suicido-el-ex-presidente-del-peru-alan-garcia-perez\/\",\"name\":\"Se suicid\u00f3 el ex Presidente del Per\u00fa, Alan Garc\u00eda P\u00e9rez\",\"isPartOf\":{\"@id\":\"https:\/\/aeronoticias.com.pe\/noticiero\/#website\"},\"datePublished\":\"2019-04-20T14:00:00+00:00\",\"author\":{\"@id\":\"https:\/\/aeronoticias.com.pe\/noticiero\/#\/schema\/person\/fc1e5d578f4b62ba1cf7ac2bba1170a0\"},\"description\":\"Portal de noticias del Per\u00fa sobre el transporte a\u00e9reo, aviaci\u00f3n, turismo, hoteleria, actualidad.\",\"breadcrumb\":{\"@id\":\"https:\/\/aeronoticias.com.pe\/noticiero\/politica\/se-suicido-el-ex-presidente-del-peru-alan-garcia-perez\/#breadcrumb\"},\"inLanguage\":\"es\",\"potentialAction\":[{\"@type\":\"ReadAction\",\"target\":[\"https:\/\/aeronoticias.com.pe\/noticiero\/politica\/se-suicido-el-ex-presidente-del-peru-alan-garcia-perez\/\"]}]},{\"@type\":\"BreadcrumbList\",\"@id\":\"https:\/\/aeronoticias.com.pe\/noticiero\/politica\/se-suicido-el-ex-presidente-del-peru-alan-garcia-perez\/#breadcrumb\",\"itemListElement\":[{\"@type\":\"ListItem\",\"position\":1,\"name\":\"Portada\",\"item\":\"https:\/\/aeronoticias.com.pe\/noticiero\/\"},{\"@type\":\"ListItem\",\"position\":2,\"name\":\"Se suicid\u00f3 el ex Presidente del Per\u00fa, Alan Garc\u00eda P\u00e9rez\"}]},{\"@type\":\"WebSite\",\"@id\":\"https:\/\/aeronoticias.com.pe\/noticiero\/#website\",\"url\":\"https:\/\/aeronoticias.com.pe\/noticiero\/\",\"name\":\"Aeronoticias.com.pe\",\"description\":\"Noticias de tranporte aereo, turismo, hoteles, gastronomia, actualidad, internacional\",\"potentialAction\":[{\"@type\":\"SearchAction\",\"target\":{\"@type\":\"EntryPoint\",\"urlTemplate\":\"https:\/\/aeronoticias.com.pe\/noticiero\/?s={search_term_string}\"},\"query-input\":{\"@type\":\"PropertyValueSpecification\",\"valueRequired\":true,\"valueName\":\"search_term_string\"}}],\"inLanguage\":\"es\"},{\"@type\":\"Person\",\"@id\":\"https:\/\/aeronoticias.com.pe\/noticiero\/#\/schema\/person\/fc1e5d578f4b62ba1cf7ac2bba1170a0\",\"name\":\"Redacci\u00f3n Aeronoticias\",\"url\":\"https:\/\/aeronoticias.com.pe\/noticiero\/author\/piloto\/\"}]}<\/script>\n<!-- \/ Yoast SEO plugin. -->","yoast_head_json":{"title":"Se suicid\u00f3 el ex Presidente del Per\u00fa, Alan Garc\u00eda P\u00e9rez","description":"Portal de noticias del Per\u00fa sobre el transporte a\u00e9reo, aviaci\u00f3n, turismo, hoteleria, actualidad.","robots":{"index":"index","follow":"follow","max-snippet":"max-snippet:-1","max-image-preview":"max-image-preview:large","max-video-preview":"max-video-preview:-1"},"canonical":"https:\/\/aeronoticias.com.pe\/noticiero\/politica\/se-suicido-el-ex-presidente-del-peru-alan-garcia-perez\/","og_locale":"es_ES","og_type":"article","og_title":"Se suicid\u00f3 el ex Presidente del Per\u00fa, Alan Garc\u00eda P\u00e9rez","og_description":"Portal de noticias del Per\u00fa sobre el transporte a\u00e9reo, aviaci\u00f3n, turismo, hoteleria, actualidad.","og_url":"https:\/\/aeronoticias.com.pe\/noticiero\/politica\/se-suicido-el-ex-presidente-del-peru-alan-garcia-perez\/","og_site_name":"Aeronoticias.com.pe","article_publisher":"https:\/\/www.facebook.com\/Aeronoticias.com.pe\/","article_published_time":"2019-04-20T14:00:00+00:00","author":"Redacci\u00f3n Aeronoticias","twitter_card":"summary_large_image","twitter_creator":"@aeronoticias","twitter_site":"@aeronoticias","twitter_misc":{"Escrito por":"Redacci\u00f3n Aeronoticias","Tiempo de lectura":"1 minuto"},"schema":{"@context":"https:\/\/schema.org","@graph":[{"@type":"WebPage","@id":"https:\/\/aeronoticias.com.pe\/noticiero\/politica\/se-suicido-el-ex-presidente-del-peru-alan-garcia-perez\/","url":"https:\/\/aeronoticias.com.pe\/noticiero\/politica\/se-suicido-el-ex-presidente-del-peru-alan-garcia-perez\/","name":"Se suicid\u00f3 el ex Presidente del Per\u00fa, Alan Garc\u00eda P\u00e9rez","isPartOf":{"@id":"https:\/\/aeronoticias.com.pe\/noticiero\/#website"},"datePublished":"2019-04-20T14:00:00+00:00","author":{"@id":"https:\/\/aeronoticias.com.pe\/noticiero\/#\/schema\/person\/fc1e5d578f4b62ba1cf7ac2bba1170a0"},"description":"Portal de noticias del Per\u00fa sobre el transporte a\u00e9reo, aviaci\u00f3n, turismo, hoteleria, actualidad.","breadcrumb":{"@id":"https:\/\/aeronoticias.com.pe\/noticiero\/politica\/se-suicido-el-ex-presidente-del-peru-alan-garcia-perez\/#breadcrumb"},"inLanguage":"es","potentialAction":[{"@type":"ReadAction","target":["https:\/\/aeronoticias.com.pe\/noticiero\/politica\/se-suicido-el-ex-presidente-del-peru-alan-garcia-perez\/"]}]},{"@type":"BreadcrumbList","@id":"https:\/\/aeronoticias.com.pe\/noticiero\/politica\/se-suicido-el-ex-presidente-del-peru-alan-garcia-perez\/#breadcrumb","itemListElement":[{"@type":"ListItem","position":1,"name":"Portada","item":"https:\/\/aeronoticias.com.pe\/noticiero\/"},{"@type":"ListItem","position":2,"name":"Se suicid\u00f3 el ex Presidente del Per\u00fa, Alan Garc\u00eda P\u00e9rez"}]},{"@type":"WebSite","@id":"https:\/\/aeronoticias.com.pe\/noticiero\/#website","url":"https:\/\/aeronoticias.com.pe\/noticiero\/","name":"Aeronoticias.com.pe","description":"Noticias de tranporte aereo, turismo, hoteles, gastronomia, actualidad, internacional","potentialAction":[{"@type":"SearchAction","target":{"@type":"EntryPoint","urlTemplate":"https:\/\/aeronoticias.com.pe\/noticiero\/?s={search_term_string}"},"query-input":{"@type":"PropertyValueSpecification","valueRequired":true,"valueName":"search_term_string"}}],"inLanguage":"es"},{"@type":"Person","@id":"https:\/\/aeronoticias.com.pe\/noticiero\/#\/schema\/person\/fc1e5d578f4b62ba1cf7ac2bba1170a0","name":"Redacci\u00f3n Aeronoticias","url":"https:\/\/aeronoticias.com.pe\/noticiero\/author\/piloto\/"}]}},"_links":{"self":[{"href":"https:\/\/aeronoticias.com.pe\/noticiero\/wp-json\/wp\/v2\/posts\/58353","targetHints":{"allow":["GET"]}}],"collection":[{"href":"https:\/\/aeronoticias.com.pe\/noticiero\/wp-json\/wp\/v2\/posts"}],"about":[{"href":"https:\/\/aeronoticias.com.pe\/noticiero\/wp-json\/wp\/v2\/types\/post"}],"author":[{"embeddable":true,"href":"https:\/\/aeronoticias.com.pe\/noticiero\/wp-json\/wp\/v2\/users\/1"}],"replies":[{"embeddable":true,"href":"https:\/\/aeronoticias.com.pe\/noticiero\/wp-json\/wp\/v2\/comments?post=58353"}],"version-history":[{"count":0,"href":"https:\/\/aeronoticias.com.pe\/noticiero\/wp-json\/wp\/v2\/posts\/58353\/revisions"}],"wp:attachment":[{"href":"https:\/\/aeronoticias.com.pe\/noticiero\/wp-json\/wp\/v2\/media?parent=58353"}],"wp:term":[{"taxonomy":"category","embeddable":true,"href":"https:\/\/aeronoticias.com.pe\/noticiero\/wp-json\/wp\/v2\/categories?post=58353"},{"taxonomy":"post_tag","embeddable":true,"href":"https:\/\/aeronoticias.com.pe\/noticiero\/wp-json\/wp\/v2\/tags?post=58353"}],"curies":[{"name":"wp","href":"https:\/\/api.w.org\/{rel}","templated":true}]}}