{"id":58375,"date":"2019-04-26T18:54:23","date_gmt":"2019-04-26T18:54:23","guid":{"rendered":"http:\/\/desarrollo.mcvicious.com\/aero2020\/2019\/04\/26\/avianca-argentina-podria-dejar-de-volar\/"},"modified":"2020-11-25T19:13:27","modified_gmt":"2020-11-26T00:13:27","slug":"avianca-argentina-podria-dejar-de-volar","status":"publish","type":"post","link":"https:\/\/aeronoticias.com.pe\/noticiero\/transporte-aereo\/internacional\/avianca-argentina-podria-dejar-de-volar\/","title":{"rendered":"Avianca Argentina podr\u00eda dejar de volar"},"content":{"rendered":"\n<p>La gesti\u00f3n aerocomercial del Gobierno corre al ritmo de las vicisitudes econ\u00f3micas del pa\u00eds. Una revoluci\u00f3n de vuelos low cost que no fue. Anuncios rimbombantes de cielos surcados por aviones de bajo costo que hoy no despegan de tierra.<\/p>\n\n\n\n<p>Ejemplos sobran: Royal Class nunca pudo volar rutas regulares por trabas que le puso el Gobierno, Alas del Sur ni siquiera estuvo cerca de operar; Lasa baj\u00f3 las persianas a fines del a\u00f1o pasado, y hoy reconfigur\u00f3 su plan de negocios de la mano de nuevos socios extranjeros; Andes est\u00e1 inmersa en un plan de ajuste y no paga los sueldos; Norwegian se est\u00e1 llevando los aviones (dej\u00f3 s\u00f3lo dos aeronaves en la Argentina); Flybondi viaja s\u00f3lo con cinco naves y en el t\u00e9rmino de un a\u00f1o acumula m\u00e1s de 200 incidentes; Jet Smart tiene apenas un avi\u00f3n.<\/p>\n\n\n\n<p class=\"p1\">Menos de una decena de aviones operativos. \u201cMuy poco, si uno lo contrasta con informaci\u00f3n p\u00fablica que hay en la p\u00e1gina de la ANAC, donde seg\u00fan los Business Plan de las distintas compa\u00f1\u00edas al momento de solicitar las rutas, hoy deber\u00eda haber m\u00e1s de 60 aviones operativos\u201d, confes\u00f3 una fuente del sector aerocomercial.<\/p>\n\n\n\n<p class=\"p1\">En este escenario, complejo, la aerol\u00ednea Avian L\u00edneas \u00c1ereas dejar\u00eda de operar en breve en el mercado local. \u201cEn 20 d\u00edas le sacan los aviones por falta de pago. Arrastra una deuda de 30 millones de d\u00f3lares desde que empez\u00f3 la operaci\u00f3n. Ya le cortaron la cuenta corriente de combustible y est\u00e1 en una situaci\u00f3n muy cr\u00edtica. En los pr\u00f3ximos d\u00edas van a anunciar que dejan de operar\u201d, sentenci\u00f3 la fuente y agreg\u00f3: \u201cEs imposible luchar contra el 70% del componente de una aerol\u00edneas en d\u00f3lares cuando oper\u00e1s con tarifas en pesos y encima te perforan la banda m\u00ednima y no pod\u00e9s cobrar un ticket a un precio digno\u201d.<\/p>\n\n\n\n<p class=\"p1\">En el ba\u00fal de los recuerdos quedar\u00e1 la compra de MacAir (la l\u00ednea a\u00e9rea creada por Franco Macri) por parte de Avianca. En aquel momento el objetivo era ingresar al negocio de vuelos low cost en el pa\u00eds.<\/p>\n\n\n\n<p class=\"p1\">Un a\u00f1o m\u00e1s tarde, en febrero de 2018, Avianca present\u00f3 un procedimiento preventivo de crisis al Gobierno para poder continuar sus operaciones. Como dato reciente, el Grupo Socma (de la familia Macri) demand\u00f3 a la firma Avian SA, que explota la marca Avianca en la Argentina, por una deuda de 7 millones de d\u00f3lares. Hoy el destino est\u00e1 echado, aseguran. Cabe recordar que Avianca Argentina es propiedad de Synergy Group, el cual tambi\u00e9n es accionista mayoritario de Avianca Holdings.<\/p>\n\n\n\n<p class=\"p1\">Fuente: <span style=\"text-decoration: underline;\"><em><strong>Aviaci\u00f3n al d\u00eda<\/strong><\/em><\/span>.<\/p>\n","protected":false},"excerpt":{"rendered":"<p>La gesti\u00f3n aerocomercial del Gobierno corre al ritmo de las vicisitudes econ\u00f3micas del pa\u00eds. Una revoluci\u00f3n de vuelos low cost que no fue. Anuncios rimbombantes de cielos surcados por aviones de bajo costo que hoy no despegan de tierra. Ejemplos sobran: Royal Class nunca pudo volar rutas regulares por trabas que le puso el Gobierno, [&hellip;]<\/p>\n","protected":false},"author":1,"featured_media":66825,"comment_status":"open","ping_status":"open","sticky":false,"template":"","format":"standard","meta":{"tdm_status":"","tdm_grid_status":"","footnotes":""},"categories":[32,11],"tags":[1043,310],"class_list":{"0":"post-58375","1":"post","2":"type-post","3":"status-publish","4":"format-standard","5":"has-post-thumbnail","7":"category-internacional","8":"category-transporte-aereo","9":"tag-avianca-argentina","10":"tag-vuelos-low-cost"},"yoast_head":"<!-- This site is optimized with the Yoast SEO plugin v25.1 - https:\/\/yoast.com\/wordpress\/plugins\/seo\/ -->\n<title>Avianca Argentina podr\u00eda dejar de volar<\/title>\n<meta name=\"description\" content=\"La gesti\u00f3n aerocomercial del Gobierno corre al ritmo de las vicisitudes econ\u00f3micas del pa\u00eds. Una revoluci\u00f3n de vuelos low cost que no fue. Anuncios rimbombantes de cielos surcados por aviones de bajo costo que hoy no despegan de tierra.\" \/>\n<meta name=\"robots\" content=\"index, follow, max-snippet:-1, max-image-preview:large, max-video-preview:-1\" \/>\n<link rel=\"canonical\" href=\"https:\/\/aeronoticias.com.pe\/noticiero\/transporte-aereo\/internacional\/avianca-argentina-podria-dejar-de-volar\/\" \/>\n<meta property=\"og:locale\" content=\"es_ES\" \/>\n<meta property=\"og:type\" content=\"article\" \/>\n<meta property=\"og:title\" content=\"Avianca Argentina podr\u00eda dejar de volar\" \/>\n<meta property=\"og:description\" content=\"La gesti\u00f3n aerocomercial del Gobierno corre al ritmo de las vicisitudes econ\u00f3micas del pa\u00eds. Una revoluci\u00f3n de vuelos low cost que no fue. Anuncios rimbombantes de cielos surcados por aviones de bajo costo que hoy no despegan de tierra.\" \/>\n<meta property=\"og:url\" content=\"https:\/\/aeronoticias.com.pe\/noticiero\/transporte-aereo\/internacional\/avianca-argentina-podria-dejar-de-volar\/\" \/>\n<meta property=\"og:site_name\" content=\"Aeronoticias.com.pe\" \/>\n<meta property=\"article:publisher\" content=\"https:\/\/www.facebook.com\/Aeronoticias.com.pe\/\" \/>\n<meta property=\"article:published_time\" content=\"2019-04-26T18:54:23+00:00\" \/>\n<meta property=\"article:modified_time\" content=\"2020-11-26T00:13:27+00:00\" \/>\n<meta property=\"og:image\" content=\"https:\/\/aeronoticias.com.pe\/noticiero\/wp-content\/uploads\/2019\/04\/Avianca-Argentina.jpg\" \/>\n\t<meta property=\"og:image:width\" content=\"1024\" \/>\n\t<meta property=\"og:image:height\" content=\"535\" \/>\n\t<meta property=\"og:image:type\" content=\"image\/jpeg\" \/>\n<meta name=\"author\" content=\"Redacci\u00f3n Aeronoticias\" \/>\n<meta name=\"twitter:card\" content=\"summary_large_image\" \/>\n<meta name=\"twitter:creator\" content=\"@aeronoticias\" \/>\n<meta name=\"twitter:site\" content=\"@aeronoticias\" \/>\n<meta name=\"twitter:label1\" content=\"Escrito por\" \/>\n\t<meta name=\"twitter:data1\" content=\"Redacci\u00f3n Aeronoticias\" \/>\n\t<meta name=\"twitter:label2\" content=\"Tiempo de lectura\" \/>\n\t<meta name=\"twitter:data2\" content=\"2 minutos\" \/>\n<script type=\"application\/ld+json\" class=\"yoast-schema-graph\">{\"@context\":\"https:\/\/schema.org\",\"@graph\":[{\"@type\":\"WebPage\",\"@id\":\"https:\/\/aeronoticias.com.pe\/noticiero\/transporte-aereo\/internacional\/avianca-argentina-podria-dejar-de-volar\/\",\"url\":\"https:\/\/aeronoticias.com.pe\/noticiero\/transporte-aereo\/internacional\/avianca-argentina-podria-dejar-de-volar\/\",\"name\":\"Avianca Argentina podr\u00eda dejar de volar\",\"isPartOf\":{\"@id\":\"https:\/\/aeronoticias.com.pe\/noticiero\/#website\"},\"primaryImageOfPage\":{\"@id\":\"https:\/\/aeronoticias.com.pe\/noticiero\/transporte-aereo\/internacional\/avianca-argentina-podria-dejar-de-volar\/#primaryimage\"},\"image\":{\"@id\":\"https:\/\/aeronoticias.com.pe\/noticiero\/transporte-aereo\/internacional\/avianca-argentina-podria-dejar-de-volar\/#primaryimage\"},\"thumbnailUrl\":\"https:\/\/aeronoticias.com.pe\/noticiero\/wp-content\/uploads\/2019\/04\/Avianca-Argentina.jpg\",\"datePublished\":\"2019-04-26T18:54:23+00:00\",\"dateModified\":\"2020-11-26T00:13:27+00:00\",\"author\":{\"@id\":\"https:\/\/aeronoticias.com.pe\/noticiero\/#\/schema\/person\/fc1e5d578f4b62ba1cf7ac2bba1170a0\"},\"description\":\"La gesti\u00f3n aerocomercial del Gobierno corre al ritmo de las vicisitudes econ\u00f3micas del pa\u00eds. Una revoluci\u00f3n de vuelos low cost que no fue. Anuncios rimbombantes de cielos surcados por aviones de bajo costo que hoy no despegan de tierra.\",\"breadcrumb\":{\"@id\":\"https:\/\/aeronoticias.com.pe\/noticiero\/transporte-aereo\/internacional\/avianca-argentina-podria-dejar-de-volar\/#breadcrumb\"},\"inLanguage\":\"es\",\"potentialAction\":[{\"@type\":\"ReadAction\",\"target\":[\"https:\/\/aeronoticias.com.pe\/noticiero\/transporte-aereo\/internacional\/avianca-argentina-podria-dejar-de-volar\/\"]}]},{\"@type\":\"ImageObject\",\"inLanguage\":\"es\",\"@id\":\"https:\/\/aeronoticias.com.pe\/noticiero\/transporte-aereo\/internacional\/avianca-argentina-podria-dejar-de-volar\/#primaryimage\",\"url\":\"https:\/\/aeronoticias.com.pe\/noticiero\/wp-content\/uploads\/2019\/04\/Avianca-Argentina.jpg\",\"contentUrl\":\"https:\/\/aeronoticias.com.pe\/noticiero\/wp-content\/uploads\/2019\/04\/Avianca-Argentina.jpg\",\"width\":1024,\"height\":535},{\"@type\":\"BreadcrumbList\",\"@id\":\"https:\/\/aeronoticias.com.pe\/noticiero\/transporte-aereo\/internacional\/avianca-argentina-podria-dejar-de-volar\/#breadcrumb\",\"itemListElement\":[{\"@type\":\"ListItem\",\"position\":1,\"name\":\"Portada\",\"item\":\"https:\/\/aeronoticias.com.pe\/noticiero\/\"},{\"@type\":\"ListItem\",\"position\":2,\"name\":\"Avianca Argentina podr\u00eda dejar de volar\"}]},{\"@type\":\"WebSite\",\"@id\":\"https:\/\/aeronoticias.com.pe\/noticiero\/#website\",\"url\":\"https:\/\/aeronoticias.com.pe\/noticiero\/\",\"name\":\"Aeronoticias.com.pe\",\"description\":\"Noticias de tranporte aereo, turismo, hoteles, gastronomia, actualidad, internacional\",\"potentialAction\":[{\"@type\":\"SearchAction\",\"target\":{\"@type\":\"EntryPoint\",\"urlTemplate\":\"https:\/\/aeronoticias.com.pe\/noticiero\/?s={search_term_string}\"},\"query-input\":{\"@type\":\"PropertyValueSpecification\",\"valueRequired\":true,\"valueName\":\"search_term_string\"}}],\"inLanguage\":\"es\"},{\"@type\":\"Person\",\"@id\":\"https:\/\/aeronoticias.com.pe\/noticiero\/#\/schema\/person\/fc1e5d578f4b62ba1cf7ac2bba1170a0\",\"name\":\"Redacci\u00f3n Aeronoticias\",\"url\":\"https:\/\/aeronoticias.com.pe\/noticiero\/author\/piloto\/\"}]}<\/script>\n<!-- \/ Yoast SEO plugin. -->","yoast_head_json":{"title":"Avianca Argentina podr\u00eda dejar de volar","description":"La gesti\u00f3n aerocomercial del Gobierno corre al ritmo de las vicisitudes econ\u00f3micas del pa\u00eds. Una revoluci\u00f3n de vuelos low cost que no fue. Anuncios rimbombantes de cielos surcados por aviones de bajo costo que hoy no despegan de tierra.","robots":{"index":"index","follow":"follow","max-snippet":"max-snippet:-1","max-image-preview":"max-image-preview:large","max-video-preview":"max-video-preview:-1"},"canonical":"https:\/\/aeronoticias.com.pe\/noticiero\/transporte-aereo\/internacional\/avianca-argentina-podria-dejar-de-volar\/","og_locale":"es_ES","og_type":"article","og_title":"Avianca Argentina podr\u00eda dejar de volar","og_description":"La gesti\u00f3n aerocomercial del Gobierno corre al ritmo de las vicisitudes econ\u00f3micas del pa\u00eds. Una revoluci\u00f3n de vuelos low cost que no fue. Anuncios rimbombantes de cielos surcados por aviones de bajo costo que hoy no despegan de tierra.","og_url":"https:\/\/aeronoticias.com.pe\/noticiero\/transporte-aereo\/internacional\/avianca-argentina-podria-dejar-de-volar\/","og_site_name":"Aeronoticias.com.pe","article_publisher":"https:\/\/www.facebook.com\/Aeronoticias.com.pe\/","article_published_time":"2019-04-26T18:54:23+00:00","article_modified_time":"2020-11-26T00:13:27+00:00","og_image":[{"width":1024,"height":535,"url":"https:\/\/aeronoticias.com.pe\/noticiero\/wp-content\/uploads\/2019\/04\/Avianca-Argentina.jpg","type":"image\/jpeg"}],"author":"Redacci\u00f3n Aeronoticias","twitter_card":"summary_large_image","twitter_creator":"@aeronoticias","twitter_site":"@aeronoticias","twitter_misc":{"Escrito por":"Redacci\u00f3n Aeronoticias","Tiempo de lectura":"2 minutos"},"schema":{"@context":"https:\/\/schema.org","@graph":[{"@type":"WebPage","@id":"https:\/\/aeronoticias.com.pe\/noticiero\/transporte-aereo\/internacional\/avianca-argentina-podria-dejar-de-volar\/","url":"https:\/\/aeronoticias.com.pe\/noticiero\/transporte-aereo\/internacional\/avianca-argentina-podria-dejar-de-volar\/","name":"Avianca Argentina podr\u00eda dejar de volar","isPartOf":{"@id":"https:\/\/aeronoticias.com.pe\/noticiero\/#website"},"primaryImageOfPage":{"@id":"https:\/\/aeronoticias.com.pe\/noticiero\/transporte-aereo\/internacional\/avianca-argentina-podria-dejar-de-volar\/#primaryimage"},"image":{"@id":"https:\/\/aeronoticias.com.pe\/noticiero\/transporte-aereo\/internacional\/avianca-argentina-podria-dejar-de-volar\/#primaryimage"},"thumbnailUrl":"https:\/\/aeronoticias.com.pe\/noticiero\/wp-content\/uploads\/2019\/04\/Avianca-Argentina.jpg","datePublished":"2019-04-26T18:54:23+00:00","dateModified":"2020-11-26T00:13:27+00:00","author":{"@id":"https:\/\/aeronoticias.com.pe\/noticiero\/#\/schema\/person\/fc1e5d578f4b62ba1cf7ac2bba1170a0"},"description":"La gesti\u00f3n aerocomercial del Gobierno corre al ritmo de las vicisitudes econ\u00f3micas del pa\u00eds. Una revoluci\u00f3n de vuelos low cost que no fue. Anuncios rimbombantes de cielos surcados por aviones de bajo costo que hoy no despegan de tierra.","breadcrumb":{"@id":"https:\/\/aeronoticias.com.pe\/noticiero\/transporte-aereo\/internacional\/avianca-argentina-podria-dejar-de-volar\/#breadcrumb"},"inLanguage":"es","potentialAction":[{"@type":"ReadAction","target":["https:\/\/aeronoticias.com.pe\/noticiero\/transporte-aereo\/internacional\/avianca-argentina-podria-dejar-de-volar\/"]}]},{"@type":"ImageObject","inLanguage":"es","@id":"https:\/\/aeronoticias.com.pe\/noticiero\/transporte-aereo\/internacional\/avianca-argentina-podria-dejar-de-volar\/#primaryimage","url":"https:\/\/aeronoticias.com.pe\/noticiero\/wp-content\/uploads\/2019\/04\/Avianca-Argentina.jpg","contentUrl":"https:\/\/aeronoticias.com.pe\/noticiero\/wp-content\/uploads\/2019\/04\/Avianca-Argentina.jpg","width":1024,"height":535},{"@type":"BreadcrumbList","@id":"https:\/\/aeronoticias.com.pe\/noticiero\/transporte-aereo\/internacional\/avianca-argentina-podria-dejar-de-volar\/#breadcrumb","itemListElement":[{"@type":"ListItem","position":1,"name":"Portada","item":"https:\/\/aeronoticias.com.pe\/noticiero\/"},{"@type":"ListItem","position":2,"name":"Avianca Argentina podr\u00eda dejar de volar"}]},{"@type":"WebSite","@id":"https:\/\/aeronoticias.com.pe\/noticiero\/#website","url":"https:\/\/aeronoticias.com.pe\/noticiero\/","name":"Aeronoticias.com.pe","description":"Noticias de tranporte aereo, turismo, hoteles, gastronomia, actualidad, internacional","potentialAction":[{"@type":"SearchAction","target":{"@type":"EntryPoint","urlTemplate":"https:\/\/aeronoticias.com.pe\/noticiero\/?s={search_term_string}"},"query-input":{"@type":"PropertyValueSpecification","valueRequired":true,"valueName":"search_term_string"}}],"inLanguage":"es"},{"@type":"Person","@id":"https:\/\/aeronoticias.com.pe\/noticiero\/#\/schema\/person\/fc1e5d578f4b62ba1cf7ac2bba1170a0","name":"Redacci\u00f3n Aeronoticias","url":"https:\/\/aeronoticias.com.pe\/noticiero\/author\/piloto\/"}]}},"_links":{"self":[{"href":"https:\/\/aeronoticias.com.pe\/noticiero\/wp-json\/wp\/v2\/posts\/58375","targetHints":{"allow":["GET"]}}],"collection":[{"href":"https:\/\/aeronoticias.com.pe\/noticiero\/wp-json\/wp\/v2\/posts"}],"about":[{"href":"https:\/\/aeronoticias.com.pe\/noticiero\/wp-json\/wp\/v2\/types\/post"}],"author":[{"embeddable":true,"href":"https:\/\/aeronoticias.com.pe\/noticiero\/wp-json\/wp\/v2\/users\/1"}],"replies":[{"embeddable":true,"href":"https:\/\/aeronoticias.com.pe\/noticiero\/wp-json\/wp\/v2\/comments?post=58375"}],"version-history":[{"count":0,"href":"https:\/\/aeronoticias.com.pe\/noticiero\/wp-json\/wp\/v2\/posts\/58375\/revisions"}],"wp:featuredmedia":[{"embeddable":true,"href":"https:\/\/aeronoticias.com.pe\/noticiero\/wp-json\/wp\/v2\/media\/66825"}],"wp:attachment":[{"href":"https:\/\/aeronoticias.com.pe\/noticiero\/wp-json\/wp\/v2\/media?parent=58375"}],"wp:term":[{"taxonomy":"category","embeddable":true,"href":"https:\/\/aeronoticias.com.pe\/noticiero\/wp-json\/wp\/v2\/categories?post=58375"},{"taxonomy":"post_tag","embeddable":true,"href":"https:\/\/aeronoticias.com.pe\/noticiero\/wp-json\/wp\/v2\/tags?post=58375"}],"curies":[{"name":"wp","href":"https:\/\/api.w.org\/{rel}","templated":true}]}}