{"id":58377,"date":"2019-04-26T19:02:58","date_gmt":"2019-04-26T19:02:58","guid":{"rendered":"http:\/\/desarrollo.mcvicious.com\/aero2020\/2019\/04\/26\/la-faa-dara-a-conocer-en-mayo-avances-sobre-investigacion-del-boeing-737-max\/"},"modified":"2019-04-26T19:02:58","modified_gmt":"2019-04-26T19:02:58","slug":"la-faa-dara-a-conocer-en-mayo-avances-sobre-investigacion-del-boeing-737-max","status":"publish","type":"post","link":"https:\/\/aeronoticias.com.pe\/noticiero\/internacionales\/la-faa-dara-a-conocer-en-mayo-avances-sobre-investigacion-del-boeing-737-max\/","title":{"rendered":"La FAA dar\u00e1 a conocer en mayo avances sobre investigaci\u00f3n del Boeing 737 MAX"},"content":{"rendered":"<p style=\"text-align: justify;\"><strong>(Aeronoticias)<\/strong>.-\u00a0<span style=\"color: #454545; font-family: Helvetica; font-size: 12px;\">La Administraci\u00f3n Federal de Aviaci\u00f3n de Estados Unidos (FAA) informar\u00e1 a los reguladores de la aviaci\u00f3n internacional el pr\u00f3ximo mes sobre el trabajo de la agencia en t\u00e9rminos de cu\u00e1ndo el <\/span><strong style=\"color: #454545; font-family: Helvetica; font-size: 12px;\">Boeing 737 Max<\/strong><span style=\"color: #454545; font-family: Helvetica; font-size: 12px;\"> puede regresar al servicio, lo que algunos pa\u00edses han se\u00f1alado que tienen la intenci\u00f3n de decidir por su cuenta.<\/span><\/p>\n<p class=\"p1\" style=\"text-align: justify;\">La FAA convoc\u00f3 la reuni\u00f3n del 23 de mayo \u201cpara proporcionar a los participantes el an\u00e1lisis de seguridad de la FAA que informar\u00e1 sobre su decisi\u00f3n de devolver la flota de 737 Max al servicio en EU una vez se realice\u201d, dijo en un comunicado.<\/p>\n<p class=\"p1\" style=\"text-align: justify;\">\u00a0<\/p>\n<p class=\"p1\" style=\"text-align: justify;\">De acuerdo con la agencia, los expertos en seguridad estar\u00e1n disponibles para responder las preguntas planteadas por los otros reguladores, en un momento en el que deben considerar si permitir que los vuelos se reanuden en sus pa\u00edses.<\/p>\n<p class=\"p1\" style=\"text-align: justify;\">\u00a0<\/p>\n<p class=\"p1\" style=\"text-align: justify;\">El anuncio se genera cuando la FAA espera la propuesta formal de Boeing de cambios en el 737 Max con la intenci\u00f3n de abordar aquello a lo que se enfrentaron los pilotos en dos accidentes fatales desde octubre y que cobraron la vida de 346 personas.<\/p>\n<p class=\"p1\" style=\"text-align: justify;\">Los accidentes se han relacionado con el sistema de aumento de las caracter\u00edsticas de maniobra del 737 Max, o MCAS, que empuja autom\u00e1ticamente hacia abajo la punta del avi\u00f3n para prevenir un bloqueo.<\/p>\n<p class=\"p1\" style=\"text-align: justify;\">\u00a0<\/p>\n<p class=\"p1\" style=\"text-align: justify;\">En ambos choques, los pilotos se esforzaron por mantener el avi\u00f3n en alto despu\u00e9s de que el sistema se activ\u00f3 por datos err\u00f3neos del sensor y finalmente causaron los fatales accidentes.<\/p>\n<p class=\"p1\" style=\"text-align: justify;\">Los reguladores de la aviaci\u00f3n en China, la Uni\u00f3n Europea, Canad\u00e1 y otros lugares detuvieron los vuelos poco despu\u00e9s de que un 737 Max operado por Ethiopian Airlines se estrellara el 10 de marzo.<\/p>\n<p class=\"p1\" style=\"text-align: justify;\">\u00a0<\/p>\n<p class=\"p1\" style=\"text-align: justify;\">Inicialmente, la FAA dud\u00f3 en inmovilizar los aviones, citando evidencia insuficiente para vincular el accidente de marzo con la p\u00e9rdida del Lion Air 737 Max que se hundi\u00f3 en el mar de Java en octubre pasado.<\/p>\n<p class=\"p1\" style=\"text-align: justify;\">Despu\u00e9s de obtener datos y evidencia f\u00edsica reciente que muestran claras similitudes entre los desastres, y despu\u00e9s de que decenas de otros pa\u00edses hubieran inmovilizado la aeronave, la FAA detuvo todos los vuelos el 13 de marzo.<\/p>\n<p class=\"p1\" style=\"text-align: justify;\">\u00a0<\/p>\n<p class=\"p1\" style=\"text-align: justify;\">Por separado, la FAA convocar\u00e1 el 29 de abril una revisi\u00f3n conjunta de la certificaci\u00f3n original del 737 Max con las autoridades de aviaci\u00f3n de ocho pa\u00edses, entre ellos Canad\u00e1, China, Brasil y la Uni\u00f3n Europea.<\/p>\n<p class=\"p1\" style=\"text-align: justify;\">\u00a0<\/p>\n<p class=\"p1\" style=\"text-align: justify;\">El trabajo de la Revisi\u00f3n T\u00e9cnica de Autoridades Conjuntas es independiente del an\u00e1lisis de la FAA sobre los cambios propuestos por Boeing al 737 Max para determinar cu\u00e1ndo puede volver al servicio, seg\u00fan la agencia.<\/p>\n<p class=\"p1\" style=\"text-align: justify;\">\u00a0<\/p>\n<p class=\"p1\" style=\"text-align: justify;\">Fuente: <span style=\"text-decoration: underline;\"><em><strong>El Financiero.<\/strong><\/em><\/span><\/p>\n<p class=\"p1\" style=\"text-align: justify;\">\u00a0<\/p>\n<p class=\"p1\" style=\"text-align: justify;\"><span style=\"text-decoration: underline;\"><em><strong><img decoding=\"async\" src=\"images\/stories\/boeing_flota.jpg\" border=\"0\" \/><br \/><\/strong><\/em><\/span><\/p>\n<p> p.p1 {margin: 0.0px 0.0px 0.0px 0.0px; font: 12.0px Helvetica; color: #454545}<\/p>\n","protected":false},"excerpt":{"rendered":"<p>(Aeronoticias).-\u00a0La Administraci\u00f3n Federal de Aviaci\u00f3n de Estados Unidos (FAA) informar\u00e1 a los reguladores de la aviaci\u00f3n internacional el pr\u00f3ximo mes sobre el trabajo de la agencia en t\u00e9rminos de cu\u00e1ndo el Boeing 737 Max puede regresar al servicio, lo que algunos pa\u00edses han se\u00f1alado que tienen la intenci\u00f3n de decidir por su cuenta. La FAA [&hellip;]<\/p>\n","protected":false},"author":1,"featured_media":0,"comment_status":"open","ping_status":"open","sticky":false,"template":"","format":"standard","meta":{"tdm_status":"","tdm_grid_status":"","footnotes":""},"categories":[34],"tags":[],"class_list":{"0":"post-58377","1":"post","2":"type-post","3":"status-publish","4":"format-standard","6":"category-internacionales"},"yoast_head":"<!-- This site is optimized with the Yoast SEO plugin v25.1 - https:\/\/yoast.com\/wordpress\/plugins\/seo\/ -->\n<title>La FAA dar\u00e1 a conocer en mayo avances sobre investigaci\u00f3n del Boeing 737 MAX<\/title>\n<meta name=\"description\" content=\"Portal de noticias del Per\u00fa sobre el transporte a\u00e9reo, aviaci\u00f3n, turismo, hoteleria, actualidad.\" \/>\n<meta name=\"robots\" content=\"index, follow, max-snippet:-1, max-image-preview:large, max-video-preview:-1\" \/>\n<link rel=\"canonical\" href=\"https:\/\/aeronoticias.com.pe\/noticiero\/internacionales\/la-faa-dara-a-conocer-en-mayo-avances-sobre-investigacion-del-boeing-737-max\/\" \/>\n<meta property=\"og:locale\" content=\"es_ES\" \/>\n<meta property=\"og:type\" content=\"article\" \/>\n<meta property=\"og:title\" content=\"La FAA dar\u00e1 a conocer en mayo avances sobre investigaci\u00f3n del Boeing 737 MAX\" \/>\n<meta property=\"og:description\" content=\"Portal de noticias del Per\u00fa sobre el transporte a\u00e9reo, aviaci\u00f3n, turismo, hoteleria, actualidad.\" \/>\n<meta property=\"og:url\" content=\"https:\/\/aeronoticias.com.pe\/noticiero\/internacionales\/la-faa-dara-a-conocer-en-mayo-avances-sobre-investigacion-del-boeing-737-max\/\" \/>\n<meta property=\"og:site_name\" content=\"Aeronoticias.com.pe\" \/>\n<meta property=\"article:publisher\" content=\"https:\/\/www.facebook.com\/Aeronoticias.com.pe\/\" \/>\n<meta property=\"article:published_time\" content=\"2019-04-26T19:02:58+00:00\" \/>\n<meta name=\"author\" content=\"Redacci\u00f3n Aeronoticias\" \/>\n<meta name=\"twitter:card\" content=\"summary_large_image\" \/>\n<meta name=\"twitter:creator\" content=\"@aeronoticias\" \/>\n<meta name=\"twitter:site\" content=\"@aeronoticias\" \/>\n<meta name=\"twitter:label1\" content=\"Escrito por\" \/>\n\t<meta name=\"twitter:data1\" content=\"Redacci\u00f3n Aeronoticias\" \/>\n\t<meta name=\"twitter:label2\" content=\"Tiempo de lectura\" \/>\n\t<meta name=\"twitter:data2\" content=\"2 minutos\" \/>\n<script type=\"application\/ld+json\" class=\"yoast-schema-graph\">{\"@context\":\"https:\/\/schema.org\",\"@graph\":[{\"@type\":\"WebPage\",\"@id\":\"https:\/\/aeronoticias.com.pe\/noticiero\/internacionales\/la-faa-dara-a-conocer-en-mayo-avances-sobre-investigacion-del-boeing-737-max\/\",\"url\":\"https:\/\/aeronoticias.com.pe\/noticiero\/internacionales\/la-faa-dara-a-conocer-en-mayo-avances-sobre-investigacion-del-boeing-737-max\/\",\"name\":\"La FAA dar\u00e1 a conocer en mayo avances sobre investigaci\u00f3n del Boeing 737 MAX\",\"isPartOf\":{\"@id\":\"https:\/\/aeronoticias.com.pe\/noticiero\/#website\"},\"datePublished\":\"2019-04-26T19:02:58+00:00\",\"author\":{\"@id\":\"https:\/\/aeronoticias.com.pe\/noticiero\/#\/schema\/person\/fc1e5d578f4b62ba1cf7ac2bba1170a0\"},\"description\":\"Portal de noticias del Per\u00fa sobre el transporte a\u00e9reo, aviaci\u00f3n, turismo, hoteleria, actualidad.\",\"breadcrumb\":{\"@id\":\"https:\/\/aeronoticias.com.pe\/noticiero\/internacionales\/la-faa-dara-a-conocer-en-mayo-avances-sobre-investigacion-del-boeing-737-max\/#breadcrumb\"},\"inLanguage\":\"es\",\"potentialAction\":[{\"@type\":\"ReadAction\",\"target\":[\"https:\/\/aeronoticias.com.pe\/noticiero\/internacionales\/la-faa-dara-a-conocer-en-mayo-avances-sobre-investigacion-del-boeing-737-max\/\"]}]},{\"@type\":\"BreadcrumbList\",\"@id\":\"https:\/\/aeronoticias.com.pe\/noticiero\/internacionales\/la-faa-dara-a-conocer-en-mayo-avances-sobre-investigacion-del-boeing-737-max\/#breadcrumb\",\"itemListElement\":[{\"@type\":\"ListItem\",\"position\":1,\"name\":\"Portada\",\"item\":\"https:\/\/aeronoticias.com.pe\/noticiero\/\"},{\"@type\":\"ListItem\",\"position\":2,\"name\":\"La FAA dar\u00e1 a conocer en mayo avances sobre investigaci\u00f3n del Boeing 737 MAX\"}]},{\"@type\":\"WebSite\",\"@id\":\"https:\/\/aeronoticias.com.pe\/noticiero\/#website\",\"url\":\"https:\/\/aeronoticias.com.pe\/noticiero\/\",\"name\":\"Aeronoticias.com.pe\",\"description\":\"Noticias de tranporte aereo, turismo, hoteles, gastronomia, actualidad, internacional\",\"potentialAction\":[{\"@type\":\"SearchAction\",\"target\":{\"@type\":\"EntryPoint\",\"urlTemplate\":\"https:\/\/aeronoticias.com.pe\/noticiero\/?s={search_term_string}\"},\"query-input\":{\"@type\":\"PropertyValueSpecification\",\"valueRequired\":true,\"valueName\":\"search_term_string\"}}],\"inLanguage\":\"es\"},{\"@type\":\"Person\",\"@id\":\"https:\/\/aeronoticias.com.pe\/noticiero\/#\/schema\/person\/fc1e5d578f4b62ba1cf7ac2bba1170a0\",\"name\":\"Redacci\u00f3n Aeronoticias\",\"url\":\"https:\/\/aeronoticias.com.pe\/noticiero\/author\/piloto\/\"}]}<\/script>\n<!-- \/ Yoast SEO plugin. -->","yoast_head_json":{"title":"La FAA dar\u00e1 a conocer en mayo avances sobre investigaci\u00f3n del Boeing 737 MAX","description":"Portal de noticias del Per\u00fa sobre el transporte a\u00e9reo, aviaci\u00f3n, turismo, hoteleria, actualidad.","robots":{"index":"index","follow":"follow","max-snippet":"max-snippet:-1","max-image-preview":"max-image-preview:large","max-video-preview":"max-video-preview:-1"},"canonical":"https:\/\/aeronoticias.com.pe\/noticiero\/internacionales\/la-faa-dara-a-conocer-en-mayo-avances-sobre-investigacion-del-boeing-737-max\/","og_locale":"es_ES","og_type":"article","og_title":"La FAA dar\u00e1 a conocer en mayo avances sobre investigaci\u00f3n del Boeing 737 MAX","og_description":"Portal de noticias del Per\u00fa sobre el transporte a\u00e9reo, aviaci\u00f3n, turismo, hoteleria, actualidad.","og_url":"https:\/\/aeronoticias.com.pe\/noticiero\/internacionales\/la-faa-dara-a-conocer-en-mayo-avances-sobre-investigacion-del-boeing-737-max\/","og_site_name":"Aeronoticias.com.pe","article_publisher":"https:\/\/www.facebook.com\/Aeronoticias.com.pe\/","article_published_time":"2019-04-26T19:02:58+00:00","author":"Redacci\u00f3n Aeronoticias","twitter_card":"summary_large_image","twitter_creator":"@aeronoticias","twitter_site":"@aeronoticias","twitter_misc":{"Escrito por":"Redacci\u00f3n Aeronoticias","Tiempo de lectura":"2 minutos"},"schema":{"@context":"https:\/\/schema.org","@graph":[{"@type":"WebPage","@id":"https:\/\/aeronoticias.com.pe\/noticiero\/internacionales\/la-faa-dara-a-conocer-en-mayo-avances-sobre-investigacion-del-boeing-737-max\/","url":"https:\/\/aeronoticias.com.pe\/noticiero\/internacionales\/la-faa-dara-a-conocer-en-mayo-avances-sobre-investigacion-del-boeing-737-max\/","name":"La FAA dar\u00e1 a conocer en mayo avances sobre investigaci\u00f3n del Boeing 737 MAX","isPartOf":{"@id":"https:\/\/aeronoticias.com.pe\/noticiero\/#website"},"datePublished":"2019-04-26T19:02:58+00:00","author":{"@id":"https:\/\/aeronoticias.com.pe\/noticiero\/#\/schema\/person\/fc1e5d578f4b62ba1cf7ac2bba1170a0"},"description":"Portal de noticias del Per\u00fa sobre el transporte a\u00e9reo, aviaci\u00f3n, turismo, hoteleria, actualidad.","breadcrumb":{"@id":"https:\/\/aeronoticias.com.pe\/noticiero\/internacionales\/la-faa-dara-a-conocer-en-mayo-avances-sobre-investigacion-del-boeing-737-max\/#breadcrumb"},"inLanguage":"es","potentialAction":[{"@type":"ReadAction","target":["https:\/\/aeronoticias.com.pe\/noticiero\/internacionales\/la-faa-dara-a-conocer-en-mayo-avances-sobre-investigacion-del-boeing-737-max\/"]}]},{"@type":"BreadcrumbList","@id":"https:\/\/aeronoticias.com.pe\/noticiero\/internacionales\/la-faa-dara-a-conocer-en-mayo-avances-sobre-investigacion-del-boeing-737-max\/#breadcrumb","itemListElement":[{"@type":"ListItem","position":1,"name":"Portada","item":"https:\/\/aeronoticias.com.pe\/noticiero\/"},{"@type":"ListItem","position":2,"name":"La FAA dar\u00e1 a conocer en mayo avances sobre investigaci\u00f3n del Boeing 737 MAX"}]},{"@type":"WebSite","@id":"https:\/\/aeronoticias.com.pe\/noticiero\/#website","url":"https:\/\/aeronoticias.com.pe\/noticiero\/","name":"Aeronoticias.com.pe","description":"Noticias de tranporte aereo, turismo, hoteles, gastronomia, actualidad, internacional","potentialAction":[{"@type":"SearchAction","target":{"@type":"EntryPoint","urlTemplate":"https:\/\/aeronoticias.com.pe\/noticiero\/?s={search_term_string}"},"query-input":{"@type":"PropertyValueSpecification","valueRequired":true,"valueName":"search_term_string"}}],"inLanguage":"es"},{"@type":"Person","@id":"https:\/\/aeronoticias.com.pe\/noticiero\/#\/schema\/person\/fc1e5d578f4b62ba1cf7ac2bba1170a0","name":"Redacci\u00f3n Aeronoticias","url":"https:\/\/aeronoticias.com.pe\/noticiero\/author\/piloto\/"}]}},"_links":{"self":[{"href":"https:\/\/aeronoticias.com.pe\/noticiero\/wp-json\/wp\/v2\/posts\/58377","targetHints":{"allow":["GET"]}}],"collection":[{"href":"https:\/\/aeronoticias.com.pe\/noticiero\/wp-json\/wp\/v2\/posts"}],"about":[{"href":"https:\/\/aeronoticias.com.pe\/noticiero\/wp-json\/wp\/v2\/types\/post"}],"author":[{"embeddable":true,"href":"https:\/\/aeronoticias.com.pe\/noticiero\/wp-json\/wp\/v2\/users\/1"}],"replies":[{"embeddable":true,"href":"https:\/\/aeronoticias.com.pe\/noticiero\/wp-json\/wp\/v2\/comments?post=58377"}],"version-history":[{"count":0,"href":"https:\/\/aeronoticias.com.pe\/noticiero\/wp-json\/wp\/v2\/posts\/58377\/revisions"}],"wp:attachment":[{"href":"https:\/\/aeronoticias.com.pe\/noticiero\/wp-json\/wp\/v2\/media?parent=58377"}],"wp:term":[{"taxonomy":"category","embeddable":true,"href":"https:\/\/aeronoticias.com.pe\/noticiero\/wp-json\/wp\/v2\/categories?post=58377"},{"taxonomy":"post_tag","embeddable":true,"href":"https:\/\/aeronoticias.com.pe\/noticiero\/wp-json\/wp\/v2\/tags?post=58377"}],"curies":[{"name":"wp","href":"https:\/\/api.w.org\/{rel}","templated":true}]}}