{"id":58379,"date":"2019-04-26T19:33:36","date_gmt":"2019-04-26T19:33:36","guid":{"rendered":"http:\/\/desarrollo.mcvicious.com\/aero2020\/2019\/04\/26\/giuliana-antonella-palacin-gutierrez-a-punto-de-cumplir-su-mayor-sueno\/"},"modified":"2019-04-26T19:33:36","modified_gmt":"2019-04-26T19:33:36","slug":"giuliana-antonella-palacin-gutierrez-a-punto-de-cumplir-su-mayor-sueno","status":"publish","type":"post","link":"https:\/\/aeronoticias.com.pe\/noticiero\/salud\/giuliana-antonella-palacin-gutierrez-a-punto-de-cumplir-su-mayor-sueno\/","title":{"rendered":"Giuliana Antonella Palacin Guti\u00e9rrez&#8230; a punto de cumplir su mayor sue\u00f1o"},"content":{"rendered":"<p style=\"text-align: justify;\"><strong>(Aeronoticias) <\/strong><span style=\"text-align: justify;\">A fines del oto\u00f1o 1986, un 02 de setiembre en Lima-Per\u00fa, como dando la bienvenida a la primavera, naci\u00f3 una peque\u00f1a ni\u00f1a llamada Giuliana Antonella Palacin Guti\u00e9rrez. Recibida con mucho amor, creci\u00f3 feliz con el sue\u00f1o de ser una gran Odont\u00f3loga. Destinada a seguir los pasos de la familia, podr\u00eda haber sido una gran Abogada, ya que su padre y su hermano continuaron ese rumbo.<\/span><\/p>\n<p style=\"text-align: justify;\">Sin embargo, ella era diferente, llena de vitalidad, nada seria, por el contrario, llena de energ\u00eda que lograba sacar siempre\u00a0 lo mejor de los dem\u00e1s, y quien la ve\u00eda siempre le regalaba una sonrisa. Rodeada de sonrisas y de estar acostumbrada a eso, no se le ocurri\u00f3 mejor idea que estudiar Odontolog\u00eda.<\/p>\n<p style=\"text-align: justify;\"><strong>Por qu\u00e9 quer\u00eda estudiar Odontolog\u00eda?<br \/><\/strong>Sencillamente era su sue\u00f1o y decidi\u00f3 hacerlo realidad. Sab\u00eda que era una carrera bastante larga y costosa, pero eso no era un impedimento.\u00a0 Ella ten\u00eda lo que m\u00e1s se necesita para esa carrera\u2026 muchas cualidades humanas. Es paciente, caritativa, graciosa, sincera, simp\u00e1tica, confidente, convincente, cuidadosa, responsable y sobretodo siempre positiva, pudiendo lograr que cualquier paciente se sienta bien en sus manos.<\/p>\n<p style=\"text-align: justify;\"><strong>Para qu\u00e9 ser Odontologa?<br \/><\/strong>Giuliana entendi\u00f3 que era una manera de aportar a la sociedad, era mucho m\u00e1s que hablar de dientes. Ella sab\u00eda que se encargar\u00eda del diagn\u00f3stico, tratamiento y prevenci\u00f3n otras enfermedades como enc\u00edas, lengua, paladar, mucosa oral, gl\u00e1ndulas salivales, y todo aquello que lejos de tratar un problema f\u00edsico, ayudara en devolverles una verdadera\u00a0 Sonrisa. Y con ello sus pacientes lograr\u00edan comunicarse mejor, re\u00edr, dormir, comer e incluso aprender a ser felices.<\/p>\n<p style=\"text-align: justify;\"><strong>D\u00f3nde realiz\u00f3 sus estudios?<br \/><\/strong>Realiz\u00f3 sus estudios en la Universidad San Mart\u00edn de Porres del 2004 al 2013. Realiz\u00f3 Especializaciones en \u201cDise\u00f1o de Sonrisas con microlaminados\u201d, \u201cEntrenamiento en blanqueamiento dental\u201d,\u00a0 \u00abBiomimetica en el Sector Anterior\u00bb y especializaci\u00f3n en\u00a0 \u201cRehabilitaci\u00f3n oral m\u00ednimamente invasiva\u201d. Hoy en d\u00eda sigue capacit\u00e1ndose para usar mayor tecnolog\u00eda en sus procesos.<\/p>\n<p style=\"text-align: justify;\"><strong>Cu\u00e1ndo inici\u00f3 su labor como Odont\u00f3loga?<br \/><\/strong>Empez\u00f3 ejerciendo su labor en el a\u00f1o 2014, en un consultorio compartido con una colega amiga, donde ve\u00edan diversos tratamientos. Empez\u00f3 como todo\u00a0 buen Odont\u00f3logo a hacer las mejores profilaxis y poco a poco y asistida por colegas continu\u00f3 con tratamientos m\u00e1s complejos. Luego se hizo conocida por los fabulosos blancamientos sin dolor, ni sennsibilidad alguna, usando aparatolog\u00eda de \u00faltima generaci\u00f3n, con lo cual fue conocida entre sus amistades y conocidos de su c\u00edrculo social.<\/p>\n<p style=\"text-align: justify;\">Hace unos d\u00edas decidimos entrevistarla y preguntarle a cerca de ese gran sue\u00f1o y esto fue lo que nos cont\u00f3\u2026<\/p>\n<p style=\"text-align: justify;\"><strong>Que te motiv\u00f3 a poner hoy una Cl\u00ednica Dental?<br \/><\/strong>Quer\u00eda dar m\u00e1s, los espacios que ten\u00eda eran limitados y hasta inc\u00f3modos. Eso no era importante para mis pacientes, pero para m\u00ed es important\u00edsimo. Ten\u00eda como pacientes\u00a0 a adultos, j\u00f3venes y ni\u00f1os, en especial los adultos que se comportaban como \u00abni\u00f1os\u00bb.<\/p>\n<p style=\"text-align: justify;\">Me di cuenta que la gran parte de mis pacientes, llegaban atemorizados al consultorio el cual arrendaba y me hac\u00edan mil peticiones como: \u201cque no me duela\u201d, \u201cdu\u00e9rmeme\u201d, \u201cno quiero sentir nada\u201d, \u201cestoy nervioso\u201d y cosas por el estilo, el simple hecho de saber que deb\u00edan ir al dentista les causaba estr\u00e9s y temor.<\/p>\n<p style=\"text-align: justify;\">Sin embargo, mis pacientes nunca faltaron a sus citas porque despu\u00e9s de todo ese miedo, se acostaban en la silla y\u00a0 yo pon\u00eda m\u00fasica de fondo, que los relajaba y arrullaba, al punto de quedarse dormidos. Luego los despertaba y les daba la noticia que ya hab\u00edamos terminado con su procedimiento. Y entonces se iban agradecidos de haber pasado un momento genial con el dentista, conmigo.<\/p>\n<p style=\"text-align: justify;\">Fue entonces que decid\u00ed hacer algo diferente, un lugar que desde el momento que ingresaras te sintieras como en un Spa. Y disfrutar\u00edas de cada minuto que estuvieras ah\u00ed.<\/p>\n<p style=\"text-align: justify;\"><strong>Que ofrecer\u00e1 la Cl\u00ednica Dental Studio Palacin?<br \/><\/strong>Contaremos con 5 Consultorios Dentales, donde ofreceremos un servicio de primer nivel, m\u00e1s integral y completo con Blanqueamiento Dental L\u00e1ser, Rayos-X y dem\u00e1s alta Tecnolog\u00eda. Asimismo, de poner a disposici\u00f3n colegas especializados en cada tratamiento. Aplicando tecnolog\u00eda avanzada de una manera \u00e9tica y profesional, brindando en todo momento atenci\u00f3n personalizada.<\/p>\n<p style=\"text-align: justify;\">Tendremos ambientes amplios, donde los colores usados en la infraestructura combinados con m\u00fasica relajante, fragancias y un ambiente climatizado, lograr\u00e1n que mis pacientes se sientan tan c\u00f3modos que ser\u00e1 un placer ir al Dentista<\/p>\n<p style=\"text-align: justify;\">Contaremos con D\u00edas M\u00e1gicos para los ni\u00f1os, en donde nos convertiremos en sus personajes favoritos para atenderlos de una manera especial, y estoy segura que con ello, siempre querr\u00e1n volver.<\/p>\n<p style=\"text-align: justify;\"><strong>D\u00f3nde estar\u00e1 ubicada la Cl\u00ednica Dental Studio Palacin?<br \/><\/strong>Estaremos ubicados en La Encalada No. 1388, Edificio Polo Hunt I, 4to Piso, Santiago de Surco (al costado de la Embajada de Estados Unidos), y contaremos adem\u00e1s con 04 estacionamientos para la comodidad de nuestros pacientes.<\/p>\n<p style=\"text-align: justify;\"><strong>Cu\u00e1ndo abrir\u00e1 la Cl\u00ednica Dental Studio Palacin?<br \/><\/strong>Abriremos nuestras puertas el 20 de Mayo del presente a\u00f1o, y durante todo el primer mes contaremos con Promociones especiales en tratamientos est\u00e9ticos para nuestros pacientes.<\/p>\n<p style=\"text-align: justify;\"><strong>Felicitaciones Giuliana &amp; Dental Studio Palacin y enhorabuena por la gran inicitiva de pensar en la comodidad y tranquilidad de sus pacientes.<br \/><\/strong>Muchas gracias! As\u00ed es, todo es pensando en el bienestar de ellos (mis pacientes). Los espero e\u00a0 invito a disfrutar de este sue\u00f1o, que fue creado pensando en mis pacientes m\u00e1s especiales, los adultos que se comportan como \u00abni\u00f1os\u00bb.<\/p>\n<p style=\"text-align: justify;\">Para finalizar, queremos resaltar en esta peque\u00f1a entrevista que Giuliana nos contagi\u00f3 de esa alegr\u00eda especial que la caracteriza y nos despedimos de ella regal\u00e1ndole esa sonrisa a la que est\u00e1 acostumbrada recibir.<\/p>\n<p style=\"text-align: justify;\"><strong><em>Fuente: Revista Justo Medio, a\u00f1o 11 edici\u00f3n N\u00b0 129 \/ Marzo &#8211; Abril 2019, pags. 68 y 69.<\/em><\/strong><\/p>\n<p style=\"text-align: justify;\"><strong><em><img decoding=\"async\" src=\"images\/stories\/19\/04\/260419\/dentalstudiopalacin.png\" border=\"0\" \/><br \/><\/em><\/strong><\/p>\n","protected":false},"excerpt":{"rendered":"<p>(Aeronoticias) A fines del oto\u00f1o 1986, un 02 de setiembre en Lima-Per\u00fa, como dando la bienvenida a la primavera, naci\u00f3 una peque\u00f1a ni\u00f1a llamada Giuliana Antonella Palacin Guti\u00e9rrez. Recibida con mucho amor, creci\u00f3 feliz con el sue\u00f1o de ser una gran Odont\u00f3loga. Destinada a seguir los pasos de la familia, podr\u00eda haber sido una gran [&hellip;]<\/p>\n","protected":false},"author":1,"featured_media":0,"comment_status":"open","ping_status":"open","sticky":false,"template":"","format":"standard","meta":{"tdm_status":"","tdm_grid_status":"","footnotes":""},"categories":[37],"tags":[],"class_list":{"0":"post-58379","1":"post","2":"type-post","3":"status-publish","4":"format-standard","6":"category-salud"},"yoast_head":"<!-- This site is optimized with the Yoast SEO plugin v25.1 - https:\/\/yoast.com\/wordpress\/plugins\/seo\/ -->\n<title>Giuliana Antonella Palacin Guti\u00e9rrez... a punto de cumplir su mayor sue\u00f1o<\/title>\n<meta name=\"description\" content=\"Portal de noticias del Per\u00fa sobre el transporte a\u00e9reo, aviaci\u00f3n, turismo, hoteleria, actualidad.\" \/>\n<meta name=\"robots\" content=\"index, follow, max-snippet:-1, max-image-preview:large, max-video-preview:-1\" \/>\n<link rel=\"canonical\" href=\"https:\/\/aeronoticias.com.pe\/noticiero\/salud\/giuliana-antonella-palacin-gutierrez-a-punto-de-cumplir-su-mayor-sueno\/\" \/>\n<meta property=\"og:locale\" content=\"es_ES\" \/>\n<meta property=\"og:type\" content=\"article\" \/>\n<meta property=\"og:title\" content=\"Giuliana Antonella Palacin Guti\u00e9rrez... a punto de cumplir su mayor sue\u00f1o\" \/>\n<meta property=\"og:description\" content=\"Portal de noticias del Per\u00fa sobre el transporte a\u00e9reo, aviaci\u00f3n, turismo, hoteleria, actualidad.\" \/>\n<meta property=\"og:url\" content=\"https:\/\/aeronoticias.com.pe\/noticiero\/salud\/giuliana-antonella-palacin-gutierrez-a-punto-de-cumplir-su-mayor-sueno\/\" \/>\n<meta property=\"og:site_name\" content=\"Aeronoticias.com.pe\" \/>\n<meta property=\"article:publisher\" content=\"https:\/\/www.facebook.com\/Aeronoticias.com.pe\/\" \/>\n<meta property=\"article:published_time\" content=\"2019-04-26T19:33:36+00:00\" \/>\n<meta name=\"author\" content=\"Redacci\u00f3n Aeronoticias\" \/>\n<meta name=\"twitter:card\" content=\"summary_large_image\" \/>\n<meta name=\"twitter:creator\" content=\"@aeronoticias\" \/>\n<meta name=\"twitter:site\" content=\"@aeronoticias\" \/>\n<meta name=\"twitter:label1\" content=\"Escrito por\" \/>\n\t<meta name=\"twitter:data1\" content=\"Redacci\u00f3n Aeronoticias\" \/>\n\t<meta name=\"twitter:label2\" content=\"Tiempo de lectura\" \/>\n\t<meta name=\"twitter:data2\" content=\"5 minutos\" \/>\n<script type=\"application\/ld+json\" class=\"yoast-schema-graph\">{\"@context\":\"https:\/\/schema.org\",\"@graph\":[{\"@type\":\"WebPage\",\"@id\":\"https:\/\/aeronoticias.com.pe\/noticiero\/salud\/giuliana-antonella-palacin-gutierrez-a-punto-de-cumplir-su-mayor-sueno\/\",\"url\":\"https:\/\/aeronoticias.com.pe\/noticiero\/salud\/giuliana-antonella-palacin-gutierrez-a-punto-de-cumplir-su-mayor-sueno\/\",\"name\":\"Giuliana Antonella Palacin Guti\u00e9rrez... a punto de cumplir su mayor sue\u00f1o\",\"isPartOf\":{\"@id\":\"https:\/\/aeronoticias.com.pe\/noticiero\/#website\"},\"datePublished\":\"2019-04-26T19:33:36+00:00\",\"author\":{\"@id\":\"https:\/\/aeronoticias.com.pe\/noticiero\/#\/schema\/person\/fc1e5d578f4b62ba1cf7ac2bba1170a0\"},\"description\":\"Portal de noticias del Per\u00fa sobre el transporte a\u00e9reo, aviaci\u00f3n, turismo, hoteleria, actualidad.\",\"breadcrumb\":{\"@id\":\"https:\/\/aeronoticias.com.pe\/noticiero\/salud\/giuliana-antonella-palacin-gutierrez-a-punto-de-cumplir-su-mayor-sueno\/#breadcrumb\"},\"inLanguage\":\"es\",\"potentialAction\":[{\"@type\":\"ReadAction\",\"target\":[\"https:\/\/aeronoticias.com.pe\/noticiero\/salud\/giuliana-antonella-palacin-gutierrez-a-punto-de-cumplir-su-mayor-sueno\/\"]}]},{\"@type\":\"BreadcrumbList\",\"@id\":\"https:\/\/aeronoticias.com.pe\/noticiero\/salud\/giuliana-antonella-palacin-gutierrez-a-punto-de-cumplir-su-mayor-sueno\/#breadcrumb\",\"itemListElement\":[{\"@type\":\"ListItem\",\"position\":1,\"name\":\"Portada\",\"item\":\"https:\/\/aeronoticias.com.pe\/noticiero\/\"},{\"@type\":\"ListItem\",\"position\":2,\"name\":\"Giuliana Antonella Palacin Guti\u00e9rrez&#8230; a punto de cumplir su mayor sue\u00f1o\"}]},{\"@type\":\"WebSite\",\"@id\":\"https:\/\/aeronoticias.com.pe\/noticiero\/#website\",\"url\":\"https:\/\/aeronoticias.com.pe\/noticiero\/\",\"name\":\"Aeronoticias.com.pe\",\"description\":\"Noticias de tranporte aereo, turismo, hoteles, gastronomia, actualidad, internacional\",\"potentialAction\":[{\"@type\":\"SearchAction\",\"target\":{\"@type\":\"EntryPoint\",\"urlTemplate\":\"https:\/\/aeronoticias.com.pe\/noticiero\/?s={search_term_string}\"},\"query-input\":{\"@type\":\"PropertyValueSpecification\",\"valueRequired\":true,\"valueName\":\"search_term_string\"}}],\"inLanguage\":\"es\"},{\"@type\":\"Person\",\"@id\":\"https:\/\/aeronoticias.com.pe\/noticiero\/#\/schema\/person\/fc1e5d578f4b62ba1cf7ac2bba1170a0\",\"name\":\"Redacci\u00f3n Aeronoticias\",\"url\":\"https:\/\/aeronoticias.com.pe\/noticiero\/author\/piloto\/\"}]}<\/script>\n<!-- \/ Yoast SEO plugin. -->","yoast_head_json":{"title":"Giuliana Antonella Palacin Guti\u00e9rrez... a punto de cumplir su mayor sue\u00f1o","description":"Portal de noticias del Per\u00fa sobre el transporte a\u00e9reo, aviaci\u00f3n, turismo, hoteleria, actualidad.","robots":{"index":"index","follow":"follow","max-snippet":"max-snippet:-1","max-image-preview":"max-image-preview:large","max-video-preview":"max-video-preview:-1"},"canonical":"https:\/\/aeronoticias.com.pe\/noticiero\/salud\/giuliana-antonella-palacin-gutierrez-a-punto-de-cumplir-su-mayor-sueno\/","og_locale":"es_ES","og_type":"article","og_title":"Giuliana Antonella Palacin Guti\u00e9rrez... a punto de cumplir su mayor sue\u00f1o","og_description":"Portal de noticias del Per\u00fa sobre el transporte a\u00e9reo, aviaci\u00f3n, turismo, hoteleria, actualidad.","og_url":"https:\/\/aeronoticias.com.pe\/noticiero\/salud\/giuliana-antonella-palacin-gutierrez-a-punto-de-cumplir-su-mayor-sueno\/","og_site_name":"Aeronoticias.com.pe","article_publisher":"https:\/\/www.facebook.com\/Aeronoticias.com.pe\/","article_published_time":"2019-04-26T19:33:36+00:00","author":"Redacci\u00f3n Aeronoticias","twitter_card":"summary_large_image","twitter_creator":"@aeronoticias","twitter_site":"@aeronoticias","twitter_misc":{"Escrito por":"Redacci\u00f3n Aeronoticias","Tiempo de lectura":"5 minutos"},"schema":{"@context":"https:\/\/schema.org","@graph":[{"@type":"WebPage","@id":"https:\/\/aeronoticias.com.pe\/noticiero\/salud\/giuliana-antonella-palacin-gutierrez-a-punto-de-cumplir-su-mayor-sueno\/","url":"https:\/\/aeronoticias.com.pe\/noticiero\/salud\/giuliana-antonella-palacin-gutierrez-a-punto-de-cumplir-su-mayor-sueno\/","name":"Giuliana Antonella Palacin Guti\u00e9rrez... a punto de cumplir su mayor sue\u00f1o","isPartOf":{"@id":"https:\/\/aeronoticias.com.pe\/noticiero\/#website"},"datePublished":"2019-04-26T19:33:36+00:00","author":{"@id":"https:\/\/aeronoticias.com.pe\/noticiero\/#\/schema\/person\/fc1e5d578f4b62ba1cf7ac2bba1170a0"},"description":"Portal de noticias del Per\u00fa sobre el transporte a\u00e9reo, aviaci\u00f3n, turismo, hoteleria, actualidad.","breadcrumb":{"@id":"https:\/\/aeronoticias.com.pe\/noticiero\/salud\/giuliana-antonella-palacin-gutierrez-a-punto-de-cumplir-su-mayor-sueno\/#breadcrumb"},"inLanguage":"es","potentialAction":[{"@type":"ReadAction","target":["https:\/\/aeronoticias.com.pe\/noticiero\/salud\/giuliana-antonella-palacin-gutierrez-a-punto-de-cumplir-su-mayor-sueno\/"]}]},{"@type":"BreadcrumbList","@id":"https:\/\/aeronoticias.com.pe\/noticiero\/salud\/giuliana-antonella-palacin-gutierrez-a-punto-de-cumplir-su-mayor-sueno\/#breadcrumb","itemListElement":[{"@type":"ListItem","position":1,"name":"Portada","item":"https:\/\/aeronoticias.com.pe\/noticiero\/"},{"@type":"ListItem","position":2,"name":"Giuliana Antonella Palacin Guti\u00e9rrez&#8230; a punto de cumplir su mayor sue\u00f1o"}]},{"@type":"WebSite","@id":"https:\/\/aeronoticias.com.pe\/noticiero\/#website","url":"https:\/\/aeronoticias.com.pe\/noticiero\/","name":"Aeronoticias.com.pe","description":"Noticias de tranporte aereo, turismo, hoteles, gastronomia, actualidad, internacional","potentialAction":[{"@type":"SearchAction","target":{"@type":"EntryPoint","urlTemplate":"https:\/\/aeronoticias.com.pe\/noticiero\/?s={search_term_string}"},"query-input":{"@type":"PropertyValueSpecification","valueRequired":true,"valueName":"search_term_string"}}],"inLanguage":"es"},{"@type":"Person","@id":"https:\/\/aeronoticias.com.pe\/noticiero\/#\/schema\/person\/fc1e5d578f4b62ba1cf7ac2bba1170a0","name":"Redacci\u00f3n Aeronoticias","url":"https:\/\/aeronoticias.com.pe\/noticiero\/author\/piloto\/"}]}},"_links":{"self":[{"href":"https:\/\/aeronoticias.com.pe\/noticiero\/wp-json\/wp\/v2\/posts\/58379","targetHints":{"allow":["GET"]}}],"collection":[{"href":"https:\/\/aeronoticias.com.pe\/noticiero\/wp-json\/wp\/v2\/posts"}],"about":[{"href":"https:\/\/aeronoticias.com.pe\/noticiero\/wp-json\/wp\/v2\/types\/post"}],"author":[{"embeddable":true,"href":"https:\/\/aeronoticias.com.pe\/noticiero\/wp-json\/wp\/v2\/users\/1"}],"replies":[{"embeddable":true,"href":"https:\/\/aeronoticias.com.pe\/noticiero\/wp-json\/wp\/v2\/comments?post=58379"}],"version-history":[{"count":0,"href":"https:\/\/aeronoticias.com.pe\/noticiero\/wp-json\/wp\/v2\/posts\/58379\/revisions"}],"wp:attachment":[{"href":"https:\/\/aeronoticias.com.pe\/noticiero\/wp-json\/wp\/v2\/media?parent=58379"}],"wp:term":[{"taxonomy":"category","embeddable":true,"href":"https:\/\/aeronoticias.com.pe\/noticiero\/wp-json\/wp\/v2\/categories?post=58379"},{"taxonomy":"post_tag","embeddable":true,"href":"https:\/\/aeronoticias.com.pe\/noticiero\/wp-json\/wp\/v2\/tags?post=58379"}],"curies":[{"name":"wp","href":"https:\/\/api.w.org\/{rel}","templated":true}]}}