{"id":58380,"date":"2019-04-28T16:52:33","date_gmt":"2019-04-28T16:52:33","guid":{"rendered":"http:\/\/desarrollo.mcvicious.com\/aero2020\/2019\/04\/28\/boeing-prepara-su-junta-de-accionistas-todo-a-punto-para-la-vuelta-del-737-max\/"},"modified":"2020-11-25T15:46:03","modified_gmt":"2020-11-25T20:46:03","slug":"boeing-prepara-su-junta-de-accionistas-todo-a-punto-para-la-vuelta-del-737-max","status":"publish","type":"post","link":"https:\/\/aeronoticias.com.pe\/noticiero\/transporte-aereo\/internacional\/boeing-prepara-su-junta-de-accionistas-todo-a-punto-para-la-vuelta-del-737-max\/","title":{"rendered":"Boeing prepara su junta de accionistas: todo a punto para la vuelta del 737 Max"},"content":{"rendered":"\n<p>Boeing celebrar\u00e1 este lunes en Chicago su junta anual de accionistas con un objetivo convertido en necesidad por parte del CEO de la compa\u00f1\u00eda, Dennis Muilenburg: que se recobre la confianza en la firma y en concreto en su modelo de avi\u00f3n 737 Max.<\/p>\n\n\n\n<p class=\"p1\">La circulaci\u00f3n a\u00e9rea de este modelo fue prohibida en muchos pa\u00edses del mundo. Estados Unidos fue el \u00faltimo en vetarlo, el pasado mes de marzo, en una rueda de prensa en la que el presidente americano, Donald Trump, adujo que lo m\u00e1s importante es \u201cla seguridad de las personas estadounidenses\u201d. Sin embargo, el m\u00e1ximo mandatario de la Casa Blanca tambi\u00e9n reconoci\u00f3 que Boeing \u201ces una compa\u00f1\u00eda incre\u00edble\u201d y confiaba en que encontraran \u201cuna pronta soluci\u00f3n\u201d.<\/p>\n\n\n\n<p class=\"p1\">Una soluci\u00f3n a un problema trascendental para la firma, y que fue el que provoc\u00f3 que dos aviones se accidentaran provocando decenas de muertos en menos de seis meses. El primero, en octubre del a\u00f1o pasado. El segundo, el pasado 10 de marzo, cuando el aparato acababa de despegar de un aeropuerto de Etiop\u00eda rumbo a Kenia.<\/p>\n\n\n\n<p class=\"p1\">La soluci\u00f3n estar\u00eda, y Muilenburg espera anunciar el regreso del 737 Max en su junta de accionistas. Sin embargo, el encuentro anual se presenta con algunos h\u00e1ndicaps. La compa\u00f1\u00eda ha anunciado el redise\u00f1o del programa inform\u00e1tico que estuvo relacionado con la pieza que provoc\u00f3 los desastres a\u00e9reos, un sensor que lee y regula el \u00e1ngulo y la inclinaci\u00f3n con la que vuela el aparato.<\/p>\n\n\n\n<p class=\"p1\">Sin embargo, ahora se sabe que en cuanto se produjo el accidente de Etiop\u00eda, el regulador a\u00e9reo de los EEUU recibi\u00f3 varias llamadas telef\u00f3nicas (de empleados y extrabajadores de la firma) advirtiendo de que el mal funcionamiento de este sensor tambi\u00e9n podr\u00eda deberse a \u201cun objeto extra\u00f1o\u201d presente en la pieza. Todo ello, seg\u00fan ha publicado la CNN este s\u00e1bado.<\/p>\n\n\n\n<p class=\"p1\"><strong>PRIMERA COMPARECENCIA DE PRENSA TRAS EL ACCIDENTE<\/strong><\/p>\n\n\n\n<p class=\"p1\">La de la junta de accionistas ser\u00e1 la primera conferencia de prensa de Muilenburg despu\u00e9s del accidente de marzo, ha detallado Bloomberg, que ha explicado adem\u00e1s c\u00f3mo un grupo de familiares de las v\u00edctimas se plantean una protesta a las puertas del recinto en el que se celebrar\u00e1 este evento.<\/p>\n\n\n\n<p class=\"p1\">Esta junta de accionistas es todo un reto para el CEO de la compa\u00f1\u00eda. China, la Uni\u00f3n Europea, Turqu\u00eda, Etiop\u00eda, Malasia, Om\u00e1n, Australia, Singapur, Vietnam, China, Indonesia, Kuwait, los Emiratos \u00c1rabes Unidos, Estados Unidos\u2026 El veto a la circulaci\u00f3n del aparato por el espacio a\u00e9reo de varios pa\u00edses provoc\u00f3 fuertes ca\u00eddas de Boeing en el parqu\u00e9, sus peores descensos en bolsa desde los atentados del 11 de septiembre de 2001.<\/p>\n\n\n\n<p class=\"p1\">Pero, a pesar de todo, ni Boeing ni las aerol\u00edneas han sido las \u00fanicas afectadas por el desastre. Los reguladores a\u00e9reos, en especial el estadounidense (FAA) ha sufrido un importante descr\u00e9dito. Justo ahora cuando son ellos los responsables de aprobar los arreglos y reparaciones del 737 Max para su puesta de nuevo en circulaci\u00f3n.<\/p>\n\n\n\n<p class=\"p1\">Fuente: <strong><em><span style=\"text-decoration: underline;\">Aviaci\u00f3n al d\u00eda<\/span><\/em><\/strong>.<\/p>\n","protected":false},"excerpt":{"rendered":"<p>Boeing celebrar\u00e1 este lunes en Chicago su junta anual de accionistas con un objetivo convertido en necesidad por parte del CEO de la compa\u00f1\u00eda, Dennis Muilenburg: que se recobre la confianza en la firma y en concreto en su modelo de avi\u00f3n 737 Max. La circulaci\u00f3n a\u00e9rea de este modelo fue prohibida en muchos pa\u00edses [&hellip;]<\/p>\n","protected":false},"author":1,"featured_media":66729,"comment_status":"open","ping_status":"open","sticky":false,"template":"","format":"standard","meta":{"tdm_status":"","tdm_grid_status":"","footnotes":""},"categories":[32,11],"tags":[118,301],"class_list":{"0":"post-58380","1":"post","2":"type-post","3":"status-publish","4":"format-standard","5":"has-post-thumbnail","7":"category-internacional","8":"category-transporte-aereo","9":"tag-boeing","10":"tag-boeing-737-max"},"yoast_head":"<!-- This site is optimized with the Yoast SEO plugin v25.1 - https:\/\/yoast.com\/wordpress\/plugins\/seo\/ -->\n<title>Boeing prepara su junta de accionistas: todo a punto para la vuelta del 737 Max<\/title>\n<meta name=\"description\" content=\"Boeing celebrar\u00e1 este lunes en Chicago su junta anual de accionistas con un objetivo convertido en necesidad por parte del CEO de la compa\u00f1\u00eda, Dennis Muilenburg: que se recobre la confianza en la firma y en concreto en su modelo de avi\u00f3n 737 Max.\" \/>\n<meta name=\"robots\" content=\"index, follow, max-snippet:-1, max-image-preview:large, max-video-preview:-1\" \/>\n<link rel=\"canonical\" href=\"https:\/\/aeronoticias.com.pe\/noticiero\/transporte-aereo\/internacional\/boeing-prepara-su-junta-de-accionistas-todo-a-punto-para-la-vuelta-del-737-max\/\" \/>\n<meta property=\"og:locale\" content=\"es_ES\" \/>\n<meta property=\"og:type\" content=\"article\" \/>\n<meta property=\"og:title\" content=\"Boeing prepara su junta de accionistas: todo a punto para la vuelta del 737 Max\" \/>\n<meta property=\"og:description\" content=\"Boeing celebrar\u00e1 este lunes en Chicago su junta anual de accionistas con un objetivo convertido en necesidad por parte del CEO de la compa\u00f1\u00eda, Dennis Muilenburg: que se recobre la confianza en la firma y en concreto en su modelo de avi\u00f3n 737 Max.\" \/>\n<meta property=\"og:url\" content=\"https:\/\/aeronoticias.com.pe\/noticiero\/transporte-aereo\/internacional\/boeing-prepara-su-junta-de-accionistas-todo-a-punto-para-la-vuelta-del-737-max\/\" \/>\n<meta property=\"og:site_name\" content=\"Aeronoticias.com.pe\" \/>\n<meta property=\"article:publisher\" content=\"https:\/\/www.facebook.com\/Aeronoticias.com.pe\/\" \/>\n<meta property=\"article:published_time\" content=\"2019-04-28T16:52:33+00:00\" \/>\n<meta property=\"article:modified_time\" content=\"2020-11-25T20:46:03+00:00\" \/>\n<meta property=\"og:image\" content=\"https:\/\/aeronoticias.com.pe\/noticiero\/wp-content\/uploads\/2019\/04\/737-Max.jpg\" \/>\n\t<meta property=\"og:image:width\" content=\"1214\" \/>\n\t<meta property=\"og:image:height\" content=\"697\" \/>\n\t<meta property=\"og:image:type\" content=\"image\/jpeg\" \/>\n<meta name=\"author\" content=\"Redacci\u00f3n Aeronoticias\" \/>\n<meta name=\"twitter:card\" content=\"summary_large_image\" \/>\n<meta name=\"twitter:creator\" content=\"@aeronoticias\" \/>\n<meta name=\"twitter:site\" content=\"@aeronoticias\" \/>\n<meta name=\"twitter:label1\" content=\"Escrito por\" \/>\n\t<meta name=\"twitter:data1\" content=\"Redacci\u00f3n Aeronoticias\" \/>\n\t<meta name=\"twitter:label2\" content=\"Tiempo de lectura\" \/>\n\t<meta name=\"twitter:data2\" content=\"3 minutos\" \/>\n<script type=\"application\/ld+json\" class=\"yoast-schema-graph\">{\"@context\":\"https:\/\/schema.org\",\"@graph\":[{\"@type\":\"WebPage\",\"@id\":\"https:\/\/aeronoticias.com.pe\/noticiero\/transporte-aereo\/internacional\/boeing-prepara-su-junta-de-accionistas-todo-a-punto-para-la-vuelta-del-737-max\/\",\"url\":\"https:\/\/aeronoticias.com.pe\/noticiero\/transporte-aereo\/internacional\/boeing-prepara-su-junta-de-accionistas-todo-a-punto-para-la-vuelta-del-737-max\/\",\"name\":\"Boeing prepara su junta de accionistas: todo a punto para la vuelta del 737 Max\",\"isPartOf\":{\"@id\":\"https:\/\/aeronoticias.com.pe\/noticiero\/#website\"},\"primaryImageOfPage\":{\"@id\":\"https:\/\/aeronoticias.com.pe\/noticiero\/transporte-aereo\/internacional\/boeing-prepara-su-junta-de-accionistas-todo-a-punto-para-la-vuelta-del-737-max\/#primaryimage\"},\"image\":{\"@id\":\"https:\/\/aeronoticias.com.pe\/noticiero\/transporte-aereo\/internacional\/boeing-prepara-su-junta-de-accionistas-todo-a-punto-para-la-vuelta-del-737-max\/#primaryimage\"},\"thumbnailUrl\":\"https:\/\/aeronoticias.com.pe\/noticiero\/wp-content\/uploads\/2019\/04\/737-Max.jpg\",\"datePublished\":\"2019-04-28T16:52:33+00:00\",\"dateModified\":\"2020-11-25T20:46:03+00:00\",\"author\":{\"@id\":\"https:\/\/aeronoticias.com.pe\/noticiero\/#\/schema\/person\/fc1e5d578f4b62ba1cf7ac2bba1170a0\"},\"description\":\"Boeing celebrar\u00e1 este lunes en Chicago su junta anual de accionistas con un objetivo convertido en necesidad por parte del CEO de la compa\u00f1\u00eda, Dennis Muilenburg: que se recobre la confianza en la firma y en concreto en su modelo de avi\u00f3n 737 Max.\",\"breadcrumb\":{\"@id\":\"https:\/\/aeronoticias.com.pe\/noticiero\/transporte-aereo\/internacional\/boeing-prepara-su-junta-de-accionistas-todo-a-punto-para-la-vuelta-del-737-max\/#breadcrumb\"},\"inLanguage\":\"es\",\"potentialAction\":[{\"@type\":\"ReadAction\",\"target\":[\"https:\/\/aeronoticias.com.pe\/noticiero\/transporte-aereo\/internacional\/boeing-prepara-su-junta-de-accionistas-todo-a-punto-para-la-vuelta-del-737-max\/\"]}]},{\"@type\":\"ImageObject\",\"inLanguage\":\"es\",\"@id\":\"https:\/\/aeronoticias.com.pe\/noticiero\/transporte-aereo\/internacional\/boeing-prepara-su-junta-de-accionistas-todo-a-punto-para-la-vuelta-del-737-max\/#primaryimage\",\"url\":\"https:\/\/aeronoticias.com.pe\/noticiero\/wp-content\/uploads\/2019\/04\/737-Max.jpg\",\"contentUrl\":\"https:\/\/aeronoticias.com.pe\/noticiero\/wp-content\/uploads\/2019\/04\/737-Max.jpg\",\"width\":1214,\"height\":697},{\"@type\":\"BreadcrumbList\",\"@id\":\"https:\/\/aeronoticias.com.pe\/noticiero\/transporte-aereo\/internacional\/boeing-prepara-su-junta-de-accionistas-todo-a-punto-para-la-vuelta-del-737-max\/#breadcrumb\",\"itemListElement\":[{\"@type\":\"ListItem\",\"position\":1,\"name\":\"Portada\",\"item\":\"https:\/\/aeronoticias.com.pe\/noticiero\/\"},{\"@type\":\"ListItem\",\"position\":2,\"name\":\"Boeing prepara su junta de accionistas: todo a punto para la vuelta del 737 Max\"}]},{\"@type\":\"WebSite\",\"@id\":\"https:\/\/aeronoticias.com.pe\/noticiero\/#website\",\"url\":\"https:\/\/aeronoticias.com.pe\/noticiero\/\",\"name\":\"Aeronoticias.com.pe\",\"description\":\"Noticias de tranporte aereo, turismo, hoteles, gastronomia, actualidad, internacional\",\"potentialAction\":[{\"@type\":\"SearchAction\",\"target\":{\"@type\":\"EntryPoint\",\"urlTemplate\":\"https:\/\/aeronoticias.com.pe\/noticiero\/?s={search_term_string}\"},\"query-input\":{\"@type\":\"PropertyValueSpecification\",\"valueRequired\":true,\"valueName\":\"search_term_string\"}}],\"inLanguage\":\"es\"},{\"@type\":\"Person\",\"@id\":\"https:\/\/aeronoticias.com.pe\/noticiero\/#\/schema\/person\/fc1e5d578f4b62ba1cf7ac2bba1170a0\",\"name\":\"Redacci\u00f3n Aeronoticias\",\"url\":\"https:\/\/aeronoticias.com.pe\/noticiero\/author\/piloto\/\"}]}<\/script>\n<!-- \/ Yoast SEO plugin. -->","yoast_head_json":{"title":"Boeing prepara su junta de accionistas: todo a punto para la vuelta del 737 Max","description":"Boeing celebrar\u00e1 este lunes en Chicago su junta anual de accionistas con un objetivo convertido en necesidad por parte del CEO de la compa\u00f1\u00eda, Dennis Muilenburg: que se recobre la confianza en la firma y en concreto en su modelo de avi\u00f3n 737 Max.","robots":{"index":"index","follow":"follow","max-snippet":"max-snippet:-1","max-image-preview":"max-image-preview:large","max-video-preview":"max-video-preview:-1"},"canonical":"https:\/\/aeronoticias.com.pe\/noticiero\/transporte-aereo\/internacional\/boeing-prepara-su-junta-de-accionistas-todo-a-punto-para-la-vuelta-del-737-max\/","og_locale":"es_ES","og_type":"article","og_title":"Boeing prepara su junta de accionistas: todo a punto para la vuelta del 737 Max","og_description":"Boeing celebrar\u00e1 este lunes en Chicago su junta anual de accionistas con un objetivo convertido en necesidad por parte del CEO de la compa\u00f1\u00eda, Dennis Muilenburg: que se recobre la confianza en la firma y en concreto en su modelo de avi\u00f3n 737 Max.","og_url":"https:\/\/aeronoticias.com.pe\/noticiero\/transporte-aereo\/internacional\/boeing-prepara-su-junta-de-accionistas-todo-a-punto-para-la-vuelta-del-737-max\/","og_site_name":"Aeronoticias.com.pe","article_publisher":"https:\/\/www.facebook.com\/Aeronoticias.com.pe\/","article_published_time":"2019-04-28T16:52:33+00:00","article_modified_time":"2020-11-25T20:46:03+00:00","og_image":[{"width":1214,"height":697,"url":"https:\/\/aeronoticias.com.pe\/noticiero\/wp-content\/uploads\/2019\/04\/737-Max.jpg","type":"image\/jpeg"}],"author":"Redacci\u00f3n Aeronoticias","twitter_card":"summary_large_image","twitter_creator":"@aeronoticias","twitter_site":"@aeronoticias","twitter_misc":{"Escrito por":"Redacci\u00f3n Aeronoticias","Tiempo de lectura":"3 minutos"},"schema":{"@context":"https:\/\/schema.org","@graph":[{"@type":"WebPage","@id":"https:\/\/aeronoticias.com.pe\/noticiero\/transporte-aereo\/internacional\/boeing-prepara-su-junta-de-accionistas-todo-a-punto-para-la-vuelta-del-737-max\/","url":"https:\/\/aeronoticias.com.pe\/noticiero\/transporte-aereo\/internacional\/boeing-prepara-su-junta-de-accionistas-todo-a-punto-para-la-vuelta-del-737-max\/","name":"Boeing prepara su junta de accionistas: todo a punto para la vuelta del 737 Max","isPartOf":{"@id":"https:\/\/aeronoticias.com.pe\/noticiero\/#website"},"primaryImageOfPage":{"@id":"https:\/\/aeronoticias.com.pe\/noticiero\/transporte-aereo\/internacional\/boeing-prepara-su-junta-de-accionistas-todo-a-punto-para-la-vuelta-del-737-max\/#primaryimage"},"image":{"@id":"https:\/\/aeronoticias.com.pe\/noticiero\/transporte-aereo\/internacional\/boeing-prepara-su-junta-de-accionistas-todo-a-punto-para-la-vuelta-del-737-max\/#primaryimage"},"thumbnailUrl":"https:\/\/aeronoticias.com.pe\/noticiero\/wp-content\/uploads\/2019\/04\/737-Max.jpg","datePublished":"2019-04-28T16:52:33+00:00","dateModified":"2020-11-25T20:46:03+00:00","author":{"@id":"https:\/\/aeronoticias.com.pe\/noticiero\/#\/schema\/person\/fc1e5d578f4b62ba1cf7ac2bba1170a0"},"description":"Boeing celebrar\u00e1 este lunes en Chicago su junta anual de accionistas con un objetivo convertido en necesidad por parte del CEO de la compa\u00f1\u00eda, Dennis Muilenburg: que se recobre la confianza en la firma y en concreto en su modelo de avi\u00f3n 737 Max.","breadcrumb":{"@id":"https:\/\/aeronoticias.com.pe\/noticiero\/transporte-aereo\/internacional\/boeing-prepara-su-junta-de-accionistas-todo-a-punto-para-la-vuelta-del-737-max\/#breadcrumb"},"inLanguage":"es","potentialAction":[{"@type":"ReadAction","target":["https:\/\/aeronoticias.com.pe\/noticiero\/transporte-aereo\/internacional\/boeing-prepara-su-junta-de-accionistas-todo-a-punto-para-la-vuelta-del-737-max\/"]}]},{"@type":"ImageObject","inLanguage":"es","@id":"https:\/\/aeronoticias.com.pe\/noticiero\/transporte-aereo\/internacional\/boeing-prepara-su-junta-de-accionistas-todo-a-punto-para-la-vuelta-del-737-max\/#primaryimage","url":"https:\/\/aeronoticias.com.pe\/noticiero\/wp-content\/uploads\/2019\/04\/737-Max.jpg","contentUrl":"https:\/\/aeronoticias.com.pe\/noticiero\/wp-content\/uploads\/2019\/04\/737-Max.jpg","width":1214,"height":697},{"@type":"BreadcrumbList","@id":"https:\/\/aeronoticias.com.pe\/noticiero\/transporte-aereo\/internacional\/boeing-prepara-su-junta-de-accionistas-todo-a-punto-para-la-vuelta-del-737-max\/#breadcrumb","itemListElement":[{"@type":"ListItem","position":1,"name":"Portada","item":"https:\/\/aeronoticias.com.pe\/noticiero\/"},{"@type":"ListItem","position":2,"name":"Boeing prepara su junta de accionistas: todo a punto para la vuelta del 737 Max"}]},{"@type":"WebSite","@id":"https:\/\/aeronoticias.com.pe\/noticiero\/#website","url":"https:\/\/aeronoticias.com.pe\/noticiero\/","name":"Aeronoticias.com.pe","description":"Noticias de tranporte aereo, turismo, hoteles, gastronomia, actualidad, internacional","potentialAction":[{"@type":"SearchAction","target":{"@type":"EntryPoint","urlTemplate":"https:\/\/aeronoticias.com.pe\/noticiero\/?s={search_term_string}"},"query-input":{"@type":"PropertyValueSpecification","valueRequired":true,"valueName":"search_term_string"}}],"inLanguage":"es"},{"@type":"Person","@id":"https:\/\/aeronoticias.com.pe\/noticiero\/#\/schema\/person\/fc1e5d578f4b62ba1cf7ac2bba1170a0","name":"Redacci\u00f3n Aeronoticias","url":"https:\/\/aeronoticias.com.pe\/noticiero\/author\/piloto\/"}]}},"_links":{"self":[{"href":"https:\/\/aeronoticias.com.pe\/noticiero\/wp-json\/wp\/v2\/posts\/58380","targetHints":{"allow":["GET"]}}],"collection":[{"href":"https:\/\/aeronoticias.com.pe\/noticiero\/wp-json\/wp\/v2\/posts"}],"about":[{"href":"https:\/\/aeronoticias.com.pe\/noticiero\/wp-json\/wp\/v2\/types\/post"}],"author":[{"embeddable":true,"href":"https:\/\/aeronoticias.com.pe\/noticiero\/wp-json\/wp\/v2\/users\/1"}],"replies":[{"embeddable":true,"href":"https:\/\/aeronoticias.com.pe\/noticiero\/wp-json\/wp\/v2\/comments?post=58380"}],"version-history":[{"count":0,"href":"https:\/\/aeronoticias.com.pe\/noticiero\/wp-json\/wp\/v2\/posts\/58380\/revisions"}],"wp:featuredmedia":[{"embeddable":true,"href":"https:\/\/aeronoticias.com.pe\/noticiero\/wp-json\/wp\/v2\/media\/66729"}],"wp:attachment":[{"href":"https:\/\/aeronoticias.com.pe\/noticiero\/wp-json\/wp\/v2\/media?parent=58380"}],"wp:term":[{"taxonomy":"category","embeddable":true,"href":"https:\/\/aeronoticias.com.pe\/noticiero\/wp-json\/wp\/v2\/categories?post=58380"},{"taxonomy":"post_tag","embeddable":true,"href":"https:\/\/aeronoticias.com.pe\/noticiero\/wp-json\/wp\/v2\/tags?post=58380"}],"curies":[{"name":"wp","href":"https:\/\/api.w.org\/{rel}","templated":true}]}}