{"id":58381,"date":"2019-04-28T16:57:36","date_gmt":"2019-04-28T16:57:36","guid":{"rendered":"http:\/\/desarrollo.mcvicious.com\/aero2020\/2019\/04\/28\/presidente-de-iberia-expone-los-planes-de-expansion-de-la-aerolinea-en-boston\/"},"modified":"2019-04-28T16:57:36","modified_gmt":"2019-04-28T16:57:36","slug":"presidente-de-iberia-expone-los-planes-de-expansion-de-la-aerolinea-en-boston","status":"publish","type":"post","link":"https:\/\/aeronoticias.com.pe\/noticiero\/internacionales\/presidente-de-iberia-expone-los-planes-de-expansion-de-la-aerolinea-en-boston\/","title":{"rendered":"Presidente de Iberia expone los planes de expansi\u00f3n de la aerol\u00ednea en Boston"},"content":{"rendered":"<p style=\"text-align: justify;\"><strong>(Aeronoticias)<\/strong>.-\u00a0<span style=\"color: #454545; font-family: Helvetica; font-size: 12px;\">Luis Gallego expuso este s\u00e1bado en el Instituto Tecnol\u00f3gico de Massachussetts (MIT, en ingl\u00e9s) en Boston (EE.UU.) los planes de expansi\u00f3n de la compa\u00f1\u00eda, que aspira a convertirse en referente del tr\u00e1fico a\u00e9reo entre Asia y Latinoam\u00e9rica.<\/span><\/p>\n<p class=\"p1\" style=\"text-align: justify;\">En su intervenci\u00f3n ante los alumnos espa\u00f1oles de MBA en Universidades estadounidenses -como el propio MIT o Harvard-, Gallego relat\u00f3 c\u00f3mo Iberia ha conseguido pasar de unas p\u00e9rdidas de alrededor de un mill\u00f3n de euros diarios en 2012 (rest\u00f3 351 millones ese a\u00f1o) a ganar 437 millones de euros en 2018.<\/p>\n<p class=\"p1\" style=\"text-align: justify;\">\u00a0<\/p>\n<p class=\"p1\" style=\"text-align: justify;\">\u201cLa reinvenci\u00f3n de Iberia\u201d, como se titul\u00f3 la charla, pas\u00f3 por un cambio en la posici\u00f3n estrat\u00e9gica de la compa\u00f1\u00eda, hacia unos mejores ingresos pero tambi\u00e9n unos mejores costes de sus servicios, para lo que era necesario mejorar la propuesta comercial (eliminar rutas poco productivas o desfasadas) o revisar la estructura ineficiente de la compa\u00f1\u00eda.<\/p>\n<p class=\"p1\" style=\"text-align: justify;\">El objetivo, asegur\u00f3 Gallego a los estudiantes participantes de esta und\u00e9cima edici\u00f3n de la Conferencia MBA Espa\u00f1a, era que Iberia se pareciera \u201cm\u00e1s a Apple que al Ministerio del Aire\u201d, por lo anquilosada y desfasada que estaba la compa\u00f1\u00eda cuando asumi\u00f3 el mando en 2012.<\/p>\n<p class=\"p1\" style=\"text-align: justify;\">\u00a0<\/p>\n<p class=\"p1\" style=\"text-align: justify;\">Iberia, que en la actualidad opera en 47 pa\u00edses con 135 destinos y una flota de 141 aviones, no solo pas\u00f3 de un balance en rojo al positivo en sus cuentas, sino que adem\u00e1s consigui\u00f3 cambiar un alto \u00edndice de retrasos y problemas operacionales, por ser la compa\u00f1\u00eda m\u00e1s puntual del mundo en 2016 y 2017.<\/p>\n<p class=\"p1\" style=\"text-align: justify;\">\u00a0<\/p>\n<p class=\"p1\" style=\"text-align: justify;\">\u201cEra un objetivo, no cre\u00eda que lo \u00edbamos a conseguir, para ser sinceros\u201d del todo, apunt\u00f3 durante su charla, de tono distendido.<\/p>\n<p class=\"p1\" style=\"text-align: justify;\">Iberia redujo a la mitad sus p\u00e9rdidas en 2013 y report\u00f3 beneficios de nuevo en 2014, que fueron de 50 millones de euros.<\/p>\n<p class=\"p1\" style=\"text-align: justify;\">\u00a0<\/p>\n<p class=\"p1\" style=\"text-align: justify;\">Uno de los factores diferenciales de la compa\u00f1\u00eda, se\u00f1al\u00f3 Gallego, es la pertenencia al grupo brit\u00e1nico IAG que, entre otras, controla British Airways o Vueling.<\/p>\n<p class=\"p1\" style=\"text-align: justify;\">IAG jug\u00f3 un papel fundamental en los peores momentos de la compa\u00f1\u00eda cuando, por ejemplo, ante el encargo de nuevos modelos Airbus 350-900 para renovar la flota, el conglomerado aport\u00f3 fortaleza necesaria para avalar la compra.<\/p>\n<p class=\"p1\" style=\"text-align: justify;\">\u00a0<\/p>\n<p class=\"p1\" style=\"text-align: justify;\">Si bien esto supuso \u201ctener detr\u00e1s al primo de Zumosol\u201d, en palabras de Gallego, IAG se beneficia tambi\u00e9n de la situaci\u00f3n estrat\u00e9gica de Iberia en Latinoam\u00e9rica, donde la aerol\u00ednea espa\u00f1ola cuenta con 18 destinos.<\/p>\n<p class=\"p1\" style=\"text-align: justify;\">\u00a0<\/p>\n<p class=\"p1\" style=\"text-align: justify;\">Adem\u00e1s, hablando de compa\u00f1\u00edas actuales que se encuentran inmersas en guerras de precios para hacerse con cuota de mercado, Gallego apunt\u00f3 al alza de los precios del petr\u00f3leo que hace peligrosa esta pr\u00e1ctica y que habr\u00eda perjudicado seriamente a la Iberia de 2012.<\/p>\n<p class=\"p1\" style=\"text-align: justify;\">\u00a0<\/p>\n<p class=\"p1\" style=\"text-align: justify;\">\u201cAhora que est\u00e1 otra vez subiendo el combustible, estar\u00edamos cayendo. Si a nosotros nos hubiera pillado la situaci\u00f3n hoy, ser\u00edamos de las que est\u00e1n cayendo\u201d, explic\u00f3 a los asistentes.<\/p>\n<p class=\"p1\" style=\"text-align: justify;\">Estos tuvieron la oportunidad de preguntar a Gallego sobre la expansi\u00f3n de la compa\u00f1\u00eda, as\u00ed como por asuntos relacionados con los cambios tecnol\u00f3gicos y el medio ambiente.<\/p>\n<p class=\"p1\" style=\"text-align: justify;\">\u00a0<\/p>\n<p class=\"p1\" style=\"text-align: justify;\">A este respecto, uno de los asistentes inquiri\u00f3 a Gallego sobre la posibilidad de un avi\u00f3n propulsado con un motor el\u00e9ctrico que disminuya el impacto ambiental de las aeronaves.<\/p>\n<p class=\"p1\" style=\"text-align: justify;\">\u201cYo no lo veo\u201d, afirm\u00f3 Gallego, para quien a pesar de los avances en estas tecnolog\u00edas, \u201cqueda mucho\u201d para que un motor el\u00e9ctrico cuente con la autonom\u00eda necesaria para realizar un vuelo transoce\u00e1nico, aunque valor\u00f3 las alternativas con otra clase de combustibles menos perjudiciales.<\/p>\n<p class=\"p1\" style=\"text-align: justify;\">\u00a0<\/p>\n<p class=\"p1\" style=\"text-align: justify;\">Adem\u00e1s de esta charla, la compa\u00f1\u00eda celebrar\u00e1 un concierto del \u201cVolando Tour\u201d, que promociona el talento espa\u00f1ol en el mundo, esta noche en Boston y el lunes tendr\u00e1 lugar una comida con representantes de empresas espa\u00f1olas presentes en Boston o empresas estadounidenses con intereses en Espa\u00f1a, organizada de forma conjunta con la Oficina de Comercio de Espa\u00f1a en Nueva York.<\/p>\n<p class=\"p1\" style=\"text-align: justify;\">\u00a0<\/p>\n<p class=\"p1\">Fuente: <span style=\"text-decoration: underline;\"><em><strong>EFE<\/strong><\/em><\/span>.<\/p>\n<p class=\"p1\">\u00a0<\/p>\n<p class=\"p1\"><img decoding=\"async\" src=\"images\/stories\/iberia.jpg\" border=\"0\" \/><\/p>\n<p> p.p1 {margin: 0.0px 0.0px 0.0px 0.0px; font: 12.0px Helvetica; color: #454545}<\/p>\n","protected":false},"excerpt":{"rendered":"<p>(Aeronoticias).-\u00a0Luis Gallego expuso este s\u00e1bado en el Instituto Tecnol\u00f3gico de Massachussetts (MIT, en ingl\u00e9s) en Boston (EE.UU.) los planes de expansi\u00f3n de la compa\u00f1\u00eda, que aspira a convertirse en referente del tr\u00e1fico a\u00e9reo entre Asia y Latinoam\u00e9rica. En su intervenci\u00f3n ante los alumnos espa\u00f1oles de MBA en Universidades estadounidenses -como el propio MIT o Harvard-, [&hellip;]<\/p>\n","protected":false},"author":1,"featured_media":0,"comment_status":"open","ping_status":"open","sticky":false,"template":"","format":"standard","meta":{"tdm_status":"","tdm_grid_status":"","footnotes":""},"categories":[34],"tags":[],"class_list":{"0":"post-58381","1":"post","2":"type-post","3":"status-publish","4":"format-standard","6":"category-internacionales"},"yoast_head":"<!-- This site is optimized with the Yoast SEO plugin v25.1 - https:\/\/yoast.com\/wordpress\/plugins\/seo\/ -->\n<title>Presidente de Iberia expone los planes de expansi\u00f3n de la aerol\u00ednea en Boston<\/title>\n<meta name=\"description\" content=\"Portal de noticias del Per\u00fa sobre el transporte a\u00e9reo, aviaci\u00f3n, turismo, hoteleria, actualidad.\" \/>\n<meta name=\"robots\" content=\"index, follow, max-snippet:-1, max-image-preview:large, max-video-preview:-1\" \/>\n<link rel=\"canonical\" href=\"https:\/\/aeronoticias.com.pe\/noticiero\/internacionales\/presidente-de-iberia-expone-los-planes-de-expansion-de-la-aerolinea-en-boston\/\" \/>\n<meta property=\"og:locale\" content=\"es_ES\" \/>\n<meta property=\"og:type\" content=\"article\" \/>\n<meta property=\"og:title\" content=\"Presidente de Iberia expone los planes de expansi\u00f3n de la aerol\u00ednea en Boston\" \/>\n<meta property=\"og:description\" content=\"Portal de noticias del Per\u00fa sobre el transporte a\u00e9reo, aviaci\u00f3n, turismo, hoteleria, actualidad.\" \/>\n<meta property=\"og:url\" content=\"https:\/\/aeronoticias.com.pe\/noticiero\/internacionales\/presidente-de-iberia-expone-los-planes-de-expansion-de-la-aerolinea-en-boston\/\" \/>\n<meta property=\"og:site_name\" content=\"Aeronoticias.com.pe\" \/>\n<meta property=\"article:publisher\" content=\"https:\/\/www.facebook.com\/Aeronoticias.com.pe\/\" \/>\n<meta property=\"article:published_time\" content=\"2019-04-28T16:57:36+00:00\" \/>\n<meta name=\"author\" content=\"Redacci\u00f3n Aeronoticias\" \/>\n<meta name=\"twitter:card\" content=\"summary_large_image\" \/>\n<meta name=\"twitter:creator\" content=\"@aeronoticias\" \/>\n<meta name=\"twitter:site\" content=\"@aeronoticias\" \/>\n<meta name=\"twitter:label1\" content=\"Escrito por\" \/>\n\t<meta name=\"twitter:data1\" content=\"Redacci\u00f3n Aeronoticias\" \/>\n\t<meta name=\"twitter:label2\" content=\"Tiempo de lectura\" \/>\n\t<meta name=\"twitter:data2\" content=\"3 minutos\" \/>\n<script type=\"application\/ld+json\" class=\"yoast-schema-graph\">{\"@context\":\"https:\/\/schema.org\",\"@graph\":[{\"@type\":\"WebPage\",\"@id\":\"https:\/\/aeronoticias.com.pe\/noticiero\/internacionales\/presidente-de-iberia-expone-los-planes-de-expansion-de-la-aerolinea-en-boston\/\",\"url\":\"https:\/\/aeronoticias.com.pe\/noticiero\/internacionales\/presidente-de-iberia-expone-los-planes-de-expansion-de-la-aerolinea-en-boston\/\",\"name\":\"Presidente de Iberia expone los planes de expansi\u00f3n de la aerol\u00ednea en Boston\",\"isPartOf\":{\"@id\":\"https:\/\/aeronoticias.com.pe\/noticiero\/#website\"},\"datePublished\":\"2019-04-28T16:57:36+00:00\",\"author\":{\"@id\":\"https:\/\/aeronoticias.com.pe\/noticiero\/#\/schema\/person\/fc1e5d578f4b62ba1cf7ac2bba1170a0\"},\"description\":\"Portal de noticias del Per\u00fa sobre el transporte a\u00e9reo, aviaci\u00f3n, turismo, hoteleria, actualidad.\",\"breadcrumb\":{\"@id\":\"https:\/\/aeronoticias.com.pe\/noticiero\/internacionales\/presidente-de-iberia-expone-los-planes-de-expansion-de-la-aerolinea-en-boston\/#breadcrumb\"},\"inLanguage\":\"es\",\"potentialAction\":[{\"@type\":\"ReadAction\",\"target\":[\"https:\/\/aeronoticias.com.pe\/noticiero\/internacionales\/presidente-de-iberia-expone-los-planes-de-expansion-de-la-aerolinea-en-boston\/\"]}]},{\"@type\":\"BreadcrumbList\",\"@id\":\"https:\/\/aeronoticias.com.pe\/noticiero\/internacionales\/presidente-de-iberia-expone-los-planes-de-expansion-de-la-aerolinea-en-boston\/#breadcrumb\",\"itemListElement\":[{\"@type\":\"ListItem\",\"position\":1,\"name\":\"Portada\",\"item\":\"https:\/\/aeronoticias.com.pe\/noticiero\/\"},{\"@type\":\"ListItem\",\"position\":2,\"name\":\"Presidente de Iberia expone los planes de expansi\u00f3n de la aerol\u00ednea en Boston\"}]},{\"@type\":\"WebSite\",\"@id\":\"https:\/\/aeronoticias.com.pe\/noticiero\/#website\",\"url\":\"https:\/\/aeronoticias.com.pe\/noticiero\/\",\"name\":\"Aeronoticias.com.pe\",\"description\":\"Noticias de tranporte aereo, turismo, hoteles, gastronomia, actualidad, internacional\",\"potentialAction\":[{\"@type\":\"SearchAction\",\"target\":{\"@type\":\"EntryPoint\",\"urlTemplate\":\"https:\/\/aeronoticias.com.pe\/noticiero\/?s={search_term_string}\"},\"query-input\":{\"@type\":\"PropertyValueSpecification\",\"valueRequired\":true,\"valueName\":\"search_term_string\"}}],\"inLanguage\":\"es\"},{\"@type\":\"Person\",\"@id\":\"https:\/\/aeronoticias.com.pe\/noticiero\/#\/schema\/person\/fc1e5d578f4b62ba1cf7ac2bba1170a0\",\"name\":\"Redacci\u00f3n Aeronoticias\",\"url\":\"https:\/\/aeronoticias.com.pe\/noticiero\/author\/piloto\/\"}]}<\/script>\n<!-- \/ Yoast SEO plugin. -->","yoast_head_json":{"title":"Presidente de Iberia expone los planes de expansi\u00f3n de la aerol\u00ednea en Boston","description":"Portal de noticias del Per\u00fa sobre el transporte a\u00e9reo, aviaci\u00f3n, turismo, hoteleria, actualidad.","robots":{"index":"index","follow":"follow","max-snippet":"max-snippet:-1","max-image-preview":"max-image-preview:large","max-video-preview":"max-video-preview:-1"},"canonical":"https:\/\/aeronoticias.com.pe\/noticiero\/internacionales\/presidente-de-iberia-expone-los-planes-de-expansion-de-la-aerolinea-en-boston\/","og_locale":"es_ES","og_type":"article","og_title":"Presidente de Iberia expone los planes de expansi\u00f3n de la aerol\u00ednea en Boston","og_description":"Portal de noticias del Per\u00fa sobre el transporte a\u00e9reo, aviaci\u00f3n, turismo, hoteleria, actualidad.","og_url":"https:\/\/aeronoticias.com.pe\/noticiero\/internacionales\/presidente-de-iberia-expone-los-planes-de-expansion-de-la-aerolinea-en-boston\/","og_site_name":"Aeronoticias.com.pe","article_publisher":"https:\/\/www.facebook.com\/Aeronoticias.com.pe\/","article_published_time":"2019-04-28T16:57:36+00:00","author":"Redacci\u00f3n Aeronoticias","twitter_card":"summary_large_image","twitter_creator":"@aeronoticias","twitter_site":"@aeronoticias","twitter_misc":{"Escrito por":"Redacci\u00f3n Aeronoticias","Tiempo de lectura":"3 minutos"},"schema":{"@context":"https:\/\/schema.org","@graph":[{"@type":"WebPage","@id":"https:\/\/aeronoticias.com.pe\/noticiero\/internacionales\/presidente-de-iberia-expone-los-planes-de-expansion-de-la-aerolinea-en-boston\/","url":"https:\/\/aeronoticias.com.pe\/noticiero\/internacionales\/presidente-de-iberia-expone-los-planes-de-expansion-de-la-aerolinea-en-boston\/","name":"Presidente de Iberia expone los planes de expansi\u00f3n de la aerol\u00ednea en Boston","isPartOf":{"@id":"https:\/\/aeronoticias.com.pe\/noticiero\/#website"},"datePublished":"2019-04-28T16:57:36+00:00","author":{"@id":"https:\/\/aeronoticias.com.pe\/noticiero\/#\/schema\/person\/fc1e5d578f4b62ba1cf7ac2bba1170a0"},"description":"Portal de noticias del Per\u00fa sobre el transporte a\u00e9reo, aviaci\u00f3n, turismo, hoteleria, actualidad.","breadcrumb":{"@id":"https:\/\/aeronoticias.com.pe\/noticiero\/internacionales\/presidente-de-iberia-expone-los-planes-de-expansion-de-la-aerolinea-en-boston\/#breadcrumb"},"inLanguage":"es","potentialAction":[{"@type":"ReadAction","target":["https:\/\/aeronoticias.com.pe\/noticiero\/internacionales\/presidente-de-iberia-expone-los-planes-de-expansion-de-la-aerolinea-en-boston\/"]}]},{"@type":"BreadcrumbList","@id":"https:\/\/aeronoticias.com.pe\/noticiero\/internacionales\/presidente-de-iberia-expone-los-planes-de-expansion-de-la-aerolinea-en-boston\/#breadcrumb","itemListElement":[{"@type":"ListItem","position":1,"name":"Portada","item":"https:\/\/aeronoticias.com.pe\/noticiero\/"},{"@type":"ListItem","position":2,"name":"Presidente de Iberia expone los planes de expansi\u00f3n de la aerol\u00ednea en Boston"}]},{"@type":"WebSite","@id":"https:\/\/aeronoticias.com.pe\/noticiero\/#website","url":"https:\/\/aeronoticias.com.pe\/noticiero\/","name":"Aeronoticias.com.pe","description":"Noticias de tranporte aereo, turismo, hoteles, gastronomia, actualidad, internacional","potentialAction":[{"@type":"SearchAction","target":{"@type":"EntryPoint","urlTemplate":"https:\/\/aeronoticias.com.pe\/noticiero\/?s={search_term_string}"},"query-input":{"@type":"PropertyValueSpecification","valueRequired":true,"valueName":"search_term_string"}}],"inLanguage":"es"},{"@type":"Person","@id":"https:\/\/aeronoticias.com.pe\/noticiero\/#\/schema\/person\/fc1e5d578f4b62ba1cf7ac2bba1170a0","name":"Redacci\u00f3n Aeronoticias","url":"https:\/\/aeronoticias.com.pe\/noticiero\/author\/piloto\/"}]}},"_links":{"self":[{"href":"https:\/\/aeronoticias.com.pe\/noticiero\/wp-json\/wp\/v2\/posts\/58381","targetHints":{"allow":["GET"]}}],"collection":[{"href":"https:\/\/aeronoticias.com.pe\/noticiero\/wp-json\/wp\/v2\/posts"}],"about":[{"href":"https:\/\/aeronoticias.com.pe\/noticiero\/wp-json\/wp\/v2\/types\/post"}],"author":[{"embeddable":true,"href":"https:\/\/aeronoticias.com.pe\/noticiero\/wp-json\/wp\/v2\/users\/1"}],"replies":[{"embeddable":true,"href":"https:\/\/aeronoticias.com.pe\/noticiero\/wp-json\/wp\/v2\/comments?post=58381"}],"version-history":[{"count":0,"href":"https:\/\/aeronoticias.com.pe\/noticiero\/wp-json\/wp\/v2\/posts\/58381\/revisions"}],"wp:attachment":[{"href":"https:\/\/aeronoticias.com.pe\/noticiero\/wp-json\/wp\/v2\/media?parent=58381"}],"wp:term":[{"taxonomy":"category","embeddable":true,"href":"https:\/\/aeronoticias.com.pe\/noticiero\/wp-json\/wp\/v2\/categories?post=58381"},{"taxonomy":"post_tag","embeddable":true,"href":"https:\/\/aeronoticias.com.pe\/noticiero\/wp-json\/wp\/v2\/tags?post=58381"}],"curies":[{"name":"wp","href":"https:\/\/api.w.org\/{rel}","templated":true}]}}