{"id":58386,"date":"2019-04-30T22:15:18","date_gmt":"2019-04-30T22:15:18","guid":{"rendered":"http:\/\/desarrollo.mcvicious.com\/aero2020\/2019\/04\/30\/ceo-de-copa-airlines-asume-la-presidencia-de-la-asociacion-regional-de-transporte-aereo\/"},"modified":"2020-11-25T15:43:25","modified_gmt":"2020-11-25T20:43:25","slug":"ceo-de-copa-airlines-asume-la-presidencia-de-la-asociacion-regional-de-transporte-aereo","status":"publish","type":"post","link":"https:\/\/aeronoticias.com.pe\/noticiero\/transporte-aereo\/internacional\/ceo-de-copa-airlines-asume-la-presidencia-de-la-asociacion-regional-de-transporte-aereo\/","title":{"rendered":"CEO de Copa Airlines asume la presidencia de la asociaci\u00f3n regional de transporte a\u00e9reo"},"content":{"rendered":"\n<p>La Asociaci\u00f3n Latinoamericana y del Caribe de Transporte A\u00e9reo (ALTA) anunci\u00f3 este martes que su presidencia interina ha sido asumida por el presidente ejecutivo de la paname\u00f1a Copa Airlines, Pedro Heilbron.<\/p>\n\n\n\n<p class=\"p1\">El director ejecutivo de ALTA, Luis Felipe de Oliveira, destac\u00f3 en una declaraci\u00f3n p\u00fablica su confianza en que el liderazgo de Heilbron \u201caportar\u00e1 nuevamente importante valor a las actividades de la asociaci\u00f3n para continuar el camino que venimos recorriendo para ser m\u00e1s efectivos y promover el verdadero valor de la aviaci\u00f3n como motor econ\u00f3mico y social de la regi\u00f3n\u201d.<\/p>\n\n\n\n<p class=\"p1\">El CEO de Copa permanecer\u00e1 en el cargo de presidente interino hasta que se celebren las pr\u00f3ximas elecciones, indic\u00f3 sin m\u00e1s precisiones ALTA, que re\u00fane a 32 aerol\u00edneas que operan en Am\u00e9rica Latina y el Caribe, a 58 miembros afiliados que prestan servicios y proporcionan tecnolog\u00edas en la regi\u00f3n, y 5 socios que unen esfuerzos colaborativos, seg\u00fan datos de la asociaci\u00f3n.<\/p>\n\n\n\n<p class=\"p1\">\u201cMe complace asumir la presidencia de ALTA de forma interina, con el objetivo de seguir fortaleciendo los roles de la aviaci\u00f3n comercial y la conectividad como ejes estrat\u00e9gicos para el desarrollo y promoci\u00f3n de los mercados latinoamericanos, generando nuevas y mayores oportunidades de inversi\u00f3n comercial y tur\u00edstica\u201d, se\u00f1al\u00f3 Heilbron.<\/p>\n\n\n\n<p class=\"p1\">El presidente ejecutivo de Copa Airlines sustituye a Hern\u00e1n Rinc\u00f3n, quien estuvo al frente de la presidencia del Comit\u00e9 Ejecutivo de ALTA cerca de dos a\u00f1os, de acuerdo con la informaci\u00f3n del organismo.<\/p>\n\n\n\n<p class=\"p1\">\u201cEn este per\u00edodo de importantes transformaciones para ALTA, Hern\u00e1n cumpli\u00f3 un rol de apoyo fundamental en el establecimiento de nuestra casa matriz en Panam\u00e1 y en la implementaci\u00f3n de un profundo cambio cultural, para que hoy tengamos un equipo de trabajo mucho m\u00e1s eficiente y una estrategia que permita a la asociaci\u00f3n enfocarse en temas relevantes para nuestros miembros y la industria\u201d, afirm\u00f3 de Oliveira.<\/p>\n\n\n\n<p class=\"p1\">ALTA es una asociaci\u00f3n privada sin fines de lucro, cuyo objetivo es desarrollar un transporte a\u00e9reo m\u00e1s seguro, eficiente y sustentable en la regi\u00f3n de Am\u00e9rica Latina y el Caribe que impulse el desarrollo social y econ\u00f3mico de los pa\u00edses y las poblaciones servidas, seg\u00fan los datos del ente.<\/p>\n\n\n\n<p class=\"p1\">Fuente: <span style=\"text-decoration: underline;\"><em><strong>Aviaci\u00f3n al d\u00eda<\/strong><\/em><\/span>.<\/p>\n","protected":false},"excerpt":{"rendered":"<p>La Asociaci\u00f3n Latinoamericana y del Caribe de Transporte A\u00e9reo (ALTA) anunci\u00f3 este martes que su presidencia interina ha sido asumida por el presidente ejecutivo de la paname\u00f1a Copa Airlines, Pedro Heilbron. El director ejecutivo de ALTA, Luis Felipe de Oliveira, destac\u00f3 en una declaraci\u00f3n p\u00fablica su confianza en que el liderazgo de Heilbron \u201caportar\u00e1 nuevamente [&hellip;]<\/p>\n","protected":false},"author":1,"featured_media":66725,"comment_status":"open","ping_status":"open","sticky":false,"template":"","format":"standard","meta":{"tdm_status":"","tdm_grid_status":"","footnotes":""},"categories":[32,11],"tags":[1034,114],"class_list":{"0":"post-58386","1":"post","2":"type-post","3":"status-publish","4":"format-standard","5":"has-post-thumbnail","7":"category-internacional","8":"category-transporte-aereo","9":"tag-alta","10":"tag-copa-airlines"},"yoast_head":"<!-- This site is optimized with the Yoast SEO plugin v25.1 - https:\/\/yoast.com\/wordpress\/plugins\/seo\/ -->\n<title>CEO de Copa Airlines asume la presidencia de la asociaci\u00f3n regional de transporte a\u00e9reo<\/title>\n<meta name=\"description\" content=\"La Asociaci\u00f3n Latinoamericana y del Caribe de Transporte A\u00e9reo (ALTA) anunci\u00f3 este martes que su presidencia interina ha sido asumida por el presidente ejecutivo de la paname\u00f1a Copa Airlines, Pedro Heilbron.\" \/>\n<meta name=\"robots\" content=\"index, follow, max-snippet:-1, max-image-preview:large, max-video-preview:-1\" \/>\n<link rel=\"canonical\" href=\"https:\/\/aeronoticias.com.pe\/noticiero\/transporte-aereo\/internacional\/ceo-de-copa-airlines-asume-la-presidencia-de-la-asociacion-regional-de-transporte-aereo\/\" \/>\n<meta property=\"og:locale\" content=\"es_ES\" \/>\n<meta property=\"og:type\" content=\"article\" \/>\n<meta property=\"og:title\" content=\"CEO de Copa Airlines asume la presidencia de la asociaci\u00f3n regional de transporte a\u00e9reo\" \/>\n<meta property=\"og:description\" content=\"La Asociaci\u00f3n Latinoamericana y del Caribe de Transporte A\u00e9reo (ALTA) anunci\u00f3 este martes que su presidencia interina ha sido asumida por el presidente ejecutivo de la paname\u00f1a Copa Airlines, Pedro Heilbron.\" \/>\n<meta property=\"og:url\" content=\"https:\/\/aeronoticias.com.pe\/noticiero\/transporte-aereo\/internacional\/ceo-de-copa-airlines-asume-la-presidencia-de-la-asociacion-regional-de-transporte-aereo\/\" \/>\n<meta property=\"og:site_name\" content=\"Aeronoticias.com.pe\" \/>\n<meta property=\"article:publisher\" content=\"https:\/\/www.facebook.com\/Aeronoticias.com.pe\/\" \/>\n<meta property=\"article:published_time\" content=\"2019-04-30T22:15:18+00:00\" \/>\n<meta property=\"article:modified_time\" content=\"2020-11-25T20:43:25+00:00\" \/>\n<meta property=\"og:image\" content=\"https:\/\/aeronoticias.com.pe\/noticiero\/wp-content\/uploads\/2019\/04\/Pedro-Heilbron.jpg\" \/>\n\t<meta property=\"og:image:width\" content=\"800\" \/>\n\t<meta property=\"og:image:height\" content=\"400\" \/>\n\t<meta property=\"og:image:type\" content=\"image\/jpeg\" \/>\n<meta name=\"author\" content=\"Redacci\u00f3n Aeronoticias\" \/>\n<meta name=\"twitter:card\" content=\"summary_large_image\" \/>\n<meta name=\"twitter:creator\" content=\"@aeronoticias\" \/>\n<meta name=\"twitter:site\" content=\"@aeronoticias\" \/>\n<meta name=\"twitter:label1\" content=\"Escrito por\" \/>\n\t<meta name=\"twitter:data1\" content=\"Redacci\u00f3n Aeronoticias\" \/>\n\t<meta name=\"twitter:label2\" content=\"Tiempo de lectura\" \/>\n\t<meta name=\"twitter:data2\" content=\"2 minutos\" \/>\n<script type=\"application\/ld+json\" class=\"yoast-schema-graph\">{\"@context\":\"https:\/\/schema.org\",\"@graph\":[{\"@type\":\"WebPage\",\"@id\":\"https:\/\/aeronoticias.com.pe\/noticiero\/transporte-aereo\/internacional\/ceo-de-copa-airlines-asume-la-presidencia-de-la-asociacion-regional-de-transporte-aereo\/\",\"url\":\"https:\/\/aeronoticias.com.pe\/noticiero\/transporte-aereo\/internacional\/ceo-de-copa-airlines-asume-la-presidencia-de-la-asociacion-regional-de-transporte-aereo\/\",\"name\":\"CEO de Copa Airlines asume la presidencia de la asociaci\u00f3n regional de transporte a\u00e9reo\",\"isPartOf\":{\"@id\":\"https:\/\/aeronoticias.com.pe\/noticiero\/#website\"},\"primaryImageOfPage\":{\"@id\":\"https:\/\/aeronoticias.com.pe\/noticiero\/transporte-aereo\/internacional\/ceo-de-copa-airlines-asume-la-presidencia-de-la-asociacion-regional-de-transporte-aereo\/#primaryimage\"},\"image\":{\"@id\":\"https:\/\/aeronoticias.com.pe\/noticiero\/transporte-aereo\/internacional\/ceo-de-copa-airlines-asume-la-presidencia-de-la-asociacion-regional-de-transporte-aereo\/#primaryimage\"},\"thumbnailUrl\":\"https:\/\/aeronoticias.com.pe\/noticiero\/wp-content\/uploads\/2019\/04\/Pedro-Heilbron.jpg\",\"datePublished\":\"2019-04-30T22:15:18+00:00\",\"dateModified\":\"2020-11-25T20:43:25+00:00\",\"author\":{\"@id\":\"https:\/\/aeronoticias.com.pe\/noticiero\/#\/schema\/person\/fc1e5d578f4b62ba1cf7ac2bba1170a0\"},\"description\":\"La Asociaci\u00f3n Latinoamericana y del Caribe de Transporte A\u00e9reo (ALTA) anunci\u00f3 este martes que su presidencia interina ha sido asumida por el presidente ejecutivo de la paname\u00f1a Copa Airlines, Pedro Heilbron.\",\"breadcrumb\":{\"@id\":\"https:\/\/aeronoticias.com.pe\/noticiero\/transporte-aereo\/internacional\/ceo-de-copa-airlines-asume-la-presidencia-de-la-asociacion-regional-de-transporte-aereo\/#breadcrumb\"},\"inLanguage\":\"es\",\"potentialAction\":[{\"@type\":\"ReadAction\",\"target\":[\"https:\/\/aeronoticias.com.pe\/noticiero\/transporte-aereo\/internacional\/ceo-de-copa-airlines-asume-la-presidencia-de-la-asociacion-regional-de-transporte-aereo\/\"]}]},{\"@type\":\"ImageObject\",\"inLanguage\":\"es\",\"@id\":\"https:\/\/aeronoticias.com.pe\/noticiero\/transporte-aereo\/internacional\/ceo-de-copa-airlines-asume-la-presidencia-de-la-asociacion-regional-de-transporte-aereo\/#primaryimage\",\"url\":\"https:\/\/aeronoticias.com.pe\/noticiero\/wp-content\/uploads\/2019\/04\/Pedro-Heilbron.jpg\",\"contentUrl\":\"https:\/\/aeronoticias.com.pe\/noticiero\/wp-content\/uploads\/2019\/04\/Pedro-Heilbron.jpg\",\"width\":800,\"height\":400},{\"@type\":\"BreadcrumbList\",\"@id\":\"https:\/\/aeronoticias.com.pe\/noticiero\/transporte-aereo\/internacional\/ceo-de-copa-airlines-asume-la-presidencia-de-la-asociacion-regional-de-transporte-aereo\/#breadcrumb\",\"itemListElement\":[{\"@type\":\"ListItem\",\"position\":1,\"name\":\"Portada\",\"item\":\"https:\/\/aeronoticias.com.pe\/noticiero\/\"},{\"@type\":\"ListItem\",\"position\":2,\"name\":\"CEO de Copa Airlines asume la presidencia de la asociaci\u00f3n regional de transporte a\u00e9reo\"}]},{\"@type\":\"WebSite\",\"@id\":\"https:\/\/aeronoticias.com.pe\/noticiero\/#website\",\"url\":\"https:\/\/aeronoticias.com.pe\/noticiero\/\",\"name\":\"Aeronoticias.com.pe\",\"description\":\"Noticias de tranporte aereo, turismo, hoteles, gastronomia, actualidad, internacional\",\"potentialAction\":[{\"@type\":\"SearchAction\",\"target\":{\"@type\":\"EntryPoint\",\"urlTemplate\":\"https:\/\/aeronoticias.com.pe\/noticiero\/?s={search_term_string}\"},\"query-input\":{\"@type\":\"PropertyValueSpecification\",\"valueRequired\":true,\"valueName\":\"search_term_string\"}}],\"inLanguage\":\"es\"},{\"@type\":\"Person\",\"@id\":\"https:\/\/aeronoticias.com.pe\/noticiero\/#\/schema\/person\/fc1e5d578f4b62ba1cf7ac2bba1170a0\",\"name\":\"Redacci\u00f3n Aeronoticias\",\"url\":\"https:\/\/aeronoticias.com.pe\/noticiero\/author\/piloto\/\"}]}<\/script>\n<!-- \/ Yoast SEO plugin. -->","yoast_head_json":{"title":"CEO de Copa Airlines asume la presidencia de la asociaci\u00f3n regional de transporte a\u00e9reo","description":"La Asociaci\u00f3n Latinoamericana y del Caribe de Transporte A\u00e9reo (ALTA) anunci\u00f3 este martes que su presidencia interina ha sido asumida por el presidente ejecutivo de la paname\u00f1a Copa Airlines, Pedro Heilbron.","robots":{"index":"index","follow":"follow","max-snippet":"max-snippet:-1","max-image-preview":"max-image-preview:large","max-video-preview":"max-video-preview:-1"},"canonical":"https:\/\/aeronoticias.com.pe\/noticiero\/transporte-aereo\/internacional\/ceo-de-copa-airlines-asume-la-presidencia-de-la-asociacion-regional-de-transporte-aereo\/","og_locale":"es_ES","og_type":"article","og_title":"CEO de Copa Airlines asume la presidencia de la asociaci\u00f3n regional de transporte a\u00e9reo","og_description":"La Asociaci\u00f3n Latinoamericana y del Caribe de Transporte A\u00e9reo (ALTA) anunci\u00f3 este martes que su presidencia interina ha sido asumida por el presidente ejecutivo de la paname\u00f1a Copa Airlines, Pedro Heilbron.","og_url":"https:\/\/aeronoticias.com.pe\/noticiero\/transporte-aereo\/internacional\/ceo-de-copa-airlines-asume-la-presidencia-de-la-asociacion-regional-de-transporte-aereo\/","og_site_name":"Aeronoticias.com.pe","article_publisher":"https:\/\/www.facebook.com\/Aeronoticias.com.pe\/","article_published_time":"2019-04-30T22:15:18+00:00","article_modified_time":"2020-11-25T20:43:25+00:00","og_image":[{"width":800,"height":400,"url":"https:\/\/aeronoticias.com.pe\/noticiero\/wp-content\/uploads\/2019\/04\/Pedro-Heilbron.jpg","type":"image\/jpeg"}],"author":"Redacci\u00f3n Aeronoticias","twitter_card":"summary_large_image","twitter_creator":"@aeronoticias","twitter_site":"@aeronoticias","twitter_misc":{"Escrito por":"Redacci\u00f3n Aeronoticias","Tiempo de lectura":"2 minutos"},"schema":{"@context":"https:\/\/schema.org","@graph":[{"@type":"WebPage","@id":"https:\/\/aeronoticias.com.pe\/noticiero\/transporte-aereo\/internacional\/ceo-de-copa-airlines-asume-la-presidencia-de-la-asociacion-regional-de-transporte-aereo\/","url":"https:\/\/aeronoticias.com.pe\/noticiero\/transporte-aereo\/internacional\/ceo-de-copa-airlines-asume-la-presidencia-de-la-asociacion-regional-de-transporte-aereo\/","name":"CEO de Copa Airlines asume la presidencia de la asociaci\u00f3n regional de transporte a\u00e9reo","isPartOf":{"@id":"https:\/\/aeronoticias.com.pe\/noticiero\/#website"},"primaryImageOfPage":{"@id":"https:\/\/aeronoticias.com.pe\/noticiero\/transporte-aereo\/internacional\/ceo-de-copa-airlines-asume-la-presidencia-de-la-asociacion-regional-de-transporte-aereo\/#primaryimage"},"image":{"@id":"https:\/\/aeronoticias.com.pe\/noticiero\/transporte-aereo\/internacional\/ceo-de-copa-airlines-asume-la-presidencia-de-la-asociacion-regional-de-transporte-aereo\/#primaryimage"},"thumbnailUrl":"https:\/\/aeronoticias.com.pe\/noticiero\/wp-content\/uploads\/2019\/04\/Pedro-Heilbron.jpg","datePublished":"2019-04-30T22:15:18+00:00","dateModified":"2020-11-25T20:43:25+00:00","author":{"@id":"https:\/\/aeronoticias.com.pe\/noticiero\/#\/schema\/person\/fc1e5d578f4b62ba1cf7ac2bba1170a0"},"description":"La Asociaci\u00f3n Latinoamericana y del Caribe de Transporte A\u00e9reo (ALTA) anunci\u00f3 este martes que su presidencia interina ha sido asumida por el presidente ejecutivo de la paname\u00f1a Copa Airlines, Pedro Heilbron.","breadcrumb":{"@id":"https:\/\/aeronoticias.com.pe\/noticiero\/transporte-aereo\/internacional\/ceo-de-copa-airlines-asume-la-presidencia-de-la-asociacion-regional-de-transporte-aereo\/#breadcrumb"},"inLanguage":"es","potentialAction":[{"@type":"ReadAction","target":["https:\/\/aeronoticias.com.pe\/noticiero\/transporte-aereo\/internacional\/ceo-de-copa-airlines-asume-la-presidencia-de-la-asociacion-regional-de-transporte-aereo\/"]}]},{"@type":"ImageObject","inLanguage":"es","@id":"https:\/\/aeronoticias.com.pe\/noticiero\/transporte-aereo\/internacional\/ceo-de-copa-airlines-asume-la-presidencia-de-la-asociacion-regional-de-transporte-aereo\/#primaryimage","url":"https:\/\/aeronoticias.com.pe\/noticiero\/wp-content\/uploads\/2019\/04\/Pedro-Heilbron.jpg","contentUrl":"https:\/\/aeronoticias.com.pe\/noticiero\/wp-content\/uploads\/2019\/04\/Pedro-Heilbron.jpg","width":800,"height":400},{"@type":"BreadcrumbList","@id":"https:\/\/aeronoticias.com.pe\/noticiero\/transporte-aereo\/internacional\/ceo-de-copa-airlines-asume-la-presidencia-de-la-asociacion-regional-de-transporte-aereo\/#breadcrumb","itemListElement":[{"@type":"ListItem","position":1,"name":"Portada","item":"https:\/\/aeronoticias.com.pe\/noticiero\/"},{"@type":"ListItem","position":2,"name":"CEO de Copa Airlines asume la presidencia de la asociaci\u00f3n regional de transporte a\u00e9reo"}]},{"@type":"WebSite","@id":"https:\/\/aeronoticias.com.pe\/noticiero\/#website","url":"https:\/\/aeronoticias.com.pe\/noticiero\/","name":"Aeronoticias.com.pe","description":"Noticias de tranporte aereo, turismo, hoteles, gastronomia, actualidad, internacional","potentialAction":[{"@type":"SearchAction","target":{"@type":"EntryPoint","urlTemplate":"https:\/\/aeronoticias.com.pe\/noticiero\/?s={search_term_string}"},"query-input":{"@type":"PropertyValueSpecification","valueRequired":true,"valueName":"search_term_string"}}],"inLanguage":"es"},{"@type":"Person","@id":"https:\/\/aeronoticias.com.pe\/noticiero\/#\/schema\/person\/fc1e5d578f4b62ba1cf7ac2bba1170a0","name":"Redacci\u00f3n Aeronoticias","url":"https:\/\/aeronoticias.com.pe\/noticiero\/author\/piloto\/"}]}},"_links":{"self":[{"href":"https:\/\/aeronoticias.com.pe\/noticiero\/wp-json\/wp\/v2\/posts\/58386","targetHints":{"allow":["GET"]}}],"collection":[{"href":"https:\/\/aeronoticias.com.pe\/noticiero\/wp-json\/wp\/v2\/posts"}],"about":[{"href":"https:\/\/aeronoticias.com.pe\/noticiero\/wp-json\/wp\/v2\/types\/post"}],"author":[{"embeddable":true,"href":"https:\/\/aeronoticias.com.pe\/noticiero\/wp-json\/wp\/v2\/users\/1"}],"replies":[{"embeddable":true,"href":"https:\/\/aeronoticias.com.pe\/noticiero\/wp-json\/wp\/v2\/comments?post=58386"}],"version-history":[{"count":0,"href":"https:\/\/aeronoticias.com.pe\/noticiero\/wp-json\/wp\/v2\/posts\/58386\/revisions"}],"wp:featuredmedia":[{"embeddable":true,"href":"https:\/\/aeronoticias.com.pe\/noticiero\/wp-json\/wp\/v2\/media\/66725"}],"wp:attachment":[{"href":"https:\/\/aeronoticias.com.pe\/noticiero\/wp-json\/wp\/v2\/media?parent=58386"}],"wp:term":[{"taxonomy":"category","embeddable":true,"href":"https:\/\/aeronoticias.com.pe\/noticiero\/wp-json\/wp\/v2\/categories?post=58386"},{"taxonomy":"post_tag","embeddable":true,"href":"https:\/\/aeronoticias.com.pe\/noticiero\/wp-json\/wp\/v2\/tags?post=58386"}],"curies":[{"name":"wp","href":"https:\/\/api.w.org\/{rel}","templated":true}]}}