{"id":58393,"date":"2019-05-06T16:10:14","date_gmt":"2019-05-06T16:10:14","guid":{"rendered":"http:\/\/desarrollo.mcvicious.com\/aero2020\/2019\/05\/06\/avion-ruso-se-incendia-al-aterrizar-de-emergencia-y-deja-41-muertos\/"},"modified":"2020-11-25T15:35:44","modified_gmt":"2020-11-25T20:35:44","slug":"avion-ruso-se-incendia-al-aterrizar-de-emergencia-y-deja-41-muertos","status":"publish","type":"post","link":"https:\/\/aeronoticias.com.pe\/noticiero\/transporte-aereo\/internacional\/avion-ruso-se-incendia-al-aterrizar-de-emergencia-y-deja-41-muertos\/","title":{"rendered":"Avi\u00f3n ruso se incendia al aterrizar de emergencia y deja 41 muertos"},"content":{"rendered":"\n<p><span style=\"text-align: justify;\">En su segundo intento de aterrizar en emergencia el d\u00eda de ayer domingo un avi\u00f3n de la aerol\u00ednea\u00a0 rusa Aeroflot se incendi\u00f3 en el aeropuerto de Sherem\u00e9trevo, lo cual origin\u00f3 la muerte de 41 pasajeros de un total de 78.<\/span><\/p>\n\n\n\n<p>La aeronave era del modelo Super Jet &#8211; 100 y es el segundo accidente desde que empez\u00f3 a volar hace 11 a\u00f1os, seg\u00fan la revista internacional especializada Aviation Safety&nbsp; Nietwork.<\/p>\n\n\n\n<p>Aunque los pilotos atribuyeron la tragedia al impacto de un rayo en pleno vuelo que los oblig\u00f3 a retornar&nbsp; al aeropuerto, las autoridades&nbsp; &nbsp;aeron\u00e1utica rusas declararon que fueron \u00bb razones t\u00e9cnicas\u00bb las causas de esta tragedia. seg\u00fan confirm\u00f3 el gobernador de la zona, Andrei Chibis.<\/p>\n","protected":false},"excerpt":{"rendered":"<p>En su segundo intento de aterrizar en emergencia el d\u00eda de ayer domingo un avi\u00f3n de la aerol\u00ednea\u00a0 rusa Aeroflot se incendi\u00f3 en el aeropuerto de Sherem\u00e9trevo, lo cual origin\u00f3 la muerte de 41 pasajeros de un total de 78. La aeronave era del modelo Super Jet &#8211; 100 y es el segundo accidente desde [&hellip;]<\/p>\n","protected":false},"author":1,"featured_media":66716,"comment_status":"open","ping_status":"open","sticky":false,"template":"","format":"standard","meta":{"tdm_status":"","tdm_grid_status":"","footnotes":""},"categories":[32,11],"tags":[1037,1038],"class_list":{"0":"post-58393","1":"post","2":"type-post","3":"status-publish","4":"format-standard","5":"has-post-thumbnail","7":"category-internacional","8":"category-transporte-aereo","9":"tag-aeropuerto-de-sheremetrevo","10":"tag-super-jet-100"},"yoast_head":"<!-- This site is optimized with the Yoast SEO plugin v25.1 - https:\/\/yoast.com\/wordpress\/plugins\/seo\/ -->\n<title>Avi\u00f3n ruso se incendia al aterrizar de emergencia y deja 41 muertos<\/title>\n<meta name=\"description\" content=\"En su segundo intento de aterrizar en emergencia el d\u00eda de ayer domingo un avi\u00f3n de la aerol\u00ednea rusa Aeroflot se incendi\u00f3 en el aeropuerto de Sherem\u00e9trevo, lo cual origin\u00f3 la muerte de 41 pasajeros de un total de 78.\" \/>\n<meta name=\"robots\" content=\"index, follow, max-snippet:-1, max-image-preview:large, max-video-preview:-1\" \/>\n<link rel=\"canonical\" href=\"https:\/\/aeronoticias.com.pe\/noticiero\/transporte-aereo\/internacional\/avion-ruso-se-incendia-al-aterrizar-de-emergencia-y-deja-41-muertos\/\" \/>\n<meta property=\"og:locale\" content=\"es_ES\" \/>\n<meta property=\"og:type\" content=\"article\" \/>\n<meta property=\"og:title\" content=\"Avi\u00f3n ruso se incendia al aterrizar de emergencia y deja 41 muertos\" \/>\n<meta property=\"og:description\" content=\"En su segundo intento de aterrizar en emergencia el d\u00eda de ayer domingo un avi\u00f3n de la aerol\u00ednea rusa Aeroflot se incendi\u00f3 en el aeropuerto de Sherem\u00e9trevo, lo cual origin\u00f3 la muerte de 41 pasajeros de un total de 78.\" \/>\n<meta property=\"og:url\" content=\"https:\/\/aeronoticias.com.pe\/noticiero\/transporte-aereo\/internacional\/avion-ruso-se-incendia-al-aterrizar-de-emergencia-y-deja-41-muertos\/\" \/>\n<meta property=\"og:site_name\" content=\"Aeronoticias.com.pe\" \/>\n<meta property=\"article:publisher\" content=\"https:\/\/www.facebook.com\/Aeronoticias.com.pe\/\" \/>\n<meta property=\"article:published_time\" content=\"2019-05-06T16:10:14+00:00\" \/>\n<meta property=\"article:modified_time\" content=\"2020-11-25T20:35:44+00:00\" \/>\n<meta property=\"og:image\" content=\"https:\/\/aeronoticias.com.pe\/noticiero\/wp-content\/uploads\/2019\/05\/Avi\u00f3n-ruso-se-incendia.jpg\" \/>\n\t<meta property=\"og:image:width\" content=\"992\" \/>\n\t<meta property=\"og:image:height\" content=\"558\" \/>\n\t<meta property=\"og:image:type\" content=\"image\/jpeg\" \/>\n<meta name=\"author\" content=\"Redacci\u00f3n Aeronoticias\" \/>\n<meta name=\"twitter:card\" content=\"summary_large_image\" \/>\n<meta name=\"twitter:creator\" content=\"@aeronoticias\" \/>\n<meta name=\"twitter:site\" content=\"@aeronoticias\" \/>\n<meta name=\"twitter:label1\" content=\"Escrito por\" \/>\n\t<meta name=\"twitter:data1\" content=\"Redacci\u00f3n Aeronoticias\" \/>\n\t<meta name=\"twitter:label2\" content=\"Tiempo de lectura\" \/>\n\t<meta name=\"twitter:data2\" content=\"1 minuto\" \/>\n<script type=\"application\/ld+json\" class=\"yoast-schema-graph\">{\"@context\":\"https:\/\/schema.org\",\"@graph\":[{\"@type\":\"WebPage\",\"@id\":\"https:\/\/aeronoticias.com.pe\/noticiero\/transporte-aereo\/internacional\/avion-ruso-se-incendia-al-aterrizar-de-emergencia-y-deja-41-muertos\/\",\"url\":\"https:\/\/aeronoticias.com.pe\/noticiero\/transporte-aereo\/internacional\/avion-ruso-se-incendia-al-aterrizar-de-emergencia-y-deja-41-muertos\/\",\"name\":\"Avi\u00f3n ruso se incendia al aterrizar de emergencia y deja 41 muertos\",\"isPartOf\":{\"@id\":\"https:\/\/aeronoticias.com.pe\/noticiero\/#website\"},\"primaryImageOfPage\":{\"@id\":\"https:\/\/aeronoticias.com.pe\/noticiero\/transporte-aereo\/internacional\/avion-ruso-se-incendia-al-aterrizar-de-emergencia-y-deja-41-muertos\/#primaryimage\"},\"image\":{\"@id\":\"https:\/\/aeronoticias.com.pe\/noticiero\/transporte-aereo\/internacional\/avion-ruso-se-incendia-al-aterrizar-de-emergencia-y-deja-41-muertos\/#primaryimage\"},\"thumbnailUrl\":\"https:\/\/aeronoticias.com.pe\/noticiero\/wp-content\/uploads\/2019\/05\/Avi\u00f3n-ruso-se-incendia.jpg\",\"datePublished\":\"2019-05-06T16:10:14+00:00\",\"dateModified\":\"2020-11-25T20:35:44+00:00\",\"author\":{\"@id\":\"https:\/\/aeronoticias.com.pe\/noticiero\/#\/schema\/person\/fc1e5d578f4b62ba1cf7ac2bba1170a0\"},\"description\":\"En su segundo intento de aterrizar en emergencia el d\u00eda de ayer domingo un avi\u00f3n de la aerol\u00ednea rusa Aeroflot se incendi\u00f3 en el aeropuerto de Sherem\u00e9trevo, lo cual origin\u00f3 la muerte de 41 pasajeros de un total de 78.\",\"breadcrumb\":{\"@id\":\"https:\/\/aeronoticias.com.pe\/noticiero\/transporte-aereo\/internacional\/avion-ruso-se-incendia-al-aterrizar-de-emergencia-y-deja-41-muertos\/#breadcrumb\"},\"inLanguage\":\"es\",\"potentialAction\":[{\"@type\":\"ReadAction\",\"target\":[\"https:\/\/aeronoticias.com.pe\/noticiero\/transporte-aereo\/internacional\/avion-ruso-se-incendia-al-aterrizar-de-emergencia-y-deja-41-muertos\/\"]}]},{\"@type\":\"ImageObject\",\"inLanguage\":\"es\",\"@id\":\"https:\/\/aeronoticias.com.pe\/noticiero\/transporte-aereo\/internacional\/avion-ruso-se-incendia-al-aterrizar-de-emergencia-y-deja-41-muertos\/#primaryimage\",\"url\":\"https:\/\/aeronoticias.com.pe\/noticiero\/wp-content\/uploads\/2019\/05\/Avi\u00f3n-ruso-se-incendia.jpg\",\"contentUrl\":\"https:\/\/aeronoticias.com.pe\/noticiero\/wp-content\/uploads\/2019\/05\/Avi\u00f3n-ruso-se-incendia.jpg\",\"width\":992,\"height\":558},{\"@type\":\"BreadcrumbList\",\"@id\":\"https:\/\/aeronoticias.com.pe\/noticiero\/transporte-aereo\/internacional\/avion-ruso-se-incendia-al-aterrizar-de-emergencia-y-deja-41-muertos\/#breadcrumb\",\"itemListElement\":[{\"@type\":\"ListItem\",\"position\":1,\"name\":\"Portada\",\"item\":\"https:\/\/aeronoticias.com.pe\/noticiero\/\"},{\"@type\":\"ListItem\",\"position\":2,\"name\":\"Avi\u00f3n ruso se incendia al aterrizar de emergencia y deja 41 muertos\"}]},{\"@type\":\"WebSite\",\"@id\":\"https:\/\/aeronoticias.com.pe\/noticiero\/#website\",\"url\":\"https:\/\/aeronoticias.com.pe\/noticiero\/\",\"name\":\"Aeronoticias.com.pe\",\"description\":\"Noticias de tranporte aereo, turismo, hoteles, gastronomia, actualidad, internacional\",\"potentialAction\":[{\"@type\":\"SearchAction\",\"target\":{\"@type\":\"EntryPoint\",\"urlTemplate\":\"https:\/\/aeronoticias.com.pe\/noticiero\/?s={search_term_string}\"},\"query-input\":{\"@type\":\"PropertyValueSpecification\",\"valueRequired\":true,\"valueName\":\"search_term_string\"}}],\"inLanguage\":\"es\"},{\"@type\":\"Person\",\"@id\":\"https:\/\/aeronoticias.com.pe\/noticiero\/#\/schema\/person\/fc1e5d578f4b62ba1cf7ac2bba1170a0\",\"name\":\"Redacci\u00f3n Aeronoticias\",\"url\":\"https:\/\/aeronoticias.com.pe\/noticiero\/author\/piloto\/\"}]}<\/script>\n<!-- \/ Yoast SEO plugin. -->","yoast_head_json":{"title":"Avi\u00f3n ruso se incendia al aterrizar de emergencia y deja 41 muertos","description":"En su segundo intento de aterrizar en emergencia el d\u00eda de ayer domingo un avi\u00f3n de la aerol\u00ednea rusa Aeroflot se incendi\u00f3 en el aeropuerto de Sherem\u00e9trevo, lo cual origin\u00f3 la muerte de 41 pasajeros de un total de 78.","robots":{"index":"index","follow":"follow","max-snippet":"max-snippet:-1","max-image-preview":"max-image-preview:large","max-video-preview":"max-video-preview:-1"},"canonical":"https:\/\/aeronoticias.com.pe\/noticiero\/transporte-aereo\/internacional\/avion-ruso-se-incendia-al-aterrizar-de-emergencia-y-deja-41-muertos\/","og_locale":"es_ES","og_type":"article","og_title":"Avi\u00f3n ruso se incendia al aterrizar de emergencia y deja 41 muertos","og_description":"En su segundo intento de aterrizar en emergencia el d\u00eda de ayer domingo un avi\u00f3n de la aerol\u00ednea rusa Aeroflot se incendi\u00f3 en el aeropuerto de Sherem\u00e9trevo, lo cual origin\u00f3 la muerte de 41 pasajeros de un total de 78.","og_url":"https:\/\/aeronoticias.com.pe\/noticiero\/transporte-aereo\/internacional\/avion-ruso-se-incendia-al-aterrizar-de-emergencia-y-deja-41-muertos\/","og_site_name":"Aeronoticias.com.pe","article_publisher":"https:\/\/www.facebook.com\/Aeronoticias.com.pe\/","article_published_time":"2019-05-06T16:10:14+00:00","article_modified_time":"2020-11-25T20:35:44+00:00","og_image":[{"width":992,"height":558,"url":"https:\/\/aeronoticias.com.pe\/noticiero\/wp-content\/uploads\/2019\/05\/Avi\u00f3n-ruso-se-incendia.jpg","type":"image\/jpeg"}],"author":"Redacci\u00f3n Aeronoticias","twitter_card":"summary_large_image","twitter_creator":"@aeronoticias","twitter_site":"@aeronoticias","twitter_misc":{"Escrito por":"Redacci\u00f3n Aeronoticias","Tiempo de lectura":"1 minuto"},"schema":{"@context":"https:\/\/schema.org","@graph":[{"@type":"WebPage","@id":"https:\/\/aeronoticias.com.pe\/noticiero\/transporte-aereo\/internacional\/avion-ruso-se-incendia-al-aterrizar-de-emergencia-y-deja-41-muertos\/","url":"https:\/\/aeronoticias.com.pe\/noticiero\/transporte-aereo\/internacional\/avion-ruso-se-incendia-al-aterrizar-de-emergencia-y-deja-41-muertos\/","name":"Avi\u00f3n ruso se incendia al aterrizar de emergencia y deja 41 muertos","isPartOf":{"@id":"https:\/\/aeronoticias.com.pe\/noticiero\/#website"},"primaryImageOfPage":{"@id":"https:\/\/aeronoticias.com.pe\/noticiero\/transporte-aereo\/internacional\/avion-ruso-se-incendia-al-aterrizar-de-emergencia-y-deja-41-muertos\/#primaryimage"},"image":{"@id":"https:\/\/aeronoticias.com.pe\/noticiero\/transporte-aereo\/internacional\/avion-ruso-se-incendia-al-aterrizar-de-emergencia-y-deja-41-muertos\/#primaryimage"},"thumbnailUrl":"https:\/\/aeronoticias.com.pe\/noticiero\/wp-content\/uploads\/2019\/05\/Avi\u00f3n-ruso-se-incendia.jpg","datePublished":"2019-05-06T16:10:14+00:00","dateModified":"2020-11-25T20:35:44+00:00","author":{"@id":"https:\/\/aeronoticias.com.pe\/noticiero\/#\/schema\/person\/fc1e5d578f4b62ba1cf7ac2bba1170a0"},"description":"En su segundo intento de aterrizar en emergencia el d\u00eda de ayer domingo un avi\u00f3n de la aerol\u00ednea rusa Aeroflot se incendi\u00f3 en el aeropuerto de Sherem\u00e9trevo, lo cual origin\u00f3 la muerte de 41 pasajeros de un total de 78.","breadcrumb":{"@id":"https:\/\/aeronoticias.com.pe\/noticiero\/transporte-aereo\/internacional\/avion-ruso-se-incendia-al-aterrizar-de-emergencia-y-deja-41-muertos\/#breadcrumb"},"inLanguage":"es","potentialAction":[{"@type":"ReadAction","target":["https:\/\/aeronoticias.com.pe\/noticiero\/transporte-aereo\/internacional\/avion-ruso-se-incendia-al-aterrizar-de-emergencia-y-deja-41-muertos\/"]}]},{"@type":"ImageObject","inLanguage":"es","@id":"https:\/\/aeronoticias.com.pe\/noticiero\/transporte-aereo\/internacional\/avion-ruso-se-incendia-al-aterrizar-de-emergencia-y-deja-41-muertos\/#primaryimage","url":"https:\/\/aeronoticias.com.pe\/noticiero\/wp-content\/uploads\/2019\/05\/Avi\u00f3n-ruso-se-incendia.jpg","contentUrl":"https:\/\/aeronoticias.com.pe\/noticiero\/wp-content\/uploads\/2019\/05\/Avi\u00f3n-ruso-se-incendia.jpg","width":992,"height":558},{"@type":"BreadcrumbList","@id":"https:\/\/aeronoticias.com.pe\/noticiero\/transporte-aereo\/internacional\/avion-ruso-se-incendia-al-aterrizar-de-emergencia-y-deja-41-muertos\/#breadcrumb","itemListElement":[{"@type":"ListItem","position":1,"name":"Portada","item":"https:\/\/aeronoticias.com.pe\/noticiero\/"},{"@type":"ListItem","position":2,"name":"Avi\u00f3n ruso se incendia al aterrizar de emergencia y deja 41 muertos"}]},{"@type":"WebSite","@id":"https:\/\/aeronoticias.com.pe\/noticiero\/#website","url":"https:\/\/aeronoticias.com.pe\/noticiero\/","name":"Aeronoticias.com.pe","description":"Noticias de tranporte aereo, turismo, hoteles, gastronomia, actualidad, internacional","potentialAction":[{"@type":"SearchAction","target":{"@type":"EntryPoint","urlTemplate":"https:\/\/aeronoticias.com.pe\/noticiero\/?s={search_term_string}"},"query-input":{"@type":"PropertyValueSpecification","valueRequired":true,"valueName":"search_term_string"}}],"inLanguage":"es"},{"@type":"Person","@id":"https:\/\/aeronoticias.com.pe\/noticiero\/#\/schema\/person\/fc1e5d578f4b62ba1cf7ac2bba1170a0","name":"Redacci\u00f3n Aeronoticias","url":"https:\/\/aeronoticias.com.pe\/noticiero\/author\/piloto\/"}]}},"_links":{"self":[{"href":"https:\/\/aeronoticias.com.pe\/noticiero\/wp-json\/wp\/v2\/posts\/58393","targetHints":{"allow":["GET"]}}],"collection":[{"href":"https:\/\/aeronoticias.com.pe\/noticiero\/wp-json\/wp\/v2\/posts"}],"about":[{"href":"https:\/\/aeronoticias.com.pe\/noticiero\/wp-json\/wp\/v2\/types\/post"}],"author":[{"embeddable":true,"href":"https:\/\/aeronoticias.com.pe\/noticiero\/wp-json\/wp\/v2\/users\/1"}],"replies":[{"embeddable":true,"href":"https:\/\/aeronoticias.com.pe\/noticiero\/wp-json\/wp\/v2\/comments?post=58393"}],"version-history":[{"count":0,"href":"https:\/\/aeronoticias.com.pe\/noticiero\/wp-json\/wp\/v2\/posts\/58393\/revisions"}],"wp:featuredmedia":[{"embeddable":true,"href":"https:\/\/aeronoticias.com.pe\/noticiero\/wp-json\/wp\/v2\/media\/66716"}],"wp:attachment":[{"href":"https:\/\/aeronoticias.com.pe\/noticiero\/wp-json\/wp\/v2\/media?parent=58393"}],"wp:term":[{"taxonomy":"category","embeddable":true,"href":"https:\/\/aeronoticias.com.pe\/noticiero\/wp-json\/wp\/v2\/categories?post=58393"},{"taxonomy":"post_tag","embeddable":true,"href":"https:\/\/aeronoticias.com.pe\/noticiero\/wp-json\/wp\/v2\/tags?post=58393"}],"curies":[{"name":"wp","href":"https:\/\/api.w.org\/{rel}","templated":true}]}}