{"id":58394,"date":"2019-05-06T20:59:40","date_gmt":"2019-05-06T20:59:40","guid":{"rendered":"http:\/\/desarrollo.mcvicious.com\/aero2020\/2019\/05\/06\/fallecen-14-personas-en-avion-privado-siniestrado-al-norte-de-mexico\/"},"modified":"2020-11-25T15:34:43","modified_gmt":"2020-11-25T20:34:43","slug":"fallecen-14-personas-en-avion-privado-siniestrado-al-norte-de-mexico","status":"publish","type":"post","link":"https:\/\/aeronoticias.com.pe\/noticiero\/transporte-aereo\/internacional\/fallecen-14-personas-en-avion-privado-siniestrado-al-norte-de-mexico\/","title":{"rendered":"Fallecen 14 personas en avi\u00f3n privado siniestrado al norte de M\u00e9xico"},"content":{"rendered":"\n<p>Medios de comunicaci\u00f3n de M\u00e9xico informaron que las personas a bordo regresaban de unas peque\u00f1as vacaciones en Las Vegas, en donde ver\u00edan en acci\u00f3n al boxeador Sa\u00fal &#8216;Canelo&#8217; \u00c1lvarez.<\/p>\n\n\n\n<p>Las autoridades de Las Vegas, en Estados Unidos, informaron que un avi\u00f3n privado siniestrado fue encontrado este lunes, al norte de M\u00e9xico. Anteriormente, la aeronave fue reportada como desaparecida, cuando viajaba desde la primera ciudad mencionada.<\/p>\n\n\n\n<p>Medios mexicanos informaron que el avi\u00f3n siniestrado se dirig\u00eda a la ciudad de Monterrey y que en el mismo se encontraba un empresario regional y tres tripulantes.<\/p>\n\n\n\n<p><strong><em>Fuente: La Rep\u00fablica<\/em><\/strong><\/p>\n","protected":false},"excerpt":{"rendered":"<p>Medios de comunicaci\u00f3n de M\u00e9xico informaron que las personas a bordo regresaban de unas peque\u00f1as vacaciones en Las Vegas, en donde ver\u00edan en acci\u00f3n al boxeador Sa\u00fal &#8216;Canelo&#8217; \u00c1lvarez. Las autoridades de Las Vegas, en Estados Unidos, informaron que un avi\u00f3n privado siniestrado fue encontrado este lunes, al norte de M\u00e9xico. Anteriormente, la aeronave fue [&hellip;]<\/p>\n","protected":false},"author":1,"featured_media":66714,"comment_status":"open","ping_status":"open","sticky":false,"template":"","format":"standard","meta":{"tdm_status":"","tdm_grid_status":"","footnotes":""},"categories":[32,11],"tags":[228],"class_list":{"0":"post-58394","1":"post","2":"type-post","3":"status-publish","4":"format-standard","5":"has-post-thumbnail","7":"category-internacional","8":"category-transporte-aereo","9":"tag-mexico"},"yoast_head":"<!-- This site is optimized with the Yoast SEO plugin v25.1 - https:\/\/yoast.com\/wordpress\/plugins\/seo\/ -->\n<title>Fallecen 14 personas en avi\u00f3n privado siniestrado al norte de M\u00e9xico<\/title>\n<meta name=\"description\" content=\"Medios de comunicaci\u00f3n de M\u00e9xico informaron que las personas a bordo regresaban de unas peque\u00f1as vacaciones en Las Vegas, en donde ver\u00edan en acci\u00f3n al boxeador Sa\u00fal &#039;Canelo&#039; \u00c1lvarez.\" \/>\n<meta name=\"robots\" content=\"index, follow, max-snippet:-1, max-image-preview:large, max-video-preview:-1\" \/>\n<link rel=\"canonical\" href=\"https:\/\/aeronoticias.com.pe\/noticiero\/transporte-aereo\/internacional\/fallecen-14-personas-en-avion-privado-siniestrado-al-norte-de-mexico\/\" \/>\n<meta property=\"og:locale\" content=\"es_ES\" \/>\n<meta property=\"og:type\" content=\"article\" \/>\n<meta property=\"og:title\" content=\"Fallecen 14 personas en avi\u00f3n privado siniestrado al norte de M\u00e9xico\" \/>\n<meta property=\"og:description\" content=\"Medios de comunicaci\u00f3n de M\u00e9xico informaron que las personas a bordo regresaban de unas peque\u00f1as vacaciones en Las Vegas, en donde ver\u00edan en acci\u00f3n al boxeador Sa\u00fal &#039;Canelo&#039; \u00c1lvarez.\" \/>\n<meta property=\"og:url\" content=\"https:\/\/aeronoticias.com.pe\/noticiero\/transporte-aereo\/internacional\/fallecen-14-personas-en-avion-privado-siniestrado-al-norte-de-mexico\/\" \/>\n<meta property=\"og:site_name\" content=\"Aeronoticias.com.pe\" \/>\n<meta property=\"article:publisher\" content=\"https:\/\/www.facebook.com\/Aeronoticias.com.pe\/\" \/>\n<meta property=\"article:published_time\" content=\"2019-05-06T20:59:40+00:00\" \/>\n<meta property=\"article:modified_time\" content=\"2020-11-25T20:34:43+00:00\" \/>\n<meta property=\"og:image\" content=\"https:\/\/aeronoticias.com.pe\/noticiero\/wp-content\/uploads\/2019\/05\/avi\u00f3n-siniestrado-M\u00e9xico.jpg\" \/>\n\t<meta property=\"og:image:width\" content=\"1200\" \/>\n\t<meta property=\"og:image:height\" content=\"628\" \/>\n\t<meta property=\"og:image:type\" content=\"image\/jpeg\" \/>\n<meta name=\"author\" content=\"Redacci\u00f3n Aeronoticias\" \/>\n<meta name=\"twitter:card\" content=\"summary_large_image\" \/>\n<meta name=\"twitter:creator\" content=\"@aeronoticias\" \/>\n<meta name=\"twitter:site\" content=\"@aeronoticias\" \/>\n<meta name=\"twitter:label1\" content=\"Escrito por\" \/>\n\t<meta name=\"twitter:data1\" content=\"Redacci\u00f3n Aeronoticias\" \/>\n\t<meta name=\"twitter:label2\" content=\"Tiempo de lectura\" \/>\n\t<meta name=\"twitter:data2\" content=\"1 minuto\" \/>\n<script type=\"application\/ld+json\" class=\"yoast-schema-graph\">{\"@context\":\"https:\/\/schema.org\",\"@graph\":[{\"@type\":\"WebPage\",\"@id\":\"https:\/\/aeronoticias.com.pe\/noticiero\/transporte-aereo\/internacional\/fallecen-14-personas-en-avion-privado-siniestrado-al-norte-de-mexico\/\",\"url\":\"https:\/\/aeronoticias.com.pe\/noticiero\/transporte-aereo\/internacional\/fallecen-14-personas-en-avion-privado-siniestrado-al-norte-de-mexico\/\",\"name\":\"Fallecen 14 personas en avi\u00f3n privado siniestrado al norte de M\u00e9xico\",\"isPartOf\":{\"@id\":\"https:\/\/aeronoticias.com.pe\/noticiero\/#website\"},\"primaryImageOfPage\":{\"@id\":\"https:\/\/aeronoticias.com.pe\/noticiero\/transporte-aereo\/internacional\/fallecen-14-personas-en-avion-privado-siniestrado-al-norte-de-mexico\/#primaryimage\"},\"image\":{\"@id\":\"https:\/\/aeronoticias.com.pe\/noticiero\/transporte-aereo\/internacional\/fallecen-14-personas-en-avion-privado-siniestrado-al-norte-de-mexico\/#primaryimage\"},\"thumbnailUrl\":\"https:\/\/aeronoticias.com.pe\/noticiero\/wp-content\/uploads\/2019\/05\/avi\u00f3n-siniestrado-M\u00e9xico.jpg\",\"datePublished\":\"2019-05-06T20:59:40+00:00\",\"dateModified\":\"2020-11-25T20:34:43+00:00\",\"author\":{\"@id\":\"https:\/\/aeronoticias.com.pe\/noticiero\/#\/schema\/person\/fc1e5d578f4b62ba1cf7ac2bba1170a0\"},\"description\":\"Medios de comunicaci\u00f3n de M\u00e9xico informaron que las personas a bordo regresaban de unas peque\u00f1as vacaciones en Las Vegas, en donde ver\u00edan en acci\u00f3n al boxeador Sa\u00fal 'Canelo' \u00c1lvarez.\",\"breadcrumb\":{\"@id\":\"https:\/\/aeronoticias.com.pe\/noticiero\/transporte-aereo\/internacional\/fallecen-14-personas-en-avion-privado-siniestrado-al-norte-de-mexico\/#breadcrumb\"},\"inLanguage\":\"es\",\"potentialAction\":[{\"@type\":\"ReadAction\",\"target\":[\"https:\/\/aeronoticias.com.pe\/noticiero\/transporte-aereo\/internacional\/fallecen-14-personas-en-avion-privado-siniestrado-al-norte-de-mexico\/\"]}]},{\"@type\":\"ImageObject\",\"inLanguage\":\"es\",\"@id\":\"https:\/\/aeronoticias.com.pe\/noticiero\/transporte-aereo\/internacional\/fallecen-14-personas-en-avion-privado-siniestrado-al-norte-de-mexico\/#primaryimage\",\"url\":\"https:\/\/aeronoticias.com.pe\/noticiero\/wp-content\/uploads\/2019\/05\/avi\u00f3n-siniestrado-M\u00e9xico.jpg\",\"contentUrl\":\"https:\/\/aeronoticias.com.pe\/noticiero\/wp-content\/uploads\/2019\/05\/avi\u00f3n-siniestrado-M\u00e9xico.jpg\",\"width\":1200,\"height\":628},{\"@type\":\"BreadcrumbList\",\"@id\":\"https:\/\/aeronoticias.com.pe\/noticiero\/transporte-aereo\/internacional\/fallecen-14-personas-en-avion-privado-siniestrado-al-norte-de-mexico\/#breadcrumb\",\"itemListElement\":[{\"@type\":\"ListItem\",\"position\":1,\"name\":\"Portada\",\"item\":\"https:\/\/aeronoticias.com.pe\/noticiero\/\"},{\"@type\":\"ListItem\",\"position\":2,\"name\":\"Fallecen 14 personas en avi\u00f3n privado siniestrado al norte de M\u00e9xico\"}]},{\"@type\":\"WebSite\",\"@id\":\"https:\/\/aeronoticias.com.pe\/noticiero\/#website\",\"url\":\"https:\/\/aeronoticias.com.pe\/noticiero\/\",\"name\":\"Aeronoticias.com.pe\",\"description\":\"Noticias de tranporte aereo, turismo, hoteles, gastronomia, actualidad, internacional\",\"potentialAction\":[{\"@type\":\"SearchAction\",\"target\":{\"@type\":\"EntryPoint\",\"urlTemplate\":\"https:\/\/aeronoticias.com.pe\/noticiero\/?s={search_term_string}\"},\"query-input\":{\"@type\":\"PropertyValueSpecification\",\"valueRequired\":true,\"valueName\":\"search_term_string\"}}],\"inLanguage\":\"es\"},{\"@type\":\"Person\",\"@id\":\"https:\/\/aeronoticias.com.pe\/noticiero\/#\/schema\/person\/fc1e5d578f4b62ba1cf7ac2bba1170a0\",\"name\":\"Redacci\u00f3n Aeronoticias\",\"url\":\"https:\/\/aeronoticias.com.pe\/noticiero\/author\/piloto\/\"}]}<\/script>\n<!-- \/ Yoast SEO plugin. -->","yoast_head_json":{"title":"Fallecen 14 personas en avi\u00f3n privado siniestrado al norte de M\u00e9xico","description":"Medios de comunicaci\u00f3n de M\u00e9xico informaron que las personas a bordo regresaban de unas peque\u00f1as vacaciones en Las Vegas, en donde ver\u00edan en acci\u00f3n al boxeador Sa\u00fal 'Canelo' \u00c1lvarez.","robots":{"index":"index","follow":"follow","max-snippet":"max-snippet:-1","max-image-preview":"max-image-preview:large","max-video-preview":"max-video-preview:-1"},"canonical":"https:\/\/aeronoticias.com.pe\/noticiero\/transporte-aereo\/internacional\/fallecen-14-personas-en-avion-privado-siniestrado-al-norte-de-mexico\/","og_locale":"es_ES","og_type":"article","og_title":"Fallecen 14 personas en avi\u00f3n privado siniestrado al norte de M\u00e9xico","og_description":"Medios de comunicaci\u00f3n de M\u00e9xico informaron que las personas a bordo regresaban de unas peque\u00f1as vacaciones en Las Vegas, en donde ver\u00edan en acci\u00f3n al boxeador Sa\u00fal 'Canelo' \u00c1lvarez.","og_url":"https:\/\/aeronoticias.com.pe\/noticiero\/transporte-aereo\/internacional\/fallecen-14-personas-en-avion-privado-siniestrado-al-norte-de-mexico\/","og_site_name":"Aeronoticias.com.pe","article_publisher":"https:\/\/www.facebook.com\/Aeronoticias.com.pe\/","article_published_time":"2019-05-06T20:59:40+00:00","article_modified_time":"2020-11-25T20:34:43+00:00","og_image":[{"width":1200,"height":628,"url":"https:\/\/aeronoticias.com.pe\/noticiero\/wp-content\/uploads\/2019\/05\/avi\u00f3n-siniestrado-M\u00e9xico.jpg","type":"image\/jpeg"}],"author":"Redacci\u00f3n Aeronoticias","twitter_card":"summary_large_image","twitter_creator":"@aeronoticias","twitter_site":"@aeronoticias","twitter_misc":{"Escrito por":"Redacci\u00f3n Aeronoticias","Tiempo de lectura":"1 minuto"},"schema":{"@context":"https:\/\/schema.org","@graph":[{"@type":"WebPage","@id":"https:\/\/aeronoticias.com.pe\/noticiero\/transporte-aereo\/internacional\/fallecen-14-personas-en-avion-privado-siniestrado-al-norte-de-mexico\/","url":"https:\/\/aeronoticias.com.pe\/noticiero\/transporte-aereo\/internacional\/fallecen-14-personas-en-avion-privado-siniestrado-al-norte-de-mexico\/","name":"Fallecen 14 personas en avi\u00f3n privado siniestrado al norte de M\u00e9xico","isPartOf":{"@id":"https:\/\/aeronoticias.com.pe\/noticiero\/#website"},"primaryImageOfPage":{"@id":"https:\/\/aeronoticias.com.pe\/noticiero\/transporte-aereo\/internacional\/fallecen-14-personas-en-avion-privado-siniestrado-al-norte-de-mexico\/#primaryimage"},"image":{"@id":"https:\/\/aeronoticias.com.pe\/noticiero\/transporte-aereo\/internacional\/fallecen-14-personas-en-avion-privado-siniestrado-al-norte-de-mexico\/#primaryimage"},"thumbnailUrl":"https:\/\/aeronoticias.com.pe\/noticiero\/wp-content\/uploads\/2019\/05\/avi\u00f3n-siniestrado-M\u00e9xico.jpg","datePublished":"2019-05-06T20:59:40+00:00","dateModified":"2020-11-25T20:34:43+00:00","author":{"@id":"https:\/\/aeronoticias.com.pe\/noticiero\/#\/schema\/person\/fc1e5d578f4b62ba1cf7ac2bba1170a0"},"description":"Medios de comunicaci\u00f3n de M\u00e9xico informaron que las personas a bordo regresaban de unas peque\u00f1as vacaciones en Las Vegas, en donde ver\u00edan en acci\u00f3n al boxeador Sa\u00fal 'Canelo' \u00c1lvarez.","breadcrumb":{"@id":"https:\/\/aeronoticias.com.pe\/noticiero\/transporte-aereo\/internacional\/fallecen-14-personas-en-avion-privado-siniestrado-al-norte-de-mexico\/#breadcrumb"},"inLanguage":"es","potentialAction":[{"@type":"ReadAction","target":["https:\/\/aeronoticias.com.pe\/noticiero\/transporte-aereo\/internacional\/fallecen-14-personas-en-avion-privado-siniestrado-al-norte-de-mexico\/"]}]},{"@type":"ImageObject","inLanguage":"es","@id":"https:\/\/aeronoticias.com.pe\/noticiero\/transporte-aereo\/internacional\/fallecen-14-personas-en-avion-privado-siniestrado-al-norte-de-mexico\/#primaryimage","url":"https:\/\/aeronoticias.com.pe\/noticiero\/wp-content\/uploads\/2019\/05\/avi\u00f3n-siniestrado-M\u00e9xico.jpg","contentUrl":"https:\/\/aeronoticias.com.pe\/noticiero\/wp-content\/uploads\/2019\/05\/avi\u00f3n-siniestrado-M\u00e9xico.jpg","width":1200,"height":628},{"@type":"BreadcrumbList","@id":"https:\/\/aeronoticias.com.pe\/noticiero\/transporte-aereo\/internacional\/fallecen-14-personas-en-avion-privado-siniestrado-al-norte-de-mexico\/#breadcrumb","itemListElement":[{"@type":"ListItem","position":1,"name":"Portada","item":"https:\/\/aeronoticias.com.pe\/noticiero\/"},{"@type":"ListItem","position":2,"name":"Fallecen 14 personas en avi\u00f3n privado siniestrado al norte de M\u00e9xico"}]},{"@type":"WebSite","@id":"https:\/\/aeronoticias.com.pe\/noticiero\/#website","url":"https:\/\/aeronoticias.com.pe\/noticiero\/","name":"Aeronoticias.com.pe","description":"Noticias de tranporte aereo, turismo, hoteles, gastronomia, actualidad, internacional","potentialAction":[{"@type":"SearchAction","target":{"@type":"EntryPoint","urlTemplate":"https:\/\/aeronoticias.com.pe\/noticiero\/?s={search_term_string}"},"query-input":{"@type":"PropertyValueSpecification","valueRequired":true,"valueName":"search_term_string"}}],"inLanguage":"es"},{"@type":"Person","@id":"https:\/\/aeronoticias.com.pe\/noticiero\/#\/schema\/person\/fc1e5d578f4b62ba1cf7ac2bba1170a0","name":"Redacci\u00f3n Aeronoticias","url":"https:\/\/aeronoticias.com.pe\/noticiero\/author\/piloto\/"}]}},"_links":{"self":[{"href":"https:\/\/aeronoticias.com.pe\/noticiero\/wp-json\/wp\/v2\/posts\/58394","targetHints":{"allow":["GET"]}}],"collection":[{"href":"https:\/\/aeronoticias.com.pe\/noticiero\/wp-json\/wp\/v2\/posts"}],"about":[{"href":"https:\/\/aeronoticias.com.pe\/noticiero\/wp-json\/wp\/v2\/types\/post"}],"author":[{"embeddable":true,"href":"https:\/\/aeronoticias.com.pe\/noticiero\/wp-json\/wp\/v2\/users\/1"}],"replies":[{"embeddable":true,"href":"https:\/\/aeronoticias.com.pe\/noticiero\/wp-json\/wp\/v2\/comments?post=58394"}],"version-history":[{"count":0,"href":"https:\/\/aeronoticias.com.pe\/noticiero\/wp-json\/wp\/v2\/posts\/58394\/revisions"}],"wp:featuredmedia":[{"embeddable":true,"href":"https:\/\/aeronoticias.com.pe\/noticiero\/wp-json\/wp\/v2\/media\/66714"}],"wp:attachment":[{"href":"https:\/\/aeronoticias.com.pe\/noticiero\/wp-json\/wp\/v2\/media?parent=58394"}],"wp:term":[{"taxonomy":"category","embeddable":true,"href":"https:\/\/aeronoticias.com.pe\/noticiero\/wp-json\/wp\/v2\/categories?post=58394"},{"taxonomy":"post_tag","embeddable":true,"href":"https:\/\/aeronoticias.com.pe\/noticiero\/wp-json\/wp\/v2\/tags?post=58394"}],"curies":[{"name":"wp","href":"https:\/\/api.w.org\/{rel}","templated":true}]}}