{"id":58396,"date":"2019-05-08T14:59:40","date_gmt":"2019-05-08T14:59:40","guid":{"rendered":"http:\/\/desarrollo.mcvicious.com\/aero2020\/2019\/05\/08\/el-primer-a330-900neo-de-delta-vuela-en-tolouse\/"},"modified":"2020-11-25T15:32:21","modified_gmt":"2020-11-25T20:32:21","slug":"el-primer-a330-900neo-de-delta-vuela-en-tolouse","status":"publish","type":"post","link":"https:\/\/aeronoticias.com.pe\/noticiero\/transporte-aereo\/internacional\/el-primer-a330-900neo-de-delta-vuela-en-tolouse\/","title":{"rendered":"El primer A330-900neo de Delta vuela en Tolouse"},"content":{"rendered":"\n<p>El primer A330-900neo de Delta realiz\u00f3 su vuelo de prueba inicial el mi\u00e9rcoles por la ma\u00f1ana, luciendo la distintiva insignia de la aerol\u00ednea sobre los cielos del sur de Francia.<\/p>\n\n\n\n<p>Esto marca un importante hito para la aeronave que ser\u00e1 entregada a Delta a finales de esta primavera.<\/p>\n\n\n\n<p>Delta ser\u00e1 el la primera aerol\u00ednea norteamericana que operar\u00e1 el A330-900neo. La aeronave ofrecer\u00e1:<\/p>\n\n\n\n<p>\u2022 Un interior moderno y lujoso con los cuatro productos de asientos de marca: Delta One suites, Delta Premium Select, Delta Comfort+ y Main Cabin<\/p>\n\n\n\n<p>\u2022 Detalles pensados especialmente para los clientes como puertos de alimentaci\u00f3n en el asiento, iluminaci\u00f3n ambiental LED de espectro completo, amplios compartimentos superiores y cojines de espuma viscoel\u00e1stica en todo el avi\u00f3n para mayor comodidad<\/p>\n\n\n\n<p>\u2022 Miles de horas de entretenimiento de cortes\u00eda transmitido en las pantallas de entretenimiento ubicadas en los respaldares de los asientos, alimentadas por un nuevo sistema inal\u00e1mbrico IFE propiedad de Delta Flight Products<\/p>\n\n\n\n<p>\u2022 Conectividad a Internet 2Ku de alta velocidad, incluyendo la mensajer\u00eda m\u00f3vil gratuita a trav\u00e9s de iMessage, WhatsApp y Facebook Messenger<\/p>\n\n\n\n<p>El avi\u00f3n A330-900neo tambi\u00e9n reduce la huella de carbono del viaje, con un aumento de la eficiencia de combustible por asiento de m\u00e1s del 20 por ciento en comparaci\u00f3n con los aviones de la generaci\u00f3n anterior.<\/p>\n\n\n\n<p>Este avi\u00f3n es el primero de los 3530-900neos de \u00faltima generaci\u00f3n que han sido encargados por Delta.<\/p>\n","protected":false},"excerpt":{"rendered":"<p>El primer A330-900neo de Delta realiz\u00f3 su vuelo de prueba inicial el mi\u00e9rcoles por la ma\u00f1ana, luciendo la distintiva insignia de la aerol\u00ednea sobre los cielos del sur de Francia. Esto marca un importante hito para la aeronave que ser\u00e1 entregada a Delta a finales de esta primavera. Delta ser\u00e1 el la primera aerol\u00ednea norteamericana [&hellip;]<\/p>\n","protected":false},"author":1,"featured_media":66712,"comment_status":"open","ping_status":"open","sticky":false,"template":"","format":"standard","meta":{"tdm_status":"","tdm_grid_status":"","footnotes":""},"categories":[32,11],"tags":[1039,122,1040],"class_list":{"0":"post-58396","1":"post","2":"type-post","3":"status-publish","4":"format-standard","5":"has-post-thumbnail","7":"category-internacional","8":"category-transporte-aereo","9":"tag-a330-900neo","10":"tag-delta-airlines","11":"tag-tolouse"},"yoast_head":"<!-- This site is optimized with the Yoast SEO plugin v25.1 - https:\/\/yoast.com\/wordpress\/plugins\/seo\/ -->\n<title>El primer A330-900neo de Delta vuela en Tolouse<\/title>\n<meta name=\"description\" content=\"El primer A330-900neo de Delta realiz\u00f3 su vuelo de prueba inicial el mi\u00e9rcoles por la ma\u00f1ana, luciendo la distintiva insignia de la aerol\u00ednea sobre los cielos del sur de Francia.\" \/>\n<meta name=\"robots\" content=\"index, follow, max-snippet:-1, max-image-preview:large, max-video-preview:-1\" \/>\n<link rel=\"canonical\" href=\"https:\/\/aeronoticias.com.pe\/noticiero\/transporte-aereo\/internacional\/el-primer-a330-900neo-de-delta-vuela-en-tolouse\/\" \/>\n<meta property=\"og:locale\" content=\"es_ES\" \/>\n<meta property=\"og:type\" content=\"article\" \/>\n<meta property=\"og:title\" content=\"El primer A330-900neo de Delta vuela en Tolouse\" \/>\n<meta property=\"og:description\" content=\"El primer A330-900neo de Delta realiz\u00f3 su vuelo de prueba inicial el mi\u00e9rcoles por la ma\u00f1ana, luciendo la distintiva insignia de la aerol\u00ednea sobre los cielos del sur de Francia.\" \/>\n<meta property=\"og:url\" content=\"https:\/\/aeronoticias.com.pe\/noticiero\/transporte-aereo\/internacional\/el-primer-a330-900neo-de-delta-vuela-en-tolouse\/\" \/>\n<meta property=\"og:site_name\" content=\"Aeronoticias.com.pe\" \/>\n<meta property=\"article:publisher\" content=\"https:\/\/www.facebook.com\/Aeronoticias.com.pe\/\" \/>\n<meta property=\"article:published_time\" content=\"2019-05-08T14:59:40+00:00\" \/>\n<meta property=\"article:modified_time\" content=\"2020-11-25T20:32:21+00:00\" \/>\n<meta property=\"og:image\" content=\"https:\/\/aeronoticias.com.pe\/noticiero\/wp-content\/uploads\/2019\/05\/A330-900neo-Delta.jpg\" \/>\n\t<meta property=\"og:image:width\" content=\"900\" \/>\n\t<meta property=\"og:image:height\" content=\"538\" \/>\n\t<meta property=\"og:image:type\" content=\"image\/jpeg\" \/>\n<meta name=\"author\" content=\"Redacci\u00f3n Aeronoticias\" \/>\n<meta name=\"twitter:card\" content=\"summary_large_image\" \/>\n<meta name=\"twitter:creator\" content=\"@aeronoticias\" \/>\n<meta name=\"twitter:site\" content=\"@aeronoticias\" \/>\n<meta name=\"twitter:label1\" content=\"Escrito por\" \/>\n\t<meta name=\"twitter:data1\" content=\"Redacci\u00f3n Aeronoticias\" \/>\n\t<meta name=\"twitter:label2\" content=\"Tiempo de lectura\" \/>\n\t<meta name=\"twitter:data2\" content=\"1 minuto\" \/>\n<script type=\"application\/ld+json\" class=\"yoast-schema-graph\">{\"@context\":\"https:\/\/schema.org\",\"@graph\":[{\"@type\":\"WebPage\",\"@id\":\"https:\/\/aeronoticias.com.pe\/noticiero\/transporte-aereo\/internacional\/el-primer-a330-900neo-de-delta-vuela-en-tolouse\/\",\"url\":\"https:\/\/aeronoticias.com.pe\/noticiero\/transporte-aereo\/internacional\/el-primer-a330-900neo-de-delta-vuela-en-tolouse\/\",\"name\":\"El primer A330-900neo de Delta vuela en Tolouse\",\"isPartOf\":{\"@id\":\"https:\/\/aeronoticias.com.pe\/noticiero\/#website\"},\"primaryImageOfPage\":{\"@id\":\"https:\/\/aeronoticias.com.pe\/noticiero\/transporte-aereo\/internacional\/el-primer-a330-900neo-de-delta-vuela-en-tolouse\/#primaryimage\"},\"image\":{\"@id\":\"https:\/\/aeronoticias.com.pe\/noticiero\/transporte-aereo\/internacional\/el-primer-a330-900neo-de-delta-vuela-en-tolouse\/#primaryimage\"},\"thumbnailUrl\":\"https:\/\/aeronoticias.com.pe\/noticiero\/wp-content\/uploads\/2019\/05\/A330-900neo-Delta.jpg\",\"datePublished\":\"2019-05-08T14:59:40+00:00\",\"dateModified\":\"2020-11-25T20:32:21+00:00\",\"author\":{\"@id\":\"https:\/\/aeronoticias.com.pe\/noticiero\/#\/schema\/person\/fc1e5d578f4b62ba1cf7ac2bba1170a0\"},\"description\":\"El primer A330-900neo de Delta realiz\u00f3 su vuelo de prueba inicial el mi\u00e9rcoles por la ma\u00f1ana, luciendo la distintiva insignia de la aerol\u00ednea sobre los cielos del sur de Francia.\",\"breadcrumb\":{\"@id\":\"https:\/\/aeronoticias.com.pe\/noticiero\/transporte-aereo\/internacional\/el-primer-a330-900neo-de-delta-vuela-en-tolouse\/#breadcrumb\"},\"inLanguage\":\"es\",\"potentialAction\":[{\"@type\":\"ReadAction\",\"target\":[\"https:\/\/aeronoticias.com.pe\/noticiero\/transporte-aereo\/internacional\/el-primer-a330-900neo-de-delta-vuela-en-tolouse\/\"]}]},{\"@type\":\"ImageObject\",\"inLanguage\":\"es\",\"@id\":\"https:\/\/aeronoticias.com.pe\/noticiero\/transporte-aereo\/internacional\/el-primer-a330-900neo-de-delta-vuela-en-tolouse\/#primaryimage\",\"url\":\"https:\/\/aeronoticias.com.pe\/noticiero\/wp-content\/uploads\/2019\/05\/A330-900neo-Delta.jpg\",\"contentUrl\":\"https:\/\/aeronoticias.com.pe\/noticiero\/wp-content\/uploads\/2019\/05\/A330-900neo-Delta.jpg\",\"width\":900,\"height\":538},{\"@type\":\"BreadcrumbList\",\"@id\":\"https:\/\/aeronoticias.com.pe\/noticiero\/transporte-aereo\/internacional\/el-primer-a330-900neo-de-delta-vuela-en-tolouse\/#breadcrumb\",\"itemListElement\":[{\"@type\":\"ListItem\",\"position\":1,\"name\":\"Portada\",\"item\":\"https:\/\/aeronoticias.com.pe\/noticiero\/\"},{\"@type\":\"ListItem\",\"position\":2,\"name\":\"El primer A330-900neo de Delta vuela en Tolouse\"}]},{\"@type\":\"WebSite\",\"@id\":\"https:\/\/aeronoticias.com.pe\/noticiero\/#website\",\"url\":\"https:\/\/aeronoticias.com.pe\/noticiero\/\",\"name\":\"Aeronoticias.com.pe\",\"description\":\"Noticias de tranporte aereo, turismo, hoteles, gastronomia, actualidad, internacional\",\"potentialAction\":[{\"@type\":\"SearchAction\",\"target\":{\"@type\":\"EntryPoint\",\"urlTemplate\":\"https:\/\/aeronoticias.com.pe\/noticiero\/?s={search_term_string}\"},\"query-input\":{\"@type\":\"PropertyValueSpecification\",\"valueRequired\":true,\"valueName\":\"search_term_string\"}}],\"inLanguage\":\"es\"},{\"@type\":\"Person\",\"@id\":\"https:\/\/aeronoticias.com.pe\/noticiero\/#\/schema\/person\/fc1e5d578f4b62ba1cf7ac2bba1170a0\",\"name\":\"Redacci\u00f3n Aeronoticias\",\"url\":\"https:\/\/aeronoticias.com.pe\/noticiero\/author\/piloto\/\"}]}<\/script>\n<!-- \/ Yoast SEO plugin. -->","yoast_head_json":{"title":"El primer A330-900neo de Delta vuela en Tolouse","description":"El primer A330-900neo de Delta realiz\u00f3 su vuelo de prueba inicial el mi\u00e9rcoles por la ma\u00f1ana, luciendo la distintiva insignia de la aerol\u00ednea sobre los cielos del sur de Francia.","robots":{"index":"index","follow":"follow","max-snippet":"max-snippet:-1","max-image-preview":"max-image-preview:large","max-video-preview":"max-video-preview:-1"},"canonical":"https:\/\/aeronoticias.com.pe\/noticiero\/transporte-aereo\/internacional\/el-primer-a330-900neo-de-delta-vuela-en-tolouse\/","og_locale":"es_ES","og_type":"article","og_title":"El primer A330-900neo de Delta vuela en Tolouse","og_description":"El primer A330-900neo de Delta realiz\u00f3 su vuelo de prueba inicial el mi\u00e9rcoles por la ma\u00f1ana, luciendo la distintiva insignia de la aerol\u00ednea sobre los cielos del sur de Francia.","og_url":"https:\/\/aeronoticias.com.pe\/noticiero\/transporte-aereo\/internacional\/el-primer-a330-900neo-de-delta-vuela-en-tolouse\/","og_site_name":"Aeronoticias.com.pe","article_publisher":"https:\/\/www.facebook.com\/Aeronoticias.com.pe\/","article_published_time":"2019-05-08T14:59:40+00:00","article_modified_time":"2020-11-25T20:32:21+00:00","og_image":[{"width":900,"height":538,"url":"https:\/\/aeronoticias.com.pe\/noticiero\/wp-content\/uploads\/2019\/05\/A330-900neo-Delta.jpg","type":"image\/jpeg"}],"author":"Redacci\u00f3n Aeronoticias","twitter_card":"summary_large_image","twitter_creator":"@aeronoticias","twitter_site":"@aeronoticias","twitter_misc":{"Escrito por":"Redacci\u00f3n Aeronoticias","Tiempo de lectura":"1 minuto"},"schema":{"@context":"https:\/\/schema.org","@graph":[{"@type":"WebPage","@id":"https:\/\/aeronoticias.com.pe\/noticiero\/transporte-aereo\/internacional\/el-primer-a330-900neo-de-delta-vuela-en-tolouse\/","url":"https:\/\/aeronoticias.com.pe\/noticiero\/transporte-aereo\/internacional\/el-primer-a330-900neo-de-delta-vuela-en-tolouse\/","name":"El primer A330-900neo de Delta vuela en Tolouse","isPartOf":{"@id":"https:\/\/aeronoticias.com.pe\/noticiero\/#website"},"primaryImageOfPage":{"@id":"https:\/\/aeronoticias.com.pe\/noticiero\/transporte-aereo\/internacional\/el-primer-a330-900neo-de-delta-vuela-en-tolouse\/#primaryimage"},"image":{"@id":"https:\/\/aeronoticias.com.pe\/noticiero\/transporte-aereo\/internacional\/el-primer-a330-900neo-de-delta-vuela-en-tolouse\/#primaryimage"},"thumbnailUrl":"https:\/\/aeronoticias.com.pe\/noticiero\/wp-content\/uploads\/2019\/05\/A330-900neo-Delta.jpg","datePublished":"2019-05-08T14:59:40+00:00","dateModified":"2020-11-25T20:32:21+00:00","author":{"@id":"https:\/\/aeronoticias.com.pe\/noticiero\/#\/schema\/person\/fc1e5d578f4b62ba1cf7ac2bba1170a0"},"description":"El primer A330-900neo de Delta realiz\u00f3 su vuelo de prueba inicial el mi\u00e9rcoles por la ma\u00f1ana, luciendo la distintiva insignia de la aerol\u00ednea sobre los cielos del sur de Francia.","breadcrumb":{"@id":"https:\/\/aeronoticias.com.pe\/noticiero\/transporte-aereo\/internacional\/el-primer-a330-900neo-de-delta-vuela-en-tolouse\/#breadcrumb"},"inLanguage":"es","potentialAction":[{"@type":"ReadAction","target":["https:\/\/aeronoticias.com.pe\/noticiero\/transporte-aereo\/internacional\/el-primer-a330-900neo-de-delta-vuela-en-tolouse\/"]}]},{"@type":"ImageObject","inLanguage":"es","@id":"https:\/\/aeronoticias.com.pe\/noticiero\/transporte-aereo\/internacional\/el-primer-a330-900neo-de-delta-vuela-en-tolouse\/#primaryimage","url":"https:\/\/aeronoticias.com.pe\/noticiero\/wp-content\/uploads\/2019\/05\/A330-900neo-Delta.jpg","contentUrl":"https:\/\/aeronoticias.com.pe\/noticiero\/wp-content\/uploads\/2019\/05\/A330-900neo-Delta.jpg","width":900,"height":538},{"@type":"BreadcrumbList","@id":"https:\/\/aeronoticias.com.pe\/noticiero\/transporte-aereo\/internacional\/el-primer-a330-900neo-de-delta-vuela-en-tolouse\/#breadcrumb","itemListElement":[{"@type":"ListItem","position":1,"name":"Portada","item":"https:\/\/aeronoticias.com.pe\/noticiero\/"},{"@type":"ListItem","position":2,"name":"El primer A330-900neo de Delta vuela en Tolouse"}]},{"@type":"WebSite","@id":"https:\/\/aeronoticias.com.pe\/noticiero\/#website","url":"https:\/\/aeronoticias.com.pe\/noticiero\/","name":"Aeronoticias.com.pe","description":"Noticias de tranporte aereo, turismo, hoteles, gastronomia, actualidad, internacional","potentialAction":[{"@type":"SearchAction","target":{"@type":"EntryPoint","urlTemplate":"https:\/\/aeronoticias.com.pe\/noticiero\/?s={search_term_string}"},"query-input":{"@type":"PropertyValueSpecification","valueRequired":true,"valueName":"search_term_string"}}],"inLanguage":"es"},{"@type":"Person","@id":"https:\/\/aeronoticias.com.pe\/noticiero\/#\/schema\/person\/fc1e5d578f4b62ba1cf7ac2bba1170a0","name":"Redacci\u00f3n Aeronoticias","url":"https:\/\/aeronoticias.com.pe\/noticiero\/author\/piloto\/"}]}},"_links":{"self":[{"href":"https:\/\/aeronoticias.com.pe\/noticiero\/wp-json\/wp\/v2\/posts\/58396","targetHints":{"allow":["GET"]}}],"collection":[{"href":"https:\/\/aeronoticias.com.pe\/noticiero\/wp-json\/wp\/v2\/posts"}],"about":[{"href":"https:\/\/aeronoticias.com.pe\/noticiero\/wp-json\/wp\/v2\/types\/post"}],"author":[{"embeddable":true,"href":"https:\/\/aeronoticias.com.pe\/noticiero\/wp-json\/wp\/v2\/users\/1"}],"replies":[{"embeddable":true,"href":"https:\/\/aeronoticias.com.pe\/noticiero\/wp-json\/wp\/v2\/comments?post=58396"}],"version-history":[{"count":0,"href":"https:\/\/aeronoticias.com.pe\/noticiero\/wp-json\/wp\/v2\/posts\/58396\/revisions"}],"wp:featuredmedia":[{"embeddable":true,"href":"https:\/\/aeronoticias.com.pe\/noticiero\/wp-json\/wp\/v2\/media\/66712"}],"wp:attachment":[{"href":"https:\/\/aeronoticias.com.pe\/noticiero\/wp-json\/wp\/v2\/media?parent=58396"}],"wp:term":[{"taxonomy":"category","embeddable":true,"href":"https:\/\/aeronoticias.com.pe\/noticiero\/wp-json\/wp\/v2\/categories?post=58396"},{"taxonomy":"post_tag","embeddable":true,"href":"https:\/\/aeronoticias.com.pe\/noticiero\/wp-json\/wp\/v2\/tags?post=58396"}],"curies":[{"name":"wp","href":"https:\/\/api.w.org\/{rel}","templated":true}]}}