{"id":58443,"date":"2019-06-02T02:15:06","date_gmt":"2019-06-02T02:15:06","guid":{"rendered":"http:\/\/desarrollo.mcvicious.com\/aero2020\/2019\/06\/02\/aeromexico-entra-al-negocio-de-los-jets-privados\/"},"modified":"2020-11-25T14:37:14","modified_gmt":"2020-11-25T19:37:14","slug":"aeromexico-entra-al-negocio-de-los-jets-privados","status":"publish","type":"post","link":"https:\/\/aeronoticias.com.pe\/noticiero\/transporte-aereo\/internacional\/aeromexico-entra-al-negocio-de-los-jets-privados\/","title":{"rendered":"Aerom\u00e9xico entra al negocio de los jets privados"},"content":{"rendered":"\n<p>Aerom\u00e9xico y la firma Aerol\u00edneas Ejecutivas anunciaron hoy una alianza para el lanzamiento de Aerom\u00e9xico Private Jets, una nueva unidad de negocio con la cual la compa\u00f1\u00eda apunta a los servicios de transporte a\u00e9reo ejecutivo en M\u00e9xico.<\/p>\n\n\n\n<p class=\"p1\">A trav\u00e9s de un acuerdo de colaboraci\u00f3n, ambas compa\u00f1\u00edas buscan potenciar sus operaciones actuales. Andr\u00e9s Conesa, director general de Aerom\u00e9xico, explic\u00f3 que mientras los servicios contratados dentro del pa\u00eds ser\u00e1n operados por Aerol\u00edneas Ejecutivas, en Estados Unidos ser\u00eda Delta Air Lines, a trav\u00e9s de su divisi\u00f3n Delta Private Jets, quien encabezar\u00eda los vuelos privados para los usuarios mexicanos.<\/p>\n\n\n\n<p class=\"p1\">El servicio funcionar\u00e1 mediante una tarjeta de prepago llamada Aerom\u00e9xico Jet Card, en la que los usuarios podr\u00e1n adquirir un m\u00ednimo de 25 horas de vuelo para utilizarlas en M\u00e9xico y Estados Unidos, adem\u00e1s de acumular beneficios en Clase Premier.<\/p>\n\n\n\n<p class=\"p1\">Alejandro Alonso, director general de Aerol\u00edneas Ejecutivas, indic\u00f3 que la compa\u00f1\u00eda tendr\u00e1 32 aviones a disposici\u00f3n de este servicio, con capacidades que van de los ocho a los 12 pasajeros, y tambi\u00e9n ofertar\u00e1n servicios de helic\u00f3pteros, con salidas desde la Ciudad de M\u00e9xico, Toluca, Monterrey, Le\u00f3n, Canc\u00fan y M\u00e9rida.<\/p>\n\n\n\n<p class=\"p1\">M\u00e9xico es el segundo mayor mercado para la aviaci\u00f3n ejecutiva en el mundo, por detr\u00e1s de Estados Unidos, se\u00f1al\u00f3 Alonso, principalmente por la falta de infraestructura en el pa\u00eds, que empuja a buscar opciones m\u00e1s r\u00e1pidas y a la medida.<\/p>\n\n\n\n<p class=\"p1\">Seg\u00fan informaci\u00f3n de ProM\u00e9xico, el pa\u00eds alberga la cuarta flota m\u00e1s grande de jets privados del mundo. Alonso estima que hay m\u00e1s de 700 aeronaves ejecutivas en M\u00e9xico, parte de un mercado que en los \u00faltimos a\u00f1os creci\u00f3 a un ritmo anual hasta de 12%.<\/p>\n\n\n\n<p class=\"p1\">Fuente: <span style=\"text-decoration: underline;\"><em><strong>Aviaci\u00f3n al d\u00eda<\/strong><\/em><\/span>.<\/p>\n","protected":false},"excerpt":{"rendered":"<p>Aerom\u00e9xico y la firma Aerol\u00edneas Ejecutivas anunciaron hoy una alianza para el lanzamiento de Aerom\u00e9xico Private Jets, una nueva unidad de negocio con la cual la compa\u00f1\u00eda apunta a los servicios de transporte a\u00e9reo ejecutivo en M\u00e9xico. A trav\u00e9s de un acuerdo de colaboraci\u00f3n, ambas compa\u00f1\u00edas buscan potenciar sus operaciones actuales. Andr\u00e9s Conesa, director general [&hellip;]<\/p>\n","protected":false},"author":1,"featured_media":66691,"comment_status":"open","ping_status":"open","sticky":false,"template":"","format":"standard","meta":{"tdm_status":"","tdm_grid_status":"","footnotes":""},"categories":[32,11],"tags":[224,638],"class_list":{"0":"post-58443","1":"post","2":"type-post","3":"status-publish","4":"format-standard","5":"has-post-thumbnail","7":"category-internacional","8":"category-transporte-aereo","9":"tag-aeromexico","10":"tag-jets-privados"},"yoast_head":"<!-- This site is optimized with the Yoast SEO plugin v25.1 - https:\/\/yoast.com\/wordpress\/plugins\/seo\/ -->\n<title>Aerom\u00e9xico entra al negocio de los jets privados<\/title>\n<meta name=\"description\" content=\"Aerom\u00e9xico y la firma Aerol\u00edneas Ejecutivas anunciaron hoy una alianza para el lanzamiento de Aerom\u00e9xico Private Jets, una nueva unidad de negocio con la cual la compa\u00f1\u00eda apunta a los servicios de transporte a\u00e9reo ejecutivo en M\u00e9xico.\" \/>\n<meta name=\"robots\" content=\"index, follow, max-snippet:-1, max-image-preview:large, max-video-preview:-1\" \/>\n<link rel=\"canonical\" href=\"https:\/\/aeronoticias.com.pe\/noticiero\/transporte-aereo\/internacional\/aeromexico-entra-al-negocio-de-los-jets-privados\/\" \/>\n<meta property=\"og:locale\" content=\"es_ES\" \/>\n<meta property=\"og:type\" content=\"article\" \/>\n<meta property=\"og:title\" content=\"Aerom\u00e9xico entra al negocio de los jets privados\" \/>\n<meta property=\"og:description\" content=\"Aerom\u00e9xico y la firma Aerol\u00edneas Ejecutivas anunciaron hoy una alianza para el lanzamiento de Aerom\u00e9xico Private Jets, una nueva unidad de negocio con la cual la compa\u00f1\u00eda apunta a los servicios de transporte a\u00e9reo ejecutivo en M\u00e9xico.\" \/>\n<meta property=\"og:url\" content=\"https:\/\/aeronoticias.com.pe\/noticiero\/transporte-aereo\/internacional\/aeromexico-entra-al-negocio-de-los-jets-privados\/\" \/>\n<meta property=\"og:site_name\" content=\"Aeronoticias.com.pe\" \/>\n<meta property=\"article:publisher\" content=\"https:\/\/www.facebook.com\/Aeronoticias.com.pe\/\" \/>\n<meta property=\"article:published_time\" content=\"2019-06-02T02:15:06+00:00\" \/>\n<meta property=\"article:modified_time\" content=\"2020-11-25T19:37:14+00:00\" \/>\n<meta property=\"og:image\" content=\"https:\/\/aeronoticias.com.pe\/noticiero\/wp-content\/uploads\/2019\/06\/Aeromexico-jets.jpg\" \/>\n\t<meta property=\"og:image:width\" content=\"800\" \/>\n\t<meta property=\"og:image:height\" content=\"400\" \/>\n\t<meta property=\"og:image:type\" content=\"image\/jpeg\" \/>\n<meta name=\"author\" content=\"Redacci\u00f3n Aeronoticias\" \/>\n<meta name=\"twitter:card\" content=\"summary_large_image\" \/>\n<meta name=\"twitter:creator\" content=\"@aeronoticias\" \/>\n<meta name=\"twitter:site\" content=\"@aeronoticias\" \/>\n<meta name=\"twitter:label1\" content=\"Escrito por\" \/>\n\t<meta name=\"twitter:data1\" content=\"Redacci\u00f3n Aeronoticias\" \/>\n\t<meta name=\"twitter:label2\" content=\"Tiempo de lectura\" \/>\n\t<meta name=\"twitter:data2\" content=\"2 minutos\" \/>\n<script type=\"application\/ld+json\" class=\"yoast-schema-graph\">{\"@context\":\"https:\/\/schema.org\",\"@graph\":[{\"@type\":\"WebPage\",\"@id\":\"https:\/\/aeronoticias.com.pe\/noticiero\/transporte-aereo\/internacional\/aeromexico-entra-al-negocio-de-los-jets-privados\/\",\"url\":\"https:\/\/aeronoticias.com.pe\/noticiero\/transporte-aereo\/internacional\/aeromexico-entra-al-negocio-de-los-jets-privados\/\",\"name\":\"Aerom\u00e9xico entra al negocio de los jets privados\",\"isPartOf\":{\"@id\":\"https:\/\/aeronoticias.com.pe\/noticiero\/#website\"},\"primaryImageOfPage\":{\"@id\":\"https:\/\/aeronoticias.com.pe\/noticiero\/transporte-aereo\/internacional\/aeromexico-entra-al-negocio-de-los-jets-privados\/#primaryimage\"},\"image\":{\"@id\":\"https:\/\/aeronoticias.com.pe\/noticiero\/transporte-aereo\/internacional\/aeromexico-entra-al-negocio-de-los-jets-privados\/#primaryimage\"},\"thumbnailUrl\":\"https:\/\/aeronoticias.com.pe\/noticiero\/wp-content\/uploads\/2019\/06\/Aeromexico-jets.jpg\",\"datePublished\":\"2019-06-02T02:15:06+00:00\",\"dateModified\":\"2020-11-25T19:37:14+00:00\",\"author\":{\"@id\":\"https:\/\/aeronoticias.com.pe\/noticiero\/#\/schema\/person\/fc1e5d578f4b62ba1cf7ac2bba1170a0\"},\"description\":\"Aerom\u00e9xico y la firma Aerol\u00edneas Ejecutivas anunciaron hoy una alianza para el lanzamiento de Aerom\u00e9xico Private Jets, una nueva unidad de negocio con la cual la compa\u00f1\u00eda apunta a los servicios de transporte a\u00e9reo ejecutivo en M\u00e9xico.\",\"breadcrumb\":{\"@id\":\"https:\/\/aeronoticias.com.pe\/noticiero\/transporte-aereo\/internacional\/aeromexico-entra-al-negocio-de-los-jets-privados\/#breadcrumb\"},\"inLanguage\":\"es\",\"potentialAction\":[{\"@type\":\"ReadAction\",\"target\":[\"https:\/\/aeronoticias.com.pe\/noticiero\/transporte-aereo\/internacional\/aeromexico-entra-al-negocio-de-los-jets-privados\/\"]}]},{\"@type\":\"ImageObject\",\"inLanguage\":\"es\",\"@id\":\"https:\/\/aeronoticias.com.pe\/noticiero\/transporte-aereo\/internacional\/aeromexico-entra-al-negocio-de-los-jets-privados\/#primaryimage\",\"url\":\"https:\/\/aeronoticias.com.pe\/noticiero\/wp-content\/uploads\/2019\/06\/Aeromexico-jets.jpg\",\"contentUrl\":\"https:\/\/aeronoticias.com.pe\/noticiero\/wp-content\/uploads\/2019\/06\/Aeromexico-jets.jpg\",\"width\":800,\"height\":400},{\"@type\":\"BreadcrumbList\",\"@id\":\"https:\/\/aeronoticias.com.pe\/noticiero\/transporte-aereo\/internacional\/aeromexico-entra-al-negocio-de-los-jets-privados\/#breadcrumb\",\"itemListElement\":[{\"@type\":\"ListItem\",\"position\":1,\"name\":\"Portada\",\"item\":\"https:\/\/aeronoticias.com.pe\/noticiero\/\"},{\"@type\":\"ListItem\",\"position\":2,\"name\":\"Aerom\u00e9xico entra al negocio de los jets privados\"}]},{\"@type\":\"WebSite\",\"@id\":\"https:\/\/aeronoticias.com.pe\/noticiero\/#website\",\"url\":\"https:\/\/aeronoticias.com.pe\/noticiero\/\",\"name\":\"Aeronoticias.com.pe\",\"description\":\"Noticias de tranporte aereo, turismo, hoteles, gastronomia, actualidad, internacional\",\"potentialAction\":[{\"@type\":\"SearchAction\",\"target\":{\"@type\":\"EntryPoint\",\"urlTemplate\":\"https:\/\/aeronoticias.com.pe\/noticiero\/?s={search_term_string}\"},\"query-input\":{\"@type\":\"PropertyValueSpecification\",\"valueRequired\":true,\"valueName\":\"search_term_string\"}}],\"inLanguage\":\"es\"},{\"@type\":\"Person\",\"@id\":\"https:\/\/aeronoticias.com.pe\/noticiero\/#\/schema\/person\/fc1e5d578f4b62ba1cf7ac2bba1170a0\",\"name\":\"Redacci\u00f3n Aeronoticias\",\"url\":\"https:\/\/aeronoticias.com.pe\/noticiero\/author\/piloto\/\"}]}<\/script>\n<!-- \/ Yoast SEO plugin. -->","yoast_head_json":{"title":"Aerom\u00e9xico entra al negocio de los jets privados","description":"Aerom\u00e9xico y la firma Aerol\u00edneas Ejecutivas anunciaron hoy una alianza para el lanzamiento de Aerom\u00e9xico Private Jets, una nueva unidad de negocio con la cual la compa\u00f1\u00eda apunta a los servicios de transporte a\u00e9reo ejecutivo en M\u00e9xico.","robots":{"index":"index","follow":"follow","max-snippet":"max-snippet:-1","max-image-preview":"max-image-preview:large","max-video-preview":"max-video-preview:-1"},"canonical":"https:\/\/aeronoticias.com.pe\/noticiero\/transporte-aereo\/internacional\/aeromexico-entra-al-negocio-de-los-jets-privados\/","og_locale":"es_ES","og_type":"article","og_title":"Aerom\u00e9xico entra al negocio de los jets privados","og_description":"Aerom\u00e9xico y la firma Aerol\u00edneas Ejecutivas anunciaron hoy una alianza para el lanzamiento de Aerom\u00e9xico Private Jets, una nueva unidad de negocio con la cual la compa\u00f1\u00eda apunta a los servicios de transporte a\u00e9reo ejecutivo en M\u00e9xico.","og_url":"https:\/\/aeronoticias.com.pe\/noticiero\/transporte-aereo\/internacional\/aeromexico-entra-al-negocio-de-los-jets-privados\/","og_site_name":"Aeronoticias.com.pe","article_publisher":"https:\/\/www.facebook.com\/Aeronoticias.com.pe\/","article_published_time":"2019-06-02T02:15:06+00:00","article_modified_time":"2020-11-25T19:37:14+00:00","og_image":[{"width":800,"height":400,"url":"https:\/\/aeronoticias.com.pe\/noticiero\/wp-content\/uploads\/2019\/06\/Aeromexico-jets.jpg","type":"image\/jpeg"}],"author":"Redacci\u00f3n Aeronoticias","twitter_card":"summary_large_image","twitter_creator":"@aeronoticias","twitter_site":"@aeronoticias","twitter_misc":{"Escrito por":"Redacci\u00f3n Aeronoticias","Tiempo de lectura":"2 minutos"},"schema":{"@context":"https:\/\/schema.org","@graph":[{"@type":"WebPage","@id":"https:\/\/aeronoticias.com.pe\/noticiero\/transporte-aereo\/internacional\/aeromexico-entra-al-negocio-de-los-jets-privados\/","url":"https:\/\/aeronoticias.com.pe\/noticiero\/transporte-aereo\/internacional\/aeromexico-entra-al-negocio-de-los-jets-privados\/","name":"Aerom\u00e9xico entra al negocio de los jets privados","isPartOf":{"@id":"https:\/\/aeronoticias.com.pe\/noticiero\/#website"},"primaryImageOfPage":{"@id":"https:\/\/aeronoticias.com.pe\/noticiero\/transporte-aereo\/internacional\/aeromexico-entra-al-negocio-de-los-jets-privados\/#primaryimage"},"image":{"@id":"https:\/\/aeronoticias.com.pe\/noticiero\/transporte-aereo\/internacional\/aeromexico-entra-al-negocio-de-los-jets-privados\/#primaryimage"},"thumbnailUrl":"https:\/\/aeronoticias.com.pe\/noticiero\/wp-content\/uploads\/2019\/06\/Aeromexico-jets.jpg","datePublished":"2019-06-02T02:15:06+00:00","dateModified":"2020-11-25T19:37:14+00:00","author":{"@id":"https:\/\/aeronoticias.com.pe\/noticiero\/#\/schema\/person\/fc1e5d578f4b62ba1cf7ac2bba1170a0"},"description":"Aerom\u00e9xico y la firma Aerol\u00edneas Ejecutivas anunciaron hoy una alianza para el lanzamiento de Aerom\u00e9xico Private Jets, una nueva unidad de negocio con la cual la compa\u00f1\u00eda apunta a los servicios de transporte a\u00e9reo ejecutivo en M\u00e9xico.","breadcrumb":{"@id":"https:\/\/aeronoticias.com.pe\/noticiero\/transporte-aereo\/internacional\/aeromexico-entra-al-negocio-de-los-jets-privados\/#breadcrumb"},"inLanguage":"es","potentialAction":[{"@type":"ReadAction","target":["https:\/\/aeronoticias.com.pe\/noticiero\/transporte-aereo\/internacional\/aeromexico-entra-al-negocio-de-los-jets-privados\/"]}]},{"@type":"ImageObject","inLanguage":"es","@id":"https:\/\/aeronoticias.com.pe\/noticiero\/transporte-aereo\/internacional\/aeromexico-entra-al-negocio-de-los-jets-privados\/#primaryimage","url":"https:\/\/aeronoticias.com.pe\/noticiero\/wp-content\/uploads\/2019\/06\/Aeromexico-jets.jpg","contentUrl":"https:\/\/aeronoticias.com.pe\/noticiero\/wp-content\/uploads\/2019\/06\/Aeromexico-jets.jpg","width":800,"height":400},{"@type":"BreadcrumbList","@id":"https:\/\/aeronoticias.com.pe\/noticiero\/transporte-aereo\/internacional\/aeromexico-entra-al-negocio-de-los-jets-privados\/#breadcrumb","itemListElement":[{"@type":"ListItem","position":1,"name":"Portada","item":"https:\/\/aeronoticias.com.pe\/noticiero\/"},{"@type":"ListItem","position":2,"name":"Aerom\u00e9xico entra al negocio de los jets privados"}]},{"@type":"WebSite","@id":"https:\/\/aeronoticias.com.pe\/noticiero\/#website","url":"https:\/\/aeronoticias.com.pe\/noticiero\/","name":"Aeronoticias.com.pe","description":"Noticias de tranporte aereo, turismo, hoteles, gastronomia, actualidad, internacional","potentialAction":[{"@type":"SearchAction","target":{"@type":"EntryPoint","urlTemplate":"https:\/\/aeronoticias.com.pe\/noticiero\/?s={search_term_string}"},"query-input":{"@type":"PropertyValueSpecification","valueRequired":true,"valueName":"search_term_string"}}],"inLanguage":"es"},{"@type":"Person","@id":"https:\/\/aeronoticias.com.pe\/noticiero\/#\/schema\/person\/fc1e5d578f4b62ba1cf7ac2bba1170a0","name":"Redacci\u00f3n Aeronoticias","url":"https:\/\/aeronoticias.com.pe\/noticiero\/author\/piloto\/"}]}},"_links":{"self":[{"href":"https:\/\/aeronoticias.com.pe\/noticiero\/wp-json\/wp\/v2\/posts\/58443","targetHints":{"allow":["GET"]}}],"collection":[{"href":"https:\/\/aeronoticias.com.pe\/noticiero\/wp-json\/wp\/v2\/posts"}],"about":[{"href":"https:\/\/aeronoticias.com.pe\/noticiero\/wp-json\/wp\/v2\/types\/post"}],"author":[{"embeddable":true,"href":"https:\/\/aeronoticias.com.pe\/noticiero\/wp-json\/wp\/v2\/users\/1"}],"replies":[{"embeddable":true,"href":"https:\/\/aeronoticias.com.pe\/noticiero\/wp-json\/wp\/v2\/comments?post=58443"}],"version-history":[{"count":0,"href":"https:\/\/aeronoticias.com.pe\/noticiero\/wp-json\/wp\/v2\/posts\/58443\/revisions"}],"wp:featuredmedia":[{"embeddable":true,"href":"https:\/\/aeronoticias.com.pe\/noticiero\/wp-json\/wp\/v2\/media\/66691"}],"wp:attachment":[{"href":"https:\/\/aeronoticias.com.pe\/noticiero\/wp-json\/wp\/v2\/media?parent=58443"}],"wp:term":[{"taxonomy":"category","embeddable":true,"href":"https:\/\/aeronoticias.com.pe\/noticiero\/wp-json\/wp\/v2\/categories?post=58443"},{"taxonomy":"post_tag","embeddable":true,"href":"https:\/\/aeronoticias.com.pe\/noticiero\/wp-json\/wp\/v2\/tags?post=58443"}],"curies":[{"name":"wp","href":"https:\/\/api.w.org\/{rel}","templated":true}]}}