{"id":58444,"date":"2019-06-03T16:36:44","date_gmt":"2019-06-03T16:36:44","guid":{"rendered":"http:\/\/desarrollo.mcvicious.com\/aero2020\/2019\/06\/03\/diseno-de-aviones-del-futuro-las-alas-podrian-formar-parte-del-fuselaje\/"},"modified":"2019-06-03T16:36:44","modified_gmt":"2019-06-03T16:36:44","slug":"diseno-de-aviones-del-futuro-las-alas-podrian-formar-parte-del-fuselaje","status":"publish","type":"post","link":"https:\/\/aeronoticias.com.pe\/noticiero\/27\/diseno-de-aviones-del-futuro-las-alas-podrian-formar-parte-del-fuselaje\/","title":{"rendered":"Dise\u00f1o de aviones del futuro: Las alas podr\u00edan formar parte del fuselaje"},"content":{"rendered":"<p><strong>(Aeronoticias) <\/strong><span style=\"text-align: justify;\">Los aviones del futuro podr\u00edan ser objeto de un cambio dr\u00e1stico.<\/span><\/p>\n<p style=\"text-align: justify;\">La industria est\u00e1 estudiando nuevos dise\u00f1os para reducir las emisiones de carbono y mejorar la eficiencia. Una idea es hacer que las alas formen parte del fuselaje del avi\u00f3n a fin de reducir el arrastre y el ruido. Otra propuesta es que se fabriquen con materiales compuestos avanzados que hagan los cuerpos m\u00e1s livianos.<\/p>\n<p style=\"text-align: justify;\">KLM est\u00e1 invirtiendo en un nuevo concepto. El \u201cFlying-V\u201d, desarrollado por la Universidad Tecnol\u00f3gica de Delft, est\u00e1 estudiando una divisi\u00f3n del avi\u00f3n en dos secciones hacia la parte trasera, combinando el cuerpo con las alas. Este dise\u00f1o dar\u00eda a la aeronave la misma envergadura que el A350 de fuselaje ancho de Airbus SE, con una capacidad de 314 pasajeros, pero con un consumo de un 20% menos de combustible, dijo la aerol\u00ednea holandesa en un comunicado.<\/p>\n<p style=\"text-align: justify;\">\u201cEn KLM, ponemos la sostenibilidad muy alto en nuestra agenda\u201d, dijo Pieter Elbers, responsable del brazo holand\u00e9s de Air France-KLM, el lunes en una entrevista en Se\u00fal. \u201cQueremos mostrar nuestro compromiso y nuestra participaci\u00f3n\u201d.<\/p>\n<p style=\"text-align: justify;\">La Asociaci\u00f3n Internacional de Transporte A\u00e9reo tambi\u00e9n est\u00e1 considerando dos nuevos dise\u00f1os para aviones m\u00e1s peque\u00f1os con una capacidad de hasta 150 pasajeros y que podr\u00edan estar en funcionamiento a partir de 2035.<\/p>\n<p style=\"text-align: justify;\">Uno de los conceptos es la fusi\u00f3n de las alas con la parte trasera del avi\u00f3n y la incorporaci\u00f3n de dos motores en el cuerpo de la aeronave. Esto podr\u00eda reducir las emisiones de carbono en un 30%. El otro es construir un avi\u00f3n completamente el\u00e9ctrico con motores dentro de las alas alimentados por paquetes de bater\u00edas o celdas de combustible. Las puntas de las alas se curvar\u00e1n hacia adentro para mejorar la eficiencia aerodin\u00e1mica.<\/p>\n<p style=\"text-align: justify;\"><strong><em>Fuente: Sohee Kim y Kyunghee Park \u2013 Bloomberg, Yahoo<\/em><\/strong><\/p>\n<p style=\"text-align: justify;\"><strong><em><img decoding=\"async\" src=\"images\/stories\/19\/05\/310519\/flying-v-768x384.jpg\" border=\"0\" \/><br \/><\/em><\/strong><\/p>\n<p style=\"text-align: justify;\"><strong><em><br \/><\/em><\/strong><\/p>\n","protected":false},"excerpt":{"rendered":"<p>(Aeronoticias) Los aviones del futuro podr\u00edan ser objeto de un cambio dr\u00e1stico. La industria est\u00e1 estudiando nuevos dise\u00f1os para reducir las emisiones de carbono y mejorar la eficiencia. Una idea es hacer que las alas formen parte del fuselaje del avi\u00f3n a fin de reducir el arrastre y el ruido. Otra propuesta es que se [&hellip;]<\/p>\n","protected":false},"author":1,"featured_media":0,"comment_status":"open","ping_status":"open","sticky":false,"template":"","format":"standard","meta":{"tdm_status":"","tdm_grid_status":"","footnotes":""},"categories":[35],"tags":[],"class_list":{"0":"post-58444","1":"post","2":"type-post","3":"status-publish","4":"format-standard","6":"category-35"},"yoast_head":"<!-- This site is optimized with the Yoast SEO plugin v25.1 - https:\/\/yoast.com\/wordpress\/plugins\/seo\/ -->\n<title>Dise\u00f1o de aviones del futuro: Las alas podr\u00edan formar parte del fuselaje<\/title>\n<meta name=\"description\" content=\"Portal de noticias del Per\u00fa sobre el transporte a\u00e9reo, aviaci\u00f3n, turismo, hoteleria, actualidad.\" \/>\n<meta name=\"robots\" content=\"index, follow, max-snippet:-1, max-image-preview:large, max-video-preview:-1\" \/>\n<link rel=\"canonical\" href=\"https:\/\/aeronoticias.com.pe\/noticiero\/27\/diseno-de-aviones-del-futuro-las-alas-podrian-formar-parte-del-fuselaje\/\" \/>\n<meta property=\"og:locale\" content=\"es_ES\" \/>\n<meta property=\"og:type\" content=\"article\" \/>\n<meta property=\"og:title\" content=\"Dise\u00f1o de aviones del futuro: Las alas podr\u00edan formar parte del fuselaje\" \/>\n<meta property=\"og:description\" content=\"Portal de noticias del Per\u00fa sobre el transporte a\u00e9reo, aviaci\u00f3n, turismo, hoteleria, actualidad.\" \/>\n<meta property=\"og:url\" content=\"https:\/\/aeronoticias.com.pe\/noticiero\/27\/diseno-de-aviones-del-futuro-las-alas-podrian-formar-parte-del-fuselaje\/\" \/>\n<meta property=\"og:site_name\" content=\"Aeronoticias.com.pe\" \/>\n<meta property=\"article:publisher\" content=\"https:\/\/www.facebook.com\/Aeronoticias.com.pe\/\" \/>\n<meta property=\"article:published_time\" content=\"2019-06-03T16:36:44+00:00\" \/>\n<meta name=\"author\" content=\"Redacci\u00f3n Aeronoticias\" \/>\n<meta name=\"twitter:card\" content=\"summary_large_image\" \/>\n<meta name=\"twitter:creator\" content=\"@aeronoticias\" \/>\n<meta name=\"twitter:site\" content=\"@aeronoticias\" \/>\n<meta name=\"twitter:label1\" content=\"Escrito por\" \/>\n\t<meta name=\"twitter:data1\" content=\"Redacci\u00f3n Aeronoticias\" \/>\n\t<meta name=\"twitter:label2\" content=\"Tiempo de lectura\" \/>\n\t<meta name=\"twitter:data2\" content=\"2 minutos\" \/>\n<script type=\"application\/ld+json\" class=\"yoast-schema-graph\">{\"@context\":\"https:\/\/schema.org\",\"@graph\":[{\"@type\":\"WebPage\",\"@id\":\"https:\/\/aeronoticias.com.pe\/noticiero\/27\/diseno-de-aviones-del-futuro-las-alas-podrian-formar-parte-del-fuselaje\/\",\"url\":\"https:\/\/aeronoticias.com.pe\/noticiero\/27\/diseno-de-aviones-del-futuro-las-alas-podrian-formar-parte-del-fuselaje\/\",\"name\":\"Dise\u00f1o de aviones del futuro: Las alas podr\u00edan formar parte del fuselaje\",\"isPartOf\":{\"@id\":\"https:\/\/aeronoticias.com.pe\/noticiero\/#website\"},\"datePublished\":\"2019-06-03T16:36:44+00:00\",\"author\":{\"@id\":\"https:\/\/aeronoticias.com.pe\/noticiero\/#\/schema\/person\/fc1e5d578f4b62ba1cf7ac2bba1170a0\"},\"description\":\"Portal de noticias del Per\u00fa sobre el transporte a\u00e9reo, aviaci\u00f3n, turismo, hoteleria, actualidad.\",\"breadcrumb\":{\"@id\":\"https:\/\/aeronoticias.com.pe\/noticiero\/27\/diseno-de-aviones-del-futuro-las-alas-podrian-formar-parte-del-fuselaje\/#breadcrumb\"},\"inLanguage\":\"es\",\"potentialAction\":[{\"@type\":\"ReadAction\",\"target\":[\"https:\/\/aeronoticias.com.pe\/noticiero\/27\/diseno-de-aviones-del-futuro-las-alas-podrian-formar-parte-del-fuselaje\/\"]}]},{\"@type\":\"BreadcrumbList\",\"@id\":\"https:\/\/aeronoticias.com.pe\/noticiero\/27\/diseno-de-aviones-del-futuro-las-alas-podrian-formar-parte-del-fuselaje\/#breadcrumb\",\"itemListElement\":[{\"@type\":\"ListItem\",\"position\":1,\"name\":\"Portada\",\"item\":\"https:\/\/aeronoticias.com.pe\/noticiero\/\"},{\"@type\":\"ListItem\",\"position\":2,\"name\":\"Dise\u00f1o de aviones del futuro: Las alas podr\u00edan formar parte del fuselaje\"}]},{\"@type\":\"WebSite\",\"@id\":\"https:\/\/aeronoticias.com.pe\/noticiero\/#website\",\"url\":\"https:\/\/aeronoticias.com.pe\/noticiero\/\",\"name\":\"Aeronoticias.com.pe\",\"description\":\"Noticias de tranporte aereo, turismo, hoteles, gastronomia, actualidad, internacional\",\"potentialAction\":[{\"@type\":\"SearchAction\",\"target\":{\"@type\":\"EntryPoint\",\"urlTemplate\":\"https:\/\/aeronoticias.com.pe\/noticiero\/?s={search_term_string}\"},\"query-input\":{\"@type\":\"PropertyValueSpecification\",\"valueRequired\":true,\"valueName\":\"search_term_string\"}}],\"inLanguage\":\"es\"},{\"@type\":\"Person\",\"@id\":\"https:\/\/aeronoticias.com.pe\/noticiero\/#\/schema\/person\/fc1e5d578f4b62ba1cf7ac2bba1170a0\",\"name\":\"Redacci\u00f3n Aeronoticias\",\"url\":\"https:\/\/aeronoticias.com.pe\/noticiero\/author\/piloto\/\"}]}<\/script>\n<!-- \/ Yoast SEO plugin. -->","yoast_head_json":{"title":"Dise\u00f1o de aviones del futuro: Las alas podr\u00edan formar parte del fuselaje","description":"Portal de noticias del Per\u00fa sobre el transporte a\u00e9reo, aviaci\u00f3n, turismo, hoteleria, actualidad.","robots":{"index":"index","follow":"follow","max-snippet":"max-snippet:-1","max-image-preview":"max-image-preview:large","max-video-preview":"max-video-preview:-1"},"canonical":"https:\/\/aeronoticias.com.pe\/noticiero\/27\/diseno-de-aviones-del-futuro-las-alas-podrian-formar-parte-del-fuselaje\/","og_locale":"es_ES","og_type":"article","og_title":"Dise\u00f1o de aviones del futuro: Las alas podr\u00edan formar parte del fuselaje","og_description":"Portal de noticias del Per\u00fa sobre el transporte a\u00e9reo, aviaci\u00f3n, turismo, hoteleria, actualidad.","og_url":"https:\/\/aeronoticias.com.pe\/noticiero\/27\/diseno-de-aviones-del-futuro-las-alas-podrian-formar-parte-del-fuselaje\/","og_site_name":"Aeronoticias.com.pe","article_publisher":"https:\/\/www.facebook.com\/Aeronoticias.com.pe\/","article_published_time":"2019-06-03T16:36:44+00:00","author":"Redacci\u00f3n Aeronoticias","twitter_card":"summary_large_image","twitter_creator":"@aeronoticias","twitter_site":"@aeronoticias","twitter_misc":{"Escrito por":"Redacci\u00f3n Aeronoticias","Tiempo de lectura":"2 minutos"},"schema":{"@context":"https:\/\/schema.org","@graph":[{"@type":"WebPage","@id":"https:\/\/aeronoticias.com.pe\/noticiero\/27\/diseno-de-aviones-del-futuro-las-alas-podrian-formar-parte-del-fuselaje\/","url":"https:\/\/aeronoticias.com.pe\/noticiero\/27\/diseno-de-aviones-del-futuro-las-alas-podrian-formar-parte-del-fuselaje\/","name":"Dise\u00f1o de aviones del futuro: Las alas podr\u00edan formar parte del fuselaje","isPartOf":{"@id":"https:\/\/aeronoticias.com.pe\/noticiero\/#website"},"datePublished":"2019-06-03T16:36:44+00:00","author":{"@id":"https:\/\/aeronoticias.com.pe\/noticiero\/#\/schema\/person\/fc1e5d578f4b62ba1cf7ac2bba1170a0"},"description":"Portal de noticias del Per\u00fa sobre el transporte a\u00e9reo, aviaci\u00f3n, turismo, hoteleria, actualidad.","breadcrumb":{"@id":"https:\/\/aeronoticias.com.pe\/noticiero\/27\/diseno-de-aviones-del-futuro-las-alas-podrian-formar-parte-del-fuselaje\/#breadcrumb"},"inLanguage":"es","potentialAction":[{"@type":"ReadAction","target":["https:\/\/aeronoticias.com.pe\/noticiero\/27\/diseno-de-aviones-del-futuro-las-alas-podrian-formar-parte-del-fuselaje\/"]}]},{"@type":"BreadcrumbList","@id":"https:\/\/aeronoticias.com.pe\/noticiero\/27\/diseno-de-aviones-del-futuro-las-alas-podrian-formar-parte-del-fuselaje\/#breadcrumb","itemListElement":[{"@type":"ListItem","position":1,"name":"Portada","item":"https:\/\/aeronoticias.com.pe\/noticiero\/"},{"@type":"ListItem","position":2,"name":"Dise\u00f1o de aviones del futuro: Las alas podr\u00edan formar parte del fuselaje"}]},{"@type":"WebSite","@id":"https:\/\/aeronoticias.com.pe\/noticiero\/#website","url":"https:\/\/aeronoticias.com.pe\/noticiero\/","name":"Aeronoticias.com.pe","description":"Noticias de tranporte aereo, turismo, hoteles, gastronomia, actualidad, internacional","potentialAction":[{"@type":"SearchAction","target":{"@type":"EntryPoint","urlTemplate":"https:\/\/aeronoticias.com.pe\/noticiero\/?s={search_term_string}"},"query-input":{"@type":"PropertyValueSpecification","valueRequired":true,"valueName":"search_term_string"}}],"inLanguage":"es"},{"@type":"Person","@id":"https:\/\/aeronoticias.com.pe\/noticiero\/#\/schema\/person\/fc1e5d578f4b62ba1cf7ac2bba1170a0","name":"Redacci\u00f3n Aeronoticias","url":"https:\/\/aeronoticias.com.pe\/noticiero\/author\/piloto\/"}]}},"_links":{"self":[{"href":"https:\/\/aeronoticias.com.pe\/noticiero\/wp-json\/wp\/v2\/posts\/58444","targetHints":{"allow":["GET"]}}],"collection":[{"href":"https:\/\/aeronoticias.com.pe\/noticiero\/wp-json\/wp\/v2\/posts"}],"about":[{"href":"https:\/\/aeronoticias.com.pe\/noticiero\/wp-json\/wp\/v2\/types\/post"}],"author":[{"embeddable":true,"href":"https:\/\/aeronoticias.com.pe\/noticiero\/wp-json\/wp\/v2\/users\/1"}],"replies":[{"embeddable":true,"href":"https:\/\/aeronoticias.com.pe\/noticiero\/wp-json\/wp\/v2\/comments?post=58444"}],"version-history":[{"count":0,"href":"https:\/\/aeronoticias.com.pe\/noticiero\/wp-json\/wp\/v2\/posts\/58444\/revisions"}],"wp:attachment":[{"href":"https:\/\/aeronoticias.com.pe\/noticiero\/wp-json\/wp\/v2\/media?parent=58444"}],"wp:term":[{"taxonomy":"category","embeddable":true,"href":"https:\/\/aeronoticias.com.pe\/noticiero\/wp-json\/wp\/v2\/categories?post=58444"},{"taxonomy":"post_tag","embeddable":true,"href":"https:\/\/aeronoticias.com.pe\/noticiero\/wp-json\/wp\/v2\/tags?post=58444"}],"curies":[{"name":"wp","href":"https:\/\/api.w.org\/{rel}","templated":true}]}}