{"id":58445,"date":"2019-06-03T18:34:08","date_gmt":"2019-06-03T18:34:08","guid":{"rendered":"http:\/\/desarrollo.mcvicious.com\/aero2020\/2019\/06\/03\/miguel-atala-qla-cuenta-en-andorra-es-de-garciaq-reproduce-diario-el-pais-de-espana\/"},"modified":"2019-06-03T18:34:08","modified_gmt":"2019-06-03T18:34:08","slug":"miguel-atala-qla-cuenta-en-andorra-es-de-garciaq-reproduce-diario-el-pais-de-espana","status":"publish","type":"post","link":"https:\/\/aeronoticias.com.pe\/noticiero\/politica\/miguel-atala-qla-cuenta-en-andorra-es-de-garciaq-reproduce-diario-el-pais-de-espana\/","title":{"rendered":"Miguel Atala: \u00abLa cuenta en Andorra es de Garc\u00eda\u00bb, reproduce diario El Pa\u00eds de Espa\u00f1a"},"content":{"rendered":"<p style=\"text-align: justify;\"><strong>(Aeronoticias) <\/strong><span style=\"text-align: justify;\">El diario global espa\u00f1ol El Pa\u00eds publica en su edici\u00f3n de hoy, que la conexi\u00f3n que ten\u00eda el fallecido presidente Alan Garc\u00eda en la Banca Privada\u00a0 d\u00a8Andorra ten\u00eda el c\u00f3digo N\u00b0 0081200289077 que fue abierta el 16 de Octubre del 2007\u00a0 con un saldo de 1.3 millones de d\u00f3lares.<\/span><\/p>\n<p style=\"text-align: justify;\">Fue por eso que el expresidente de Petroper\u00fa, Miguel Atala, al ser presionado por las autoridades peruanas que investigaban los turbios manejos de la constructora brasile\u00f1a Odebrecht termin\u00f3 confesando que esa cuenta era de Alan Garc\u00eda.<\/p>\n<p style=\"text-align: justify;\">El Pa\u00eds subraya que la banca de Andorra era utilizada como un mecanismo off shore \u00bb por donde circulaban sobornos millonarios que acababan en el bolsillo de pol\u00edticos corruptos como se viene destapando en varios pa\u00edses latinoamericanos.<\/p>\n<p style=\"text-align: justify;\"><img decoding=\"async\" src=\"images\/stories\/19\/06\/030619\/atala.jpg\" border=\"0\" \/><\/p>\n<p style=\"text-align: justify;\">\u00a0<\/p>\n<p style=\"text-align: justify;\">\u00a0<\/p>\n","protected":false},"excerpt":{"rendered":"<p>(Aeronoticias) El diario global espa\u00f1ol El Pa\u00eds publica en su edici\u00f3n de hoy, que la conexi\u00f3n que ten\u00eda el fallecido presidente Alan Garc\u00eda en la Banca Privada\u00a0 d\u00a8Andorra ten\u00eda el c\u00f3digo N\u00b0 0081200289077 que fue abierta el 16 de Octubre del 2007\u00a0 con un saldo de 1.3 millones de d\u00f3lares. Fue por eso que el [&hellip;]<\/p>\n","protected":false},"author":1,"featured_media":0,"comment_status":"open","ping_status":"open","sticky":false,"template":"","format":"standard","meta":{"tdm_status":"","tdm_grid_status":"","footnotes":""},"categories":[36],"tags":[],"class_list":{"0":"post-58445","1":"post","2":"type-post","3":"status-publish","4":"format-standard","6":"category-politica"},"yoast_head":"<!-- This site is optimized with the Yoast SEO plugin v25.1 - https:\/\/yoast.com\/wordpress\/plugins\/seo\/ -->\n<title>Miguel Atala: &quot;La cuenta en Andorra es de Garc\u00eda&quot;, reproduce diario El Pa\u00eds de Espa\u00f1a<\/title>\n<meta name=\"description\" content=\"Portal de noticias del Per\u00fa sobre el transporte a\u00e9reo, aviaci\u00f3n, turismo, hoteleria, actualidad.\" \/>\n<meta name=\"robots\" content=\"index, follow, max-snippet:-1, max-image-preview:large, max-video-preview:-1\" \/>\n<link rel=\"canonical\" href=\"https:\/\/aeronoticias.com.pe\/noticiero\/politica\/miguel-atala-qla-cuenta-en-andorra-es-de-garciaq-reproduce-diario-el-pais-de-espana\/\" \/>\n<meta property=\"og:locale\" content=\"es_ES\" \/>\n<meta property=\"og:type\" content=\"article\" \/>\n<meta property=\"og:title\" content=\"Miguel Atala: &quot;La cuenta en Andorra es de Garc\u00eda&quot;, reproduce diario El Pa\u00eds de Espa\u00f1a\" \/>\n<meta property=\"og:description\" content=\"Portal de noticias del Per\u00fa sobre el transporte a\u00e9reo, aviaci\u00f3n, turismo, hoteleria, actualidad.\" \/>\n<meta property=\"og:url\" content=\"https:\/\/aeronoticias.com.pe\/noticiero\/politica\/miguel-atala-qla-cuenta-en-andorra-es-de-garciaq-reproduce-diario-el-pais-de-espana\/\" \/>\n<meta property=\"og:site_name\" content=\"Aeronoticias.com.pe\" \/>\n<meta property=\"article:publisher\" content=\"https:\/\/www.facebook.com\/Aeronoticias.com.pe\/\" \/>\n<meta property=\"article:published_time\" content=\"2019-06-03T18:34:08+00:00\" \/>\n<meta name=\"author\" content=\"Redacci\u00f3n Aeronoticias\" \/>\n<meta name=\"twitter:card\" content=\"summary_large_image\" \/>\n<meta name=\"twitter:creator\" content=\"@aeronoticias\" \/>\n<meta name=\"twitter:site\" content=\"@aeronoticias\" \/>\n<meta name=\"twitter:label1\" content=\"Escrito por\" \/>\n\t<meta name=\"twitter:data1\" content=\"Redacci\u00f3n Aeronoticias\" \/>\n\t<meta name=\"twitter:label2\" content=\"Tiempo de lectura\" \/>\n\t<meta name=\"twitter:data2\" content=\"1 minuto\" \/>\n<script type=\"application\/ld+json\" class=\"yoast-schema-graph\">{\"@context\":\"https:\/\/schema.org\",\"@graph\":[{\"@type\":\"WebPage\",\"@id\":\"https:\/\/aeronoticias.com.pe\/noticiero\/politica\/miguel-atala-qla-cuenta-en-andorra-es-de-garciaq-reproduce-diario-el-pais-de-espana\/\",\"url\":\"https:\/\/aeronoticias.com.pe\/noticiero\/politica\/miguel-atala-qla-cuenta-en-andorra-es-de-garciaq-reproduce-diario-el-pais-de-espana\/\",\"name\":\"Miguel Atala: \\\"La cuenta en Andorra es de Garc\u00eda\\\", reproduce diario El Pa\u00eds de Espa\u00f1a\",\"isPartOf\":{\"@id\":\"https:\/\/aeronoticias.com.pe\/noticiero\/#website\"},\"datePublished\":\"2019-06-03T18:34:08+00:00\",\"author\":{\"@id\":\"https:\/\/aeronoticias.com.pe\/noticiero\/#\/schema\/person\/fc1e5d578f4b62ba1cf7ac2bba1170a0\"},\"description\":\"Portal de noticias del Per\u00fa sobre el transporte a\u00e9reo, aviaci\u00f3n, turismo, hoteleria, actualidad.\",\"breadcrumb\":{\"@id\":\"https:\/\/aeronoticias.com.pe\/noticiero\/politica\/miguel-atala-qla-cuenta-en-andorra-es-de-garciaq-reproduce-diario-el-pais-de-espana\/#breadcrumb\"},\"inLanguage\":\"es\",\"potentialAction\":[{\"@type\":\"ReadAction\",\"target\":[\"https:\/\/aeronoticias.com.pe\/noticiero\/politica\/miguel-atala-qla-cuenta-en-andorra-es-de-garciaq-reproduce-diario-el-pais-de-espana\/\"]}]},{\"@type\":\"BreadcrumbList\",\"@id\":\"https:\/\/aeronoticias.com.pe\/noticiero\/politica\/miguel-atala-qla-cuenta-en-andorra-es-de-garciaq-reproduce-diario-el-pais-de-espana\/#breadcrumb\",\"itemListElement\":[{\"@type\":\"ListItem\",\"position\":1,\"name\":\"Portada\",\"item\":\"https:\/\/aeronoticias.com.pe\/noticiero\/\"},{\"@type\":\"ListItem\",\"position\":2,\"name\":\"Miguel Atala: \u00abLa cuenta en Andorra es de Garc\u00eda\u00bb, reproduce diario El Pa\u00eds de Espa\u00f1a\"}]},{\"@type\":\"WebSite\",\"@id\":\"https:\/\/aeronoticias.com.pe\/noticiero\/#website\",\"url\":\"https:\/\/aeronoticias.com.pe\/noticiero\/\",\"name\":\"Aeronoticias.com.pe\",\"description\":\"Noticias de tranporte aereo, turismo, hoteles, gastronomia, actualidad, internacional\",\"potentialAction\":[{\"@type\":\"SearchAction\",\"target\":{\"@type\":\"EntryPoint\",\"urlTemplate\":\"https:\/\/aeronoticias.com.pe\/noticiero\/?s={search_term_string}\"},\"query-input\":{\"@type\":\"PropertyValueSpecification\",\"valueRequired\":true,\"valueName\":\"search_term_string\"}}],\"inLanguage\":\"es\"},{\"@type\":\"Person\",\"@id\":\"https:\/\/aeronoticias.com.pe\/noticiero\/#\/schema\/person\/fc1e5d578f4b62ba1cf7ac2bba1170a0\",\"name\":\"Redacci\u00f3n Aeronoticias\",\"url\":\"https:\/\/aeronoticias.com.pe\/noticiero\/author\/piloto\/\"}]}<\/script>\n<!-- \/ Yoast SEO plugin. -->","yoast_head_json":{"title":"Miguel Atala: \"La cuenta en Andorra es de Garc\u00eda\", reproduce diario El Pa\u00eds de Espa\u00f1a","description":"Portal de noticias del Per\u00fa sobre el transporte a\u00e9reo, aviaci\u00f3n, turismo, hoteleria, actualidad.","robots":{"index":"index","follow":"follow","max-snippet":"max-snippet:-1","max-image-preview":"max-image-preview:large","max-video-preview":"max-video-preview:-1"},"canonical":"https:\/\/aeronoticias.com.pe\/noticiero\/politica\/miguel-atala-qla-cuenta-en-andorra-es-de-garciaq-reproduce-diario-el-pais-de-espana\/","og_locale":"es_ES","og_type":"article","og_title":"Miguel Atala: \"La cuenta en Andorra es de Garc\u00eda\", reproduce diario El Pa\u00eds de Espa\u00f1a","og_description":"Portal de noticias del Per\u00fa sobre el transporte a\u00e9reo, aviaci\u00f3n, turismo, hoteleria, actualidad.","og_url":"https:\/\/aeronoticias.com.pe\/noticiero\/politica\/miguel-atala-qla-cuenta-en-andorra-es-de-garciaq-reproduce-diario-el-pais-de-espana\/","og_site_name":"Aeronoticias.com.pe","article_publisher":"https:\/\/www.facebook.com\/Aeronoticias.com.pe\/","article_published_time":"2019-06-03T18:34:08+00:00","author":"Redacci\u00f3n Aeronoticias","twitter_card":"summary_large_image","twitter_creator":"@aeronoticias","twitter_site":"@aeronoticias","twitter_misc":{"Escrito por":"Redacci\u00f3n Aeronoticias","Tiempo de lectura":"1 minuto"},"schema":{"@context":"https:\/\/schema.org","@graph":[{"@type":"WebPage","@id":"https:\/\/aeronoticias.com.pe\/noticiero\/politica\/miguel-atala-qla-cuenta-en-andorra-es-de-garciaq-reproduce-diario-el-pais-de-espana\/","url":"https:\/\/aeronoticias.com.pe\/noticiero\/politica\/miguel-atala-qla-cuenta-en-andorra-es-de-garciaq-reproduce-diario-el-pais-de-espana\/","name":"Miguel Atala: \"La cuenta en Andorra es de Garc\u00eda\", reproduce diario El Pa\u00eds de Espa\u00f1a","isPartOf":{"@id":"https:\/\/aeronoticias.com.pe\/noticiero\/#website"},"datePublished":"2019-06-03T18:34:08+00:00","author":{"@id":"https:\/\/aeronoticias.com.pe\/noticiero\/#\/schema\/person\/fc1e5d578f4b62ba1cf7ac2bba1170a0"},"description":"Portal de noticias del Per\u00fa sobre el transporte a\u00e9reo, aviaci\u00f3n, turismo, hoteleria, actualidad.","breadcrumb":{"@id":"https:\/\/aeronoticias.com.pe\/noticiero\/politica\/miguel-atala-qla-cuenta-en-andorra-es-de-garciaq-reproduce-diario-el-pais-de-espana\/#breadcrumb"},"inLanguage":"es","potentialAction":[{"@type":"ReadAction","target":["https:\/\/aeronoticias.com.pe\/noticiero\/politica\/miguel-atala-qla-cuenta-en-andorra-es-de-garciaq-reproduce-diario-el-pais-de-espana\/"]}]},{"@type":"BreadcrumbList","@id":"https:\/\/aeronoticias.com.pe\/noticiero\/politica\/miguel-atala-qla-cuenta-en-andorra-es-de-garciaq-reproduce-diario-el-pais-de-espana\/#breadcrumb","itemListElement":[{"@type":"ListItem","position":1,"name":"Portada","item":"https:\/\/aeronoticias.com.pe\/noticiero\/"},{"@type":"ListItem","position":2,"name":"Miguel Atala: \u00abLa cuenta en Andorra es de Garc\u00eda\u00bb, reproduce diario El Pa\u00eds de Espa\u00f1a"}]},{"@type":"WebSite","@id":"https:\/\/aeronoticias.com.pe\/noticiero\/#website","url":"https:\/\/aeronoticias.com.pe\/noticiero\/","name":"Aeronoticias.com.pe","description":"Noticias de tranporte aereo, turismo, hoteles, gastronomia, actualidad, internacional","potentialAction":[{"@type":"SearchAction","target":{"@type":"EntryPoint","urlTemplate":"https:\/\/aeronoticias.com.pe\/noticiero\/?s={search_term_string}"},"query-input":{"@type":"PropertyValueSpecification","valueRequired":true,"valueName":"search_term_string"}}],"inLanguage":"es"},{"@type":"Person","@id":"https:\/\/aeronoticias.com.pe\/noticiero\/#\/schema\/person\/fc1e5d578f4b62ba1cf7ac2bba1170a0","name":"Redacci\u00f3n Aeronoticias","url":"https:\/\/aeronoticias.com.pe\/noticiero\/author\/piloto\/"}]}},"_links":{"self":[{"href":"https:\/\/aeronoticias.com.pe\/noticiero\/wp-json\/wp\/v2\/posts\/58445","targetHints":{"allow":["GET"]}}],"collection":[{"href":"https:\/\/aeronoticias.com.pe\/noticiero\/wp-json\/wp\/v2\/posts"}],"about":[{"href":"https:\/\/aeronoticias.com.pe\/noticiero\/wp-json\/wp\/v2\/types\/post"}],"author":[{"embeddable":true,"href":"https:\/\/aeronoticias.com.pe\/noticiero\/wp-json\/wp\/v2\/users\/1"}],"replies":[{"embeddable":true,"href":"https:\/\/aeronoticias.com.pe\/noticiero\/wp-json\/wp\/v2\/comments?post=58445"}],"version-history":[{"count":0,"href":"https:\/\/aeronoticias.com.pe\/noticiero\/wp-json\/wp\/v2\/posts\/58445\/revisions"}],"wp:attachment":[{"href":"https:\/\/aeronoticias.com.pe\/noticiero\/wp-json\/wp\/v2\/media?parent=58445"}],"wp:term":[{"taxonomy":"category","embeddable":true,"href":"https:\/\/aeronoticias.com.pe\/noticiero\/wp-json\/wp\/v2\/categories?post=58445"},{"taxonomy":"post_tag","embeddable":true,"href":"https:\/\/aeronoticias.com.pe\/noticiero\/wp-json\/wp\/v2\/tags?post=58445"}],"curies":[{"name":"wp","href":"https:\/\/api.w.org\/{rel}","templated":true}]}}